{"id":325,"date":"2008-06-10T03:49:03","date_gmt":"2008-06-10T02:49:03","guid":{"rendered":"http:\/\/blog.zeit.de\/stoerungsmelder\/2008\/06\/10\/was-bringt-der-medienhype-um-reinhardtsdorf-schona_325"},"modified":"2008-06-10T03:49:03","modified_gmt":"2008-06-10T02:49:03","slug":"was-bringt-der-medienhype-um-reinhardtsdorf-schona","status":"publish","type":"post","link":"https:\/\/blog.zeit.de\/stoerungsmelder\/2008\/06\/10\/was-bringt-der-medienhype-um-reinhardtsdorf-schona_325","title":{"rendered":"Was bringt der Medienhype um Reinhardtsdorf-Sch\u00f6na?"},"content":{"rendered":"<p>Nach der Kommunalwahl in Sachsen, <a href=\"http:\/\/npd-blog.info\/?p=1797\">bei der die NPD im Landesdurchschnitt mehr als f\u00fcnf Prozent der Stimmen geholt hat<\/a>, steht das Thema Rechtsextremismus wieder auf der \u00f6ffentlichen Agenda. Im Blickpunkt: Reinhardtsdorf-Sch\u00f6na. Dort erreichte die v\u00f6lkische Partei mehr als 25 Prozent der Stimmen, wurde zweitst\u00e4rkste Kraft.<\/p>\n<p>Zahlreiche gro\u00dfen Medien berichten nun ausf\u00fchrlich \u00fcber die s\u00e4chsische Gemeinde. <!--more-->Allerdings ist die Geschichte nicht wirklich neu: <a href=\"http:\/\/npd-blog.info\/index.php?s=Reinhardtsdorf-Sch%C3%B6na&amp;Submit=Los%21\">Reinhardtsdorf-Sch\u00f6na ist bereits seit Jahren als braune &#8222;Hochburg&#8220; ber\u00fcchtigt<\/a>; bei fr\u00fcheren Wahlen erreichte die NPD dort \u00e4hnliche Ergebnisse. Welche Motivation hinter vielen Reportagen und Berichten aus der Gemeinde steckt, schreibt zumindest die <a href=\"http:\/\/www.abendzeitung.de\/nachrichten\/32756\">Abendzeitung<\/a> gleich ganz offen: &#8222;Zum Gruseln: Die NPD&#8230;&#8220;<\/p>\n<p><strong>Blick in den braunen Abgrund<\/strong><\/p>\n<p>Nat\u00fcrlich ist es verlockend, einen Blick in die Abgr\u00fcnde der osts\u00e4chsischen <!--more-->Provinz zu werfen. Doch was bringt das? Ist es sinnvoll, dass Spiegel-Online, Berliner Kurier, Stern und viele weitere ausf\u00fchrlich \u00fcber Reinhardtsdorf-Sch\u00f6na und seine etwa 1500 Einwohner berichten? Ja und Nein. Nein, wenn einfach nur die Ignoranz der Bewohner gegen\u00fcber der NPD abgebildet wird &#8211; so wie es in den meisten Berichten getan wird.<\/p>\n<p>Ja, wenn anhand dieses Beispiels festgestellt wird, dass rechtsextreme Einstellungen in gro\u00dfen Teilen der Bev\u00f6lkerung salonf\u00e4hig sind, dass sich die NPD in einigen Regionen &#8222;festbei\u00dft&#8220;, dass es sich beim Rechtsextremismus nicht um ein Jugendph\u00e4nomen handelt und dass menschenfeindliche Einstellungen nicht durch die Schaffung von ein paar Arbeitspl\u00e4tzen verschwindet. Denn in Reinhardtsdorf-Sch\u00f6na treten keine halbw\u00fcchsigen arbeitslosen Vollzeitalkoholiker f\u00fcr die NPD an, sondern eben beispielsweise der \u00f6rtliche Heizungsbauer. Der Politikwissenschaftler Eckhard Jesse behauptet im Tagesspiegel dennoch: &#8222;Wer sich f\u00fcr die NPD aufstellen l\u00e4sst, sind in aller Regel Menschen, die nichts mehr zu verlieren haben. Es sind keine angesehenen Leute aus der Mitte der Gesellschaft.&#8220; Das stimmt zwar zum Teil, aber eben nur zum Teil.<\/p>\n<p><strong>Glas halb voll oder halb leer?<\/strong><\/p>\n<p>Diskutiert wird nun auch die Frage, ob die 5,1 Prozent f\u00fcr die NPD ein Erfolg oder eine Pleite f\u00fcr die Rechtsextremisten darstellt. Immerhin hatte sie bei der Landtagswahl vor vier Jahren 9,2 Prozent der Stimmen geholt. Der Generalsekret\u00e4r der SPD, die in Sachsen mit der NPD etwas gleichauf liegt, Dirk Panter, packte laut einem Bericht des <a href=\"http:\/\/www.mdr.de\/mdr-info\/hintergrund\/5570915.html\">mdr<\/a> tats\u00e4chlich mal wieder die Verniedlichung &#8222;Protestwahl&#8220; aus. Er rief die demokratischen Parteien auf, &#8222;endlich gemeinsam den braunen Sumpf auszutrocknen&#8220;. Angesichts der Tatsache, dass die NPD wie erw\u00e4hnt seit 2004 im Landtag von Dresden sitzt und in Sachsen ihren wichtigsten Landesverband hat, systematisch ihre Strukturen ausbaut, eine erstaunlich oberfl\u00e4chliche und hilflos wirkende Aussage.<\/p>\n<p>Sehr erstaunlich auch die Stellungnahme der CDU. Diese will mit &#8222;ma\u00dfgeschneiderten L\u00f6sungen&#8220; auf die Wahlerfolge der NPD reagieren. Generalsekret\u00e4r Michael Kretschmer sieht nach eigener Aussage gute Chancen, die NPD bei der Landtagswahl 2009 aus dem Parlament zu vertreiben. Bevor man Ma\u00dfnahmen in einzelnen Gemeinden plane, m\u00fcssten die Wahlergebnisse aber genau analysiert werden. Aha.<\/p>\n<p><strong>Stammw\u00e4hlerschaft<\/strong><\/p>\n<p>Die Gr\u00fcnen bewiesen mehr Realit\u00e4tssinn: Die Landesvorsitzenden Eva J\u00e4hnigen und Rudolf Haas sprachen dem mdr-Bericht zufolge von einer besorgniserregenden Entwicklung. Denn: &#8222;Trotz des gewaltbereiten Umfeldes und einer offensichtlichen Politikunf\u00e4higkeit der NPD stabilisiert sich die Partei in Sachsen.&#8220; Fraktionschefin Antje Hermenau sagte: &#8222;Ich bin eher ein bisschen erleichtert, dass es nicht zehn Prozent sind&#8220;. Die NPD habe ein Kernw\u00e4hlerpotenzial und k\u00f6nne es auch wieder bei der Landtagswahl 2009 ins Parlament schaffen.<\/p>\n<p>Die NPD komme in Reinhardtsdorf-Sch\u00f6na aus der Mitte der Gesellschaft, verf\u00fcge \u00fcber eine ansehnliche &#8222;Stammw\u00e4hlerschaft&#8220;, so Petra Schickert vom Mobilen Beratungsteam des Kulturb\u00fcros Sachsen, gegen\u00fcber <a href=\"http:\/\/www.spiegel.de\/politik\/deutschland\/0,1518,558695,00.html\">Spiegel Online<\/a>. Von einer Protestwahl k\u00f6nne in der S\u00e4chsischen Schweiz l\u00e4ngst keine Rede mehr sein. Diese Stammw\u00e4hlerschaft wieder dazu zu bringen, demokratischen Parteien ihre Stimme zu geben, sei fast schon aussichtslos, so Schickert.<\/p>\n<p><strong>\u00dcberzeugte und keine Frustrierten<\/strong><\/p>\n<p>Der B\u00fcrgermeister der Gemeinde Reinhardtsdorf-Sch\u00f6na (Freie W\u00e4hler), Olaf Ehrlich, sagte gegen\u00fcber der Nachrichtenagentur <a href=\"http:\/\/de.news.yahoo.com\/ddp\/20080609\/tde-die-npd-hat-eine-stammwaehlerschaft-2dc3e1a.html\">ddp<\/a>, er habe keine schl\u00fcssige Erkl\u00e4rung f\u00fcr das Ergebnis der NPD. Es gebe verschiedene Gr\u00fcnde, aber aus seiner Sicht lasse sich eine Tatsache nicht bestreiten: &#8222;Die NPD hat eine Stammw\u00e4hlerschaft herausgebildet.&#8220; Vier von f\u00fcnf ihrer W\u00e4hler im Ort seien wahrscheinlich \u00dcberzeugte und keine Frustrierten, sagte Ehrlich.<\/p>\n<p>Tats\u00e4chlich kann die NPD im Landtag offenbar Skandale produzieren wie sie will &#8211; und auch mit ehemaligen Kadern der SSS bei Wahlen antreten &#8211; besonders in Ostsachsen geh\u00f6rt sie zum politischen Inventar &#8211; \u00e4hnlich wie in Ostvorpommern beispielsweise. Das ist alles aber nicht neu. Focus-Online brachte es durch seine \u00dcberschrift auf den Punkt: &#8222;NPD-Erfolg schreckt Parteien auf.&#8220; In einigen Tagen ist das Thema dann erst einmal wieder vergessen. Was bleibt? Die NPD, zumindest vorerst. F\u00fcr ihr politisches \u00dcberleben wird es nun entscheidend sein, wie sie mit ihren internen Probleme umgeht und dann das Superwahljahr 2009 \u00fcbersteht. Danach wird sich zeigen, ob sich die Rechtsextremisten tats\u00e4chlich l\u00e4ngerfristig auf parlamentarischer Ebene etablieren k\u00f6nnen. Die Basis ist da.<br \/>\n<img loading=\"lazy\" decoding=\"async\" src=\"http:\/\/vg01.met.vgwort.de\/na\/f5e82dac983e1d6c6cc24602033378\" height=\"1\" width=\"1\" \/><br \/>\n<a href=\"http:\/\/npd-blog.info\/?cat=7\">NPD-BLOG.INFO \u00fcber Sachsen.<\/a><\/p>\n","protected":false},"excerpt":{"rendered":"<p>Nach der Kommunalwahl in Sachsen, bei der die NPD im Landesdurchschnitt mehr als f\u00fcnf Prozent der Stimmen geholt hat, steht das Thema Rechtsextremismus wieder auf der \u00f6ffentlichen Agenda. Im Blickpunkt: Reinhardtsdorf-Sch\u00f6na. Dort erreichte die v\u00f6lkische Partei mehr als 25 Prozent der Stimmen, wurde zweitst\u00e4rkste Kraft. Zahlreiche gro\u00dfen Medien berichten nun ausf\u00fchrlich \u00fcber die s\u00e4chsische Gemeinde.<\/p>\n","protected":false},"author":227,"featured_media":0,"comment_status":"open","ping_status":"open","sticky":false,"template":"","format":"standard","meta":{"_jetpack_memberships_contains_paid_content":false,"footnotes":""},"categories":[1456],"tags":[],"class_list":["post-325","post","type-post","status-publish","format-standard","hentry","category-sachsen"],"yoast_head":"<!-- This site is optimized with the Yoast SEO plugin v21.0 - https:\/\/yoast.com\/wordpress\/plugins\/seo\/ -->\n<title>Was bringt der Medienhype um Reinhardtsdorf-Sch\u00f6na? - St\u00f6rungsmelder<\/title>\n<meta name=\"robots\" content=\"index, follow, max-snippet:-1, max-image-preview:large, max-video-preview:-1\" \/>\n<link rel=\"canonical\" href=\"https:\/\/blog.zeit.de\/stoerungsmelder\/2008\/06\/10\/was-bringt-der-medienhype-um-reinhardtsdorf-schona_325\" \/>\n<meta property=\"og:locale\" content=\"de_DE\" \/>\n<meta property=\"og:type\" content=\"article\" \/>\n<meta property=\"og:title\" content=\"Was bringt der Medienhype um Reinhardtsdorf-Sch\u00f6na? - St\u00f6rungsmelder\" \/>\n<meta property=\"og:description\" content=\"Nach der Kommunalwahl in Sachsen, bei der die NPD im Landesdurchschnitt mehr als f\u00fcnf Prozent der Stimmen geholt hat, steht das Thema Rechtsextremismus wieder auf der \u00f6ffentlichen Agenda. Im Blickpunkt: Reinhardtsdorf-Sch\u00f6na. Dort erreichte die v\u00f6lkische Partei mehr als 25 Prozent der Stimmen, wurde zweitst\u00e4rkste Kraft. Zahlreiche gro\u00dfen Medien berichten nun ausf\u00fchrlich \u00fcber die s\u00e4chsische Gemeinde.\" \/>\n<meta property=\"og:url\" content=\"https:\/\/blog.zeit.de\/stoerungsmelder\/2008\/06\/10\/was-bringt-der-medienhype-um-reinhardtsdorf-schona_325\" \/>\n<meta property=\"og:site_name\" content=\"St\u00f6rungsmelder\" \/>\n<meta property=\"article:published_time\" content=\"2008-06-10T02:49:03+00:00\" \/>\n<meta property=\"og:image\" content=\"http:\/\/vg01.met.vgwort.de\/na\/f5e82dac983e1d6c6cc24602033378\" \/>\n<meta name=\"author\" content=\"Patrick Gensing\" \/>\n<meta name=\"twitter:card\" content=\"summary_large_image\" \/>\n<meta name=\"twitter:label1\" content=\"Geschrieben von\" \/>\n\t<meta name=\"twitter:data1\" content=\"Patrick Gensing\" \/>\n\t<meta name=\"twitter:label2\" content=\"Gesch\u00e4tzte Lesezeit\" \/>\n\t<meta name=\"twitter:data2\" content=\"4\u00a0Minuten\" \/>\n<script type=\"application\/ld+json\" class=\"yoast-schema-graph\">{\"@context\":\"https:\/\/schema.org\",\"@graph\":[{\"@type\":\"WebPage\",\"@id\":\"https:\/\/blog.zeit.de\/stoerungsmelder\/2008\/06\/10\/was-bringt-der-medienhype-um-reinhardtsdorf-schona_325\",\"url\":\"https:\/\/blog.zeit.de\/stoerungsmelder\/2008\/06\/10\/was-bringt-der-medienhype-um-reinhardtsdorf-schona_325\",\"name\":\"Was bringt der Medienhype um Reinhardtsdorf-Sch\u00f6na? - St\u00f6rungsmelder\",\"isPartOf\":{\"@id\":\"https:\/\/blog.zeit.de\/stoerungsmelder\/#website\"},\"datePublished\":\"2008-06-10T02:49:03+00:00\",\"dateModified\":\"2008-06-10T02:49:03+00:00\",\"author\":{\"@id\":\"https:\/\/blog.zeit.de\/stoerungsmelder\/#\/schema\/person\/1898e9a6d47b4737da2c4fca74a10552\"},\"breadcrumb\":{\"@id\":\"https:\/\/blog.zeit.de\/stoerungsmelder\/2008\/06\/10\/was-bringt-der-medienhype-um-reinhardtsdorf-schona_325#breadcrumb\"},\"inLanguage\":\"de\",\"potentialAction\":[{\"@type\":\"ReadAction\",\"target\":[\"https:\/\/blog.zeit.de\/stoerungsmelder\/2008\/06\/10\/was-bringt-der-medienhype-um-reinhardtsdorf-schona_325\"]}]},{\"@type\":\"BreadcrumbList\",\"@id\":\"https:\/\/blog.zeit.de\/stoerungsmelder\/2008\/06\/10\/was-bringt-der-medienhype-um-reinhardtsdorf-schona_325#breadcrumb\",\"itemListElement\":[{\"@type\":\"ListItem\",\"position\":1,\"name\":\"Startseite\",\"item\":\"https:\/\/blog.zeit.de\/stoerungsmelder\"},{\"@type\":\"ListItem\",\"position\":2,\"name\":\"Was bringt der Medienhype um Reinhardtsdorf-Sch\u00f6na?\"}]},{\"@type\":\"WebSite\",\"@id\":\"https:\/\/blog.zeit.de\/stoerungsmelder\/#website\",\"url\":\"https:\/\/blog.zeit.de\/stoerungsmelder\/\",\"name\":\"St\u00f6rungsmelder\",\"description\":\"Recherchen und Analysen \u00fcber die extreme Rechte\",\"potentialAction\":[{\"@type\":\"SearchAction\",\"target\":{\"@type\":\"EntryPoint\",\"urlTemplate\":\"https:\/\/blog.zeit.de\/stoerungsmelder\/?s={search_term_string}\"},\"query-input\":\"required name=search_term_string\"}],\"inLanguage\":\"de\"},{\"@type\":\"Person\",\"@id\":\"https:\/\/blog.zeit.de\/stoerungsmelder\/#\/schema\/person\/1898e9a6d47b4737da2c4fca74a10552\",\"name\":\"Patrick Gensing\",\"image\":{\"@type\":\"ImageObject\",\"inLanguage\":\"de\",\"@id\":\"https:\/\/blog.zeit.de\/stoerungsmelder\/#\/schema\/person\/image\/\",\"url\":\"https:\/\/secure.gravatar.com\/avatar\/a7a6fc628ed4dd7517525b944e2a8b13f64804f428d399d781f8dd0c4651643a?s=96&d=mm&r=pg\",\"contentUrl\":\"https:\/\/secure.gravatar.com\/avatar\/a7a6fc628ed4dd7517525b944e2a8b13f64804f428d399d781f8dd0c4651643a?s=96&d=mm&r=pg\",\"caption\":\"Patrick Gensing\"},\"description\":\"Journalist, Blogger, Buchautor - Patrick Gensing besch\u00e4ftigt sich seit seiner Jugend Ende der 1980er Jahre mit den Themen Neonazis, Rassismus und Antisemitismus. Seit rund zehn Jahren schreibt er als Journalist \u00fcber diese Themen, unter anderem bei tagesschau.de, bei Zeit-Online, in der taz - oder in dem Buch \\\"Terror von rechts\\\", das am 14. September 2012 erscheint.\",\"sameAs\":[\"http:\/\/publikative.org\"],\"url\":\"https:\/\/blog.zeit.de\/stoerungsmelder\/author\/patrick-gensing\"}]}<\/script>\n<!-- \/ Yoast SEO plugin. -->","yoast_head_json":{"title":"Was bringt der Medienhype um Reinhardtsdorf-Sch\u00f6na? - St\u00f6rungsmelder","robots":{"index":"index","follow":"follow","max-snippet":"max-snippet:-1","max-image-preview":"max-image-preview:large","max-video-preview":"max-video-preview:-1"},"canonical":"https:\/\/blog.zeit.de\/stoerungsmelder\/2008\/06\/10\/was-bringt-der-medienhype-um-reinhardtsdorf-schona_325","og_locale":"de_DE","og_type":"article","og_title":"Was bringt der Medienhype um Reinhardtsdorf-Sch\u00f6na? - St\u00f6rungsmelder","og_description":"Nach der Kommunalwahl in Sachsen, bei der die NPD im Landesdurchschnitt mehr als f\u00fcnf Prozent der Stimmen geholt hat, steht das Thema Rechtsextremismus wieder auf der \u00f6ffentlichen Agenda. Im Blickpunkt: Reinhardtsdorf-Sch\u00f6na. Dort erreichte die v\u00f6lkische Partei mehr als 25 Prozent der Stimmen, wurde zweitst\u00e4rkste Kraft. Zahlreiche gro\u00dfen Medien berichten nun ausf\u00fchrlich \u00fcber die s\u00e4chsische Gemeinde.","og_url":"https:\/\/blog.zeit.de\/stoerungsmelder\/2008\/06\/10\/was-bringt-der-medienhype-um-reinhardtsdorf-schona_325","og_site_name":"St\u00f6rungsmelder","article_published_time":"2008-06-10T02:49:03+00:00","og_image":[{"url":"http:\/\/vg01.met.vgwort.de\/na\/f5e82dac983e1d6c6cc24602033378"}],"author":"Patrick Gensing","twitter_card":"summary_large_image","twitter_misc":{"Geschrieben von":"Patrick Gensing","Gesch\u00e4tzte Lesezeit":"4\u00a0Minuten"},"schema":{"@context":"https:\/\/schema.org","@graph":[{"@type":"WebPage","@id":"https:\/\/blog.zeit.de\/stoerungsmelder\/2008\/06\/10\/was-bringt-der-medienhype-um-reinhardtsdorf-schona_325","url":"https:\/\/blog.zeit.de\/stoerungsmelder\/2008\/06\/10\/was-bringt-der-medienhype-um-reinhardtsdorf-schona_325","name":"Was bringt der Medienhype um Reinhardtsdorf-Sch\u00f6na? - St\u00f6rungsmelder","isPartOf":{"@id":"https:\/\/blog.zeit.de\/stoerungsmelder\/#website"},"datePublished":"2008-06-10T02:49:03+00:00","dateModified":"2008-06-10T02:49:03+00:00","author":{"@id":"https:\/\/blog.zeit.de\/stoerungsmelder\/#\/schema\/person\/1898e9a6d47b4737da2c4fca74a10552"},"breadcrumb":{"@id":"https:\/\/blog.zeit.de\/stoerungsmelder\/2008\/06\/10\/was-bringt-der-medienhype-um-reinhardtsdorf-schona_325#breadcrumb"},"inLanguage":"de","potentialAction":[{"@type":"ReadAction","target":["https:\/\/blog.zeit.de\/stoerungsmelder\/2008\/06\/10\/was-bringt-der-medienhype-um-reinhardtsdorf-schona_325"]}]},{"@type":"BreadcrumbList","@id":"https:\/\/blog.zeit.de\/stoerungsmelder\/2008\/06\/10\/was-bringt-der-medienhype-um-reinhardtsdorf-schona_325#breadcrumb","itemListElement":[{"@type":"ListItem","position":1,"name":"Startseite","item":"https:\/\/blog.zeit.de\/stoerungsmelder"},{"@type":"ListItem","position":2,"name":"Was bringt der Medienhype um Reinhardtsdorf-Sch\u00f6na?"}]},{"@type":"WebSite","@id":"https:\/\/blog.zeit.de\/stoerungsmelder\/#website","url":"https:\/\/blog.zeit.de\/stoerungsmelder\/","name":"St\u00f6rungsmelder","description":"Recherchen und Analysen \u00fcber die extreme Rechte","potentialAction":[{"@type":"SearchAction","target":{"@type":"EntryPoint","urlTemplate":"https:\/\/blog.zeit.de\/stoerungsmelder\/?s={search_term_string}"},"query-input":"required name=search_term_string"}],"inLanguage":"de"},{"@type":"Person","@id":"https:\/\/blog.zeit.de\/stoerungsmelder\/#\/schema\/person\/1898e9a6d47b4737da2c4fca74a10552","name":"Patrick Gensing","image":{"@type":"ImageObject","inLanguage":"de","@id":"https:\/\/blog.zeit.de\/stoerungsmelder\/#\/schema\/person\/image\/","url":"https:\/\/secure.gravatar.com\/avatar\/a7a6fc628ed4dd7517525b944e2a8b13f64804f428d399d781f8dd0c4651643a?s=96&d=mm&r=pg","contentUrl":"https:\/\/secure.gravatar.com\/avatar\/a7a6fc628ed4dd7517525b944e2a8b13f64804f428d399d781f8dd0c4651643a?s=96&d=mm&r=pg","caption":"Patrick Gensing"},"description":"Journalist, Blogger, Buchautor - Patrick Gensing besch\u00e4ftigt sich seit seiner Jugend Ende der 1980er Jahre mit den Themen Neonazis, Rassismus und Antisemitismus. Seit rund zehn Jahren schreibt er als Journalist \u00fcber diese Themen, unter anderem bei tagesschau.de, bei Zeit-Online, in der taz - oder in dem Buch \"Terror von rechts\", das am 14. September 2012 erscheint.","sameAs":["http:\/\/publikative.org"],"url":"https:\/\/blog.zeit.de\/stoerungsmelder\/author\/patrick-gensing"}]}},"jetpack_featured_media_url":"","jetpack_sharing_enabled":true,"_links":{"self":[{"href":"https:\/\/blog.zeit.de\/stoerungsmelder\/wp-json\/wp\/v2\/posts\/325","targetHints":{"allow":["GET"]}}],"collection":[{"href":"https:\/\/blog.zeit.de\/stoerungsmelder\/wp-json\/wp\/v2\/posts"}],"about":[{"href":"https:\/\/blog.zeit.de\/stoerungsmelder\/wp-json\/wp\/v2\/types\/post"}],"author":[{"embeddable":true,"href":"https:\/\/blog.zeit.de\/stoerungsmelder\/wp-json\/wp\/v2\/users\/227"}],"replies":[{"embeddable":true,"href":"https:\/\/blog.zeit.de\/stoerungsmelder\/wp-json\/wp\/v2\/comments?post=325"}],"version-history":[{"count":0,"href":"https:\/\/blog.zeit.de\/stoerungsmelder\/wp-json\/wp\/v2\/posts\/325\/revisions"}],"wp:attachment":[{"href":"https:\/\/blog.zeit.de\/stoerungsmelder\/wp-json\/wp\/v2\/media?parent=325"}],"wp:term":[{"taxonomy":"category","embeddable":true,"href":"https:\/\/blog.zeit.de\/stoerungsmelder\/wp-json\/wp\/v2\/categories?post=325"},{"taxonomy":"post_tag","embeddable":true,"href":"https:\/\/blog.zeit.de\/stoerungsmelder\/wp-json\/wp\/v2\/tags?post=325"}],"curies":[{"name":"wp","href":"https:\/\/api.w.org\/{rel}","templated":true}]}}