{"id":335,"date":"2008-06-20T11:55:26","date_gmt":"2008-06-20T10:55:26","guid":{"rendered":"http:\/\/blog.zeit.de\/stoerungsmelder\/2008\/06\/20\/%e2%80%9edu-sollst-keine-anderen-gotter-haben-neben-mir%e2%80%9c-%e2%80%93-versuch-uber-nationalismus-i_335"},"modified":"2008-06-20T11:55:26","modified_gmt":"2008-06-20T10:55:26","slug":"%e2%80%9edu-sollst-keine-anderen-gotter-haben-neben-mir%e2%80%9c-%e2%80%93-versuch-uber-nationalismus-i","status":"publish","type":"post","link":"https:\/\/blog.zeit.de\/stoerungsmelder\/2008\/06\/20\/%e2%80%9edu-sollst-keine-anderen-gotter-haben-neben-mir%e2%80%9c-%e2%80%93-versuch-uber-nationalismus-i_335","title":{"rendered":"\u201eDu sollst keine anderen G\u00f6tter haben neben mir.\u201c \u2013 \u00dcber Nation und Christentum"},"content":{"rendered":"<p>Der K\u00f6lner Erzbischof Joachim Kardinal Meisner ist entt\u00e4uscht \u2013 und zwar von der Union. Die CDU entwurzele sich selbst bei christlich denkenden Menschen. Und auch die CSU sei nicht besser: \u201eDas barocke Geh\u00e4use t\u00e4uscht \u00fcber manche Hohlheit hinweg.\u201c Meisner bohrt damit in einer Wunde, an der sich Deutschlands Rechtskonservative schon seit Jahren g\u00fctlich tun. Meisners Kritik schaffte es daher auch prompt in die Meldungen des Wochenblattes \u201eJunge Freiheit\u201c (JF).<!--more--><\/p>\n<p>Christlich angehauchte Rechtskonservative aus dem Umkreis des \u201eInstitut f\u00fcr Staatspolitik\u201c (IfS) und der Wochenzeitung \u201eJunge Freiheit\u201c (JF) kritisieren in Deutschland an der Union demnach zweierlei: dass sie zu wenig christlich und dass sie zu wenig national eingestellt sei. Nur selten wird er\u00f6rtert, dass in dieser Kritik ein geh\u00f6riger Antagonismus schlummert \u2013 n\u00e4mlich der zwischen Christentum und der ethnisch verstandenen Nation.<\/p>\n<p>Der vielleicht wichtigste deutsche Rechtsintellektuelle der Nachkriegszeit, Armin Mohler, war f\u00fcr diesen Widerspruch sensibel. \u201eWenn ein Christ Ernst macht mit seinem Christentum, dann mu\u00df er ein Linker sein.\u201c, meinte er in einem im Jahr 1988 mit der angehenden Sozialwissenschaftlerin Petra M\u00fcller gef\u00fchrten Gespr\u00e4ch. Anders ausgedr\u00fcckt: Die Union m\u00fcsse sich entscheiden, ob sie christlich oder national sein wolle.<\/p>\n<p>Der Hintergrund f\u00fcr diese zugespitzte These ist eine einfache theoretische \u00dcberlegung: Das Christentum repr\u00e4sentiert eine die gesamte Menschheit umspannende Heilsverk\u00fcndung, sie ist ein theoretischer Universalismus: \u201eJeder Mensch muss in irgendeiner Form zum Bereich der Grundentscheidungen Stellung beziehen, und kein Mensch kann das anders als in der Weise eines Glaubens tun.\u201c (Joseph Ratzinger) Die Nation hingegen zieht anhand historisch weitgehend kontingenter Merkmale einen Schnitt durch die Menschheit und konstituiert so einen vor dem christlichen Gott nicht mehr rechtfertigbaren Partikularismus. Das Bekenntnis zu einem Gott, das das Heil aller Menschen gleicherma\u00dfen erstrebt, und das Bekenntnis zu einer ethnisch verstandenen Nation, das f\u00fcr einen Teil der Menschheit eine Sonderbehandlung beansprucht, f\u00fchrt zumindest auf der normativen Ebene zu einem unvers\u00f6hnlichen Widerspruch.<\/p>\n<p>Es ist daher nur konsequent, dass gro\u00dfe Teile der politischen Rechten dem Christentum entsagen und sich eher dem Heidentum zuwenden. Diese Entwicklung l\u00e4sst sich nicht nur f\u00fcr rechtsextreme Parteien wie die NPD, sondern auch f\u00fcr gewichtige Denker der \u201eNeuen Rechten\u201c insbesondere Frankreichs konstatieren. Sie zumindest beherzigen das erste der Zehn Gebote \u201eDu sollst keine anderen G\u00f6tter haben neben mir.\u201c, indem sie dem Christentum den R\u00fccken zuwenden und ihren &#8222;Gott Nation&#8220; zelebrieren.<\/p>\n<p><a href=\"http:\/\/www.endstation-rechts.de\/\"><img decoding=\"async\" src=\"http:\/\/www.endstation-rechts.de\/er-logo.gif\" alt=\"michael-schaefer\" align=\"left\" border=\"0\" hspace=\"10\" vspace=\"5\" width=\"50\" \/><\/a><br \/>\nweitere Informationen: <a href=\"http:\/\/www.endstation-rechts.de\/\">http:\/\/www.endstation-rechts.de<\/a><\/p>\n","protected":false},"excerpt":{"rendered":"<p>Der K\u00f6lner Erzbischof Joachim Kardinal Meisner ist entt\u00e4uscht \u2013 und zwar von der Union. Die CDU entwurzele sich selbst bei christlich denkenden Menschen. Und auch die CSU sei nicht besser: \u201eDas barocke Geh\u00e4use t\u00e4uscht \u00fcber manche Hohlheit hinweg.\u201c Meisner bohrt damit in einer Wunde, an der sich Deutschlands Rechtskonservative schon seit Jahren g\u00fctlich tun. Meisners [&hellip;]<\/p>\n","protected":false},"author":239,"featured_media":0,"comment_status":"open","ping_status":"open","sticky":false,"template":"","format":"standard","meta":{"_jetpack_memberships_contains_paid_content":false,"footnotes":""},"categories":[1515],"tags":[902,1553,1635],"class_list":["post-335","post","type-post","status-publish","format-standard","hentry","category-bundesweit","tag-cdu","tag-ethnopluralismus","tag-junge-freiheit"],"yoast_head":"<!-- This site is optimized with the Yoast SEO plugin v21.0 - https:\/\/yoast.com\/wordpress\/plugins\/seo\/ -->\n<title>\u201eDu sollst keine anderen G\u00f6tter haben neben mir.\u201c \u2013 \u00dcber Nation und Christentum - St\u00f6rungsmelder<\/title>\n<meta name=\"robots\" content=\"index, follow, max-snippet:-1, max-image-preview:large, max-video-preview:-1\" \/>\n<link rel=\"canonical\" href=\"https:\/\/blog.zeit.de\/stoerungsmelder\/2008\/06\/20\/\u201edu-sollst-keine-anderen-gotter-haben-neben-mir\u201c-\u2013-versuch-uber-nationalismus-i_335\" \/>\n<meta property=\"og:locale\" content=\"de_DE\" \/>\n<meta property=\"og:type\" content=\"article\" \/>\n<meta property=\"og:title\" content=\"\u201eDu sollst keine anderen G\u00f6tter haben neben mir.\u201c \u2013 \u00dcber Nation und Christentum - St\u00f6rungsmelder\" \/>\n<meta property=\"og:description\" content=\"Der K\u00f6lner Erzbischof Joachim Kardinal Meisner ist entt\u00e4uscht \u2013 und zwar von der Union. Die CDU entwurzele sich selbst bei christlich denkenden Menschen. Und auch die CSU sei nicht besser: \u201eDas barocke Geh\u00e4use t\u00e4uscht \u00fcber manche Hohlheit hinweg.\u201c Meisner bohrt damit in einer Wunde, an der sich Deutschlands Rechtskonservative schon seit Jahren g\u00fctlich tun. Meisners [&hellip;]\" \/>\n<meta property=\"og:url\" content=\"https:\/\/blog.zeit.de\/stoerungsmelder\/2008\/06\/20\/\u201edu-sollst-keine-anderen-gotter-haben-neben-mir\u201c-\u2013-versuch-uber-nationalismus-i_335\" \/>\n<meta property=\"og:site_name\" content=\"St\u00f6rungsmelder\" \/>\n<meta property=\"article:published_time\" content=\"2008-06-20T10:55:26+00:00\" \/>\n<meta property=\"og:image\" content=\"http:\/\/www.endstation-rechts.de\/er-logo.gif\" \/>\n<meta name=\"author\" content=\"Mathias Brodkorb\" \/>\n<meta name=\"twitter:card\" content=\"summary_large_image\" \/>\n<meta name=\"twitter:label1\" content=\"Geschrieben von\" \/>\n\t<meta name=\"twitter:data1\" content=\"Mathias Brodkorb\" \/>\n\t<meta name=\"twitter:label2\" content=\"Gesch\u00e4tzte Lesezeit\" \/>\n\t<meta name=\"twitter:data2\" content=\"2\u00a0Minuten\" \/>\n<script type=\"application\/ld+json\" class=\"yoast-schema-graph\">{\"@context\":\"https:\/\/schema.org\",\"@graph\":[{\"@type\":\"WebPage\",\"@id\":\"https:\/\/blog.zeit.de\/stoerungsmelder\/2008\/06\/20\/%e2%80%9edu-sollst-keine-anderen-gotter-haben-neben-mir%e2%80%9c-%e2%80%93-versuch-uber-nationalismus-i_335\",\"url\":\"https:\/\/blog.zeit.de\/stoerungsmelder\/2008\/06\/20\/%e2%80%9edu-sollst-keine-anderen-gotter-haben-neben-mir%e2%80%9c-%e2%80%93-versuch-uber-nationalismus-i_335\",\"name\":\"\u201eDu sollst keine anderen G\u00f6tter haben neben mir.\u201c \u2013 \u00dcber Nation und Christentum - St\u00f6rungsmelder\",\"isPartOf\":{\"@id\":\"https:\/\/blog.zeit.de\/stoerungsmelder\/#website\"},\"datePublished\":\"2008-06-20T10:55:26+00:00\",\"dateModified\":\"2008-06-20T10:55:26+00:00\",\"author\":{\"@id\":\"https:\/\/blog.zeit.de\/stoerungsmelder\/#\/schema\/person\/dfe941804ae69466e49dbc5cd6f1beca\"},\"breadcrumb\":{\"@id\":\"https:\/\/blog.zeit.de\/stoerungsmelder\/2008\/06\/20\/%e2%80%9edu-sollst-keine-anderen-gotter-haben-neben-mir%e2%80%9c-%e2%80%93-versuch-uber-nationalismus-i_335#breadcrumb\"},\"inLanguage\":\"de\",\"potentialAction\":[{\"@type\":\"ReadAction\",\"target\":[\"https:\/\/blog.zeit.de\/stoerungsmelder\/2008\/06\/20\/%e2%80%9edu-sollst-keine-anderen-gotter-haben-neben-mir%e2%80%9c-%e2%80%93-versuch-uber-nationalismus-i_335\"]}]},{\"@type\":\"BreadcrumbList\",\"@id\":\"https:\/\/blog.zeit.de\/stoerungsmelder\/2008\/06\/20\/%e2%80%9edu-sollst-keine-anderen-gotter-haben-neben-mir%e2%80%9c-%e2%80%93-versuch-uber-nationalismus-i_335#breadcrumb\",\"itemListElement\":[{\"@type\":\"ListItem\",\"position\":1,\"name\":\"Startseite\",\"item\":\"https:\/\/blog.zeit.de\/stoerungsmelder\"},{\"@type\":\"ListItem\",\"position\":2,\"name\":\"\u201eDu sollst keine anderen G\u00f6tter haben neben mir.\u201c \u2013 \u00dcber Nation und Christentum\"}]},{\"@type\":\"WebSite\",\"@id\":\"https:\/\/blog.zeit.de\/stoerungsmelder\/#website\",\"url\":\"https:\/\/blog.zeit.de\/stoerungsmelder\/\",\"name\":\"St\u00f6rungsmelder\",\"description\":\"Recherchen und Analysen \u00fcber die extreme Rechte\",\"potentialAction\":[{\"@type\":\"SearchAction\",\"target\":{\"@type\":\"EntryPoint\",\"urlTemplate\":\"https:\/\/blog.zeit.de\/stoerungsmelder\/?s={search_term_string}\"},\"query-input\":\"required name=search_term_string\"}],\"inLanguage\":\"de\"},{\"@type\":\"Person\",\"@id\":\"https:\/\/blog.zeit.de\/stoerungsmelder\/#\/schema\/person\/dfe941804ae69466e49dbc5cd6f1beca\",\"name\":\"Mathias Brodkorb\",\"image\":{\"@type\":\"ImageObject\",\"inLanguage\":\"de\",\"@id\":\"https:\/\/blog.zeit.de\/stoerungsmelder\/#\/schema\/person\/image\/\",\"url\":\"https:\/\/secure.gravatar.com\/avatar\/3b19999ee4389202766a7fbbf21812f28592ca91b09b4b11ad962b1f3e8f7e25?s=96&d=mm&r=pg\",\"contentUrl\":\"https:\/\/secure.gravatar.com\/avatar\/3b19999ee4389202766a7fbbf21812f28592ca91b09b4b11ad962b1f3e8f7e25?s=96&d=mm&r=pg\",\"caption\":\"Mathias Brodkorb\"},\"url\":\"https:\/\/blog.zeit.de\/stoerungsmelder\/author\/mathias-brodkorb\"}]}<\/script>\n<!-- \/ Yoast SEO plugin. -->","yoast_head_json":{"title":"\u201eDu sollst keine anderen G\u00f6tter haben neben mir.\u201c \u2013 \u00dcber Nation und Christentum - St\u00f6rungsmelder","robots":{"index":"index","follow":"follow","max-snippet":"max-snippet:-1","max-image-preview":"max-image-preview:large","max-video-preview":"max-video-preview:-1"},"canonical":"https:\/\/blog.zeit.de\/stoerungsmelder\/2008\/06\/20\/\u201edu-sollst-keine-anderen-gotter-haben-neben-mir\u201c-\u2013-versuch-uber-nationalismus-i_335","og_locale":"de_DE","og_type":"article","og_title":"\u201eDu sollst keine anderen G\u00f6tter haben neben mir.\u201c \u2013 \u00dcber Nation und Christentum - St\u00f6rungsmelder","og_description":"Der K\u00f6lner Erzbischof Joachim Kardinal Meisner ist entt\u00e4uscht \u2013 und zwar von der Union. Die CDU entwurzele sich selbst bei christlich denkenden Menschen. Und auch die CSU sei nicht besser: \u201eDas barocke Geh\u00e4use t\u00e4uscht \u00fcber manche Hohlheit hinweg.\u201c Meisner bohrt damit in einer Wunde, an der sich Deutschlands Rechtskonservative schon seit Jahren g\u00fctlich tun. Meisners [&hellip;]","og_url":"https:\/\/blog.zeit.de\/stoerungsmelder\/2008\/06\/20\/\u201edu-sollst-keine-anderen-gotter-haben-neben-mir\u201c-\u2013-versuch-uber-nationalismus-i_335","og_site_name":"St\u00f6rungsmelder","article_published_time":"2008-06-20T10:55:26+00:00","og_image":[{"url":"http:\/\/www.endstation-rechts.de\/er-logo.gif"}],"author":"Mathias Brodkorb","twitter_card":"summary_large_image","twitter_misc":{"Geschrieben von":"Mathias Brodkorb","Gesch\u00e4tzte Lesezeit":"2\u00a0Minuten"},"schema":{"@context":"https:\/\/schema.org","@graph":[{"@type":"WebPage","@id":"https:\/\/blog.zeit.de\/stoerungsmelder\/2008\/06\/20\/%e2%80%9edu-sollst-keine-anderen-gotter-haben-neben-mir%e2%80%9c-%e2%80%93-versuch-uber-nationalismus-i_335","url":"https:\/\/blog.zeit.de\/stoerungsmelder\/2008\/06\/20\/%e2%80%9edu-sollst-keine-anderen-gotter-haben-neben-mir%e2%80%9c-%e2%80%93-versuch-uber-nationalismus-i_335","name":"\u201eDu sollst keine anderen G\u00f6tter haben neben mir.\u201c \u2013 \u00dcber Nation und Christentum - St\u00f6rungsmelder","isPartOf":{"@id":"https:\/\/blog.zeit.de\/stoerungsmelder\/#website"},"datePublished":"2008-06-20T10:55:26+00:00","dateModified":"2008-06-20T10:55:26+00:00","author":{"@id":"https:\/\/blog.zeit.de\/stoerungsmelder\/#\/schema\/person\/dfe941804ae69466e49dbc5cd6f1beca"},"breadcrumb":{"@id":"https:\/\/blog.zeit.de\/stoerungsmelder\/2008\/06\/20\/%e2%80%9edu-sollst-keine-anderen-gotter-haben-neben-mir%e2%80%9c-%e2%80%93-versuch-uber-nationalismus-i_335#breadcrumb"},"inLanguage":"de","potentialAction":[{"@type":"ReadAction","target":["https:\/\/blog.zeit.de\/stoerungsmelder\/2008\/06\/20\/%e2%80%9edu-sollst-keine-anderen-gotter-haben-neben-mir%e2%80%9c-%e2%80%93-versuch-uber-nationalismus-i_335"]}]},{"@type":"BreadcrumbList","@id":"https:\/\/blog.zeit.de\/stoerungsmelder\/2008\/06\/20\/%e2%80%9edu-sollst-keine-anderen-gotter-haben-neben-mir%e2%80%9c-%e2%80%93-versuch-uber-nationalismus-i_335#breadcrumb","itemListElement":[{"@type":"ListItem","position":1,"name":"Startseite","item":"https:\/\/blog.zeit.de\/stoerungsmelder"},{"@type":"ListItem","position":2,"name":"\u201eDu sollst keine anderen G\u00f6tter haben neben mir.\u201c \u2013 \u00dcber Nation und Christentum"}]},{"@type":"WebSite","@id":"https:\/\/blog.zeit.de\/stoerungsmelder\/#website","url":"https:\/\/blog.zeit.de\/stoerungsmelder\/","name":"St\u00f6rungsmelder","description":"Recherchen und Analysen \u00fcber die extreme Rechte","potentialAction":[{"@type":"SearchAction","target":{"@type":"EntryPoint","urlTemplate":"https:\/\/blog.zeit.de\/stoerungsmelder\/?s={search_term_string}"},"query-input":"required name=search_term_string"}],"inLanguage":"de"},{"@type":"Person","@id":"https:\/\/blog.zeit.de\/stoerungsmelder\/#\/schema\/person\/dfe941804ae69466e49dbc5cd6f1beca","name":"Mathias Brodkorb","image":{"@type":"ImageObject","inLanguage":"de","@id":"https:\/\/blog.zeit.de\/stoerungsmelder\/#\/schema\/person\/image\/","url":"https:\/\/secure.gravatar.com\/avatar\/3b19999ee4389202766a7fbbf21812f28592ca91b09b4b11ad962b1f3e8f7e25?s=96&d=mm&r=pg","contentUrl":"https:\/\/secure.gravatar.com\/avatar\/3b19999ee4389202766a7fbbf21812f28592ca91b09b4b11ad962b1f3e8f7e25?s=96&d=mm&r=pg","caption":"Mathias Brodkorb"},"url":"https:\/\/blog.zeit.de\/stoerungsmelder\/author\/mathias-brodkorb"}]}},"jetpack_featured_media_url":"","jetpack_sharing_enabled":true,"_links":{"self":[{"href":"https:\/\/blog.zeit.de\/stoerungsmelder\/wp-json\/wp\/v2\/posts\/335","targetHints":{"allow":["GET"]}}],"collection":[{"href":"https:\/\/blog.zeit.de\/stoerungsmelder\/wp-json\/wp\/v2\/posts"}],"about":[{"href":"https:\/\/blog.zeit.de\/stoerungsmelder\/wp-json\/wp\/v2\/types\/post"}],"author":[{"embeddable":true,"href":"https:\/\/blog.zeit.de\/stoerungsmelder\/wp-json\/wp\/v2\/users\/239"}],"replies":[{"embeddable":true,"href":"https:\/\/blog.zeit.de\/stoerungsmelder\/wp-json\/wp\/v2\/comments?post=335"}],"version-history":[{"count":0,"href":"https:\/\/blog.zeit.de\/stoerungsmelder\/wp-json\/wp\/v2\/posts\/335\/revisions"}],"wp:attachment":[{"href":"https:\/\/blog.zeit.de\/stoerungsmelder\/wp-json\/wp\/v2\/media?parent=335"}],"wp:term":[{"taxonomy":"category","embeddable":true,"href":"https:\/\/blog.zeit.de\/stoerungsmelder\/wp-json\/wp\/v2\/categories?post=335"},{"taxonomy":"post_tag","embeddable":true,"href":"https:\/\/blog.zeit.de\/stoerungsmelder\/wp-json\/wp\/v2\/tags?post=335"}],"curies":[{"name":"wp","href":"https:\/\/api.w.org\/{rel}","templated":true}]}}