{"id":3351,"date":"2010-05-17T18:38:57","date_gmt":"2010-05-17T16:38:57","guid":{"rendered":"http:\/\/blog.zeit.de\/stoerungsmelder\/?p=3351"},"modified":"2010-05-19T13:05:23","modified_gmt":"2010-05-19T11:05:23","slug":"digitaler-protest-gegen-nazis-auf-facebook","status":"publish","type":"post","link":"https:\/\/blog.zeit.de\/stoerungsmelder\/2010\/05\/17\/digitaler-protest-gegen-nazis-auf-facebook_3351","title":{"rendered":"Digitaler Protest gegen Nazis auf Facebook"},"content":{"rendered":"<p><figure id=\"attachment_3352\" aria-describedby=\"caption-attachment-3352\" style=\"width: 208px\" class=\"wp-caption alignleft\"><a href=\"https:\/\/blog.zeit.de\/stoerungsmelder\/files\/2010\/05\/facebook.jpg\"><img loading=\"lazy\" decoding=\"async\" class=\"size-full wp-image-3352\" title=\"facebook\" src=\"https:\/\/blog.zeit.de\/stoerungsmelder\/files\/2010\/05\/facebook.jpg\" alt=\"\" width=\"208\" height=\"212\" \/><\/a><figcaption id=\"caption-attachment-3352\" class=\"wp-caption-text\">\u00fcber 230 000 Mitglieder hat die Anti-NPD-Gruppe bei Facebook inzwischen<\/figcaption><\/figure><\/p>\n<p>Die NPD und andere Nazi-Gruppen pr\u00e4sentieren sich in sozialen Netzwerken. Jetzt fordern \u00fcber 200 000 Facebook-User, die NPD-Seiten endlich zu l\u00f6schen. Rechtsextreme Inhalte k\u00f6nnen aber nur dauerhaft verschwinden, wenn die Nutzer sie beharrlich melden.<!--more--><\/p>\n<p><a href=\"http:\/\/www.facebook.com\/pages\/Kein-Bock-Auf-Nazis\/144381211367?ref=ts#!\/pages\/Kein-Facebook-fur-Nazis-NPD-Seite-loschen\/120727301285953\">\u201eKein Facebook f\u00fcr Nazis &#8211; NPD Seite l\u00f6schen!\u201c<\/a>, fordern inzwischen \u00fcber 230 000 Mitglieder im Netzwerk Facebook. Doch bisher nimmt Facebook die Seite der NPD nicht vom Netz. Solange Inhalte nicht gegen Gesetze versto\u00dfen, gelte bei der Internet-Community die Meinungsfreiheit, auch f\u00fcr Nazis, hei\u00dft es. In einem offenen Brief appellieren die Nutzer jetzt noch deutlicher an Facebook, der NPD die Plattform zu entziehen. Facebook antwortet auf Nachfrage: \u201eDie NPD ist eine rechtm\u00e4\u00dfige Organisation in Deutschland. Solange die Inhalte auf der Seite der NPD nicht gegen unsere Nutzungsbedingungen versto\u00dfen, ist eine L\u00f6schung der Seite nicht gerechtfertigt.\u201c So kann die rechtsextreme Partei weiter munter ihre rassistische Hetze auf Facebook verbreiten.<br \/>\n<strong><br \/>\nVon latent rechts bis offen rassistisch \u2013 im Netz ist alles vertreten<\/strong><\/p>\n<p>Wenn Netzwerke rechtsextreme Gruppen und Inhalte verbieten, kommt es weiter auf die Mitglieder an: Schlie\u00dflich gibt es bei Facebook eine Vielzahl von NPD-Gruppen und w\u00fcrde eine gel\u00f6scht, kann sie sich direkt neu gr\u00fcnden. Auf Facebook rollte gestern daher eine \u201eSpamwelle\u201c. Gegner fluteten Nazi-Seiten mit Beitr\u00e4gen, luden Bilder und Symbole gegen rechts hoch. Nicht nur gegen NPD-Seiten liefen die Spam-Aktionen, sondern\u00a0 etwa auch gegen die Seite der rechten \u201ePartei National Orientierter Schweizer\u201c (PNOS).<\/p>\n<p>Die Betreiber der Seiten k\u00f6nnen Eintr\u00e4ge auf ihrer Pinnwand zwar l\u00f6schen, aber scheinen derzeit nicht daran interessiert oder mit der Flut \u00fcberfordert. Erste Wirkungen zeigten sich gestern auf der Seite \u201e\u00d6sterreich hat schon genug Ausl\u00e4nder\u201c. Deren Gr\u00fcnder suchte verl\u00e4ssliche Personen, die ihm mit der \u201ezugespamten\u201c Seite helfen k\u00f6nnten. Und er bittet seine Freunde, rassistische Kommentare zu unterlassen, weil \u201eFacebook wahrscheinlich ein Auge auf die Gruppe haben\u201c werde. Neben der Spamwelle meldeten Nutzer immer wieder rechtsextreme Seiten an Facebook, darunter offen rassistische \u2013 viele davon l\u00e4sst Facebook bisher online.<\/p>\n<p><a href=\"https:\/\/blog.zeit.de\/stoerungsmelder\/files\/2010\/05\/lichterkette.jpg\"><img loading=\"lazy\" decoding=\"async\" class=\"alignright size-full wp-image-3354\" title=\"lichterkette\" src=\"https:\/\/blog.zeit.de\/stoerungsmelder\/files\/2010\/05\/lichterkette.jpg\" alt=\"\" width=\"200\" height=\"379\" srcset=\"https:\/\/blog.zeit.de\/stoerungsmelder\/files\/2010\/05\/lichterkette.jpg 200w, https:\/\/blog.zeit.de\/stoerungsmelder\/files\/2010\/05\/lichterkette-158x300.jpg 158w\" sizes=\"auto, (max-width: 200px) 100vw, 200px\" \/><\/a><\/p>\n<p>Andere Nutzer er\u00f6ffneten eine Facebook-Seite namens NPD, besetzten somit den Titel und kl\u00e4ren dort \u00fcber die rechtsextreme Partei auf. Die digitalen Demonstranten machen weiter mit ihrem Protest. Eine \u201edigitale Lichterkette\u201c soll am 22. und 23. Mai ein \u201eZeichen f\u00fcr Zivilcourage, Toleranz und Solidarit\u00e4t\u201c setzen. Als Profilfoto sollen die Unterst\u00fctzer ein Foto von sich hochladen, wie sie ihren virtuellen Nachbar die H\u00e4nde reichen. Die eingereichten Bilder werden zu einem Mosaikfoto zusammengef\u00fcgt, dem \u201eSymbol des Protests\u201c.<\/p>\n<p><strong>Verboten hei\u00dft nicht gleich gesperrt<\/strong><\/p>\n<p>Auch im deutschen Netzwerk StudiVZ mussten die Nutzer lange fordern, bis sich der Betreiber dazu entschloss, rechtsextreme Inhalte jeder Art zu l\u00f6schen. Durch den Druck der User und die vom Konzern gef\u00fcrchtete negative Berichterstattung in den Medien hat es schlie\u00dflich geklappt. Rassistische, sexistische,\u00a0 und andere diskriminierende Ver\u00f6ffentlichungen sind nicht gestattet, hei\u00dft es im Verhaltenskodex. Wer verst\u00f6\u00dft, riskiert, dass sein Profil gesperrt wird. Dutzende Naziseiten wurden bei Sch\u00fcler-, Studi- und MeinVZ schon gel\u00f6scht.<\/p>\n<p>Doch das umzusetzen scheint schwierig. W\u00e4hrend auf Facebook die Aktionswelle rollt, finden sich auch im Studiverzeichnis noch viele rechte Anspielungen. Gruppen mit dem Titel \u201eStoppt die Asylanten\u201c oder \u201eWir sind Autonome Nationalisten\u201c zeigen ihre rechtsextremen Einstellungen mehr oder weniger eindeutig. Damit StudiVZ solche Gruppen oder Profile l\u00f6scht, m\u00fcssen sie erst auffallen \u2013 also immer wieder gemeldet werden.<\/p>\n<p>Nicht immer sind Gruppen leicht als Nazi-Vereinigungen zu erkennen: \u201eIch bin nicht unbeliebt, meine Freunde werden nur immer gel\u00f6scht\u201c. Wer auf diesen Gruppen-Namen st\u00f6\u00dft, kann sich zwar denken, dass die Freunde der Mitglieder nicht grundlos gel\u00f6scht werden, sondern weil Inhalte ihres Profil dem Kodex widersprachen. Dass viele Gruppen-Mitglieder tats\u00e4chlich rechtsextrem eingestellt sind, zeigt sich aber erst in ihrem Profil und anhand ihrer anderen Mitgliedschaften. Genauso bei der Gruppe \u201e\u2026Wir werden immer mehr!\u201c So k\u00f6nnen sich Nazis zusammenschlie\u00dfen und ihre Freunde in die Gruppe einladen, ohne gleich aufzufallen.<\/p>\n<p>Auch offen rassistische Beitr\u00e4ge m\u00fcssen erst gefunden werden, vom Betreiber oder Usern. Trotz der Verhaltensregeln: Solange Nazis bei StudiVZ ihren Freunden auf die Pinnwand schreiben, dass diese \u201egenegert\u201c wurden, scheitert ein offenes, tolerantes Netzwerk an der Umsetzung des Kodex. Bei Facebook k\u00e4mpfen die Nutzer bisher noch f\u00fcr einen Kodex mit ausdr\u00fccklichem Nazi-Verbot im Netzwerk.<\/p>\n","protected":false},"excerpt":{"rendered":"<p>Die NPD und andere Nazi-Gruppen pr\u00e4sentieren sich in sozialen Netzwerken. Jetzt fordern \u00fcber 200 000 Facebook-User, die NPD-Seiten endlich zu l\u00f6schen. Rechtsextreme Inhalte k\u00f6nnen aber nur dauerhaft verschwinden, wenn die Nutzer sie beharrlich melden.<\/p>\n","protected":false},"author":281,"featured_media":0,"comment_status":"open","ping_status":"open","sticky":false,"template":"","format":"standard","meta":{"_jetpack_memberships_contains_paid_content":false,"footnotes":""},"categories":[1515],"tags":[],"class_list":["post-3351","post","type-post","status-publish","format-standard","hentry","category-bundesweit"],"yoast_head":"<!-- This site is optimized with the Yoast SEO plugin v21.0 - https:\/\/yoast.com\/wordpress\/plugins\/seo\/ -->\n<title>Digitaler Protest gegen Nazis auf Facebook - St\u00f6rungsmelder<\/title>\n<meta name=\"robots\" content=\"index, follow, max-snippet:-1, max-image-preview:large, max-video-preview:-1\" \/>\n<link rel=\"canonical\" href=\"https:\/\/blog.zeit.de\/stoerungsmelder\/2010\/05\/17\/digitaler-protest-gegen-nazis-auf-facebook_3351\" \/>\n<meta property=\"og:locale\" content=\"de_DE\" \/>\n<meta property=\"og:type\" content=\"article\" \/>\n<meta property=\"og:title\" content=\"Digitaler Protest gegen Nazis auf Facebook - St\u00f6rungsmelder\" \/>\n<meta property=\"og:description\" content=\"Die NPD und andere Nazi-Gruppen pr\u00e4sentieren sich in sozialen Netzwerken. Jetzt fordern \u00fcber 200 000 Facebook-User, die NPD-Seiten endlich zu l\u00f6schen. Rechtsextreme Inhalte k\u00f6nnen aber nur dauerhaft verschwinden, wenn die Nutzer sie beharrlich melden.\" \/>\n<meta property=\"og:url\" content=\"https:\/\/blog.zeit.de\/stoerungsmelder\/2010\/05\/17\/digitaler-protest-gegen-nazis-auf-facebook_3351\" \/>\n<meta property=\"og:site_name\" content=\"St\u00f6rungsmelder\" \/>\n<meta property=\"article:published_time\" content=\"2010-05-17T16:38:57+00:00\" \/>\n<meta property=\"article:modified_time\" content=\"2010-05-19T11:05:23+00:00\" \/>\n<meta property=\"og:image\" content=\"https:\/\/blog.zeit.de\/stoerungsmelder\/files\/2010\/05\/facebook.jpg\" \/>\n<meta name=\"author\" content=\"Hannah Eitel\" \/>\n<meta name=\"twitter:card\" content=\"summary_large_image\" \/>\n<meta name=\"twitter:label1\" content=\"Geschrieben von\" \/>\n\t<meta name=\"twitter:data1\" content=\"Hannah Eitel\" \/>\n\t<meta name=\"twitter:label2\" content=\"Gesch\u00e4tzte Lesezeit\" \/>\n\t<meta name=\"twitter:data2\" content=\"4\u00a0Minuten\" \/>\n<script type=\"application\/ld+json\" class=\"yoast-schema-graph\">{\"@context\":\"https:\/\/schema.org\",\"@graph\":[{\"@type\":\"WebPage\",\"@id\":\"https:\/\/blog.zeit.de\/stoerungsmelder\/2010\/05\/17\/digitaler-protest-gegen-nazis-auf-facebook_3351\",\"url\":\"https:\/\/blog.zeit.de\/stoerungsmelder\/2010\/05\/17\/digitaler-protest-gegen-nazis-auf-facebook_3351\",\"name\":\"Digitaler Protest gegen Nazis auf Facebook - St\u00f6rungsmelder\",\"isPartOf\":{\"@id\":\"https:\/\/blog.zeit.de\/stoerungsmelder\/#website\"},\"datePublished\":\"2010-05-17T16:38:57+00:00\",\"dateModified\":\"2010-05-19T11:05:23+00:00\",\"author\":{\"@id\":\"https:\/\/blog.zeit.de\/stoerungsmelder\/#\/schema\/person\/27e9275cc58b1ced07f0f70cc03485d0\"},\"breadcrumb\":{\"@id\":\"https:\/\/blog.zeit.de\/stoerungsmelder\/2010\/05\/17\/digitaler-protest-gegen-nazis-auf-facebook_3351#breadcrumb\"},\"inLanguage\":\"de\",\"potentialAction\":[{\"@type\":\"ReadAction\",\"target\":[\"https:\/\/blog.zeit.de\/stoerungsmelder\/2010\/05\/17\/digitaler-protest-gegen-nazis-auf-facebook_3351\"]}]},{\"@type\":\"BreadcrumbList\",\"@id\":\"https:\/\/blog.zeit.de\/stoerungsmelder\/2010\/05\/17\/digitaler-protest-gegen-nazis-auf-facebook_3351#breadcrumb\",\"itemListElement\":[{\"@type\":\"ListItem\",\"position\":1,\"name\":\"Startseite\",\"item\":\"https:\/\/blog.zeit.de\/stoerungsmelder\"},{\"@type\":\"ListItem\",\"position\":2,\"name\":\"Digitaler Protest gegen Nazis auf Facebook\"}]},{\"@type\":\"WebSite\",\"@id\":\"https:\/\/blog.zeit.de\/stoerungsmelder\/#website\",\"url\":\"https:\/\/blog.zeit.de\/stoerungsmelder\/\",\"name\":\"St\u00f6rungsmelder\",\"description\":\"Recherchen und Analysen \u00fcber die extreme Rechte\",\"potentialAction\":[{\"@type\":\"SearchAction\",\"target\":{\"@type\":\"EntryPoint\",\"urlTemplate\":\"https:\/\/blog.zeit.de\/stoerungsmelder\/?s={search_term_string}\"},\"query-input\":\"required name=search_term_string\"}],\"inLanguage\":\"de\"},{\"@type\":\"Person\",\"@id\":\"https:\/\/blog.zeit.de\/stoerungsmelder\/#\/schema\/person\/27e9275cc58b1ced07f0f70cc03485d0\",\"name\":\"Hannah Eitel\",\"image\":{\"@type\":\"ImageObject\",\"inLanguage\":\"de\",\"@id\":\"https:\/\/blog.zeit.de\/stoerungsmelder\/#\/schema\/person\/image\/\",\"url\":\"https:\/\/secure.gravatar.com\/avatar\/86f16d660d543a0657bf560775a2759ac55a3ba12b2b554a062162dce9d1e9e3?s=96&d=mm&r=pg\",\"contentUrl\":\"https:\/\/secure.gravatar.com\/avatar\/86f16d660d543a0657bf560775a2759ac55a3ba12b2b554a062162dce9d1e9e3?s=96&d=mm&r=pg\",\"caption\":\"Hannah Eitel\"},\"url\":\"https:\/\/blog.zeit.de\/stoerungsmelder\/author\/hannaheitel\"}]}<\/script>\n<!-- \/ Yoast SEO plugin. -->","yoast_head_json":{"title":"Digitaler Protest gegen Nazis auf Facebook - St\u00f6rungsmelder","robots":{"index":"index","follow":"follow","max-snippet":"max-snippet:-1","max-image-preview":"max-image-preview:large","max-video-preview":"max-video-preview:-1"},"canonical":"https:\/\/blog.zeit.de\/stoerungsmelder\/2010\/05\/17\/digitaler-protest-gegen-nazis-auf-facebook_3351","og_locale":"de_DE","og_type":"article","og_title":"Digitaler Protest gegen Nazis auf Facebook - St\u00f6rungsmelder","og_description":"Die NPD und andere Nazi-Gruppen pr\u00e4sentieren sich in sozialen Netzwerken. Jetzt fordern \u00fcber 200 000 Facebook-User, die NPD-Seiten endlich zu l\u00f6schen. Rechtsextreme Inhalte k\u00f6nnen aber nur dauerhaft verschwinden, wenn die Nutzer sie beharrlich melden.","og_url":"https:\/\/blog.zeit.de\/stoerungsmelder\/2010\/05\/17\/digitaler-protest-gegen-nazis-auf-facebook_3351","og_site_name":"St\u00f6rungsmelder","article_published_time":"2010-05-17T16:38:57+00:00","article_modified_time":"2010-05-19T11:05:23+00:00","og_image":[{"url":"https:\/\/blog.zeit.de\/stoerungsmelder\/files\/2010\/05\/facebook.jpg"}],"author":"Hannah Eitel","twitter_card":"summary_large_image","twitter_misc":{"Geschrieben von":"Hannah Eitel","Gesch\u00e4tzte Lesezeit":"4\u00a0Minuten"},"schema":{"@context":"https:\/\/schema.org","@graph":[{"@type":"WebPage","@id":"https:\/\/blog.zeit.de\/stoerungsmelder\/2010\/05\/17\/digitaler-protest-gegen-nazis-auf-facebook_3351","url":"https:\/\/blog.zeit.de\/stoerungsmelder\/2010\/05\/17\/digitaler-protest-gegen-nazis-auf-facebook_3351","name":"Digitaler Protest gegen Nazis auf Facebook - St\u00f6rungsmelder","isPartOf":{"@id":"https:\/\/blog.zeit.de\/stoerungsmelder\/#website"},"datePublished":"2010-05-17T16:38:57+00:00","dateModified":"2010-05-19T11:05:23+00:00","author":{"@id":"https:\/\/blog.zeit.de\/stoerungsmelder\/#\/schema\/person\/27e9275cc58b1ced07f0f70cc03485d0"},"breadcrumb":{"@id":"https:\/\/blog.zeit.de\/stoerungsmelder\/2010\/05\/17\/digitaler-protest-gegen-nazis-auf-facebook_3351#breadcrumb"},"inLanguage":"de","potentialAction":[{"@type":"ReadAction","target":["https:\/\/blog.zeit.de\/stoerungsmelder\/2010\/05\/17\/digitaler-protest-gegen-nazis-auf-facebook_3351"]}]},{"@type":"BreadcrumbList","@id":"https:\/\/blog.zeit.de\/stoerungsmelder\/2010\/05\/17\/digitaler-protest-gegen-nazis-auf-facebook_3351#breadcrumb","itemListElement":[{"@type":"ListItem","position":1,"name":"Startseite","item":"https:\/\/blog.zeit.de\/stoerungsmelder"},{"@type":"ListItem","position":2,"name":"Digitaler Protest gegen Nazis auf Facebook"}]},{"@type":"WebSite","@id":"https:\/\/blog.zeit.de\/stoerungsmelder\/#website","url":"https:\/\/blog.zeit.de\/stoerungsmelder\/","name":"St\u00f6rungsmelder","description":"Recherchen und Analysen \u00fcber die extreme Rechte","potentialAction":[{"@type":"SearchAction","target":{"@type":"EntryPoint","urlTemplate":"https:\/\/blog.zeit.de\/stoerungsmelder\/?s={search_term_string}"},"query-input":"required name=search_term_string"}],"inLanguage":"de"},{"@type":"Person","@id":"https:\/\/blog.zeit.de\/stoerungsmelder\/#\/schema\/person\/27e9275cc58b1ced07f0f70cc03485d0","name":"Hannah Eitel","image":{"@type":"ImageObject","inLanguage":"de","@id":"https:\/\/blog.zeit.de\/stoerungsmelder\/#\/schema\/person\/image\/","url":"https:\/\/secure.gravatar.com\/avatar\/86f16d660d543a0657bf560775a2759ac55a3ba12b2b554a062162dce9d1e9e3?s=96&d=mm&r=pg","contentUrl":"https:\/\/secure.gravatar.com\/avatar\/86f16d660d543a0657bf560775a2759ac55a3ba12b2b554a062162dce9d1e9e3?s=96&d=mm&r=pg","caption":"Hannah Eitel"},"url":"https:\/\/blog.zeit.de\/stoerungsmelder\/author\/hannaheitel"}]}},"jetpack_featured_media_url":"","jetpack_sharing_enabled":true,"_links":{"self":[{"href":"https:\/\/blog.zeit.de\/stoerungsmelder\/wp-json\/wp\/v2\/posts\/3351","targetHints":{"allow":["GET"]}}],"collection":[{"href":"https:\/\/blog.zeit.de\/stoerungsmelder\/wp-json\/wp\/v2\/posts"}],"about":[{"href":"https:\/\/blog.zeit.de\/stoerungsmelder\/wp-json\/wp\/v2\/types\/post"}],"author":[{"embeddable":true,"href":"https:\/\/blog.zeit.de\/stoerungsmelder\/wp-json\/wp\/v2\/users\/281"}],"replies":[{"embeddable":true,"href":"https:\/\/blog.zeit.de\/stoerungsmelder\/wp-json\/wp\/v2\/comments?post=3351"}],"version-history":[{"count":0,"href":"https:\/\/blog.zeit.de\/stoerungsmelder\/wp-json\/wp\/v2\/posts\/3351\/revisions"}],"wp:attachment":[{"href":"https:\/\/blog.zeit.de\/stoerungsmelder\/wp-json\/wp\/v2\/media?parent=3351"}],"wp:term":[{"taxonomy":"category","embeddable":true,"href":"https:\/\/blog.zeit.de\/stoerungsmelder\/wp-json\/wp\/v2\/categories?post=3351"},{"taxonomy":"post_tag","embeddable":true,"href":"https:\/\/blog.zeit.de\/stoerungsmelder\/wp-json\/wp\/v2\/tags?post=3351"}],"curies":[{"name":"wp","href":"https:\/\/api.w.org\/{rel}","templated":true}]}}