{"id":343,"date":"2008-07-03T17:04:40","date_gmt":"2008-07-03T16:04:40","guid":{"rendered":"http:\/\/blog.zeit.de\/stoerungsmelder\/2008\/07\/03\/holocaust-pop-so-what-spiesiger-moralreflex_343"},"modified":"2008-07-03T17:04:40","modified_gmt":"2008-07-03T16:04:40","slug":"holocaust-pop-so-what-spiesiger-moralreflex","status":"publish","type":"post","link":"https:\/\/blog.zeit.de\/stoerungsmelder\/2008\/07\/03\/holocaust-pop-so-what-spiesiger-moralreflex_343","title":{"rendered":"Holocaust-Pop &#8211; So what, spie\u00dfiger Moralreflex?!"},"content":{"rendered":"<p>Als im letzten Jahr \u201eMein F\u00fchrer\u201c in die Kinos kam, fand ich, dass der Film nicht besonders gut und deshalb eigentlich nicht der Rede wert war. Die beiden Hauptdarsteller waren toll. Aber die unwahrscheinliche Geschichte von einem j\u00fcdischen Schauspieler, der in den letzten Kriegsmonaten von Hitler aus dem KZ geholt und als Rhetorik-Coach verpflichtet wird, fand ich uninteressant. Die Umsetzung als halbgaren Tragiklamauk erst recht.<!--more--><\/p>\n<p>Trotzdem war \u201eMein F\u00fchrer\u201c dringend notwendig. Bereits vor 40 Jahren hatte der amerikanische Komiker Mel Brooks auf respektlosen Nazi-Witzen seine Karriere aufgebaut. Im deutschen Mainstream schien sowas eher undenkbar. Dank \u201eMein F\u00fchrer\u201c wurden nun endlich auch wir Deutschen in gro\u00dfen Stil gezwungen, dar\u00fcber zu diskutieren, in welcher Form wir uns an den Holocaust erinnern wollen. Darf man, kann man, will man Witze \u00fcber Hitler machen? Darf man, kann man, will man Kom\u00f6dien \u00fcber den Holocaust sehen? Wenn ja, wieso? Wenn nein, was dann?<\/p>\n<p>Leider empfand ich die \u00f6ffentliche Diskussion wie den Film: entt\u00e4uschend. In Erinnerung geblieben sind mir nur noch Bleiw\u00fcsten und Emp\u00f6rung. An (Zwischen-) Ergebnisse des gemeinsamen Streitens erinnere ich mich nicht mehr.<\/p>\n<p>Deshalb fand ich spannend, dass in der vergangenen Woche an der Universit\u00e4t Hamburg der Kongress \u201eThe Holocaust, Art and Taboo\u201c veranstaltet wurde. Deutsche und amerikanische K\u00fcnstler und Wissenschaftler wollten sich damit besch\u00e4ftigten, wie der Holocaust in Medien und Kultur dargestellt wird. In der Redaktion des <a href=\"http:\/\/zuender.zeit.de\/\">zuender<\/a> beschlossen wir, den Kongress als Aufh\u00e4nger daf\u00fcr zu nutzen, selbst etwas \u00fcber verschiedene Erinnerungsformen zu schreiben.<\/p>\n<p>Wir entschieden uns, einen Bericht vom Kongress zu ver\u00f6ffentlichen, zusammen mit einer Info-Galerie, die verschiedene Auseinandersetzungen mit dem Holocaust vorstellt. \u201eHolocaust-Pop\u201c rauschte daf\u00fcr als Arbeitstitel \u00fcber unseren b\u00fcrointernen E-Mail-Verteiler. Zugegeben: der Arbeitstitel war unbedacht. Aber warum auch nicht: unsere Artikel sollten junge Kunst, B\u00fccher, Filme, Comics und Musik behandeln \u2013 Popkultur eben. Popkultur, die sich mit dem Holocaust besch\u00e4ftigt.<\/p>\n<p>\u201eIch warne davor, den Begriff &#8222;Holocaust-Pop&#8220; zu benutzen\u201c, kam keine f\u00fcnf Minuten sp\u00e4ter die E-Mail eines Kollegen zur\u00fcck. \u201eDas ist eine schlimme Banalisierung. Nicht alles laesst sich verpoppen.\u201c<\/p>\n<p>Die klare Ansage \u00fcberraschte mich. Wir versuchten, unsere Meinungsverschiedenheit auszudiskutieren, erst per E-Mail, dann ein oder zweimal zwischen T\u00fcr und Angel. Die Fortf\u00fchrung unserer Diskussion haben wir bisher immer wieder auf das n\u00e4chste gemeinsame Bier vertagt.<\/p>\n<p>Doch seitdem besch\u00e4ftigt mich unsere Meinungsverschiedenheit. Grunds\u00e4tzlich bedeutet eine \u201eBesch\u00e4ftigung mit\u201c ja nicht eine \u201eBef\u00fcrwortung von\u201c. Unser Streit \u00fcber \u201eHolocaust-Pop\u201c drehte sich auch nicht um die Frage, ob und wie ernste Themen in Medienformaten zu thematisiert werden k\u00f6nnen, die bis dato eine popkulturelle oder triviale Nutzung erfuhren, zum Beispiel Comics, Computerspiele oder Kom\u00f6dien. Es ging ausschlie\u00dflich um das Wort.<\/p>\n<p>Ich verstehe und respektiere die Idee, sich darum zu bem\u00fchen, bestimmte Themen (oder auch: dieses eine spezielle Thema) schon sprachlich davor zu bewahren \u201everpoppt\u201c, verschlagwortet, beschleunigt und entleert zu werden. Erst ein bisschen industrielle Massenvernichtung an den europ\u00e4ischen Juden gucken, dann sch\u00f6n zu McDonald\u2019s \u2013 dass es darum nicht gehen kann, ist klar.<\/p>\n<p>Trotzdem empfinde ich den gut gemeinten Moralreflex als oberfl\u00e4chlich und unkonstruktiv. \u201eHolocaust-Pop\u201c, \u201eGenocide Pop\u201c, \u201eCamp Comedy\u201c und \u201eKZ-Kom\u00f6die\u201c \u2013 das sind ungewohnte und provozierende Wortpaarungen. Aber wieso sind sie als Genre-Bezeichnung weniger okay als, z.B., \u201eHolocaust-Literatur\u201c oder \u201eHolocaust-Drama\u201c?<\/p>\n<p>Provokationen aus Prinzip finde ich uninteressant. Provokationen als Denkansto\u00df finde ich dagegen ziemlich gut.Wenn man bei einem bestimmten Thema so viel Falsches sagen kann, dass man sich am Ende gar nicht mehr dr\u00fcber zu reden traut, dann haben wir alle verloren.<\/p>\n<p>Wie gesagt: Noch ist es nicht zum geplanten kollegialen Kaltgetr\u00e4nke-Verzehr und zur gro\u00dfen Aussprache gekommen. Doch bis es soweit ist, hielten wir es f\u00fcr eine gute Idee, unseren Streit hier zu ver\u00f6ffentlichen \u2013 und hoffentlich ein paar gute Argumente f\u00fcr die eine oder andere Seite zu sammeln. Ich freue mich auf eure Kommentare.<\/p>\n<p>PS: Die beiden Texte, deren Betitelung der Stein des Ansto\u00dfes waren, findet ihr im zuender. <a href=\"http:\/\/zuender.zeit.de\/2008\/25\/holocaust-schock-kunst\">Hier schreibt Antonia Bauer \u00fcber \u201eGenocide Pop\u201c.<\/a> Hier habe ich in einer <a href=\"http:\/\/php.diezuender.de\/gallery\/gallery.php?gid=282\">Bildergalerie <\/a>einige Beispiele f\u00fcr (kontroverse) Auseinandersetzungen mit dem Holocaust gesammelt \u2013 Romane, Comics und Kom\u00f6dien, die ich interessanter finde als \u201eMein F\u00fchrer\u201c. Bei der Betitelung haben wir dann \u00fcbrigens ganz pragmatisch entschieden: Wir wollten nicht das Risiko eingehen, dass Leser schon bei der \u00dcberschrift eine Aversion gegen unsere Texte entwickeln, sie gar nicht lesen und\/oder sofort emp\u00f6rte E-Mails schicken. Deswegen steht \u00fcber den einzelnen Seiten unserer Bildergalerie jetzt nicht \u201eHolocaust-Pop\u201c, sondern \u201eHolocaust und Kunst\u201c. Das ist unspektakul\u00e4rer und inhaltlich nicht falsch. Aber so richtig gl\u00fccklich bin ich damit trotzdem nicht.<\/p>\n","protected":false},"excerpt":{"rendered":"<p>Als im letzten Jahr \u201eMein F\u00fchrer\u201c in die Kinos kam, fand ich, dass der Film nicht besonders gut und deshalb eigentlich nicht der Rede wert war. Die beiden Hauptdarsteller waren toll. Aber die unwahrscheinliche Geschichte von einem j\u00fcdischen Schauspieler, der in den letzten Kriegsmonaten von Hitler aus dem KZ geholt und als Rhetorik-Coach verpflichtet wird, [&hellip;]<\/p>\n","protected":false},"author":229,"featured_media":0,"comment_status":"open","ping_status":"open","sticky":false,"template":"","format":"standard","meta":{"_jetpack_memberships_contains_paid_content":false,"footnotes":""},"categories":[1515],"tags":[1583,1606],"class_list":["post-343","post","type-post","status-publish","format-standard","hentry","category-bundesweit","tag-geschichte","tag-holocaust"],"yoast_head":"<!-- This site is optimized with the Yoast SEO plugin v21.0 - https:\/\/yoast.com\/wordpress\/plugins\/seo\/ -->\n<title>Holocaust-Pop - So what, spie\u00dfiger Moralreflex?! - St\u00f6rungsmelder<\/title>\n<meta name=\"robots\" content=\"index, follow, max-snippet:-1, max-image-preview:large, max-video-preview:-1\" \/>\n<link rel=\"canonical\" href=\"https:\/\/blog.zeit.de\/stoerungsmelder\/2008\/07\/03\/holocaust-pop-so-what-spiesiger-moralreflex_343\" \/>\n<meta property=\"og:locale\" content=\"de_DE\" \/>\n<meta property=\"og:type\" content=\"article\" \/>\n<meta property=\"og:title\" content=\"Holocaust-Pop - So what, spie\u00dfiger Moralreflex?! - St\u00f6rungsmelder\" \/>\n<meta property=\"og:description\" content=\"Als im letzten Jahr \u201eMein F\u00fchrer\u201c in die Kinos kam, fand ich, dass der Film nicht besonders gut und deshalb eigentlich nicht der Rede wert war. Die beiden Hauptdarsteller waren toll. Aber die unwahrscheinliche Geschichte von einem j\u00fcdischen Schauspieler, der in den letzten Kriegsmonaten von Hitler aus dem KZ geholt und als Rhetorik-Coach verpflichtet wird, [&hellip;]\" \/>\n<meta property=\"og:url\" content=\"https:\/\/blog.zeit.de\/stoerungsmelder\/2008\/07\/03\/holocaust-pop-so-what-spiesiger-moralreflex_343\" \/>\n<meta property=\"og:site_name\" content=\"St\u00f6rungsmelder\" \/>\n<meta property=\"article:published_time\" content=\"2008-07-03T16:04:40+00:00\" \/>\n<meta name=\"author\" content=\"St\u00f6rungsmelder\" \/>\n<meta name=\"twitter:card\" content=\"summary_large_image\" \/>\n<meta name=\"twitter:label1\" content=\"Geschrieben von\" \/>\n\t<meta name=\"twitter:data1\" content=\"St\u00f6rungsmelder\" \/>\n\t<meta name=\"twitter:label2\" content=\"Gesch\u00e4tzte Lesezeit\" \/>\n\t<meta name=\"twitter:data2\" content=\"4\u00a0Minuten\" \/>\n<script type=\"application\/ld+json\" class=\"yoast-schema-graph\">{\"@context\":\"https:\/\/schema.org\",\"@graph\":[{\"@type\":\"WebPage\",\"@id\":\"https:\/\/blog.zeit.de\/stoerungsmelder\/2008\/07\/03\/holocaust-pop-so-what-spiesiger-moralreflex_343\",\"url\":\"https:\/\/blog.zeit.de\/stoerungsmelder\/2008\/07\/03\/holocaust-pop-so-what-spiesiger-moralreflex_343\",\"name\":\"Holocaust-Pop - So what, spie\u00dfiger Moralreflex?! - St\u00f6rungsmelder\",\"isPartOf\":{\"@id\":\"https:\/\/blog.zeit.de\/stoerungsmelder\/#website\"},\"datePublished\":\"2008-07-03T16:04:40+00:00\",\"dateModified\":\"2008-07-03T16:04:40+00:00\",\"author\":{\"@id\":\"https:\/\/blog.zeit.de\/stoerungsmelder\/#\/schema\/person\/fdd0b9818f65738672810b6d6f037f71\"},\"breadcrumb\":{\"@id\":\"https:\/\/blog.zeit.de\/stoerungsmelder\/2008\/07\/03\/holocaust-pop-so-what-spiesiger-moralreflex_343#breadcrumb\"},\"inLanguage\":\"de\",\"potentialAction\":[{\"@type\":\"ReadAction\",\"target\":[\"https:\/\/blog.zeit.de\/stoerungsmelder\/2008\/07\/03\/holocaust-pop-so-what-spiesiger-moralreflex_343\"]}]},{\"@type\":\"BreadcrumbList\",\"@id\":\"https:\/\/blog.zeit.de\/stoerungsmelder\/2008\/07\/03\/holocaust-pop-so-what-spiesiger-moralreflex_343#breadcrumb\",\"itemListElement\":[{\"@type\":\"ListItem\",\"position\":1,\"name\":\"Startseite\",\"item\":\"https:\/\/blog.zeit.de\/stoerungsmelder\"},{\"@type\":\"ListItem\",\"position\":2,\"name\":\"Holocaust-Pop &#8211; So what, spie\u00dfiger Moralreflex?!\"}]},{\"@type\":\"WebSite\",\"@id\":\"https:\/\/blog.zeit.de\/stoerungsmelder\/#website\",\"url\":\"https:\/\/blog.zeit.de\/stoerungsmelder\/\",\"name\":\"St\u00f6rungsmelder\",\"description\":\"Recherchen und Analysen \u00fcber die extreme Rechte\",\"potentialAction\":[{\"@type\":\"SearchAction\",\"target\":{\"@type\":\"EntryPoint\",\"urlTemplate\":\"https:\/\/blog.zeit.de\/stoerungsmelder\/?s={search_term_string}\"},\"query-input\":\"required name=search_term_string\"}],\"inLanguage\":\"de\"},{\"@type\":\"Person\",\"@id\":\"https:\/\/blog.zeit.de\/stoerungsmelder\/#\/schema\/person\/fdd0b9818f65738672810b6d6f037f71\",\"name\":\"St\u00f6rungsmelder\",\"image\":{\"@type\":\"ImageObject\",\"inLanguage\":\"de\",\"@id\":\"https:\/\/blog.zeit.de\/stoerungsmelder\/#\/schema\/person\/image\/\",\"url\":\"https:\/\/secure.gravatar.com\/avatar\/dfa4be514c3e82a71e4f9a0020035d38192d080ccaa5e4e6d7a1472c763535c5?s=96&d=mm&r=pg\",\"contentUrl\":\"https:\/\/secure.gravatar.com\/avatar\/dfa4be514c3e82a71e4f9a0020035d38192d080ccaa5e4e6d7a1472c763535c5?s=96&d=mm&r=pg\",\"caption\":\"St\u00f6rungsmelder\"},\"url\":\"https:\/\/blog.zeit.de\/stoerungsmelder\/author\/stoerungsmelder\"}]}<\/script>\n<!-- \/ Yoast SEO plugin. -->","yoast_head_json":{"title":"Holocaust-Pop - So what, spie\u00dfiger Moralreflex?! - St\u00f6rungsmelder","robots":{"index":"index","follow":"follow","max-snippet":"max-snippet:-1","max-image-preview":"max-image-preview:large","max-video-preview":"max-video-preview:-1"},"canonical":"https:\/\/blog.zeit.de\/stoerungsmelder\/2008\/07\/03\/holocaust-pop-so-what-spiesiger-moralreflex_343","og_locale":"de_DE","og_type":"article","og_title":"Holocaust-Pop - So what, spie\u00dfiger Moralreflex?! - St\u00f6rungsmelder","og_description":"Als im letzten Jahr \u201eMein F\u00fchrer\u201c in die Kinos kam, fand ich, dass der Film nicht besonders gut und deshalb eigentlich nicht der Rede wert war. Die beiden Hauptdarsteller waren toll. Aber die unwahrscheinliche Geschichte von einem j\u00fcdischen Schauspieler, der in den letzten Kriegsmonaten von Hitler aus dem KZ geholt und als Rhetorik-Coach verpflichtet wird, [&hellip;]","og_url":"https:\/\/blog.zeit.de\/stoerungsmelder\/2008\/07\/03\/holocaust-pop-so-what-spiesiger-moralreflex_343","og_site_name":"St\u00f6rungsmelder","article_published_time":"2008-07-03T16:04:40+00:00","author":"St\u00f6rungsmelder","twitter_card":"summary_large_image","twitter_misc":{"Geschrieben von":"St\u00f6rungsmelder","Gesch\u00e4tzte Lesezeit":"4\u00a0Minuten"},"schema":{"@context":"https:\/\/schema.org","@graph":[{"@type":"WebPage","@id":"https:\/\/blog.zeit.de\/stoerungsmelder\/2008\/07\/03\/holocaust-pop-so-what-spiesiger-moralreflex_343","url":"https:\/\/blog.zeit.de\/stoerungsmelder\/2008\/07\/03\/holocaust-pop-so-what-spiesiger-moralreflex_343","name":"Holocaust-Pop - So what, spie\u00dfiger Moralreflex?! - St\u00f6rungsmelder","isPartOf":{"@id":"https:\/\/blog.zeit.de\/stoerungsmelder\/#website"},"datePublished":"2008-07-03T16:04:40+00:00","dateModified":"2008-07-03T16:04:40+00:00","author":{"@id":"https:\/\/blog.zeit.de\/stoerungsmelder\/#\/schema\/person\/fdd0b9818f65738672810b6d6f037f71"},"breadcrumb":{"@id":"https:\/\/blog.zeit.de\/stoerungsmelder\/2008\/07\/03\/holocaust-pop-so-what-spiesiger-moralreflex_343#breadcrumb"},"inLanguage":"de","potentialAction":[{"@type":"ReadAction","target":["https:\/\/blog.zeit.de\/stoerungsmelder\/2008\/07\/03\/holocaust-pop-so-what-spiesiger-moralreflex_343"]}]},{"@type":"BreadcrumbList","@id":"https:\/\/blog.zeit.de\/stoerungsmelder\/2008\/07\/03\/holocaust-pop-so-what-spiesiger-moralreflex_343#breadcrumb","itemListElement":[{"@type":"ListItem","position":1,"name":"Startseite","item":"https:\/\/blog.zeit.de\/stoerungsmelder"},{"@type":"ListItem","position":2,"name":"Holocaust-Pop &#8211; So what, spie\u00dfiger Moralreflex?!"}]},{"@type":"WebSite","@id":"https:\/\/blog.zeit.de\/stoerungsmelder\/#website","url":"https:\/\/blog.zeit.de\/stoerungsmelder\/","name":"St\u00f6rungsmelder","description":"Recherchen und Analysen \u00fcber die extreme Rechte","potentialAction":[{"@type":"SearchAction","target":{"@type":"EntryPoint","urlTemplate":"https:\/\/blog.zeit.de\/stoerungsmelder\/?s={search_term_string}"},"query-input":"required name=search_term_string"}],"inLanguage":"de"},{"@type":"Person","@id":"https:\/\/blog.zeit.de\/stoerungsmelder\/#\/schema\/person\/fdd0b9818f65738672810b6d6f037f71","name":"St\u00f6rungsmelder","image":{"@type":"ImageObject","inLanguage":"de","@id":"https:\/\/blog.zeit.de\/stoerungsmelder\/#\/schema\/person\/image\/","url":"https:\/\/secure.gravatar.com\/avatar\/dfa4be514c3e82a71e4f9a0020035d38192d080ccaa5e4e6d7a1472c763535c5?s=96&d=mm&r=pg","contentUrl":"https:\/\/secure.gravatar.com\/avatar\/dfa4be514c3e82a71e4f9a0020035d38192d080ccaa5e4e6d7a1472c763535c5?s=96&d=mm&r=pg","caption":"St\u00f6rungsmelder"},"url":"https:\/\/blog.zeit.de\/stoerungsmelder\/author\/stoerungsmelder"}]}},"jetpack_featured_media_url":"","jetpack_sharing_enabled":true,"_links":{"self":[{"href":"https:\/\/blog.zeit.de\/stoerungsmelder\/wp-json\/wp\/v2\/posts\/343","targetHints":{"allow":["GET"]}}],"collection":[{"href":"https:\/\/blog.zeit.de\/stoerungsmelder\/wp-json\/wp\/v2\/posts"}],"about":[{"href":"https:\/\/blog.zeit.de\/stoerungsmelder\/wp-json\/wp\/v2\/types\/post"}],"author":[{"embeddable":true,"href":"https:\/\/blog.zeit.de\/stoerungsmelder\/wp-json\/wp\/v2\/users\/229"}],"replies":[{"embeddable":true,"href":"https:\/\/blog.zeit.de\/stoerungsmelder\/wp-json\/wp\/v2\/comments?post=343"}],"version-history":[{"count":0,"href":"https:\/\/blog.zeit.de\/stoerungsmelder\/wp-json\/wp\/v2\/posts\/343\/revisions"}],"wp:attachment":[{"href":"https:\/\/blog.zeit.de\/stoerungsmelder\/wp-json\/wp\/v2\/media?parent=343"}],"wp:term":[{"taxonomy":"category","embeddable":true,"href":"https:\/\/blog.zeit.de\/stoerungsmelder\/wp-json\/wp\/v2\/categories?post=343"},{"taxonomy":"post_tag","embeddable":true,"href":"https:\/\/blog.zeit.de\/stoerungsmelder\/wp-json\/wp\/v2\/tags?post=343"}],"curies":[{"name":"wp","href":"https:\/\/api.w.org\/{rel}","templated":true}]}}