{"id":356,"date":"2008-07-18T01:26:13","date_gmt":"2008-07-18T00:26:13","guid":{"rendered":"http:\/\/blog.zeit.de\/stoerungsmelder\/2008\/07\/18\/noch-einmal-mugeln-bewahrungsstrafe-fur-radelsfuhrer_356"},"modified":"2008-07-18T01:26:13","modified_gmt":"2008-07-18T00:26:13","slug":"noch-einmal-mugeln-bewahrungsstrafe-fur-radelsfuhrer","status":"publish","type":"post","link":"https:\/\/blog.zeit.de\/stoerungsmelder\/2008\/07\/18\/noch-einmal-mugeln-bewahrungsstrafe-fur-radelsfuhrer_356","title":{"rendered":"Noch einmal M\u00fcgeln: Bew\u00e4hrungsstrafe f\u00fcr &#8222;R\u00e4delsf\u00fchrer&#8220;"},"content":{"rendered":"<p>Einer der R\u00e4delsf\u00fchrer <a href=\"http:\/\/npd-blog.info\/wp-admin\/Volksfest%20in%20Sachsen%20mit%20Hetzjagd%20auf%20Inder\">der fremdenfeindlichen Ausschreitungen im s\u00e4chsischen M\u00fcgeln im Sommer 2007<\/a> muss nun doch nicht hinter Gitter. Rund elf Monate nach der Tat setzte das Landgericht Leipzig laut Medienberichten die achtmonatige Gef\u00e4ngnisstrafe gegen den jungen Mann zur Bew\u00e4hrung aus. Die Bew\u00e4hrungszeit betr\u00e4gt drei Jahre. <a href=\"http:\/\/npd-blog.info\/?p=1240\">Der Mann war im Dezember wegen Volksverhetzung und Sachbesch\u00e4digung verurteilt worden.<\/a> Dagegen legte der 23-J\u00e4hrige, der nicht vorbestraft war, Berufung ein. Bei der Attacke waren alle acht Inder, vier Polizisten und zwei Angreifer verletzt worden.<\/p>\n<p><strong>FDP-B\u00fcrgermeister beklagte sich in der JF<\/strong><\/p>\n<p>Nach den Attacken hatte vor allem B\u00fcrgermeister Deuse (FDP) f\u00fcr Aufsehen gesorgt. <!--more-->Unter anderem hatte er der neurechten Jungen Freiheit ein Interview gegeben. Dort traf er dann offenbar endlich auf sehr verst\u00e4ndnisvolle Gespr\u00e4chspartner, die ihm seine Verharmlosungen gerne durchgehen lie\u00dfen &#8211; und keine unangenehmen Fragen stellten. So passt die JF gleich steil auf rechts au\u00dfen: Wieso spricht dann der ehemalige Regierungssprecher und Vorsitzende des Vereins \u201eGesicht zeigen!\u201c, Uwe-Karsten Heye, mit Blick auf M\u00fcgeln von Meidezonen f\u00fcr Ausl\u00e4nder, sogenannten \u201eno-go areas\u201c, in den neuen Bundesl\u00e4ndern? Deuse versenkt diese Vorlage ansatzlos: Ich wei\u00df nicht, ob es solche Zonen \u00fcberhaupt gibt, mir zumindest sind keine bekannt. Und weiter gehts in dem munteren Spielchen: Sachsens Innenminister Albrecht Buttolo wiederum wirft Ihnen vor, da\u00df Sie Rechtsextremismus als Ursache f\u00fcr den Vorfall ausgeschlossen haben. Deuse: Ja, ich sage klipp und klar: Rechtsextremismus schlie\u00dfe ich aus. Denn es besteht ein Unterschied zwischen ausl\u00e4nderfeindlichen Parolen von Betroffenen und Rechtsextremismus.<\/p>\n<p>&#8222;Ausl\u00e4nderfeindliche Parolen von Betroffenen&#8220; &#8211; man muss es sich auf der Zunge zergehen lassen. Kein Wunder, dass Deuse offenbar findet, jedem k\u00f6nne mal ein `Ausl\u00e4nder raus!` rausrutschen. Und dann kommt selbstverst\u00e4ndlich noch die M\u00e4r vom armen kleinen Deutschen, der seinen Nationalstolz nicht ausleben darf &#8211; von wem auch immer unterdr\u00fcckt, man erf\u00e4hrt es leider nie. Aber dieses Thema darf nicht fehlen, besonders nicht, wenn es um rassistische Gewalt geht. Frage: <em>Sie haben einen der verletzten Inder im Krankenhaus besucht. <\/em>Deuse: <em>Und ihm einen Blumenstrau\u00df gebracht. <\/em>Frage: <em>Haben Sie auch die deutschen Opfer besucht? <\/em>Deuse: <em>Die waren da schon wieder entlassen. Sonst h\u00e4tte ich das selbstverst\u00e4ndlich auch getan. Aber ich verstehe, was Sie meinen. Ich kann diese Verklemmung bei uns Deutschen selbst nicht verstehen. Ich bin Jahrgang 1948 und habe mit dem braunen Terror von damals nichts zu tun, und deshalb frage ich mich: Warum k\u00f6nnen wir Deutsche eigentlich nicht \u2013 so wie das doch 2006 zur WM sehr sch\u00f6n gelungen ist \u2013 unverkrampft zu uns selbst stehen? Warum d\u00fcrfen nicht auch wir mal unseren Nationalstolz zeigen?<\/em> <em>Ich zum Beispiel bin stolz darauf, Deutscher zu sein`.<\/em><\/p>\n<p><a href=\"http:\/\/npd-blog.info\/?p=1240\"><font color=\"#d9560f\">Die NPD hatte nat\u00fcrlich auch ihren Senf dazugegeben und sich nicht entbl\u00f6det, einen Brief an den indischen Pr\u00e4sidenten Singh zu schreiben.<\/font><\/a>\u00a0NPD-Fraktionschef Holger Apfel schrieb: die Stadt M\u00fcgeln habe keinen Grund sich zu entschuldigen, die Hetzjagd sei keine Hetzjagd gewesen und die Inder h\u00e4tten die Auseinandersetzung begonnen, usw.usf.<\/p>\n<p><strong>Ein kleines Gedankenspiel\u2026<\/strong><\/p>\n<p>Nun ist das nat\u00fcrlich an sich schon ziemlich absurd, da die Ermittlungsergebnisse und Bilder sowie Zeugenaussagen gegenteiliges belegen. Doch unabh\u00e4ngig davon hat Singh wahrscheinlich auch deutlich besseres zu tun, solche Briefe zu lesen &#8211; geschweige denn darauf zu reagieren. Doch aus Spa\u00df an der Freude stelle man sich nur einmal folgendes vor:\u00a0<\/p>\n<p>Mehrere Deutsche werden bei einer Art Stammesfeier in einer kleinen Unruheprovinz eines fernen Landes von durch Drogen unzurechnungsf\u00e4hige Eingeborene geschlagen und gejagt &#8211; und dann meldet sich vollkommen ungefragt der \u00f6rtliche Anf\u00fchrer einer Extremisten-Gruppe zu Wort und schreibt seine verquere Sicht der Dinge an Bundeskanzlerin Merkel.<\/p>\n<p>Da ja Rechtsextremisten sehr gerne relativieren, soll dies in diesem Zusammenhang auch mal geschehen. So schreibt die NPD in der zum Brief geh\u00f6renden Pressemitteilung, Apfel sei durch 190.000 s\u00e4chsische W\u00e4hler legitimiert. Schon toll. Aber wenig beeindruckend im Vergleich zu Singh &#8211; der repr\u00e4sentiert n\u00e4mlich die gr\u00f6\u00dfte Demokratie der Welt mit <a href=\"https:\/\/www.cia.gov\/library\/publications\/the-world-factbook\/geos\/in.html#People\" title=\"CIA-Worldfactbook\"><font color=\"#d9560f\">mehr als 1,2 Milliarden Einwohnern<\/font><\/a>. Was sagt das aus? Eigentlich nichts. Aber so absurd wird ja gerne mal &#8222;argumentiert&#8220;.<\/p>\n<p>Siehe auch: <a rel=\"bookmark\" href=\"http:\/\/npd-blog.info\/?p=1033\" title=\"`Wir brauchen Unruhe in Ostdeutschland!`\">Heitmeyer: `Wir brauchen Unruhe in Ostdeutschland!`<\/a>, <a rel=\"bookmark\" href=\"http:\/\/npd-blog.info\/?p=1434\" title=\"Permanent Link to M\u00fcgeln: Ein B\u00fcrgermeister geht seinen Weg\">M\u00fcgeln: Ein B\u00fcrgermeister geht seinen Weg<\/a>, <a rel=\"bookmark\" href=\"http:\/\/npd-blog.info\/?p=1258\" title=\"Ein recht direktes V\u00f6lkchen?\">Buchtipp: Ein recht direktes V\u00f6lkchen?<\/a>, <a rel=\"bookmark\" href=\"http:\/\/npd-blog.info\/?p=1059\" title=\"Permanent Link to M\u00fcgeln: Arme kleine Deutsche\">M\u00fcgeln: Arme kleine Deutsche<\/a>, <a rel=\"bookmark\" href=\"http:\/\/npd-blog.info\/?p=1044\" title=\"Gestiegenes Interesse an deutschen Zust\u00e4nden\">Indien: Gestiegenes Interesse an deutschen Zust\u00e4nden<\/a>, <a rel=\"bookmark\" href=\"http:\/\/npd-blog.info\/?p=1035\" title=\"Debatte \u00fcber feindliche Einstellungen bei B\u00fcgerlichen abgew\u00fcrgt\">Chance vertan: Debatte \u00fcber feindliche Einstellungen bei B\u00fcgerlichen abgew\u00fcrgt<\/a>, <a rel=\"bookmark\" href=\"http:\/\/npd-blog.info\/?p=1023\" title=\"Permanent Link to Volksfest in Sachsen mit Hetzjagd auf Inder\">Volksfest in Sachsen mit Hetzjagd auf Inder<\/a><\/p>\n<p><a href=\"http:\/\/npd-blog.info\/index.php?s=m%C3%BCgeln\"><font color=\"#d9560f\">NPD-BLOG.INFO \u00fcber M\u00fcgeln.<\/font><\/a><\/p>\n","protected":false},"excerpt":{"rendered":"<p>Einer der R\u00e4delsf\u00fchrer der fremdenfeindlichen Ausschreitungen im s\u00e4chsischen M\u00fcgeln im Sommer 2007 muss nun doch nicht hinter Gitter. Rund elf Monate nach der Tat setzte das Landgericht Leipzig laut Medienberichten die achtmonatige Gef\u00e4ngnisstrafe gegen den jungen Mann zur Bew\u00e4hrung aus. Die Bew\u00e4hrungszeit betr\u00e4gt drei Jahre. Der Mann war im Dezember wegen Volksverhetzung und Sachbesch\u00e4digung verurteilt [&hellip;]<\/p>\n","protected":false},"author":227,"featured_media":0,"comment_status":"open","ping_status":"open","sticky":false,"template":"","format":"standard","meta":{"_jetpack_memberships_contains_paid_content":false,"footnotes":""},"categories":[1456],"tags":[],"class_list":["post-356","post","type-post","status-publish","format-standard","hentry","category-sachsen"],"yoast_head":"<!-- This site is optimized with the Yoast SEO plugin v21.0 - https:\/\/yoast.com\/wordpress\/plugins\/seo\/ -->\n<title>Noch einmal M\u00fcgeln: Bew\u00e4hrungsstrafe f\u00fcr &quot;R\u00e4delsf\u00fchrer&quot; - St\u00f6rungsmelder<\/title>\n<meta name=\"robots\" content=\"index, follow, max-snippet:-1, max-image-preview:large, max-video-preview:-1\" \/>\n<link rel=\"canonical\" href=\"https:\/\/blog.zeit.de\/stoerungsmelder\/2008\/07\/18\/noch-einmal-mugeln-bewahrungsstrafe-fur-radelsfuhrer_356\" \/>\n<meta property=\"og:locale\" content=\"de_DE\" \/>\n<meta property=\"og:type\" content=\"article\" \/>\n<meta property=\"og:title\" content=\"Noch einmal M\u00fcgeln: Bew\u00e4hrungsstrafe f\u00fcr &quot;R\u00e4delsf\u00fchrer&quot; - St\u00f6rungsmelder\" \/>\n<meta property=\"og:description\" content=\"Einer der R\u00e4delsf\u00fchrer der fremdenfeindlichen Ausschreitungen im s\u00e4chsischen M\u00fcgeln im Sommer 2007 muss nun doch nicht hinter Gitter. Rund elf Monate nach der Tat setzte das Landgericht Leipzig laut Medienberichten die achtmonatige Gef\u00e4ngnisstrafe gegen den jungen Mann zur Bew\u00e4hrung aus. Die Bew\u00e4hrungszeit betr\u00e4gt drei Jahre. Der Mann war im Dezember wegen Volksverhetzung und Sachbesch\u00e4digung verurteilt [&hellip;]\" \/>\n<meta property=\"og:url\" content=\"https:\/\/blog.zeit.de\/stoerungsmelder\/2008\/07\/18\/noch-einmal-mugeln-bewahrungsstrafe-fur-radelsfuhrer_356\" \/>\n<meta property=\"og:site_name\" content=\"St\u00f6rungsmelder\" \/>\n<meta property=\"article:published_time\" content=\"2008-07-18T00:26:13+00:00\" \/>\n<meta name=\"author\" content=\"Patrick Gensing\" \/>\n<meta name=\"twitter:card\" content=\"summary_large_image\" \/>\n<meta name=\"twitter:label1\" content=\"Geschrieben von\" \/>\n\t<meta name=\"twitter:data1\" content=\"Patrick Gensing\" \/>\n\t<meta name=\"twitter:label2\" content=\"Gesch\u00e4tzte Lesezeit\" \/>\n\t<meta name=\"twitter:data2\" content=\"4\u00a0Minuten\" \/>\n<script type=\"application\/ld+json\" class=\"yoast-schema-graph\">{\"@context\":\"https:\/\/schema.org\",\"@graph\":[{\"@type\":\"WebPage\",\"@id\":\"https:\/\/blog.zeit.de\/stoerungsmelder\/2008\/07\/18\/noch-einmal-mugeln-bewahrungsstrafe-fur-radelsfuhrer_356\",\"url\":\"https:\/\/blog.zeit.de\/stoerungsmelder\/2008\/07\/18\/noch-einmal-mugeln-bewahrungsstrafe-fur-radelsfuhrer_356\",\"name\":\"Noch einmal M\u00fcgeln: Bew\u00e4hrungsstrafe f\u00fcr \\\"R\u00e4delsf\u00fchrer\\\" - St\u00f6rungsmelder\",\"isPartOf\":{\"@id\":\"https:\/\/blog.zeit.de\/stoerungsmelder\/#website\"},\"datePublished\":\"2008-07-18T00:26:13+00:00\",\"dateModified\":\"2008-07-18T00:26:13+00:00\",\"author\":{\"@id\":\"https:\/\/blog.zeit.de\/stoerungsmelder\/#\/schema\/person\/1898e9a6d47b4737da2c4fca74a10552\"},\"breadcrumb\":{\"@id\":\"https:\/\/blog.zeit.de\/stoerungsmelder\/2008\/07\/18\/noch-einmal-mugeln-bewahrungsstrafe-fur-radelsfuhrer_356#breadcrumb\"},\"inLanguage\":\"de\",\"potentialAction\":[{\"@type\":\"ReadAction\",\"target\":[\"https:\/\/blog.zeit.de\/stoerungsmelder\/2008\/07\/18\/noch-einmal-mugeln-bewahrungsstrafe-fur-radelsfuhrer_356\"]}]},{\"@type\":\"BreadcrumbList\",\"@id\":\"https:\/\/blog.zeit.de\/stoerungsmelder\/2008\/07\/18\/noch-einmal-mugeln-bewahrungsstrafe-fur-radelsfuhrer_356#breadcrumb\",\"itemListElement\":[{\"@type\":\"ListItem\",\"position\":1,\"name\":\"Startseite\",\"item\":\"https:\/\/blog.zeit.de\/stoerungsmelder\"},{\"@type\":\"ListItem\",\"position\":2,\"name\":\"Noch einmal M\u00fcgeln: Bew\u00e4hrungsstrafe f\u00fcr &#8222;R\u00e4delsf\u00fchrer&#8220;\"}]},{\"@type\":\"WebSite\",\"@id\":\"https:\/\/blog.zeit.de\/stoerungsmelder\/#website\",\"url\":\"https:\/\/blog.zeit.de\/stoerungsmelder\/\",\"name\":\"St\u00f6rungsmelder\",\"description\":\"Recherchen und Analysen \u00fcber die extreme Rechte\",\"potentialAction\":[{\"@type\":\"SearchAction\",\"target\":{\"@type\":\"EntryPoint\",\"urlTemplate\":\"https:\/\/blog.zeit.de\/stoerungsmelder\/?s={search_term_string}\"},\"query-input\":\"required name=search_term_string\"}],\"inLanguage\":\"de\"},{\"@type\":\"Person\",\"@id\":\"https:\/\/blog.zeit.de\/stoerungsmelder\/#\/schema\/person\/1898e9a6d47b4737da2c4fca74a10552\",\"name\":\"Patrick Gensing\",\"image\":{\"@type\":\"ImageObject\",\"inLanguage\":\"de\",\"@id\":\"https:\/\/blog.zeit.de\/stoerungsmelder\/#\/schema\/person\/image\/\",\"url\":\"https:\/\/secure.gravatar.com\/avatar\/a7a6fc628ed4dd7517525b944e2a8b13f64804f428d399d781f8dd0c4651643a?s=96&d=mm&r=pg\",\"contentUrl\":\"https:\/\/secure.gravatar.com\/avatar\/a7a6fc628ed4dd7517525b944e2a8b13f64804f428d399d781f8dd0c4651643a?s=96&d=mm&r=pg\",\"caption\":\"Patrick Gensing\"},\"description\":\"Journalist, Blogger, Buchautor - Patrick Gensing besch\u00e4ftigt sich seit seiner Jugend Ende der 1980er Jahre mit den Themen Neonazis, Rassismus und Antisemitismus. Seit rund zehn Jahren schreibt er als Journalist \u00fcber diese Themen, unter anderem bei tagesschau.de, bei Zeit-Online, in der taz - oder in dem Buch \\\"Terror von rechts\\\", das am 14. September 2012 erscheint.\",\"sameAs\":[\"http:\/\/publikative.org\"],\"url\":\"https:\/\/blog.zeit.de\/stoerungsmelder\/author\/patrick-gensing\"}]}<\/script>\n<!-- \/ Yoast SEO plugin. -->","yoast_head_json":{"title":"Noch einmal M\u00fcgeln: Bew\u00e4hrungsstrafe f\u00fcr \"R\u00e4delsf\u00fchrer\" - St\u00f6rungsmelder","robots":{"index":"index","follow":"follow","max-snippet":"max-snippet:-1","max-image-preview":"max-image-preview:large","max-video-preview":"max-video-preview:-1"},"canonical":"https:\/\/blog.zeit.de\/stoerungsmelder\/2008\/07\/18\/noch-einmal-mugeln-bewahrungsstrafe-fur-radelsfuhrer_356","og_locale":"de_DE","og_type":"article","og_title":"Noch einmal M\u00fcgeln: Bew\u00e4hrungsstrafe f\u00fcr \"R\u00e4delsf\u00fchrer\" - St\u00f6rungsmelder","og_description":"Einer der R\u00e4delsf\u00fchrer der fremdenfeindlichen Ausschreitungen im s\u00e4chsischen M\u00fcgeln im Sommer 2007 muss nun doch nicht hinter Gitter. Rund elf Monate nach der Tat setzte das Landgericht Leipzig laut Medienberichten die achtmonatige Gef\u00e4ngnisstrafe gegen den jungen Mann zur Bew\u00e4hrung aus. Die Bew\u00e4hrungszeit betr\u00e4gt drei Jahre. Der Mann war im Dezember wegen Volksverhetzung und Sachbesch\u00e4digung verurteilt [&hellip;]","og_url":"https:\/\/blog.zeit.de\/stoerungsmelder\/2008\/07\/18\/noch-einmal-mugeln-bewahrungsstrafe-fur-radelsfuhrer_356","og_site_name":"St\u00f6rungsmelder","article_published_time":"2008-07-18T00:26:13+00:00","author":"Patrick Gensing","twitter_card":"summary_large_image","twitter_misc":{"Geschrieben von":"Patrick Gensing","Gesch\u00e4tzte Lesezeit":"4\u00a0Minuten"},"schema":{"@context":"https:\/\/schema.org","@graph":[{"@type":"WebPage","@id":"https:\/\/blog.zeit.de\/stoerungsmelder\/2008\/07\/18\/noch-einmal-mugeln-bewahrungsstrafe-fur-radelsfuhrer_356","url":"https:\/\/blog.zeit.de\/stoerungsmelder\/2008\/07\/18\/noch-einmal-mugeln-bewahrungsstrafe-fur-radelsfuhrer_356","name":"Noch einmal M\u00fcgeln: Bew\u00e4hrungsstrafe f\u00fcr \"R\u00e4delsf\u00fchrer\" - St\u00f6rungsmelder","isPartOf":{"@id":"https:\/\/blog.zeit.de\/stoerungsmelder\/#website"},"datePublished":"2008-07-18T00:26:13+00:00","dateModified":"2008-07-18T00:26:13+00:00","author":{"@id":"https:\/\/blog.zeit.de\/stoerungsmelder\/#\/schema\/person\/1898e9a6d47b4737da2c4fca74a10552"},"breadcrumb":{"@id":"https:\/\/blog.zeit.de\/stoerungsmelder\/2008\/07\/18\/noch-einmal-mugeln-bewahrungsstrafe-fur-radelsfuhrer_356#breadcrumb"},"inLanguage":"de","potentialAction":[{"@type":"ReadAction","target":["https:\/\/blog.zeit.de\/stoerungsmelder\/2008\/07\/18\/noch-einmal-mugeln-bewahrungsstrafe-fur-radelsfuhrer_356"]}]},{"@type":"BreadcrumbList","@id":"https:\/\/blog.zeit.de\/stoerungsmelder\/2008\/07\/18\/noch-einmal-mugeln-bewahrungsstrafe-fur-radelsfuhrer_356#breadcrumb","itemListElement":[{"@type":"ListItem","position":1,"name":"Startseite","item":"https:\/\/blog.zeit.de\/stoerungsmelder"},{"@type":"ListItem","position":2,"name":"Noch einmal M\u00fcgeln: Bew\u00e4hrungsstrafe f\u00fcr &#8222;R\u00e4delsf\u00fchrer&#8220;"}]},{"@type":"WebSite","@id":"https:\/\/blog.zeit.de\/stoerungsmelder\/#website","url":"https:\/\/blog.zeit.de\/stoerungsmelder\/","name":"St\u00f6rungsmelder","description":"Recherchen und Analysen \u00fcber die extreme Rechte","potentialAction":[{"@type":"SearchAction","target":{"@type":"EntryPoint","urlTemplate":"https:\/\/blog.zeit.de\/stoerungsmelder\/?s={search_term_string}"},"query-input":"required name=search_term_string"}],"inLanguage":"de"},{"@type":"Person","@id":"https:\/\/blog.zeit.de\/stoerungsmelder\/#\/schema\/person\/1898e9a6d47b4737da2c4fca74a10552","name":"Patrick Gensing","image":{"@type":"ImageObject","inLanguage":"de","@id":"https:\/\/blog.zeit.de\/stoerungsmelder\/#\/schema\/person\/image\/","url":"https:\/\/secure.gravatar.com\/avatar\/a7a6fc628ed4dd7517525b944e2a8b13f64804f428d399d781f8dd0c4651643a?s=96&d=mm&r=pg","contentUrl":"https:\/\/secure.gravatar.com\/avatar\/a7a6fc628ed4dd7517525b944e2a8b13f64804f428d399d781f8dd0c4651643a?s=96&d=mm&r=pg","caption":"Patrick Gensing"},"description":"Journalist, Blogger, Buchautor - Patrick Gensing besch\u00e4ftigt sich seit seiner Jugend Ende der 1980er Jahre mit den Themen Neonazis, Rassismus und Antisemitismus. Seit rund zehn Jahren schreibt er als Journalist \u00fcber diese Themen, unter anderem bei tagesschau.de, bei Zeit-Online, in der taz - oder in dem Buch \"Terror von rechts\", das am 14. September 2012 erscheint.","sameAs":["http:\/\/publikative.org"],"url":"https:\/\/blog.zeit.de\/stoerungsmelder\/author\/patrick-gensing"}]}},"jetpack_featured_media_url":"","jetpack_sharing_enabled":true,"_links":{"self":[{"href":"https:\/\/blog.zeit.de\/stoerungsmelder\/wp-json\/wp\/v2\/posts\/356","targetHints":{"allow":["GET"]}}],"collection":[{"href":"https:\/\/blog.zeit.de\/stoerungsmelder\/wp-json\/wp\/v2\/posts"}],"about":[{"href":"https:\/\/blog.zeit.de\/stoerungsmelder\/wp-json\/wp\/v2\/types\/post"}],"author":[{"embeddable":true,"href":"https:\/\/blog.zeit.de\/stoerungsmelder\/wp-json\/wp\/v2\/users\/227"}],"replies":[{"embeddable":true,"href":"https:\/\/blog.zeit.de\/stoerungsmelder\/wp-json\/wp\/v2\/comments?post=356"}],"version-history":[{"count":0,"href":"https:\/\/blog.zeit.de\/stoerungsmelder\/wp-json\/wp\/v2\/posts\/356\/revisions"}],"wp:attachment":[{"href":"https:\/\/blog.zeit.de\/stoerungsmelder\/wp-json\/wp\/v2\/media?parent=356"}],"wp:term":[{"taxonomy":"category","embeddable":true,"href":"https:\/\/blog.zeit.de\/stoerungsmelder\/wp-json\/wp\/v2\/categories?post=356"},{"taxonomy":"post_tag","embeddable":true,"href":"https:\/\/blog.zeit.de\/stoerungsmelder\/wp-json\/wp\/v2\/tags?post=356"}],"curies":[{"name":"wp","href":"https:\/\/api.w.org\/{rel}","templated":true}]}}