{"id":3585,"date":"2010-06-05T16:42:34","date_gmt":"2010-06-05T14:42:34","guid":{"rendered":"http:\/\/blog.zeit.de\/stoerungsmelder\/?p=3585"},"modified":"2010-06-05T16:42:34","modified_gmt":"2010-06-05T14:42:34","slug":"npd-und-dvu-planen-offenbar-zusammenschluss","status":"publish","type":"post","link":"https:\/\/blog.zeit.de\/stoerungsmelder\/2010\/06\/05\/npd-und-dvu-planen-offenbar-zusammenschluss_3585","title":{"rendered":"NPD und DVU planen offenbar Zusammenschluss"},"content":{"rendered":"<p><figure id=\"attachment_1375\" aria-describedby=\"caption-attachment-1375\" style=\"width: 410px\" class=\"wp-caption aligncenter\"><a href=\"https:\/\/blog.zeit.de\/stoerungsmelder\/files\/2009\/09\/npd-artikel-410.jpg\"><img loading=\"lazy\" decoding=\"async\" class=\"size-full wp-image-1375\" title=\"npd-artikel-410\" src=\"https:\/\/blog.zeit.de\/stoerungsmelder\/files\/2009\/09\/npd-artikel-410.jpg\" alt=\"\" width=\"410\" height=\"250\" srcset=\"https:\/\/blog.zeit.de\/stoerungsmelder\/files\/2009\/09\/npd-artikel-410.jpg 410w, https:\/\/blog.zeit.de\/stoerungsmelder\/files\/2009\/09\/npd-artikel-410-300x182.jpg 300w\" sizes=\"auto, (max-width: 410px) 100vw, 410px\" \/><\/a><figcaption id=\"caption-attachment-1375\" class=\"wp-caption-text\">NPD bald vereinigt mit der schw\u00e4chelnden DVU?  \u00a9 dpa<\/figcaption><\/figure><\/p>\n<p>Nach Informationen des Tagesspiegels sollen in den beiden rechtsextremen Parteien NPD und DVU Mitgliederbefragungen mit dem Ziel einer Fusion stattfinden. Dies wurde am Rande des Programmparteitags der NPD in Bamberg bekannt.<!--more--><\/p>\n<p><em>Von <a href=\"http:\/\/www.tagesspiegel.de\/politik\/npd-und-dvu-planen-offenbar-zusammenschluss\/1851660.html\">Tagesspiegel<\/a>-Autor Frank Jansen<\/em><\/p>\n<p>Mit einem Zusammenschluss entst\u00fcnde eine relativ gro\u00dfe rechtsextreme Partei. Die NPD hat nach Erkenntnissen von Verfassungssch\u00fctzern etwa 6800 Mitglieder, bei der DVU sind es nur noch 4500. Die Fusion scheint f\u00fcr die F\u00fchrung der DVU der letzte Ausweg aus der Krise der Partei zu sein, f\u00fcr die allerdings die NPD mitverantwortlich ist.<\/p>\n<p>Die NPD hatte vor einem Jahr den Anfang 2005 mit der DVU beschlossenen &#8222;Deutschlandpakt&#8220; gebrochen. Die NPD trat dann im September bei der Landtagswahl in Brandenburg an und trug mit zu der schweren und entscheidenden Niederlage der DVU bei. Die DVU blieb bei der Wahl deutlich unter f\u00fcnf Prozent und flog dann nach zwei Legislaturperioden aus dem Potsdamer Landtag. Von diesem Desaster hat sich die DVU bis heute nicht erholt.<\/p>\n<p>Die F\u00fchrung der Partei unter Matthias Faust sieht offenbar auch keine Chance mehr auf eine eigenst\u00e4ndige, halbwegs erfolgreiche Existenz der DVU im Schatten des deutlich agileren Konkurrenten NPD. Ein Indiz daf\u00fcr, dass die DVU aufgeben k\u00f6nnte, gab es bereits im April. Da erkl\u00e4rte der DVU-Landesverband Sachsen-Anhalt f\u00fcr die Landtagswahl im kommenden Jahr den Verzicht auf einen Antritt zugunsten der NPD.<\/p>\n<p>Einzelheiten zur geplanten Fusion wollen die beiden Parteichefs Udo Voigt (NPD) und Matthias Faust am Mittag bei einer Pressekonferenz in Bamberg vor Beginn des Parteitags bekannt geben.<\/p>\n","protected":false},"excerpt":{"rendered":"<p>Nach Informationen des Tagesspiegels sollen in den beiden rechtsextremen Parteien NPD und DVU Mitgliederbefragungen mit dem Ziel einer Fusion stattfinden. Dies wurde am Rande des Programmparteitags der NPD in Bamberg bekannt.<\/p>\n","protected":false},"author":229,"featured_media":0,"comment_status":"open","ping_status":"open","sticky":false,"template":"","format":"standard","meta":{"_jetpack_memberships_contains_paid_content":false,"footnotes":""},"categories":[1515],"tags":[],"class_list":["post-3585","post","type-post","status-publish","format-standard","hentry","category-bundesweit"],"yoast_head":"<!-- This site is optimized with the Yoast SEO plugin v21.0 - https:\/\/yoast.com\/wordpress\/plugins\/seo\/ -->\n<title>NPD und DVU planen offenbar Zusammenschluss - St\u00f6rungsmelder<\/title>\n<meta name=\"robots\" content=\"index, follow, max-snippet:-1, max-image-preview:large, max-video-preview:-1\" \/>\n<link rel=\"canonical\" href=\"https:\/\/blog.zeit.de\/stoerungsmelder\/2010\/06\/05\/npd-und-dvu-planen-offenbar-zusammenschluss_3585\" \/>\n<meta property=\"og:locale\" content=\"de_DE\" \/>\n<meta property=\"og:type\" content=\"article\" \/>\n<meta property=\"og:title\" content=\"NPD und DVU planen offenbar Zusammenschluss - St\u00f6rungsmelder\" \/>\n<meta property=\"og:description\" content=\"Nach Informationen des Tagesspiegels sollen in den beiden rechtsextremen Parteien NPD und DVU Mitgliederbefragungen mit dem Ziel einer Fusion stattfinden. Dies wurde am Rande des Programmparteitags der NPD in Bamberg bekannt.\" \/>\n<meta property=\"og:url\" content=\"https:\/\/blog.zeit.de\/stoerungsmelder\/2010\/06\/05\/npd-und-dvu-planen-offenbar-zusammenschluss_3585\" \/>\n<meta property=\"og:site_name\" content=\"St\u00f6rungsmelder\" \/>\n<meta property=\"article:published_time\" content=\"2010-06-05T14:42:34+00:00\" \/>\n<meta property=\"og:image\" content=\"https:\/\/blog.zeit.de\/stoerungsmelder\/files\/2009\/09\/npd-artikel-410.jpg\" \/>\n<meta name=\"author\" content=\"St\u00f6rungsmelder\" \/>\n<meta name=\"twitter:card\" content=\"summary_large_image\" \/>\n<meta name=\"twitter:label1\" content=\"Geschrieben von\" \/>\n\t<meta name=\"twitter:data1\" content=\"St\u00f6rungsmelder\" \/>\n\t<meta name=\"twitter:label2\" content=\"Gesch\u00e4tzte Lesezeit\" \/>\n\t<meta name=\"twitter:data2\" content=\"1\u00a0Minute\" \/>\n<script type=\"application\/ld+json\" class=\"yoast-schema-graph\">{\"@context\":\"https:\/\/schema.org\",\"@graph\":[{\"@type\":\"WebPage\",\"@id\":\"https:\/\/blog.zeit.de\/stoerungsmelder\/2010\/06\/05\/npd-und-dvu-planen-offenbar-zusammenschluss_3585\",\"url\":\"https:\/\/blog.zeit.de\/stoerungsmelder\/2010\/06\/05\/npd-und-dvu-planen-offenbar-zusammenschluss_3585\",\"name\":\"NPD und DVU planen offenbar Zusammenschluss - St\u00f6rungsmelder\",\"isPartOf\":{\"@id\":\"https:\/\/blog.zeit.de\/stoerungsmelder\/#website\"},\"datePublished\":\"2010-06-05T14:42:34+00:00\",\"dateModified\":\"2010-06-05T14:42:34+00:00\",\"author\":{\"@id\":\"https:\/\/blog.zeit.de\/stoerungsmelder\/#\/schema\/person\/fdd0b9818f65738672810b6d6f037f71\"},\"breadcrumb\":{\"@id\":\"https:\/\/blog.zeit.de\/stoerungsmelder\/2010\/06\/05\/npd-und-dvu-planen-offenbar-zusammenschluss_3585#breadcrumb\"},\"inLanguage\":\"de\",\"potentialAction\":[{\"@type\":\"ReadAction\",\"target\":[\"https:\/\/blog.zeit.de\/stoerungsmelder\/2010\/06\/05\/npd-und-dvu-planen-offenbar-zusammenschluss_3585\"]}]},{\"@type\":\"BreadcrumbList\",\"@id\":\"https:\/\/blog.zeit.de\/stoerungsmelder\/2010\/06\/05\/npd-und-dvu-planen-offenbar-zusammenschluss_3585#breadcrumb\",\"itemListElement\":[{\"@type\":\"ListItem\",\"position\":1,\"name\":\"Startseite\",\"item\":\"https:\/\/blog.zeit.de\/stoerungsmelder\"},{\"@type\":\"ListItem\",\"position\":2,\"name\":\"NPD und DVU planen offenbar Zusammenschluss\"}]},{\"@type\":\"WebSite\",\"@id\":\"https:\/\/blog.zeit.de\/stoerungsmelder\/#website\",\"url\":\"https:\/\/blog.zeit.de\/stoerungsmelder\/\",\"name\":\"St\u00f6rungsmelder\",\"description\":\"Recherchen und Analysen \u00fcber die extreme Rechte\",\"potentialAction\":[{\"@type\":\"SearchAction\",\"target\":{\"@type\":\"EntryPoint\",\"urlTemplate\":\"https:\/\/blog.zeit.de\/stoerungsmelder\/?s={search_term_string}\"},\"query-input\":\"required name=search_term_string\"}],\"inLanguage\":\"de\"},{\"@type\":\"Person\",\"@id\":\"https:\/\/blog.zeit.de\/stoerungsmelder\/#\/schema\/person\/fdd0b9818f65738672810b6d6f037f71\",\"name\":\"St\u00f6rungsmelder\",\"image\":{\"@type\":\"ImageObject\",\"inLanguage\":\"de\",\"@id\":\"https:\/\/blog.zeit.de\/stoerungsmelder\/#\/schema\/person\/image\/\",\"url\":\"https:\/\/secure.gravatar.com\/avatar\/dfa4be514c3e82a71e4f9a0020035d38192d080ccaa5e4e6d7a1472c763535c5?s=96&d=mm&r=pg\",\"contentUrl\":\"https:\/\/secure.gravatar.com\/avatar\/dfa4be514c3e82a71e4f9a0020035d38192d080ccaa5e4e6d7a1472c763535c5?s=96&d=mm&r=pg\",\"caption\":\"St\u00f6rungsmelder\"},\"url\":\"https:\/\/blog.zeit.de\/stoerungsmelder\/author\/stoerungsmelder\"}]}<\/script>\n<!-- \/ Yoast SEO plugin. -->","yoast_head_json":{"title":"NPD und DVU planen offenbar Zusammenschluss - St\u00f6rungsmelder","robots":{"index":"index","follow":"follow","max-snippet":"max-snippet:-1","max-image-preview":"max-image-preview:large","max-video-preview":"max-video-preview:-1"},"canonical":"https:\/\/blog.zeit.de\/stoerungsmelder\/2010\/06\/05\/npd-und-dvu-planen-offenbar-zusammenschluss_3585","og_locale":"de_DE","og_type":"article","og_title":"NPD und DVU planen offenbar Zusammenschluss - St\u00f6rungsmelder","og_description":"Nach Informationen des Tagesspiegels sollen in den beiden rechtsextremen Parteien NPD und DVU Mitgliederbefragungen mit dem Ziel einer Fusion stattfinden. Dies wurde am Rande des Programmparteitags der NPD in Bamberg bekannt.","og_url":"https:\/\/blog.zeit.de\/stoerungsmelder\/2010\/06\/05\/npd-und-dvu-planen-offenbar-zusammenschluss_3585","og_site_name":"St\u00f6rungsmelder","article_published_time":"2010-06-05T14:42:34+00:00","og_image":[{"url":"https:\/\/blog.zeit.de\/stoerungsmelder\/files\/2009\/09\/npd-artikel-410.jpg"}],"author":"St\u00f6rungsmelder","twitter_card":"summary_large_image","twitter_misc":{"Geschrieben von":"St\u00f6rungsmelder","Gesch\u00e4tzte Lesezeit":"1\u00a0Minute"},"schema":{"@context":"https:\/\/schema.org","@graph":[{"@type":"WebPage","@id":"https:\/\/blog.zeit.de\/stoerungsmelder\/2010\/06\/05\/npd-und-dvu-planen-offenbar-zusammenschluss_3585","url":"https:\/\/blog.zeit.de\/stoerungsmelder\/2010\/06\/05\/npd-und-dvu-planen-offenbar-zusammenschluss_3585","name":"NPD und DVU planen offenbar Zusammenschluss - St\u00f6rungsmelder","isPartOf":{"@id":"https:\/\/blog.zeit.de\/stoerungsmelder\/#website"},"datePublished":"2010-06-05T14:42:34+00:00","dateModified":"2010-06-05T14:42:34+00:00","author":{"@id":"https:\/\/blog.zeit.de\/stoerungsmelder\/#\/schema\/person\/fdd0b9818f65738672810b6d6f037f71"},"breadcrumb":{"@id":"https:\/\/blog.zeit.de\/stoerungsmelder\/2010\/06\/05\/npd-und-dvu-planen-offenbar-zusammenschluss_3585#breadcrumb"},"inLanguage":"de","potentialAction":[{"@type":"ReadAction","target":["https:\/\/blog.zeit.de\/stoerungsmelder\/2010\/06\/05\/npd-und-dvu-planen-offenbar-zusammenschluss_3585"]}]},{"@type":"BreadcrumbList","@id":"https:\/\/blog.zeit.de\/stoerungsmelder\/2010\/06\/05\/npd-und-dvu-planen-offenbar-zusammenschluss_3585#breadcrumb","itemListElement":[{"@type":"ListItem","position":1,"name":"Startseite","item":"https:\/\/blog.zeit.de\/stoerungsmelder"},{"@type":"ListItem","position":2,"name":"NPD und DVU planen offenbar Zusammenschluss"}]},{"@type":"WebSite","@id":"https:\/\/blog.zeit.de\/stoerungsmelder\/#website","url":"https:\/\/blog.zeit.de\/stoerungsmelder\/","name":"St\u00f6rungsmelder","description":"Recherchen und Analysen \u00fcber die extreme Rechte","potentialAction":[{"@type":"SearchAction","target":{"@type":"EntryPoint","urlTemplate":"https:\/\/blog.zeit.de\/stoerungsmelder\/?s={search_term_string}"},"query-input":"required name=search_term_string"}],"inLanguage":"de"},{"@type":"Person","@id":"https:\/\/blog.zeit.de\/stoerungsmelder\/#\/schema\/person\/fdd0b9818f65738672810b6d6f037f71","name":"St\u00f6rungsmelder","image":{"@type":"ImageObject","inLanguage":"de","@id":"https:\/\/blog.zeit.de\/stoerungsmelder\/#\/schema\/person\/image\/","url":"https:\/\/secure.gravatar.com\/avatar\/dfa4be514c3e82a71e4f9a0020035d38192d080ccaa5e4e6d7a1472c763535c5?s=96&d=mm&r=pg","contentUrl":"https:\/\/secure.gravatar.com\/avatar\/dfa4be514c3e82a71e4f9a0020035d38192d080ccaa5e4e6d7a1472c763535c5?s=96&d=mm&r=pg","caption":"St\u00f6rungsmelder"},"url":"https:\/\/blog.zeit.de\/stoerungsmelder\/author\/stoerungsmelder"}]}},"jetpack_featured_media_url":"","jetpack_sharing_enabled":true,"_links":{"self":[{"href":"https:\/\/blog.zeit.de\/stoerungsmelder\/wp-json\/wp\/v2\/posts\/3585","targetHints":{"allow":["GET"]}}],"collection":[{"href":"https:\/\/blog.zeit.de\/stoerungsmelder\/wp-json\/wp\/v2\/posts"}],"about":[{"href":"https:\/\/blog.zeit.de\/stoerungsmelder\/wp-json\/wp\/v2\/types\/post"}],"author":[{"embeddable":true,"href":"https:\/\/blog.zeit.de\/stoerungsmelder\/wp-json\/wp\/v2\/users\/229"}],"replies":[{"embeddable":true,"href":"https:\/\/blog.zeit.de\/stoerungsmelder\/wp-json\/wp\/v2\/comments?post=3585"}],"version-history":[{"count":0,"href":"https:\/\/blog.zeit.de\/stoerungsmelder\/wp-json\/wp\/v2\/posts\/3585\/revisions"}],"wp:attachment":[{"href":"https:\/\/blog.zeit.de\/stoerungsmelder\/wp-json\/wp\/v2\/media?parent=3585"}],"wp:term":[{"taxonomy":"category","embeddable":true,"href":"https:\/\/blog.zeit.de\/stoerungsmelder\/wp-json\/wp\/v2\/categories?post=3585"},{"taxonomy":"post_tag","embeddable":true,"href":"https:\/\/blog.zeit.de\/stoerungsmelder\/wp-json\/wp\/v2\/tags?post=3585"}],"curies":[{"name":"wp","href":"https:\/\/api.w.org\/{rel}","templated":true}]}}