{"id":366,"date":"2008-07-28T06:43:26","date_gmt":"2008-07-28T05:43:26","guid":{"rendered":"http:\/\/blog.zeit.de\/stoerungsmelder\/2008\/07\/28\/gewalt-gegen-die-judenpresse_366"},"modified":"2008-07-28T06:43:26","modified_gmt":"2008-07-28T05:43:26","slug":"gewalt-gegen-die-judenpresse","status":"publish","type":"post","link":"https:\/\/blog.zeit.de\/stoerungsmelder\/2008\/07\/28\/gewalt-gegen-die-judenpresse_366","title":{"rendered":"Gewalt gegen die &#8222;Judenpresse&#8220;"},"content":{"rendered":"<p>Gewalt von Neonazis gegen Journalisten ist nicht neu. Medienvertreter z\u00e4hlen zu den Lieblingsfeinden von NPD und deren Verb\u00fcndeten. &#8222;Systempresse&#8220;, &#8222;Judenpresse&#8220; oder &#8222;linke Schmierfinken&#8220; geh\u00f6ren zu den Standardbeschimpfungen f\u00fcr Journalisten &#8211; weil die nicht so schreiben, wie es sich NPD und andere Neonazis w\u00fcnschen. In den vergangenen Monaten hat es gleich mehrere schwere Attacken gegeben. Ein \u00dcberblick:<!--more--><\/p>\n<p><strong>26. Juli 2008, Passau<\/strong><\/p>\n<p>Nach der Beerdigung des Altnazis Friedhelm Busse greifen Neonazis, darunter offenbar auch NPD-Funktion\u00e4re, den Journalisten Robert Andreasch an. Er berichtet beim <a href=\"http:\/\/www.netz-gegen-nazis.de\/artikel\/hakenkreuz-bei-beerdigung\">Netz gegen Nazis<\/a> \u00fcber die Attacke:<\/p>\n<p><em>&#8222;Zum Ende der Veranstaltung formieren sich die rund 80 Neonazis noch auf dem Friedhofsgel\u00e4nde zu einem Aufmarsch in Zweier- und Dreierreihen. Mehrere angereiste und bayerische Neonaziaktivisten versuchen dann zun\u00e4chst, mich an der Dokumentation dieses Aufmarsches zu hindern. In diesem Moment belassen sie noch &#8222;nur&#8220; beim k\u00f6rperlichen Bedr\u00e4ngen und Beschimpfen.<\/em><\/p>\n<p><em>Wenig sp\u00e4ter lassen die Rechtsextremisten die Maske fallen. An den Kirchenmauern von Sant Korona schneiden Neonazis mir den Weg ab, was in einer Art der besonderen Arbeitsteilung auch bekannte NPD-Funktion\u00e4re \u00fcbernehmen. Mindestens dreissig der achtzig Aufmarschteilnehmer schlagen und treten dann auf mich ein. Zivilbeamte der Polizei sehen den Angriff sofort, k\u00f6nnen aber im ersten Moment nicht eingreifen und werden dann selber von den Neonazis angegriffen.<\/em><\/p>\n<p><em>Mehrere Beerdigungsteilnehmer zerren derweil an meiner Kamera. Als ich am Boden liege, springt ein Neonazi auf den<br \/>\nFotoapparat. Erst als die Polizei Pfefferspray einsetzt, um die Neonazis auf Distanz zu bringen, kann ich mich gemeinsam mit einem Beamten aus der gef\u00e4hrlichen Situation entfernen. Die massiven Schl\u00e4ge und Tritte haben mich erheblich verletzt, meine Kleidung ist zerrissen. Trotz eilig herbeigerufener Verst\u00e4rkung ist die Polizei \u00e4u\u00dferst schwach besetzt und kann nur elf Neonazis verhaften, gegen die nun wegen Raub, K\u00f6rperverletzung und Landfriedensbruch ermittelt wird.&#8220;<\/em><\/p>\n<p>Mittlerweile hat eine bekannte Neonazi-Seite ein Bild, den Klarnamen und die Adresse des Journalisten ver\u00f6ffentlicht &#8211; verbunden mit der Aufforderung, ihm &#8222;erbauliche Post aus aller Welt&#8220; zuzusenden.<strong> <\/strong><\/p>\n<p><strong>21. Juni 2008, Dresden<\/strong><\/p>\n<p>Die Beh\u00f6rden hatten eine Veranstaltung der Jugendorganisation der rechtsextremen NPD in Dresden abgesagt. Der tschechische Fotograf Stanislav Krupar reist dennoch an &#8211; und wird zum Opfer rechter Gewalt. Bei <a href=\"http:\/\/www.stern.de\/politik\/panorama\/:Neonazi-Angriff-Und\/625022.html\">stern.de<\/a> beschreibt er den \u00dcberfall auf sich:<\/p>\n<p><em>&#8222;Seit 2002 begleite ich das Auftreten von Neonazis mit meiner Kamera, meistens in meiner Heimat Tschechien &#8211; aber auch in Deutschland; die Grenzen, die den Rechtsextremen ansonsten so wichtig sind, zerflie\u00dfen bei den Bewegungen der Neonazigruppen. In Deutschland ist mein Job meist gef\u00e4hrlicher: In Tschechien ist immer mehr Polizei zugegen, die uns Journalisten in brenzligen Situationen sch\u00fctzt. So bin ich beim diesj\u00e4hrigen NPD-Maiumzug in N\u00fcrnberg von einer Gruppe \u201cJunger Nationaldemokraten\u201d, der Jugendorganisation der NPD, gejagt worden. Schlie\u00dflich konnte ich mich hinter Polizisten verstecken. Aber diese Attacke sollte nicht die letzte sein.<\/em><\/p>\n<p><em>Eine Gruppe tschechischer Neonazis erkannte mich. Ich hatte einige von ihnen im Fr\u00fchling dieses Jahres in Jihlava fotografiert; offiziell eine Gedenkveranstaltung an die Opfer des Zweiten Weltkriegs, nutzen Tschechiens Rechtsextreme die Gelegenheit jedes Jahr, um Blumen auf die Gr\u00e4ber von Soldaten der SS und der Wehrmacht zu legen.<\/em><\/p>\n<p><em>In der Hainstra\u00dfe verlangsamten drei Tschechen ihren Lauf und umkreisten mich. Weitere schlossen sich an. Schon nach wenigen Schl\u00e4gen aus allen Seiten fiel ich auf den Bauch. Weitere Schl\u00e4ge folgten, und Tritte. Meine Fotokamera versteckte ich unter dem Bauch und hielt beide H\u00e4nde an den Kopf, um ihn vor Schlimmerem zu sch\u00fctzen. Ich wei\u00df nicht, wie lange es dauerte. Es war, als sei die Zeit stehen geblieben. Dann h\u00f6rte ich, wie irgendjemand auf meine Angreifer einredete, ich glaube, es war einer von den NPD-Ordnern. Den Schl\u00e4gern war dennoch genug Zeit geblieben f\u00fcr eine \u201cAbrechnung\u201d.<\/em><\/p>\n<p><em>Zum Gl\u00fcck hatte ich meinen Rucksack mit der Foto-Ausr\u00fcstung \u00fcber die Wirbels\u00e4ule geschnallt; das sch\u00fctzte meine Nieren vor den Tritten. Doch w\u00e4hrend der Schl\u00e4ge \u00f6ffneten sie meinen Rucksack und verstreuten die Ausr\u00fcstung auf der Stra\u00dfe. Nachdem die Attacke vorbei war, tastete ich nach meinen Sachen. Es fehlte das Handy und mein Blitzger\u00e4t Nikon SB800. Dann kehrte einer der tschechischen Angreifer zur\u00fcck, ich sah ihn zu sp\u00e4t &#8211; und er trat noch einmal gegen meine Kamera. W\u00e4hrend all dessen keine Spur von der Polizei.&#8220;<\/em><\/p>\n<p><strong>01. Mai 2008, Hamburg<\/strong><\/p>\n<p>Neonazis greifen aus einem Aufmarsch, unterst\u00fctzt von JN- und NPD-Hamburg, mehrere Journalisten an. Einige Pressevertreter werden mehrmals attackiert, die Polizei l\u00e4sst die etwa 1000 Neonazis marschieren, hat offenbar nicht ausreichend Kr\u00e4fte vor Ort, um sie zu b\u00e4ndigen. <a href=\"http:\/\/npd-blog.info\/?p=1706\">Die NPD rechtfertigt die Gewaltorgie<\/a>. Journalisten, die bereits seit Jahren Neonazi-Aufm\u00e4rsche beobachten, sprechen von einer bislang nicht gesehenen Aggressivit\u00e4t.<\/p>\n<p>Nach den Angriffen auf die Medienvertreter runden Berichte auf Neonazi-Seiten die ganze Geschichte noch ab. Dort werden die Attacken zumeist abgefeiert oder noch weiter gegen einzelne Journalisten gehetzt. Auch ihre Mordfantasien leben Neonazis dort aus.<\/p>\n<p>Ein weiterer gravierender Fall liegt einige Zeit zur\u00fcck: <strong>November 2006, Blankenfelde<\/strong><\/p>\n<p>Neonazis<strong> <\/strong>schlagen am Rande einer HDJ-Veranstaltung eine Journalistin nieder &#8211; am hellichten Tag in einem Supermarkt. Nach der Tat habe es rund 45 Minuten gedauert, bis die Polizei eintraf, berichten R\u00f6pke und ihr Begleiter gegen\u00fcber <a href=\"http:\/\/www.tagesschau.de\/inland\/meldung90974.html\">tagesschau.de<\/a>. Auch die sp\u00e4ter eingetroffenen Sanit\u00e4ter h\u00e4tten mehrmals \u00fcber Funk Polizeikr\u00e4fte angefordert, da sich vor dem Supermarkt immer mehr Neonazis sammelten. Die Journalistin bat viele Augenzeugen darum, eine Zeugenaussage bei der Polizei zu machen, doch niemand sei dazu bereit gewesen, so R\u00f6pke. &#8222;Alle hatten Angst!&#8220; Bei den T\u00e4tern k\u00f6nnte es sich laut R\u00f6pke unter anderem um einen Leibw\u00e4chter des s\u00e4chsischen NPD-Fraktionschefs Holger Apfel gehandelt haben. Die Neonazis bedrohten sp\u00e4ter auch noch einen Kameramann des RBB<\/p>\n<p>Siehe auch: <a href=\"http:\/\/npd-blog.info\/?p=1847\" rel=\"bookmark\" title=\"Neonazis treten auf Journalisten ein\">Dresden: Neonazis treten auf Journalisten ein<\/a>, <a href=\"http:\/\/npd-blog.info\/?p=1886\" rel=\"bookmark\" title=\"Ausschreitungen am 01. Mai mit politischem Nachspiel\">Hamburg: Ausschreitungen am 01. Mai mit politischem Nachspiel<\/a>, <a href=\"http:\/\/npd-blog.info\/?p=1714\" rel=\"bookmark\" title=\"Permanent Link to DJV begr\u00fc\u00dft Ermittlungen \/ Neue Drohungen gegen Journalisten und Politiker\">DJV begr\u00fc\u00dft Ermittlungen \/ Neue Drohungen gegen Journalisten und Politiker<\/a>, <a href=\"http:\/\/npd-blog.info\/?p=1921\" rel=\"bookmark\" title=\"Permanent Link to Brutalisierung als bundesweiter Trend\">Brutalisierung als bundesweiter Trend<\/a>, <a href=\"http:\/\/npd-blog.info\/?p=1796\" rel=\"bookmark\" title=\"Permanent Link to \u201cAutonome Nationalisten\u201d: Neues Outfit, alter Hass\">\u201cAutonome Nationalisten\u201d: Neues Outfit, alter Hass<\/a>, <a href=\"http:\/\/npd-blog.info\/?p=1751\" rel=\"bookmark\" title=\"Permanent Link to Ein Schritt vor, zwei zur\u00fcck, drei vor: NPD distanziert sich mal wieder vom \u201cSchwarzen Block\u201d\">Ein Schritt vor, zwei zur\u00fcck, drei vor: NPD distanziert sich mal wieder vom \u201cSchwarzen Block\u201d<\/a>, <a href=\"http:\/\/npd-blog.info\/?p=1716\" rel=\"bookmark\" title=\"Permanent Link to Lynchmob 2.0\">Lynchmob 2.0<\/a><\/p>\n","protected":false},"excerpt":{"rendered":"<p>Gewalt von Neonazis gegen Journalisten ist nicht neu. Medienvertreter z\u00e4hlen zu den Lieblingsfeinden von NPD und deren Verb\u00fcndeten. &#8222;Systempresse&#8220;, &#8222;Judenpresse&#8220; oder &#8222;linke Schmierfinken&#8220; geh\u00f6ren zu den Standardbeschimpfungen f\u00fcr Journalisten &#8211; weil die nicht so schreiben, wie es sich NPD und andere Neonazis w\u00fcnschen. In den vergangenen Monaten hat es gleich mehrere schwere Attacken gegeben. Ein [&hellip;]<\/p>\n","protected":false},"author":227,"featured_media":0,"comment_status":"open","ping_status":"open","sticky":false,"template":"","format":"standard","meta":{"_jetpack_memberships_contains_paid_content":false,"footnotes":""},"categories":[59,1451,1329,1456],"tags":[],"class_list":["post-366","post","type-post","status-publish","format-standard","hentry","category-bayern","category-brandenburg","category-hamburg","category-sachsen"],"yoast_head":"<!-- This site is optimized with the Yoast SEO plugin v21.0 - https:\/\/yoast.com\/wordpress\/plugins\/seo\/ -->\n<title>Gewalt gegen die &quot;Judenpresse&quot; - St\u00f6rungsmelder<\/title>\n<meta name=\"robots\" content=\"index, follow, max-snippet:-1, max-image-preview:large, max-video-preview:-1\" \/>\n<link rel=\"canonical\" href=\"https:\/\/blog.zeit.de\/stoerungsmelder\/2008\/07\/28\/gewalt-gegen-die-judenpresse_366\" \/>\n<meta property=\"og:locale\" content=\"de_DE\" \/>\n<meta property=\"og:type\" content=\"article\" \/>\n<meta property=\"og:title\" content=\"Gewalt gegen die &quot;Judenpresse&quot; - St\u00f6rungsmelder\" \/>\n<meta property=\"og:description\" content=\"Gewalt von Neonazis gegen Journalisten ist nicht neu. Medienvertreter z\u00e4hlen zu den Lieblingsfeinden von NPD und deren Verb\u00fcndeten. &#8222;Systempresse&#8220;, &#8222;Judenpresse&#8220; oder &#8222;linke Schmierfinken&#8220; geh\u00f6ren zu den Standardbeschimpfungen f\u00fcr Journalisten &#8211; weil die nicht so schreiben, wie es sich NPD und andere Neonazis w\u00fcnschen. In den vergangenen Monaten hat es gleich mehrere schwere Attacken gegeben. Ein [&hellip;]\" \/>\n<meta property=\"og:url\" content=\"https:\/\/blog.zeit.de\/stoerungsmelder\/2008\/07\/28\/gewalt-gegen-die-judenpresse_366\" \/>\n<meta property=\"og:site_name\" content=\"St\u00f6rungsmelder\" \/>\n<meta property=\"article:published_time\" content=\"2008-07-28T05:43:26+00:00\" \/>\n<meta name=\"author\" content=\"Patrick Gensing\" \/>\n<meta name=\"twitter:card\" content=\"summary_large_image\" \/>\n<meta name=\"twitter:label1\" content=\"Geschrieben von\" \/>\n\t<meta name=\"twitter:data1\" content=\"Patrick Gensing\" \/>\n\t<meta name=\"twitter:label2\" content=\"Gesch\u00e4tzte Lesezeit\" \/>\n\t<meta name=\"twitter:data2\" content=\"5\u00a0Minuten\" \/>\n<script type=\"application\/ld+json\" class=\"yoast-schema-graph\">{\"@context\":\"https:\/\/schema.org\",\"@graph\":[{\"@type\":\"WebPage\",\"@id\":\"https:\/\/blog.zeit.de\/stoerungsmelder\/2008\/07\/28\/gewalt-gegen-die-judenpresse_366\",\"url\":\"https:\/\/blog.zeit.de\/stoerungsmelder\/2008\/07\/28\/gewalt-gegen-die-judenpresse_366\",\"name\":\"Gewalt gegen die \\\"Judenpresse\\\" - St\u00f6rungsmelder\",\"isPartOf\":{\"@id\":\"https:\/\/blog.zeit.de\/stoerungsmelder\/#website\"},\"datePublished\":\"2008-07-28T05:43:26+00:00\",\"dateModified\":\"2008-07-28T05:43:26+00:00\",\"author\":{\"@id\":\"https:\/\/blog.zeit.de\/stoerungsmelder\/#\/schema\/person\/1898e9a6d47b4737da2c4fca74a10552\"},\"breadcrumb\":{\"@id\":\"https:\/\/blog.zeit.de\/stoerungsmelder\/2008\/07\/28\/gewalt-gegen-die-judenpresse_366#breadcrumb\"},\"inLanguage\":\"de\",\"potentialAction\":[{\"@type\":\"ReadAction\",\"target\":[\"https:\/\/blog.zeit.de\/stoerungsmelder\/2008\/07\/28\/gewalt-gegen-die-judenpresse_366\"]}]},{\"@type\":\"BreadcrumbList\",\"@id\":\"https:\/\/blog.zeit.de\/stoerungsmelder\/2008\/07\/28\/gewalt-gegen-die-judenpresse_366#breadcrumb\",\"itemListElement\":[{\"@type\":\"ListItem\",\"position\":1,\"name\":\"Startseite\",\"item\":\"https:\/\/blog.zeit.de\/stoerungsmelder\"},{\"@type\":\"ListItem\",\"position\":2,\"name\":\"Gewalt gegen die &#8222;Judenpresse&#8220;\"}]},{\"@type\":\"WebSite\",\"@id\":\"https:\/\/blog.zeit.de\/stoerungsmelder\/#website\",\"url\":\"https:\/\/blog.zeit.de\/stoerungsmelder\/\",\"name\":\"St\u00f6rungsmelder\",\"description\":\"Recherchen und Analysen \u00fcber die extreme Rechte\",\"potentialAction\":[{\"@type\":\"SearchAction\",\"target\":{\"@type\":\"EntryPoint\",\"urlTemplate\":\"https:\/\/blog.zeit.de\/stoerungsmelder\/?s={search_term_string}\"},\"query-input\":\"required name=search_term_string\"}],\"inLanguage\":\"de\"},{\"@type\":\"Person\",\"@id\":\"https:\/\/blog.zeit.de\/stoerungsmelder\/#\/schema\/person\/1898e9a6d47b4737da2c4fca74a10552\",\"name\":\"Patrick Gensing\",\"image\":{\"@type\":\"ImageObject\",\"inLanguage\":\"de\",\"@id\":\"https:\/\/blog.zeit.de\/stoerungsmelder\/#\/schema\/person\/image\/\",\"url\":\"https:\/\/secure.gravatar.com\/avatar\/a7a6fc628ed4dd7517525b944e2a8b13f64804f428d399d781f8dd0c4651643a?s=96&d=mm&r=pg\",\"contentUrl\":\"https:\/\/secure.gravatar.com\/avatar\/a7a6fc628ed4dd7517525b944e2a8b13f64804f428d399d781f8dd0c4651643a?s=96&d=mm&r=pg\",\"caption\":\"Patrick Gensing\"},\"description\":\"Journalist, Blogger, Buchautor - Patrick Gensing besch\u00e4ftigt sich seit seiner Jugend Ende der 1980er Jahre mit den Themen Neonazis, Rassismus und Antisemitismus. Seit rund zehn Jahren schreibt er als Journalist \u00fcber diese Themen, unter anderem bei tagesschau.de, bei Zeit-Online, in der taz - oder in dem Buch \\\"Terror von rechts\\\", das am 14. September 2012 erscheint.\",\"sameAs\":[\"http:\/\/publikative.org\"],\"url\":\"https:\/\/blog.zeit.de\/stoerungsmelder\/author\/patrick-gensing\"}]}<\/script>\n<!-- \/ Yoast SEO plugin. -->","yoast_head_json":{"title":"Gewalt gegen die \"Judenpresse\" - St\u00f6rungsmelder","robots":{"index":"index","follow":"follow","max-snippet":"max-snippet:-1","max-image-preview":"max-image-preview:large","max-video-preview":"max-video-preview:-1"},"canonical":"https:\/\/blog.zeit.de\/stoerungsmelder\/2008\/07\/28\/gewalt-gegen-die-judenpresse_366","og_locale":"de_DE","og_type":"article","og_title":"Gewalt gegen die \"Judenpresse\" - St\u00f6rungsmelder","og_description":"Gewalt von Neonazis gegen Journalisten ist nicht neu. Medienvertreter z\u00e4hlen zu den Lieblingsfeinden von NPD und deren Verb\u00fcndeten. &#8222;Systempresse&#8220;, &#8222;Judenpresse&#8220; oder &#8222;linke Schmierfinken&#8220; geh\u00f6ren zu den Standardbeschimpfungen f\u00fcr Journalisten &#8211; weil die nicht so schreiben, wie es sich NPD und andere Neonazis w\u00fcnschen. In den vergangenen Monaten hat es gleich mehrere schwere Attacken gegeben. Ein [&hellip;]","og_url":"https:\/\/blog.zeit.de\/stoerungsmelder\/2008\/07\/28\/gewalt-gegen-die-judenpresse_366","og_site_name":"St\u00f6rungsmelder","article_published_time":"2008-07-28T05:43:26+00:00","author":"Patrick Gensing","twitter_card":"summary_large_image","twitter_misc":{"Geschrieben von":"Patrick Gensing","Gesch\u00e4tzte Lesezeit":"5\u00a0Minuten"},"schema":{"@context":"https:\/\/schema.org","@graph":[{"@type":"WebPage","@id":"https:\/\/blog.zeit.de\/stoerungsmelder\/2008\/07\/28\/gewalt-gegen-die-judenpresse_366","url":"https:\/\/blog.zeit.de\/stoerungsmelder\/2008\/07\/28\/gewalt-gegen-die-judenpresse_366","name":"Gewalt gegen die \"Judenpresse\" - St\u00f6rungsmelder","isPartOf":{"@id":"https:\/\/blog.zeit.de\/stoerungsmelder\/#website"},"datePublished":"2008-07-28T05:43:26+00:00","dateModified":"2008-07-28T05:43:26+00:00","author":{"@id":"https:\/\/blog.zeit.de\/stoerungsmelder\/#\/schema\/person\/1898e9a6d47b4737da2c4fca74a10552"},"breadcrumb":{"@id":"https:\/\/blog.zeit.de\/stoerungsmelder\/2008\/07\/28\/gewalt-gegen-die-judenpresse_366#breadcrumb"},"inLanguage":"de","potentialAction":[{"@type":"ReadAction","target":["https:\/\/blog.zeit.de\/stoerungsmelder\/2008\/07\/28\/gewalt-gegen-die-judenpresse_366"]}]},{"@type":"BreadcrumbList","@id":"https:\/\/blog.zeit.de\/stoerungsmelder\/2008\/07\/28\/gewalt-gegen-die-judenpresse_366#breadcrumb","itemListElement":[{"@type":"ListItem","position":1,"name":"Startseite","item":"https:\/\/blog.zeit.de\/stoerungsmelder"},{"@type":"ListItem","position":2,"name":"Gewalt gegen die &#8222;Judenpresse&#8220;"}]},{"@type":"WebSite","@id":"https:\/\/blog.zeit.de\/stoerungsmelder\/#website","url":"https:\/\/blog.zeit.de\/stoerungsmelder\/","name":"St\u00f6rungsmelder","description":"Recherchen und Analysen \u00fcber die extreme Rechte","potentialAction":[{"@type":"SearchAction","target":{"@type":"EntryPoint","urlTemplate":"https:\/\/blog.zeit.de\/stoerungsmelder\/?s={search_term_string}"},"query-input":"required name=search_term_string"}],"inLanguage":"de"},{"@type":"Person","@id":"https:\/\/blog.zeit.de\/stoerungsmelder\/#\/schema\/person\/1898e9a6d47b4737da2c4fca74a10552","name":"Patrick Gensing","image":{"@type":"ImageObject","inLanguage":"de","@id":"https:\/\/blog.zeit.de\/stoerungsmelder\/#\/schema\/person\/image\/","url":"https:\/\/secure.gravatar.com\/avatar\/a7a6fc628ed4dd7517525b944e2a8b13f64804f428d399d781f8dd0c4651643a?s=96&d=mm&r=pg","contentUrl":"https:\/\/secure.gravatar.com\/avatar\/a7a6fc628ed4dd7517525b944e2a8b13f64804f428d399d781f8dd0c4651643a?s=96&d=mm&r=pg","caption":"Patrick Gensing"},"description":"Journalist, Blogger, Buchautor - Patrick Gensing besch\u00e4ftigt sich seit seiner Jugend Ende der 1980er Jahre mit den Themen Neonazis, Rassismus und Antisemitismus. Seit rund zehn Jahren schreibt er als Journalist \u00fcber diese Themen, unter anderem bei tagesschau.de, bei Zeit-Online, in der taz - oder in dem Buch \"Terror von rechts\", das am 14. September 2012 erscheint.","sameAs":["http:\/\/publikative.org"],"url":"https:\/\/blog.zeit.de\/stoerungsmelder\/author\/patrick-gensing"}]}},"jetpack_featured_media_url":"","jetpack_sharing_enabled":true,"_links":{"self":[{"href":"https:\/\/blog.zeit.de\/stoerungsmelder\/wp-json\/wp\/v2\/posts\/366","targetHints":{"allow":["GET"]}}],"collection":[{"href":"https:\/\/blog.zeit.de\/stoerungsmelder\/wp-json\/wp\/v2\/posts"}],"about":[{"href":"https:\/\/blog.zeit.de\/stoerungsmelder\/wp-json\/wp\/v2\/types\/post"}],"author":[{"embeddable":true,"href":"https:\/\/blog.zeit.de\/stoerungsmelder\/wp-json\/wp\/v2\/users\/227"}],"replies":[{"embeddable":true,"href":"https:\/\/blog.zeit.de\/stoerungsmelder\/wp-json\/wp\/v2\/comments?post=366"}],"version-history":[{"count":0,"href":"https:\/\/blog.zeit.de\/stoerungsmelder\/wp-json\/wp\/v2\/posts\/366\/revisions"}],"wp:attachment":[{"href":"https:\/\/blog.zeit.de\/stoerungsmelder\/wp-json\/wp\/v2\/media?parent=366"}],"wp:term":[{"taxonomy":"category","embeddable":true,"href":"https:\/\/blog.zeit.de\/stoerungsmelder\/wp-json\/wp\/v2\/categories?post=366"},{"taxonomy":"post_tag","embeddable":true,"href":"https:\/\/blog.zeit.de\/stoerungsmelder\/wp-json\/wp\/v2\/tags?post=366"}],"curies":[{"name":"wp","href":"https:\/\/api.w.org\/{rel}","templated":true}]}}