{"id":368,"date":"2008-07-28T13:44:40","date_gmt":"2008-07-28T12:44:40","guid":{"rendered":"http:\/\/blog.zeit.de\/stoerungsmelder\/2008\/07\/28\/nazis-gibt-es-hier-nicht_368"},"modified":"2008-07-28T13:44:40","modified_gmt":"2008-07-28T12:44:40","slug":"nazis-gibt-es-hier-nicht","status":"publish","type":"post","link":"https:\/\/blog.zeit.de\/stoerungsmelder\/2008\/07\/28\/nazis-gibt-es-hier-nicht_368","title":{"rendered":"&#8222;Nazis? Gibt es hier nicht.&#8220;"},"content":{"rendered":"<p>Frage: Kann nicht endlich mal ein B\u00fcrgermeister, wirklich nur einer, nach einer von Rechten ver\u00fcbten Gewalttat zugeben, dass man in der betreffenden Stadt zumindest ein kleines Naziproblem hat?<!--more--><\/p>\n<p>Ich kann das Gerede von &#8222;Einzelt\u00e4tern&#8220;, &#8222;nicht politisch motivierten Straftaten&#8220; oder &#8222;bei uns gibt es keine rechtsextreme Szene&#8220; nicht mehr h\u00f6ren.<\/p>\n<p>Ulrich Schoeneich, der (parteilose) B\u00fcrgermeister von Templin in Brandenburg, ist der n\u00e4chste, der sich nach seinen Amtskollegen aus Halberstadt, M\u00fcgeln, Sebnitz, Gr\u00e4fenberg und vielen anderen Gemeinden in die umr\u00fchmliche Bagatellisierungskette einreiht.<\/p>\n<p>In seinem Fall mutet das besonders befremdlich an, denn nach Aussagen von Polizei, Verfassungsschutz sowie Brandenburgs Innenminister J\u00f6rg Sch\u00f6nbohm ist Templin sogar eine Hochburg der rechtsextremen Szene. In der Stadt gibt es gleich mehrere bekannte Treffpunkte und man muss noch gar nicht mal mit extra gesch\u00e4rftem Blick durch den Ort gehen, um die Pr\u00e4senz der Rechten dort wahrzunehmen. Nicht zuletzt deswegen waren in Templin seit November 2007 Spezialkr\u00e4fte im Einsatz, die allerdings das, was geschehen ist, auch nicht verhindern konnten.<\/p>\n<p>Zwei mutma\u00dfliche Angeh\u00f6rige der rechten Szene haben n\u00e4mlich vor einer Woche einen obdachlosen 55j\u00e4hrigen Mann brutal ermordet. Der 18j\u00e4hrige und der 21j\u00e4hrige t\u00f6teten ihr Opfer vermutlich durch Tritte gegen den Kopf, anschlie\u00dfend versuchten sie, die Leiche zu verbrennen, scheiterten allerdings. Beide M\u00e4nner waren mehrfach vorbestraft, unter anderem wegen schwerer K\u00f6rperverletzung, Brandstiftung und Volksverhetzung. Wie die Staatsanwaltschaft best\u00e4tigte, trug der eine T\u00e4ter bei der Tat ein T-Shirt mit dem Konterfei von Hitler-Stellvertreter Rudolf He\u00df, der andere eines mit dem Aufdruck &#8222;Frontk\u00e4mpfer&#8220;. Auch wenn man daraus (noch) keine unmittelbaren R\u00fcckschl\u00fcsse auf das Tatmotiv ziehen kann, so zeigt dies doch, woher der Wind weht.<\/p>\n<p>Mittlerweile hat B\u00fcrgermeister Schoeneich nach der massiven \u00f6ffentlichen Kritik auf seine ersten Verharmlosungsaussagen hin wenigstens einger\u00e4umt, dass es in Templin &#8222;Probleme mit Jugendlichen gibt, die keine Perspektive sehen&#8220;. Er regt in diesem Zuge andere Strategien bei der Jugendarbeit an. Ich w\u00fcrde mir sehr w\u00fcnschen, dass er seinen Worten auch Taten folgen l\u00e4sst, denn es gibt genug andere F\u00e4lle, bei denen es nach einem kurzen Rauschen im Bl\u00e4tterwald schon recht schnell wieder zur Tagesordnung \u00fcberging, schlie\u00dflich sind Nazis ja schlecht f\u00fcrs Image der Stadt und somit f\u00fcr den Tourismus, also schweigt man sie lieber tot als sie zu bek\u00e4mpfen. Diese Vorgehensweise wird sich allerdings garantiert als Bumerang erweisen, denn durch Wegschauen und Verharmlosung st\u00e4rkt man die Rechten noch zus\u00e4tzlich. Irgendwann wird es dann zu sp\u00e4t sein, um gegen sie noch etwas unternehmen zu k\u00f6nnen.<\/p>\n","protected":false},"excerpt":{"rendered":"<p>Frage: Kann nicht endlich mal ein B\u00fcrgermeister, wirklich nur einer, nach einer von Rechten ver\u00fcbten Gewalttat zugeben, dass man in der betreffenden Stadt zumindest ein kleines Naziproblem hat?<\/p>\n","protected":false},"author":230,"featured_media":0,"comment_status":"open","ping_status":"open","sticky":false,"template":"","format":"standard","meta":{"_jetpack_memberships_contains_paid_content":false,"footnotes":""},"categories":[1451,1515],"tags":[1587,99],"class_list":["post-368","post","type-post","status-publish","format-standard","hentry","category-brandenburg","category-bundesweit","tag-gewalt","tag-rechtsextremismus"],"yoast_head":"<!-- This site is optimized with the Yoast SEO plugin v21.0 - https:\/\/yoast.com\/wordpress\/plugins\/seo\/ -->\n<title>&quot;Nazis? Gibt es hier nicht.&quot; - St\u00f6rungsmelder<\/title>\n<meta name=\"robots\" content=\"index, follow, max-snippet:-1, max-image-preview:large, max-video-preview:-1\" \/>\n<link rel=\"canonical\" href=\"https:\/\/blog.zeit.de\/stoerungsmelder\/2008\/07\/28\/nazis-gibt-es-hier-nicht_368\" \/>\n<meta property=\"og:locale\" content=\"de_DE\" \/>\n<meta property=\"og:type\" content=\"article\" \/>\n<meta property=\"og:title\" content=\"&quot;Nazis? Gibt es hier nicht.&quot; - St\u00f6rungsmelder\" \/>\n<meta property=\"og:description\" content=\"Frage: Kann nicht endlich mal ein B\u00fcrgermeister, wirklich nur einer, nach einer von Rechten ver\u00fcbten Gewalttat zugeben, dass man in der betreffenden Stadt zumindest ein kleines Naziproblem hat?\" \/>\n<meta property=\"og:url\" content=\"https:\/\/blog.zeit.de\/stoerungsmelder\/2008\/07\/28\/nazis-gibt-es-hier-nicht_368\" \/>\n<meta property=\"og:site_name\" content=\"St\u00f6rungsmelder\" \/>\n<meta property=\"article:published_time\" content=\"2008-07-28T12:44:40+00:00\" \/>\n<meta name=\"author\" content=\"Markus Kavka\" \/>\n<meta name=\"twitter:card\" content=\"summary_large_image\" \/>\n<meta name=\"twitter:label1\" content=\"Geschrieben von\" \/>\n\t<meta name=\"twitter:data1\" content=\"Markus Kavka\" \/>\n\t<meta name=\"twitter:label2\" content=\"Gesch\u00e4tzte Lesezeit\" \/>\n\t<meta name=\"twitter:data2\" content=\"2\u00a0Minuten\" \/>\n<script type=\"application\/ld+json\" class=\"yoast-schema-graph\">{\"@context\":\"https:\/\/schema.org\",\"@graph\":[{\"@type\":\"WebPage\",\"@id\":\"https:\/\/blog.zeit.de\/stoerungsmelder\/2008\/07\/28\/nazis-gibt-es-hier-nicht_368\",\"url\":\"https:\/\/blog.zeit.de\/stoerungsmelder\/2008\/07\/28\/nazis-gibt-es-hier-nicht_368\",\"name\":\"\\\"Nazis? Gibt es hier nicht.\\\" - St\u00f6rungsmelder\",\"isPartOf\":{\"@id\":\"https:\/\/blog.zeit.de\/stoerungsmelder\/#website\"},\"datePublished\":\"2008-07-28T12:44:40+00:00\",\"dateModified\":\"2008-07-28T12:44:40+00:00\",\"author\":{\"@id\":\"https:\/\/blog.zeit.de\/stoerungsmelder\/#\/schema\/person\/8d5e5486ec086bc1988b69e1d2ee5ac2\"},\"breadcrumb\":{\"@id\":\"https:\/\/blog.zeit.de\/stoerungsmelder\/2008\/07\/28\/nazis-gibt-es-hier-nicht_368#breadcrumb\"},\"inLanguage\":\"de\",\"potentialAction\":[{\"@type\":\"ReadAction\",\"target\":[\"https:\/\/blog.zeit.de\/stoerungsmelder\/2008\/07\/28\/nazis-gibt-es-hier-nicht_368\"]}]},{\"@type\":\"BreadcrumbList\",\"@id\":\"https:\/\/blog.zeit.de\/stoerungsmelder\/2008\/07\/28\/nazis-gibt-es-hier-nicht_368#breadcrumb\",\"itemListElement\":[{\"@type\":\"ListItem\",\"position\":1,\"name\":\"Startseite\",\"item\":\"https:\/\/blog.zeit.de\/stoerungsmelder\"},{\"@type\":\"ListItem\",\"position\":2,\"name\":\"&#8222;Nazis? Gibt es hier nicht.&#8220;\"}]},{\"@type\":\"WebSite\",\"@id\":\"https:\/\/blog.zeit.de\/stoerungsmelder\/#website\",\"url\":\"https:\/\/blog.zeit.de\/stoerungsmelder\/\",\"name\":\"St\u00f6rungsmelder\",\"description\":\"Recherchen und Analysen \u00fcber die extreme Rechte\",\"potentialAction\":[{\"@type\":\"SearchAction\",\"target\":{\"@type\":\"EntryPoint\",\"urlTemplate\":\"https:\/\/blog.zeit.de\/stoerungsmelder\/?s={search_term_string}\"},\"query-input\":\"required name=search_term_string\"}],\"inLanguage\":\"de\"},{\"@type\":\"Person\",\"@id\":\"https:\/\/blog.zeit.de\/stoerungsmelder\/#\/schema\/person\/8d5e5486ec086bc1988b69e1d2ee5ac2\",\"name\":\"Markus Kavka\",\"image\":{\"@type\":\"ImageObject\",\"inLanguage\":\"de\",\"@id\":\"https:\/\/blog.zeit.de\/stoerungsmelder\/#\/schema\/person\/image\/\",\"url\":\"https:\/\/secure.gravatar.com\/avatar\/c29eae75e1fa927c0612884ab1558620b44a8143764a5f647dcff0b0a454d071?s=96&d=mm&r=pg\",\"contentUrl\":\"https:\/\/secure.gravatar.com\/avatar\/c29eae75e1fa927c0612884ab1558620b44a8143764a5f647dcff0b0a454d071?s=96&d=mm&r=pg\",\"caption\":\"Markus Kavka\"},\"url\":\"https:\/\/blog.zeit.de\/stoerungsmelder\/author\/markus-kavka\"}]}<\/script>\n<!-- \/ Yoast SEO plugin. -->","yoast_head_json":{"title":"\"Nazis? Gibt es hier nicht.\" - St\u00f6rungsmelder","robots":{"index":"index","follow":"follow","max-snippet":"max-snippet:-1","max-image-preview":"max-image-preview:large","max-video-preview":"max-video-preview:-1"},"canonical":"https:\/\/blog.zeit.de\/stoerungsmelder\/2008\/07\/28\/nazis-gibt-es-hier-nicht_368","og_locale":"de_DE","og_type":"article","og_title":"\"Nazis? Gibt es hier nicht.\" - St\u00f6rungsmelder","og_description":"Frage: Kann nicht endlich mal ein B\u00fcrgermeister, wirklich nur einer, nach einer von Rechten ver\u00fcbten Gewalttat zugeben, dass man in der betreffenden Stadt zumindest ein kleines Naziproblem hat?","og_url":"https:\/\/blog.zeit.de\/stoerungsmelder\/2008\/07\/28\/nazis-gibt-es-hier-nicht_368","og_site_name":"St\u00f6rungsmelder","article_published_time":"2008-07-28T12:44:40+00:00","author":"Markus Kavka","twitter_card":"summary_large_image","twitter_misc":{"Geschrieben von":"Markus Kavka","Gesch\u00e4tzte Lesezeit":"2\u00a0Minuten"},"schema":{"@context":"https:\/\/schema.org","@graph":[{"@type":"WebPage","@id":"https:\/\/blog.zeit.de\/stoerungsmelder\/2008\/07\/28\/nazis-gibt-es-hier-nicht_368","url":"https:\/\/blog.zeit.de\/stoerungsmelder\/2008\/07\/28\/nazis-gibt-es-hier-nicht_368","name":"\"Nazis? Gibt es hier nicht.\" - St\u00f6rungsmelder","isPartOf":{"@id":"https:\/\/blog.zeit.de\/stoerungsmelder\/#website"},"datePublished":"2008-07-28T12:44:40+00:00","dateModified":"2008-07-28T12:44:40+00:00","author":{"@id":"https:\/\/blog.zeit.de\/stoerungsmelder\/#\/schema\/person\/8d5e5486ec086bc1988b69e1d2ee5ac2"},"breadcrumb":{"@id":"https:\/\/blog.zeit.de\/stoerungsmelder\/2008\/07\/28\/nazis-gibt-es-hier-nicht_368#breadcrumb"},"inLanguage":"de","potentialAction":[{"@type":"ReadAction","target":["https:\/\/blog.zeit.de\/stoerungsmelder\/2008\/07\/28\/nazis-gibt-es-hier-nicht_368"]}]},{"@type":"BreadcrumbList","@id":"https:\/\/blog.zeit.de\/stoerungsmelder\/2008\/07\/28\/nazis-gibt-es-hier-nicht_368#breadcrumb","itemListElement":[{"@type":"ListItem","position":1,"name":"Startseite","item":"https:\/\/blog.zeit.de\/stoerungsmelder"},{"@type":"ListItem","position":2,"name":"&#8222;Nazis? Gibt es hier nicht.&#8220;"}]},{"@type":"WebSite","@id":"https:\/\/blog.zeit.de\/stoerungsmelder\/#website","url":"https:\/\/blog.zeit.de\/stoerungsmelder\/","name":"St\u00f6rungsmelder","description":"Recherchen und Analysen \u00fcber die extreme Rechte","potentialAction":[{"@type":"SearchAction","target":{"@type":"EntryPoint","urlTemplate":"https:\/\/blog.zeit.de\/stoerungsmelder\/?s={search_term_string}"},"query-input":"required name=search_term_string"}],"inLanguage":"de"},{"@type":"Person","@id":"https:\/\/blog.zeit.de\/stoerungsmelder\/#\/schema\/person\/8d5e5486ec086bc1988b69e1d2ee5ac2","name":"Markus Kavka","image":{"@type":"ImageObject","inLanguage":"de","@id":"https:\/\/blog.zeit.de\/stoerungsmelder\/#\/schema\/person\/image\/","url":"https:\/\/secure.gravatar.com\/avatar\/c29eae75e1fa927c0612884ab1558620b44a8143764a5f647dcff0b0a454d071?s=96&d=mm&r=pg","contentUrl":"https:\/\/secure.gravatar.com\/avatar\/c29eae75e1fa927c0612884ab1558620b44a8143764a5f647dcff0b0a454d071?s=96&d=mm&r=pg","caption":"Markus Kavka"},"url":"https:\/\/blog.zeit.de\/stoerungsmelder\/author\/markus-kavka"}]}},"jetpack_featured_media_url":"","jetpack_sharing_enabled":true,"_links":{"self":[{"href":"https:\/\/blog.zeit.de\/stoerungsmelder\/wp-json\/wp\/v2\/posts\/368","targetHints":{"allow":["GET"]}}],"collection":[{"href":"https:\/\/blog.zeit.de\/stoerungsmelder\/wp-json\/wp\/v2\/posts"}],"about":[{"href":"https:\/\/blog.zeit.de\/stoerungsmelder\/wp-json\/wp\/v2\/types\/post"}],"author":[{"embeddable":true,"href":"https:\/\/blog.zeit.de\/stoerungsmelder\/wp-json\/wp\/v2\/users\/230"}],"replies":[{"embeddable":true,"href":"https:\/\/blog.zeit.de\/stoerungsmelder\/wp-json\/wp\/v2\/comments?post=368"}],"version-history":[{"count":0,"href":"https:\/\/blog.zeit.de\/stoerungsmelder\/wp-json\/wp\/v2\/posts\/368\/revisions"}],"wp:attachment":[{"href":"https:\/\/blog.zeit.de\/stoerungsmelder\/wp-json\/wp\/v2\/media?parent=368"}],"wp:term":[{"taxonomy":"category","embeddable":true,"href":"https:\/\/blog.zeit.de\/stoerungsmelder\/wp-json\/wp\/v2\/categories?post=368"},{"taxonomy":"post_tag","embeddable":true,"href":"https:\/\/blog.zeit.de\/stoerungsmelder\/wp-json\/wp\/v2\/tags?post=368"}],"curies":[{"name":"wp","href":"https:\/\/api.w.org\/{rel}","templated":true}]}}