{"id":3723,"date":"2010-06-26T11:16:02","date_gmt":"2010-06-26T09:16:02","guid":{"rendered":"http:\/\/blog.zeit.de\/stoerungsmelder\/?p=3723"},"modified":"2010-06-26T11:16:02","modified_gmt":"2010-06-26T09:16:02","slug":"16-jahriger-neonazi-als-brandstifter-vor-gericht","status":"publish","type":"post","link":"https:\/\/blog.zeit.de\/stoerungsmelder\/2010\/06\/26\/16-jahriger-neonazi-als-brandstifter-vor-gericht_3723","title":{"rendered":"16-j\u00e4hriger Neonazi als Brandstifter vor Gericht"},"content":{"rendered":"<div>\n<p><figure id=\"attachment_2443\" aria-describedby=\"caption-attachment-2443\" style=\"width: 410px\" class=\"wp-caption aligncenter\"><a href=\"https:\/\/blog.zeit.de\/stoerungsmelder\/files\/2010\/01\/zossen1.jpg\"><img loading=\"lazy\" decoding=\"async\" class=\"size-full wp-image-2443\" title=\"zossen1\" src=\"https:\/\/blog.zeit.de\/stoerungsmelder\/files\/2010\/01\/zossen1.jpg\" alt=\"\" width=\"410\" height=\"200\" srcset=\"https:\/\/blog.zeit.de\/stoerungsmelder\/files\/2010\/01\/zossen1.jpg 410w, https:\/\/blog.zeit.de\/stoerungsmelder\/files\/2010\/01\/zossen1-300x146.jpg 300w\" sizes=\"auto, (max-width: 410px) 100vw, 410px\" \/><\/a><figcaption id=\"caption-attachment-2443\" class=\"wp-caption-text\">Das brennende Haus der Demokratie \u00a9 Zossen zeigt Gesicht e.V.<\/figcaption><\/figure><\/p>\n<p>F\u00fcnf Monate nach dem rechtsextremen Brandanschlag auf das Haus der  Demokratie in Zossen hat die Staatsanwaltschaft Potsdam Anklage gegen  zwei Jugendliche erhoben. Als Hauptt\u00e4ter gilt der \u00e4ltere der beiden, er  ist 16 Jahre alt. Nach Informationen des Tagesspiegels wirft ihm die  Staatsanwaltschaft Brandstiftung vor, der mutma\u00dfliche Mitt\u00e4ter, ein  15-J\u00e4hriger, soll Beihilfe geleistet haben. Das Haus der Demokratie, ein  Flachbau in der Kirchstra\u00dfe in Zossen, war in der Nacht zum 23. Januar  komplett ausgebrannt. Dabei wurde auch die Dauerausstellung \u201eJ\u00fcdisches  Leben in Zossen\u201c zerst\u00f6rt. Die Polizei bezifferte den Sachschaden auf  100 000 Euro. Der Anschlag l\u00f6ste \u00fcber Brandenburg hinaus Emp\u00f6rung aus.<!--more--><\/p>\n<p><em>Von <a href=\"http:\/\/www.tagesspiegel.de\/berlin\/16-jaehriger-als-brandstifter-angeklagt-anschlag-in-zossen\/1867676.html\">Tagesspiegel<\/a>-Autor Frank Jansen<\/em><\/p>\n<\/div>\n<div>\n<p>Der am 28. Januar festgenommene  16-J\u00e4hrige hat die Tat weitgehend gestanden. Demnach brach er am sp\u00e4ten  Abend des 22. Januar zusammen mit dem 15-J\u00e4hrigen und einem 13-J\u00e4hrigen  in den Flachbau ein, um ihn anzuz\u00fcnden. Der 16-J\u00e4hrige hatte eine  Flasche mit Benzin und zwei St\u00fccke Grillanz\u00fcnder dabei. Die  Eindringlinge entdeckten zudem im Haus der Demokratie eine Flasche mit  Fl\u00fcssiganz\u00fcnder. Der 16-J\u00e4hrige sch\u00fcttete das Benzin \u00fcber ein  B\u00fccherregal und z\u00fcndete es an. Der 13-J\u00e4hrige soll in einem anderen Raum  den Fl\u00fcssiganz\u00fcnder auf den Boden gekippt und sein Feuerzeug gez\u00fcckt  haben. Gegen den 13-J\u00e4hrigen kann kein Verfahren gef\u00fchrt werden, er ist  aufgrund seines Alters noch nicht strafm\u00fcndig. Der 15-J\u00e4hrige soll bei  der Brandstiftung zugeschaut haben. Er gilt dennoch als tatverd\u00e4chtig,  da er die Bereitschaft der Brandstifter zur Tat verst\u00e4rkt haben k\u00f6nnte.<\/p>\n<p>Mit dem Brandanschlag habe der 16-J\u00e4hrige offenbar einem der Anf\u00fchrer  der rechtsextremen Szene in der Region imponieren wollen, hie\u00df es in  Justizkreisen. Auch dieser Mann z\u00e4hlt zum Kreis der insgesamt sechs  Tatverd\u00e4chtigen, das Verfahren gegen ihn wurde jedoch abgetrennt. Der  etwas \u00e4ltere Szeneanf\u00fchrer steht in Verdacht, den 16-J\u00e4hrigen zum  Angriff auf das Haus der Demokratie animiert zu haben. Au\u00dferdem soll er  bereits im Herbst 2009 in den Flachbau eingebrochen sein.<\/p>\n<p>Der  Anschlag war Teil einer Serie rechtsextremer Straftaten, die Zossen und  Umgebung in den vergangenen Monaten trafen. Am 27. Januar, dem Jahrestag  der Befreiung des Konzentrationslagers Auschwitz, st\u00f6rten Neonazis eine  Veranstaltung zum Gedenken an die Opfer des Holocaust. Anfang M\u00e4rz  wurden in Zossen und K\u00f6nigs Wusterhausen zahlreiche Hakenkreuze  geschmiert und \u201eStolpersteine\u201c gesch\u00e4ndet, die an Juden erinnern, die  das NS-Regime in Vernichtungslager deportieren lie\u00df. Au\u00dferdem wurden  Mitglieder der B\u00fcrgerinitiative \u201eZossen zeigt Gesicht\u201c bedroht.<\/p>\n<p>Gegen die rechtsextremen Angriffe in der Region protestierten Anfang Mai  mehrere Prominente mit einer Veranstaltung in der Akademie der K\u00fcnste  in Berlin. Die Schauspielerin Iris Berben forderte bei diesem Anlass  st\u00e4rkeren Widerstand gegen demokratiefeindliche Umtriebe.<\/p>\n<\/div>\n","protected":false},"excerpt":{"rendered":"<p>F\u00fcnf Monate nach dem rechtsextremen Brandanschlag auf das Haus der Demokratie in Zossen hat die Staatsanwaltschaft Potsdam Anklage gegen zwei Jugendliche erhoben. Als Hauptt\u00e4ter gilt der \u00e4ltere der beiden, er ist 16 Jahre alt. Nach Informationen des Tagesspiegels wirft ihm die Staatsanwaltschaft Brandstiftung vor, der mutma\u00dfliche Mitt\u00e4ter, ein 15-J\u00e4hriger, soll Beihilfe geleistet haben. Das Haus [&hellip;]<\/p>\n","protected":false},"author":229,"featured_media":0,"comment_status":"open","ping_status":"open","sticky":false,"template":"","format":"standard","meta":{"_jetpack_memberships_contains_paid_content":false,"footnotes":""},"categories":[1451],"tags":[],"class_list":["post-3723","post","type-post","status-publish","format-standard","hentry","category-brandenburg"],"yoast_head":"<!-- This site is optimized with the Yoast SEO plugin v21.0 - https:\/\/yoast.com\/wordpress\/plugins\/seo\/ -->\n<title>16-j\u00e4hriger Neonazi als Brandstifter vor Gericht - St\u00f6rungsmelder<\/title>\n<meta name=\"robots\" content=\"index, follow, max-snippet:-1, max-image-preview:large, max-video-preview:-1\" \/>\n<link rel=\"canonical\" href=\"https:\/\/blog.zeit.de\/stoerungsmelder\/2010\/06\/26\/16-jahriger-neonazi-als-brandstifter-vor-gericht_3723\" \/>\n<meta property=\"og:locale\" content=\"de_DE\" \/>\n<meta property=\"og:type\" content=\"article\" \/>\n<meta property=\"og:title\" content=\"16-j\u00e4hriger Neonazi als Brandstifter vor Gericht - St\u00f6rungsmelder\" \/>\n<meta property=\"og:description\" content=\"F\u00fcnf Monate nach dem rechtsextremen Brandanschlag auf das Haus der Demokratie in Zossen hat die Staatsanwaltschaft Potsdam Anklage gegen zwei Jugendliche erhoben. Als Hauptt\u00e4ter gilt der \u00e4ltere der beiden, er ist 16 Jahre alt. Nach Informationen des Tagesspiegels wirft ihm die Staatsanwaltschaft Brandstiftung vor, der mutma\u00dfliche Mitt\u00e4ter, ein 15-J\u00e4hriger, soll Beihilfe geleistet haben. Das Haus [&hellip;]\" \/>\n<meta property=\"og:url\" content=\"https:\/\/blog.zeit.de\/stoerungsmelder\/2010\/06\/26\/16-jahriger-neonazi-als-brandstifter-vor-gericht_3723\" \/>\n<meta property=\"og:site_name\" content=\"St\u00f6rungsmelder\" \/>\n<meta property=\"article:published_time\" content=\"2010-06-26T09:16:02+00:00\" \/>\n<meta property=\"og:image\" content=\"https:\/\/blog.zeit.de\/stoerungsmelder\/files\/2010\/01\/zossen1.jpg\" \/>\n<meta name=\"author\" content=\"St\u00f6rungsmelder\" \/>\n<meta name=\"twitter:card\" content=\"summary_large_image\" \/>\n<meta name=\"twitter:label1\" content=\"Geschrieben von\" \/>\n\t<meta name=\"twitter:data1\" content=\"St\u00f6rungsmelder\" \/>\n\t<meta name=\"twitter:label2\" content=\"Gesch\u00e4tzte Lesezeit\" \/>\n\t<meta name=\"twitter:data2\" content=\"2\u00a0Minuten\" \/>\n<script type=\"application\/ld+json\" class=\"yoast-schema-graph\">{\"@context\":\"https:\/\/schema.org\",\"@graph\":[{\"@type\":\"WebPage\",\"@id\":\"https:\/\/blog.zeit.de\/stoerungsmelder\/2010\/06\/26\/16-jahriger-neonazi-als-brandstifter-vor-gericht_3723\",\"url\":\"https:\/\/blog.zeit.de\/stoerungsmelder\/2010\/06\/26\/16-jahriger-neonazi-als-brandstifter-vor-gericht_3723\",\"name\":\"16-j\u00e4hriger Neonazi als Brandstifter vor Gericht - St\u00f6rungsmelder\",\"isPartOf\":{\"@id\":\"https:\/\/blog.zeit.de\/stoerungsmelder\/#website\"},\"datePublished\":\"2010-06-26T09:16:02+00:00\",\"dateModified\":\"2010-06-26T09:16:02+00:00\",\"author\":{\"@id\":\"https:\/\/blog.zeit.de\/stoerungsmelder\/#\/schema\/person\/fdd0b9818f65738672810b6d6f037f71\"},\"breadcrumb\":{\"@id\":\"https:\/\/blog.zeit.de\/stoerungsmelder\/2010\/06\/26\/16-jahriger-neonazi-als-brandstifter-vor-gericht_3723#breadcrumb\"},\"inLanguage\":\"de\",\"potentialAction\":[{\"@type\":\"ReadAction\",\"target\":[\"https:\/\/blog.zeit.de\/stoerungsmelder\/2010\/06\/26\/16-jahriger-neonazi-als-brandstifter-vor-gericht_3723\"]}]},{\"@type\":\"BreadcrumbList\",\"@id\":\"https:\/\/blog.zeit.de\/stoerungsmelder\/2010\/06\/26\/16-jahriger-neonazi-als-brandstifter-vor-gericht_3723#breadcrumb\",\"itemListElement\":[{\"@type\":\"ListItem\",\"position\":1,\"name\":\"Startseite\",\"item\":\"https:\/\/blog.zeit.de\/stoerungsmelder\"},{\"@type\":\"ListItem\",\"position\":2,\"name\":\"16-j\u00e4hriger Neonazi als Brandstifter vor Gericht\"}]},{\"@type\":\"WebSite\",\"@id\":\"https:\/\/blog.zeit.de\/stoerungsmelder\/#website\",\"url\":\"https:\/\/blog.zeit.de\/stoerungsmelder\/\",\"name\":\"St\u00f6rungsmelder\",\"description\":\"Recherchen und Analysen \u00fcber die extreme Rechte\",\"potentialAction\":[{\"@type\":\"SearchAction\",\"target\":{\"@type\":\"EntryPoint\",\"urlTemplate\":\"https:\/\/blog.zeit.de\/stoerungsmelder\/?s={search_term_string}\"},\"query-input\":\"required name=search_term_string\"}],\"inLanguage\":\"de\"},{\"@type\":\"Person\",\"@id\":\"https:\/\/blog.zeit.de\/stoerungsmelder\/#\/schema\/person\/fdd0b9818f65738672810b6d6f037f71\",\"name\":\"St\u00f6rungsmelder\",\"image\":{\"@type\":\"ImageObject\",\"inLanguage\":\"de\",\"@id\":\"https:\/\/blog.zeit.de\/stoerungsmelder\/#\/schema\/person\/image\/\",\"url\":\"https:\/\/secure.gravatar.com\/avatar\/dfa4be514c3e82a71e4f9a0020035d38192d080ccaa5e4e6d7a1472c763535c5?s=96&d=mm&r=pg\",\"contentUrl\":\"https:\/\/secure.gravatar.com\/avatar\/dfa4be514c3e82a71e4f9a0020035d38192d080ccaa5e4e6d7a1472c763535c5?s=96&d=mm&r=pg\",\"caption\":\"St\u00f6rungsmelder\"},\"url\":\"https:\/\/blog.zeit.de\/stoerungsmelder\/author\/stoerungsmelder\"}]}<\/script>\n<!-- \/ Yoast SEO plugin. -->","yoast_head_json":{"title":"16-j\u00e4hriger Neonazi als Brandstifter vor Gericht - St\u00f6rungsmelder","robots":{"index":"index","follow":"follow","max-snippet":"max-snippet:-1","max-image-preview":"max-image-preview:large","max-video-preview":"max-video-preview:-1"},"canonical":"https:\/\/blog.zeit.de\/stoerungsmelder\/2010\/06\/26\/16-jahriger-neonazi-als-brandstifter-vor-gericht_3723","og_locale":"de_DE","og_type":"article","og_title":"16-j\u00e4hriger Neonazi als Brandstifter vor Gericht - St\u00f6rungsmelder","og_description":"F\u00fcnf Monate nach dem rechtsextremen Brandanschlag auf das Haus der Demokratie in Zossen hat die Staatsanwaltschaft Potsdam Anklage gegen zwei Jugendliche erhoben. Als Hauptt\u00e4ter gilt der \u00e4ltere der beiden, er ist 16 Jahre alt. Nach Informationen des Tagesspiegels wirft ihm die Staatsanwaltschaft Brandstiftung vor, der mutma\u00dfliche Mitt\u00e4ter, ein 15-J\u00e4hriger, soll Beihilfe geleistet haben. Das Haus [&hellip;]","og_url":"https:\/\/blog.zeit.de\/stoerungsmelder\/2010\/06\/26\/16-jahriger-neonazi-als-brandstifter-vor-gericht_3723","og_site_name":"St\u00f6rungsmelder","article_published_time":"2010-06-26T09:16:02+00:00","og_image":[{"url":"https:\/\/blog.zeit.de\/stoerungsmelder\/files\/2010\/01\/zossen1.jpg"}],"author":"St\u00f6rungsmelder","twitter_card":"summary_large_image","twitter_misc":{"Geschrieben von":"St\u00f6rungsmelder","Gesch\u00e4tzte Lesezeit":"2\u00a0Minuten"},"schema":{"@context":"https:\/\/schema.org","@graph":[{"@type":"WebPage","@id":"https:\/\/blog.zeit.de\/stoerungsmelder\/2010\/06\/26\/16-jahriger-neonazi-als-brandstifter-vor-gericht_3723","url":"https:\/\/blog.zeit.de\/stoerungsmelder\/2010\/06\/26\/16-jahriger-neonazi-als-brandstifter-vor-gericht_3723","name":"16-j\u00e4hriger Neonazi als Brandstifter vor Gericht - St\u00f6rungsmelder","isPartOf":{"@id":"https:\/\/blog.zeit.de\/stoerungsmelder\/#website"},"datePublished":"2010-06-26T09:16:02+00:00","dateModified":"2010-06-26T09:16:02+00:00","author":{"@id":"https:\/\/blog.zeit.de\/stoerungsmelder\/#\/schema\/person\/fdd0b9818f65738672810b6d6f037f71"},"breadcrumb":{"@id":"https:\/\/blog.zeit.de\/stoerungsmelder\/2010\/06\/26\/16-jahriger-neonazi-als-brandstifter-vor-gericht_3723#breadcrumb"},"inLanguage":"de","potentialAction":[{"@type":"ReadAction","target":["https:\/\/blog.zeit.de\/stoerungsmelder\/2010\/06\/26\/16-jahriger-neonazi-als-brandstifter-vor-gericht_3723"]}]},{"@type":"BreadcrumbList","@id":"https:\/\/blog.zeit.de\/stoerungsmelder\/2010\/06\/26\/16-jahriger-neonazi-als-brandstifter-vor-gericht_3723#breadcrumb","itemListElement":[{"@type":"ListItem","position":1,"name":"Startseite","item":"https:\/\/blog.zeit.de\/stoerungsmelder"},{"@type":"ListItem","position":2,"name":"16-j\u00e4hriger Neonazi als Brandstifter vor Gericht"}]},{"@type":"WebSite","@id":"https:\/\/blog.zeit.de\/stoerungsmelder\/#website","url":"https:\/\/blog.zeit.de\/stoerungsmelder\/","name":"St\u00f6rungsmelder","description":"Recherchen und Analysen \u00fcber die extreme Rechte","potentialAction":[{"@type":"SearchAction","target":{"@type":"EntryPoint","urlTemplate":"https:\/\/blog.zeit.de\/stoerungsmelder\/?s={search_term_string}"},"query-input":"required name=search_term_string"}],"inLanguage":"de"},{"@type":"Person","@id":"https:\/\/blog.zeit.de\/stoerungsmelder\/#\/schema\/person\/fdd0b9818f65738672810b6d6f037f71","name":"St\u00f6rungsmelder","image":{"@type":"ImageObject","inLanguage":"de","@id":"https:\/\/blog.zeit.de\/stoerungsmelder\/#\/schema\/person\/image\/","url":"https:\/\/secure.gravatar.com\/avatar\/dfa4be514c3e82a71e4f9a0020035d38192d080ccaa5e4e6d7a1472c763535c5?s=96&d=mm&r=pg","contentUrl":"https:\/\/secure.gravatar.com\/avatar\/dfa4be514c3e82a71e4f9a0020035d38192d080ccaa5e4e6d7a1472c763535c5?s=96&d=mm&r=pg","caption":"St\u00f6rungsmelder"},"url":"https:\/\/blog.zeit.de\/stoerungsmelder\/author\/stoerungsmelder"}]}},"jetpack_featured_media_url":"","jetpack_sharing_enabled":true,"_links":{"self":[{"href":"https:\/\/blog.zeit.de\/stoerungsmelder\/wp-json\/wp\/v2\/posts\/3723","targetHints":{"allow":["GET"]}}],"collection":[{"href":"https:\/\/blog.zeit.de\/stoerungsmelder\/wp-json\/wp\/v2\/posts"}],"about":[{"href":"https:\/\/blog.zeit.de\/stoerungsmelder\/wp-json\/wp\/v2\/types\/post"}],"author":[{"embeddable":true,"href":"https:\/\/blog.zeit.de\/stoerungsmelder\/wp-json\/wp\/v2\/users\/229"}],"replies":[{"embeddable":true,"href":"https:\/\/blog.zeit.de\/stoerungsmelder\/wp-json\/wp\/v2\/comments?post=3723"}],"version-history":[{"count":0,"href":"https:\/\/blog.zeit.de\/stoerungsmelder\/wp-json\/wp\/v2\/posts\/3723\/revisions"}],"wp:attachment":[{"href":"https:\/\/blog.zeit.de\/stoerungsmelder\/wp-json\/wp\/v2\/media?parent=3723"}],"wp:term":[{"taxonomy":"category","embeddable":true,"href":"https:\/\/blog.zeit.de\/stoerungsmelder\/wp-json\/wp\/v2\/categories?post=3723"},{"taxonomy":"post_tag","embeddable":true,"href":"https:\/\/blog.zeit.de\/stoerungsmelder\/wp-json\/wp\/v2\/tags?post=3723"}],"curies":[{"name":"wp","href":"https:\/\/api.w.org\/{rel}","templated":true}]}}