{"id":3857,"date":"2010-07-05T14:36:36","date_gmt":"2010-07-05T12:36:36","guid":{"rendered":"http:\/\/blog.zeit.de\/stoerungsmelder\/?p=3857"},"modified":"2010-07-05T14:36:36","modified_gmt":"2010-07-05T12:36:36","slug":"nach-razzia-%e2%80%93-nazi-kameradschaft-lost-sich-auf","status":"publish","type":"post","link":"https:\/\/blog.zeit.de\/stoerungsmelder\/2010\/07\/05\/nach-razzia-%e2%80%93-nazi-kameradschaft-lost-sich-auf_3857","title":{"rendered":"Nach Razzia \u2013 Nazi-Kameradschaft l\u00f6st sich auf"},"content":{"rendered":"<p><a href=\"https:\/\/blog.zeit.de\/stoerungsmelder\/files\/2010\/07\/kmob-540.jpg\"><img loading=\"lazy\" decoding=\"async\" class=\"aligncenter size-full wp-image-3858\" title=\"kmob-540\" src=\"https:\/\/blog.zeit.de\/stoerungsmelder\/files\/2010\/07\/kmob-540.jpg\" alt=\"\" width=\"540\" height=\"200\" srcset=\"https:\/\/blog.zeit.de\/stoerungsmelder\/files\/2010\/07\/kmob-540.jpg 540w, https:\/\/blog.zeit.de\/stoerungsmelder\/files\/2010\/07\/kmob-540-300x111.jpg 300w\" sizes=\"auto, (max-width: 540px) 100vw, 540px\" \/><\/a><\/p>\n<p>Am Freitag hat die Polizei eine Razzia gegen die &#8222;Kameradschaft M\u00e4rkisch Oder Barnim&#8220; durchgef\u00fchrt. Die Organisation hat reagiert und sich aufgel\u00f6st. Die Chefin des Brandenburger Verfassungsschutzes vermutet eine Scheinaufl\u00f6sung.<!--more--><\/p>\n<p><em>Von <a href=\"http:\/\/www.tagesspiegel.de\/berlin\/brandenburg\/kameradschaft-maerkisch-oderbarnim-aufgeloest\/1875990.html\">Tagesspiegel<\/a>-Autor Frank Jansen<\/em><\/p>\n<p>Der Reichsadler ist schon weg, das schwarz-wei\u00df-rote Wappen mit dem altdeutschen Schriftzug KMOB auch. Auf der Homepage der Kameradschaft M\u00e4rkisch Oder\u00a0 Barnim verk\u00fcnden die Neonazis jetzt nur noch in einem Schreiben an \u201eTreue Kameraden und Kameradinnen\u201c, dass sich die Gruppierung selbst aufgel\u00f6st hat. Damit reagiert die 2007 gegr\u00fcndete KMOB offenbar auf die <a href=\"https:\/\/blog.zeit.de\/stoerungsmelder\/2010\/07\/03\/schlag-gegen-brandenburger-neonazi-gruppe_3813\">gro\u00dfe Razzia der Polizei vom Freitag<\/a>. Mehr als 130 Beamte hatten in Ostbrandenburg und Berlin 23 Wohnungen, Garagen, Keller und weitere Objekte durchsucht. Dabei wurden 5000 Gegenst\u00e4nde beschlagnahmt, darunter 337 Waffen wie Messer, S\u00e4bel, Schlagringe und Teleskopschlagst\u00f6cke.<\/p>\n<p><strong>Chefin des Brandenburger Verfassungsschutzes ist skeptisch<\/strong><\/p>\n<p>Am Sonnabend, so hei\u00dft es auf der Website der KMOB, habe man sich \u201eum 19 Uhr f\u00fcr offiziell aufgel\u00f6st\u201c erkl\u00e4rt. Die Begr\u00fcndung klingt allerdings weltfremd: Man habe in den vergangenen drei\u00a0 Jahren \u201eviele sch\u00f6ne und erlebnisreiche Stunden\u201c miteinander verbracht, doch habe dies die Bundesregierung \u201enicht mit Anerkennung, sondern Repression belohnt\u201c. Die Bundesregierung hatte mit der Razzia nichts zu tun, sie war allein Angelegenheit der Brandenburger Polizei und des Innenministeriums.<\/p>\n<p>Die Chefin des Brandenburger Verfassungsschutzes, Winfriede Schreiber, sieht die Erkl\u00e4rung zur Selbstaufl\u00f6sung der KMOB skeptisch. Sie vermute eine \u201eScheinaufl\u00f6sung\u201c, auch wenn das Ausma\u00df der Razzia die Neonazis geschockt habe, sagte Schreiber am Montag dem Tagesspiegel. Es sei zu erwarten, \u201edass man den Namen KMOB aufgibt, aber in \u00e4hnlichen Strukturen den Angriff auf die Demokratie fortsetzt\u201c. Offenbar wollten sich die KMOB-Mitglieder mit einem Ablenkungsman\u00f6ver dem drohenden Verbot entziehen.<\/p>\n<p><a href=\"https:\/\/blog.zeit.de\/stoerungsmelder\/files\/2010\/07\/kmob2-540.jpg\"><img loading=\"lazy\" decoding=\"async\" class=\"aligncenter size-full wp-image-3859\" title=\"kmob2-540\" src=\"https:\/\/blog.zeit.de\/stoerungsmelder\/files\/2010\/07\/kmob2-540.jpg\" alt=\"\" width=\"540\" height=\"200\" srcset=\"https:\/\/blog.zeit.de\/stoerungsmelder\/files\/2010\/07\/kmob2-540.jpg 540w, https:\/\/blog.zeit.de\/stoerungsmelder\/files\/2010\/07\/kmob2-540-300x111.jpg 300w\" sizes=\"auto, (max-width: 540px) 100vw, 540px\" \/><\/a><\/p>\n<p><strong>Struktur der \u201efreien Kr\u00e4fte\u201c<\/strong><\/p>\n<p>Schreiber h\u00e4lt es f\u00fcr denkbar, dass die 20 bis 25 KMOB-Leute nun als \u201efreie Kr\u00e4fte\u201c weiter agieren werden. \u201eFreie Kr\u00e4fte\u201c ist eine Bezeichnung, die in der rechten Szene immer h\u00e4ufiger verwandt wird, w\u00e4hrend das Modell der Kameradschaften an Attraktivit\u00e4t verliert. Viele Neonazis glauben, mit dem eher vagen Begriff \u201efreie Kr\u00e4fte\u201c seien ihre Strukturen f\u00fcr den Staat schwerer zu fassen. \u201eDas ist ein Irrtum\u201c, betonte Schreiber. Auch eine Gruppierung freier Kr\u00e4fte k\u00f6nne nach dem Vereinsrecht verboten werden, wenn eine \u201eorganisierte Willensbildung\u201c zu erkennen sei.<\/p>\n<p>Die KMOB selbst ist ein Beispiel f\u00fcr den Versuch der Neonazi-Szene, dem staatlichen Verfolgungsdruck auszuweichen. Im Jahr 2006 hatte sich die Gruppierung \u201eM\u00e4rkischer Heimatschutz (MHS)\u201c aufgel\u00f6st, um einem Verbot zu entgehen. Der MHS war wie die KMOB in Ostbrandenburg aktiv, enge Verbindungen gab es auch zu Neonazis in Berlin. 2007 beteiligten sich dann ehemalige Mitglieder des MHS an der Gr\u00fcndung der KMOB. Ihre beiden Anf\u00fchrer waren fr\u00fcher im MHS t\u00e4tig. Die KMOB trat \u00e4hnlich altmodisch neonazistisch auf wie der MHS und orientierte sich auch an der Berliner Kameradschaft \u201eFrontbann 24\u201c, die mit Uniformen und Reichsadler ebenfalls ein altbacken braunes Antlitz bot. Der Frontbann 24 wurde von Berlins Innensenator Ehrhart K\u00f6rting im November 2009 verboten. \u201eManche Rechtsextremisten sind so schlicht gestrickt, dass sie von den alten Symbolen nicht loskommen\u201c, sagte Schreiber. Viele j\u00fcngere Neonazis tendierten heute jedoch eher zu der Aktionsform der \u201eAutonomen Nationalisten\u201c. Da werden linksextreme Autonome kopiert, bei Demonstrationen pr\u00e4sentiert man sich als schwarzer Block.<\/p>\n<p>Mit einer Serie von Aufm\u00e4rschen wollte die KMOB in diesem Fr\u00fchjahr f\u00fcr sich werben. Die \u201eM\u00e4rkischen Aktionswochen\u201c waren jedoch ein Fehlschlag, da sich in Bernau, Bad Freienwalde und Strausberg zahlreiche Nazi-Gegner den Rechtsextremisten in den Weg stellten. In der Erkl\u00e4rung zur Selbstaufl\u00f6sung verk\u00fcndete die KMOB nun, die f\u00fcr den 10. Juli geplante Demonstration in Manschnow (M\u00e4rkisch Oderland) werde abgemeldet.<\/p>\n<p>Auff\u00e4llig wurden KMOB-Mitglieder auch mit Straftaten. Die Polizei z\u00e4hlte bislang 16 Delikte, darunter K\u00f6rperverletzung und Volksverhetzung. Ein Beispiel: Im Juni 2009 beleidigte ein KMOB-Mann in einem Lokal in H\u00f6henland (M\u00e4rkisch Oderland) einen Gast mit den Worten \u201edu Jude, fr\u00fcher h\u00e4tten sie dich vergast\u201c. Dann schlug der Neonazi dem Opfer ins Gesicht.<\/p>\n","protected":false},"excerpt":{"rendered":"<p>Am Freitag hat die Polizei eine Razzia gegen die &#8222;Kameradschaft M\u00e4rkisch Oder Barnim&#8220; durchgef\u00fchrt. Die Organisation hat reagiert und sich aufgel\u00f6st. Die Chefin des Brandenburger Verfassungsschutzes vermutet eine Scheinaufl\u00f6sung.<\/p>\n","protected":false},"author":229,"featured_media":0,"comment_status":"open","ping_status":"open","sticky":false,"template":"","format":"standard","meta":{"_jetpack_memberships_contains_paid_content":false,"footnotes":""},"categories":[1451],"tags":[1638,2338,2339],"class_list":["post-3857","post","type-post","status-publish","format-standard","hentry","category-brandenburg","tag-justiz","tag-kameradschaft-markisch-oder-barnim","tag-kmob"],"yoast_head":"<!-- This site is optimized with the Yoast SEO plugin v21.0 - https:\/\/yoast.com\/wordpress\/plugins\/seo\/ -->\n<title>Nach Razzia \u2013 Nazi-Kameradschaft l\u00f6st sich auf - St\u00f6rungsmelder<\/title>\n<meta name=\"robots\" content=\"index, follow, max-snippet:-1, max-image-preview:large, max-video-preview:-1\" \/>\n<link rel=\"canonical\" href=\"https:\/\/blog.zeit.de\/stoerungsmelder\/2010\/07\/05\/nach-razzia-\u2013-nazi-kameradschaft-lost-sich-auf_3857\" \/>\n<meta property=\"og:locale\" content=\"de_DE\" \/>\n<meta property=\"og:type\" content=\"article\" \/>\n<meta property=\"og:title\" content=\"Nach Razzia \u2013 Nazi-Kameradschaft l\u00f6st sich auf - St\u00f6rungsmelder\" \/>\n<meta property=\"og:description\" content=\"Am Freitag hat die Polizei eine Razzia gegen die &#8222;Kameradschaft M\u00e4rkisch Oder Barnim&#8220; durchgef\u00fchrt. Die Organisation hat reagiert und sich aufgel\u00f6st. Die Chefin des Brandenburger Verfassungsschutzes vermutet eine Scheinaufl\u00f6sung.\" \/>\n<meta property=\"og:url\" content=\"https:\/\/blog.zeit.de\/stoerungsmelder\/2010\/07\/05\/nach-razzia-\u2013-nazi-kameradschaft-lost-sich-auf_3857\" \/>\n<meta property=\"og:site_name\" content=\"St\u00f6rungsmelder\" \/>\n<meta property=\"article:published_time\" content=\"2010-07-05T12:36:36+00:00\" \/>\n<meta property=\"og:image\" content=\"https:\/\/blog.zeit.de\/stoerungsmelder\/files\/2010\/07\/kmob-540.jpg\" \/>\n<meta name=\"author\" content=\"St\u00f6rungsmelder\" \/>\n<meta name=\"twitter:card\" content=\"summary_large_image\" \/>\n<meta name=\"twitter:label1\" content=\"Geschrieben von\" \/>\n\t<meta name=\"twitter:data1\" content=\"St\u00f6rungsmelder\" \/>\n\t<meta name=\"twitter:label2\" content=\"Gesch\u00e4tzte Lesezeit\" \/>\n\t<meta name=\"twitter:data2\" content=\"3\u00a0Minuten\" \/>\n<script type=\"application\/ld+json\" class=\"yoast-schema-graph\">{\"@context\":\"https:\/\/schema.org\",\"@graph\":[{\"@type\":\"WebPage\",\"@id\":\"https:\/\/blog.zeit.de\/stoerungsmelder\/2010\/07\/05\/nach-razzia-%e2%80%93-nazi-kameradschaft-lost-sich-auf_3857\",\"url\":\"https:\/\/blog.zeit.de\/stoerungsmelder\/2010\/07\/05\/nach-razzia-%e2%80%93-nazi-kameradschaft-lost-sich-auf_3857\",\"name\":\"Nach Razzia \u2013 Nazi-Kameradschaft l\u00f6st sich auf - St\u00f6rungsmelder\",\"isPartOf\":{\"@id\":\"https:\/\/blog.zeit.de\/stoerungsmelder\/#website\"},\"datePublished\":\"2010-07-05T12:36:36+00:00\",\"dateModified\":\"2010-07-05T12:36:36+00:00\",\"author\":{\"@id\":\"https:\/\/blog.zeit.de\/stoerungsmelder\/#\/schema\/person\/fdd0b9818f65738672810b6d6f037f71\"},\"breadcrumb\":{\"@id\":\"https:\/\/blog.zeit.de\/stoerungsmelder\/2010\/07\/05\/nach-razzia-%e2%80%93-nazi-kameradschaft-lost-sich-auf_3857#breadcrumb\"},\"inLanguage\":\"de\",\"potentialAction\":[{\"@type\":\"ReadAction\",\"target\":[\"https:\/\/blog.zeit.de\/stoerungsmelder\/2010\/07\/05\/nach-razzia-%e2%80%93-nazi-kameradschaft-lost-sich-auf_3857\"]}]},{\"@type\":\"BreadcrumbList\",\"@id\":\"https:\/\/blog.zeit.de\/stoerungsmelder\/2010\/07\/05\/nach-razzia-%e2%80%93-nazi-kameradschaft-lost-sich-auf_3857#breadcrumb\",\"itemListElement\":[{\"@type\":\"ListItem\",\"position\":1,\"name\":\"Startseite\",\"item\":\"https:\/\/blog.zeit.de\/stoerungsmelder\"},{\"@type\":\"ListItem\",\"position\":2,\"name\":\"Nach Razzia \u2013 Nazi-Kameradschaft l\u00f6st sich auf\"}]},{\"@type\":\"WebSite\",\"@id\":\"https:\/\/blog.zeit.de\/stoerungsmelder\/#website\",\"url\":\"https:\/\/blog.zeit.de\/stoerungsmelder\/\",\"name\":\"St\u00f6rungsmelder\",\"description\":\"Recherchen und Analysen \u00fcber die extreme Rechte\",\"potentialAction\":[{\"@type\":\"SearchAction\",\"target\":{\"@type\":\"EntryPoint\",\"urlTemplate\":\"https:\/\/blog.zeit.de\/stoerungsmelder\/?s={search_term_string}\"},\"query-input\":\"required name=search_term_string\"}],\"inLanguage\":\"de\"},{\"@type\":\"Person\",\"@id\":\"https:\/\/blog.zeit.de\/stoerungsmelder\/#\/schema\/person\/fdd0b9818f65738672810b6d6f037f71\",\"name\":\"St\u00f6rungsmelder\",\"image\":{\"@type\":\"ImageObject\",\"inLanguage\":\"de\",\"@id\":\"https:\/\/blog.zeit.de\/stoerungsmelder\/#\/schema\/person\/image\/\",\"url\":\"https:\/\/secure.gravatar.com\/avatar\/dfa4be514c3e82a71e4f9a0020035d38192d080ccaa5e4e6d7a1472c763535c5?s=96&d=mm&r=pg\",\"contentUrl\":\"https:\/\/secure.gravatar.com\/avatar\/dfa4be514c3e82a71e4f9a0020035d38192d080ccaa5e4e6d7a1472c763535c5?s=96&d=mm&r=pg\",\"caption\":\"St\u00f6rungsmelder\"},\"url\":\"https:\/\/blog.zeit.de\/stoerungsmelder\/author\/stoerungsmelder\"}]}<\/script>\n<!-- \/ Yoast SEO plugin. -->","yoast_head_json":{"title":"Nach Razzia \u2013 Nazi-Kameradschaft l\u00f6st sich auf - St\u00f6rungsmelder","robots":{"index":"index","follow":"follow","max-snippet":"max-snippet:-1","max-image-preview":"max-image-preview:large","max-video-preview":"max-video-preview:-1"},"canonical":"https:\/\/blog.zeit.de\/stoerungsmelder\/2010\/07\/05\/nach-razzia-\u2013-nazi-kameradschaft-lost-sich-auf_3857","og_locale":"de_DE","og_type":"article","og_title":"Nach Razzia \u2013 Nazi-Kameradschaft l\u00f6st sich auf - St\u00f6rungsmelder","og_description":"Am Freitag hat die Polizei eine Razzia gegen die &#8222;Kameradschaft M\u00e4rkisch Oder Barnim&#8220; durchgef\u00fchrt. Die Organisation hat reagiert und sich aufgel\u00f6st. Die Chefin des Brandenburger Verfassungsschutzes vermutet eine Scheinaufl\u00f6sung.","og_url":"https:\/\/blog.zeit.de\/stoerungsmelder\/2010\/07\/05\/nach-razzia-\u2013-nazi-kameradschaft-lost-sich-auf_3857","og_site_name":"St\u00f6rungsmelder","article_published_time":"2010-07-05T12:36:36+00:00","og_image":[{"url":"https:\/\/blog.zeit.de\/stoerungsmelder\/files\/2010\/07\/kmob-540.jpg"}],"author":"St\u00f6rungsmelder","twitter_card":"summary_large_image","twitter_misc":{"Geschrieben von":"St\u00f6rungsmelder","Gesch\u00e4tzte Lesezeit":"3\u00a0Minuten"},"schema":{"@context":"https:\/\/schema.org","@graph":[{"@type":"WebPage","@id":"https:\/\/blog.zeit.de\/stoerungsmelder\/2010\/07\/05\/nach-razzia-%e2%80%93-nazi-kameradschaft-lost-sich-auf_3857","url":"https:\/\/blog.zeit.de\/stoerungsmelder\/2010\/07\/05\/nach-razzia-%e2%80%93-nazi-kameradschaft-lost-sich-auf_3857","name":"Nach Razzia \u2013 Nazi-Kameradschaft l\u00f6st sich auf - St\u00f6rungsmelder","isPartOf":{"@id":"https:\/\/blog.zeit.de\/stoerungsmelder\/#website"},"datePublished":"2010-07-05T12:36:36+00:00","dateModified":"2010-07-05T12:36:36+00:00","author":{"@id":"https:\/\/blog.zeit.de\/stoerungsmelder\/#\/schema\/person\/fdd0b9818f65738672810b6d6f037f71"},"breadcrumb":{"@id":"https:\/\/blog.zeit.de\/stoerungsmelder\/2010\/07\/05\/nach-razzia-%e2%80%93-nazi-kameradschaft-lost-sich-auf_3857#breadcrumb"},"inLanguage":"de","potentialAction":[{"@type":"ReadAction","target":["https:\/\/blog.zeit.de\/stoerungsmelder\/2010\/07\/05\/nach-razzia-%e2%80%93-nazi-kameradschaft-lost-sich-auf_3857"]}]},{"@type":"BreadcrumbList","@id":"https:\/\/blog.zeit.de\/stoerungsmelder\/2010\/07\/05\/nach-razzia-%e2%80%93-nazi-kameradschaft-lost-sich-auf_3857#breadcrumb","itemListElement":[{"@type":"ListItem","position":1,"name":"Startseite","item":"https:\/\/blog.zeit.de\/stoerungsmelder"},{"@type":"ListItem","position":2,"name":"Nach Razzia \u2013 Nazi-Kameradschaft l\u00f6st sich auf"}]},{"@type":"WebSite","@id":"https:\/\/blog.zeit.de\/stoerungsmelder\/#website","url":"https:\/\/blog.zeit.de\/stoerungsmelder\/","name":"St\u00f6rungsmelder","description":"Recherchen und Analysen \u00fcber die extreme Rechte","potentialAction":[{"@type":"SearchAction","target":{"@type":"EntryPoint","urlTemplate":"https:\/\/blog.zeit.de\/stoerungsmelder\/?s={search_term_string}"},"query-input":"required name=search_term_string"}],"inLanguage":"de"},{"@type":"Person","@id":"https:\/\/blog.zeit.de\/stoerungsmelder\/#\/schema\/person\/fdd0b9818f65738672810b6d6f037f71","name":"St\u00f6rungsmelder","image":{"@type":"ImageObject","inLanguage":"de","@id":"https:\/\/blog.zeit.de\/stoerungsmelder\/#\/schema\/person\/image\/","url":"https:\/\/secure.gravatar.com\/avatar\/dfa4be514c3e82a71e4f9a0020035d38192d080ccaa5e4e6d7a1472c763535c5?s=96&d=mm&r=pg","contentUrl":"https:\/\/secure.gravatar.com\/avatar\/dfa4be514c3e82a71e4f9a0020035d38192d080ccaa5e4e6d7a1472c763535c5?s=96&d=mm&r=pg","caption":"St\u00f6rungsmelder"},"url":"https:\/\/blog.zeit.de\/stoerungsmelder\/author\/stoerungsmelder"}]}},"jetpack_featured_media_url":"","jetpack_sharing_enabled":true,"_links":{"self":[{"href":"https:\/\/blog.zeit.de\/stoerungsmelder\/wp-json\/wp\/v2\/posts\/3857","targetHints":{"allow":["GET"]}}],"collection":[{"href":"https:\/\/blog.zeit.de\/stoerungsmelder\/wp-json\/wp\/v2\/posts"}],"about":[{"href":"https:\/\/blog.zeit.de\/stoerungsmelder\/wp-json\/wp\/v2\/types\/post"}],"author":[{"embeddable":true,"href":"https:\/\/blog.zeit.de\/stoerungsmelder\/wp-json\/wp\/v2\/users\/229"}],"replies":[{"embeddable":true,"href":"https:\/\/blog.zeit.de\/stoerungsmelder\/wp-json\/wp\/v2\/comments?post=3857"}],"version-history":[{"count":0,"href":"https:\/\/blog.zeit.de\/stoerungsmelder\/wp-json\/wp\/v2\/posts\/3857\/revisions"}],"wp:attachment":[{"href":"https:\/\/blog.zeit.de\/stoerungsmelder\/wp-json\/wp\/v2\/media?parent=3857"}],"wp:term":[{"taxonomy":"category","embeddable":true,"href":"https:\/\/blog.zeit.de\/stoerungsmelder\/wp-json\/wp\/v2\/categories?post=3857"},{"taxonomy":"post_tag","embeddable":true,"href":"https:\/\/blog.zeit.de\/stoerungsmelder\/wp-json\/wp\/v2\/tags?post=3857"}],"curies":[{"name":"wp","href":"https:\/\/api.w.org\/{rel}","templated":true}]}}