{"id":401,"date":"2008-09-18T17:11:40","date_gmt":"2008-09-18T16:11:40","guid":{"rendered":"http:\/\/blog.zeit.de\/stoerungsmelder\/2008\/09\/18\/rassistenkongress-in-koln-stost-auf-breiten-widerstand_401"},"modified":"2008-09-18T17:11:40","modified_gmt":"2008-09-18T16:11:40","slug":"rassistenkongress-in-koln-stost-auf-breiten-widerstand","status":"publish","type":"post","link":"https:\/\/blog.zeit.de\/stoerungsmelder\/2008\/09\/18\/rassistenkongress-in-koln-stost-auf-breiten-widerstand_401","title":{"rendered":"Rassistenkongress in K\u00f6ln st\u00f6\u00dft auf breiten Widerstand"},"content":{"rendered":"<p>Viele werden sicherlich schon davon geh\u00f6rt haben: Am kommenden Wochenende hat die rechtsextreme Organisation &#8222;B\u00fcrgerbewegung Pro K\u00f6ln&#8220; zu einem sogenannten &#8222;Anti-Islamisierungs-Kongress&#8220; eingeladen. Dabei wollen bis  zu 1000 Teilnehmer\/innen aus ganz Europa &#8211; vom klassischen Neonazi bis hin zu Rechtskonservativen &#8211;  unter dem Deckmantel einer vermeintlichen Islamkritik ihre Propaganda gegen Menschen anderer Herkunft und Religion verbreiten.<\/p>\n<p>Erfreulicherweise regt sich breiter Widerstand: Zu den Protesten werden bis zu <a href=\"http:\/\/npd-blog.info\/?p=2199\" title=\"Info\">40.000 GegendemonstrantInnen<\/a> erwartet.<!--more--><\/p>\n<p>Die selbsternannte <a href=\"http:\/\/www.netz-gegen-nazis.de\/artikel\/buergerbewegung-pro-koeln\" title=\"Infos\">&#8222;B\u00fcrgerbewegung Pro K\u00f6ln\u201c<\/a> ist eine extrem rechte Organisation, die seit Jahren in K\u00f6ln und auch \u00fcberregional mit rassistischer Hetze Politik betreibt. Eine ganze Reihe ehemaliger Aktivisten anderer Nazi-Organisationen wie der NPD, den \u201eRepublikanern\u201c und der \u201eDeutschen Liga f\u00fcr Volk und Heimat\u201c sind mittlerweile bei &#8222;Pro K\u00f6ln&#8220; aktiv. Mit rassistischer Propaganda gegen den Bau einer Moschee in K\u00f6ln-Ehrenfeld betreibt  &#8222;Pro K\u00f6ln&#8220; leider recht erfolgreich Wahlkampf.<\/p>\n<p>In diesem Kontext ist auch der Rassistenkongress zu sehen: So soll neben dem Versuch, die europ\u00e4ische, extreme Rechte st\u00e4rker zu vernetzen, mit der Gro\u00dfveranstaltung der Wahlkampf zur Wahl 2009 in NRW eingel\u00e4utet werden. F\u00fcr den Kongress haben sich unter anderem VertreterInnen extrem rechter Parteien aus \u00d6sterreich (FP\u00d6), Belgien (Vlaams Belang), Italien (Lega Nord), den USA (Robert Taft Group), Gro\u00dfbritannien (British National Party), Spanien und Ungarn angesagt.<\/p>\n<p>Peinlich schon im Vorwege f\u00fcr &#8222;Pro K\u00f6ln&#8220;: Le Pen, der Chef der franz\u00f6sichen Front National und europ\u00e4ischer &#8222;Star&#8220; der Rechtsextremen, <a href=\"http:\/\/www.spiegel.de\/politik\/deutschland\/0,1518,578776,00.html\" title=\"Le Pen\">wei\u00df bisher nichts davon<\/a>, dass er als Hauptredner f\u00fcr die Hetzveranstaltung gesetzt ist, obwohl ihn &#8222;Pro K\u00f6ln&#8220; als Zugpferd nutzt. Le Pen wird wohl nicht erscheinen.<\/p>\n<p>Die geplanten Aktivit\u00e4ten gegen den Versuch europ\u00e4ischer Rechtsextremisten, das Thema &#8222;Islam&#8220; rassistisch auszuschlachten und zu einem Angstthema f\u00fcr den Wahlkampf zu machen, sto\u00dfen auf ein breites gesellschaftliches Echo. So findet beispielsweise der <a href=\"http:\/\/www.hingesetzt.mobi\/cms-\/index.php?option=com_content&amp;view=article&amp;id=109&amp;Itemid=122\" title=\"Aufruf\">Aufruf zu Massenblockaden<\/a>, durch die die Zufahrtswege zum Kongress versperrt werden sollen, viel Zuspruch. D\u00fcsseldorfer <a href=\"http:\/\/www.rp-online.de\/public\/article\/duesseldorf-stadt\/615842\/Duesseldorfer-Protest-gegen-proKoeln.html\" title=\"Bericht Jecken\">Karnevalsjecken<\/a> rufen ebenso zu Demonstrationen und Aktionen auf wie ein Zusammenschluss von <a href=\"http:\/\/www.hingesetzt.mobi\/kneipenkultur\/start.htm\" title=\"Kneipenkultur\">K\u00f6lner Kneipen gegen Rechts<\/a>. Selbst der <a href=\"http:\/\/www.koeln.de\/artikel\/Sport\/Arsch-huh-1-FC-Koeln-gegen-Rassismus-44306-2.html\" title=\"Bericht\">1. FC K\u00f6ln<\/a> bezieht mit einer Fotoaktion Stellung.<\/p>\n<p>Es gibt also vielf\u00e4ltige Ankn\u00fcpfungspunkte, um am Wochenende in K\u00f6ln aktiv zu werden.<\/p>\n","protected":false},"excerpt":{"rendered":"<p>Viele werden sicherlich schon davon geh\u00f6rt haben: Am kommenden Wochenende hat die rechtsextreme Organisation &#8222;B\u00fcrgerbewegung Pro K\u00f6ln&#8220; zu einem sogenannten &#8222;Anti-Islamisierungs-Kongress&#8220; eingeladen. Dabei wollen bis zu 1000 Teilnehmer\/innen aus ganz Europa &#8211; vom klassischen Neonazi bis hin zu Rechtskonservativen &#8211; unter dem Deckmantel einer vermeintlichen Islamkritik ihre Propaganda gegen Menschen anderer Herkunft und Religion verbreiten. [&hellip;]<\/p>\n","protected":false},"author":222,"featured_media":0,"comment_status":"open","ping_status":"open","sticky":false,"template":"","format":"standard","meta":{"_jetpack_memberships_contains_paid_content":false,"footnotes":""},"categories":[1515,1291],"tags":[97],"class_list":["post-401","post","type-post","status-publish","format-standard","hentry","category-bundesweit","category-nordrhein-westfalen","tag-rassismus"],"yoast_head":"<!-- This site is optimized with the Yoast SEO plugin v21.0 - https:\/\/yoast.com\/wordpress\/plugins\/seo\/ -->\n<title>Rassistenkongress in K\u00f6ln st\u00f6\u00dft auf breiten Widerstand - St\u00f6rungsmelder<\/title>\n<meta name=\"robots\" content=\"index, follow, max-snippet:-1, max-image-preview:large, max-video-preview:-1\" \/>\n<link rel=\"canonical\" href=\"https:\/\/blog.zeit.de\/stoerungsmelder\/2008\/09\/18\/rassistenkongress-in-koln-stost-auf-breiten-widerstand_401\" \/>\n<meta property=\"og:locale\" content=\"de_DE\" \/>\n<meta property=\"og:type\" content=\"article\" \/>\n<meta property=\"og:title\" content=\"Rassistenkongress in K\u00f6ln st\u00f6\u00dft auf breiten Widerstand - St\u00f6rungsmelder\" \/>\n<meta property=\"og:description\" content=\"Viele werden sicherlich schon davon geh\u00f6rt haben: Am kommenden Wochenende hat die rechtsextreme Organisation &#8222;B\u00fcrgerbewegung Pro K\u00f6ln&#8220; zu einem sogenannten &#8222;Anti-Islamisierungs-Kongress&#8220; eingeladen. Dabei wollen bis zu 1000 Teilnehmer\/innen aus ganz Europa &#8211; vom klassischen Neonazi bis hin zu Rechtskonservativen &#8211; unter dem Deckmantel einer vermeintlichen Islamkritik ihre Propaganda gegen Menschen anderer Herkunft und Religion verbreiten. [&hellip;]\" \/>\n<meta property=\"og:url\" content=\"https:\/\/blog.zeit.de\/stoerungsmelder\/2008\/09\/18\/rassistenkongress-in-koln-stost-auf-breiten-widerstand_401\" \/>\n<meta property=\"og:site_name\" content=\"St\u00f6rungsmelder\" \/>\n<meta property=\"article:published_time\" content=\"2008-09-18T16:11:40+00:00\" \/>\n<meta name=\"author\" content=\"Jan Jetter\" \/>\n<meta name=\"twitter:card\" content=\"summary_large_image\" \/>\n<meta name=\"twitter:label1\" content=\"Geschrieben von\" \/>\n\t<meta name=\"twitter:data1\" content=\"Jan Jetter\" \/>\n\t<meta name=\"twitter:label2\" content=\"Gesch\u00e4tzte Lesezeit\" \/>\n\t<meta name=\"twitter:data2\" content=\"2\u00a0Minuten\" \/>\n<script type=\"application\/ld+json\" class=\"yoast-schema-graph\">{\"@context\":\"https:\/\/schema.org\",\"@graph\":[{\"@type\":\"WebPage\",\"@id\":\"https:\/\/blog.zeit.de\/stoerungsmelder\/2008\/09\/18\/rassistenkongress-in-koln-stost-auf-breiten-widerstand_401\",\"url\":\"https:\/\/blog.zeit.de\/stoerungsmelder\/2008\/09\/18\/rassistenkongress-in-koln-stost-auf-breiten-widerstand_401\",\"name\":\"Rassistenkongress in K\u00f6ln st\u00f6\u00dft auf breiten Widerstand - St\u00f6rungsmelder\",\"isPartOf\":{\"@id\":\"https:\/\/blog.zeit.de\/stoerungsmelder\/#website\"},\"datePublished\":\"2008-09-18T16:11:40+00:00\",\"dateModified\":\"2008-09-18T16:11:40+00:00\",\"author\":{\"@id\":\"https:\/\/blog.zeit.de\/stoerungsmelder\/#\/schema\/person\/a7da6ffb04f4cd2c86b3e3ef179aa17a\"},\"breadcrumb\":{\"@id\":\"https:\/\/blog.zeit.de\/stoerungsmelder\/2008\/09\/18\/rassistenkongress-in-koln-stost-auf-breiten-widerstand_401#breadcrumb\"},\"inLanguage\":\"de\",\"potentialAction\":[{\"@type\":\"ReadAction\",\"target\":[\"https:\/\/blog.zeit.de\/stoerungsmelder\/2008\/09\/18\/rassistenkongress-in-koln-stost-auf-breiten-widerstand_401\"]}]},{\"@type\":\"BreadcrumbList\",\"@id\":\"https:\/\/blog.zeit.de\/stoerungsmelder\/2008\/09\/18\/rassistenkongress-in-koln-stost-auf-breiten-widerstand_401#breadcrumb\",\"itemListElement\":[{\"@type\":\"ListItem\",\"position\":1,\"name\":\"Startseite\",\"item\":\"https:\/\/blog.zeit.de\/stoerungsmelder\"},{\"@type\":\"ListItem\",\"position\":2,\"name\":\"Rassistenkongress in K\u00f6ln st\u00f6\u00dft auf breiten Widerstand\"}]},{\"@type\":\"WebSite\",\"@id\":\"https:\/\/blog.zeit.de\/stoerungsmelder\/#website\",\"url\":\"https:\/\/blog.zeit.de\/stoerungsmelder\/\",\"name\":\"St\u00f6rungsmelder\",\"description\":\"Recherchen und Analysen \u00fcber die extreme Rechte\",\"potentialAction\":[{\"@type\":\"SearchAction\",\"target\":{\"@type\":\"EntryPoint\",\"urlTemplate\":\"https:\/\/blog.zeit.de\/stoerungsmelder\/?s={search_term_string}\"},\"query-input\":\"required name=search_term_string\"}],\"inLanguage\":\"de\"},{\"@type\":\"Person\",\"@id\":\"https:\/\/blog.zeit.de\/stoerungsmelder\/#\/schema\/person\/a7da6ffb04f4cd2c86b3e3ef179aa17a\",\"name\":\"Jan Jetter\",\"image\":{\"@type\":\"ImageObject\",\"inLanguage\":\"de\",\"@id\":\"https:\/\/blog.zeit.de\/stoerungsmelder\/#\/schema\/person\/image\/\",\"url\":\"https:\/\/secure.gravatar.com\/avatar\/e0e4e181dfdaf618bd1e60990afe2a233c3d74deccf13e756c794ec8311b50a5?s=96&d=mm&r=pg\",\"contentUrl\":\"https:\/\/secure.gravatar.com\/avatar\/e0e4e181dfdaf618bd1e60990afe2a233c3d74deccf13e756c794ec8311b50a5?s=96&d=mm&r=pg\",\"caption\":\"Jan Jetter\"},\"url\":\"https:\/\/blog.zeit.de\/stoerungsmelder\/author\/jan-jetter\"}]}<\/script>\n<!-- \/ Yoast SEO plugin. -->","yoast_head_json":{"title":"Rassistenkongress in K\u00f6ln st\u00f6\u00dft auf breiten Widerstand - St\u00f6rungsmelder","robots":{"index":"index","follow":"follow","max-snippet":"max-snippet:-1","max-image-preview":"max-image-preview:large","max-video-preview":"max-video-preview:-1"},"canonical":"https:\/\/blog.zeit.de\/stoerungsmelder\/2008\/09\/18\/rassistenkongress-in-koln-stost-auf-breiten-widerstand_401","og_locale":"de_DE","og_type":"article","og_title":"Rassistenkongress in K\u00f6ln st\u00f6\u00dft auf breiten Widerstand - St\u00f6rungsmelder","og_description":"Viele werden sicherlich schon davon geh\u00f6rt haben: Am kommenden Wochenende hat die rechtsextreme Organisation &#8222;B\u00fcrgerbewegung Pro K\u00f6ln&#8220; zu einem sogenannten &#8222;Anti-Islamisierungs-Kongress&#8220; eingeladen. Dabei wollen bis zu 1000 Teilnehmer\/innen aus ganz Europa &#8211; vom klassischen Neonazi bis hin zu Rechtskonservativen &#8211; unter dem Deckmantel einer vermeintlichen Islamkritik ihre Propaganda gegen Menschen anderer Herkunft und Religion verbreiten. [&hellip;]","og_url":"https:\/\/blog.zeit.de\/stoerungsmelder\/2008\/09\/18\/rassistenkongress-in-koln-stost-auf-breiten-widerstand_401","og_site_name":"St\u00f6rungsmelder","article_published_time":"2008-09-18T16:11:40+00:00","author":"Jan Jetter","twitter_card":"summary_large_image","twitter_misc":{"Geschrieben von":"Jan Jetter","Gesch\u00e4tzte Lesezeit":"2\u00a0Minuten"},"schema":{"@context":"https:\/\/schema.org","@graph":[{"@type":"WebPage","@id":"https:\/\/blog.zeit.de\/stoerungsmelder\/2008\/09\/18\/rassistenkongress-in-koln-stost-auf-breiten-widerstand_401","url":"https:\/\/blog.zeit.de\/stoerungsmelder\/2008\/09\/18\/rassistenkongress-in-koln-stost-auf-breiten-widerstand_401","name":"Rassistenkongress in K\u00f6ln st\u00f6\u00dft auf breiten Widerstand - St\u00f6rungsmelder","isPartOf":{"@id":"https:\/\/blog.zeit.de\/stoerungsmelder\/#website"},"datePublished":"2008-09-18T16:11:40+00:00","dateModified":"2008-09-18T16:11:40+00:00","author":{"@id":"https:\/\/blog.zeit.de\/stoerungsmelder\/#\/schema\/person\/a7da6ffb04f4cd2c86b3e3ef179aa17a"},"breadcrumb":{"@id":"https:\/\/blog.zeit.de\/stoerungsmelder\/2008\/09\/18\/rassistenkongress-in-koln-stost-auf-breiten-widerstand_401#breadcrumb"},"inLanguage":"de","potentialAction":[{"@type":"ReadAction","target":["https:\/\/blog.zeit.de\/stoerungsmelder\/2008\/09\/18\/rassistenkongress-in-koln-stost-auf-breiten-widerstand_401"]}]},{"@type":"BreadcrumbList","@id":"https:\/\/blog.zeit.de\/stoerungsmelder\/2008\/09\/18\/rassistenkongress-in-koln-stost-auf-breiten-widerstand_401#breadcrumb","itemListElement":[{"@type":"ListItem","position":1,"name":"Startseite","item":"https:\/\/blog.zeit.de\/stoerungsmelder"},{"@type":"ListItem","position":2,"name":"Rassistenkongress in K\u00f6ln st\u00f6\u00dft auf breiten Widerstand"}]},{"@type":"WebSite","@id":"https:\/\/blog.zeit.de\/stoerungsmelder\/#website","url":"https:\/\/blog.zeit.de\/stoerungsmelder\/","name":"St\u00f6rungsmelder","description":"Recherchen und Analysen \u00fcber die extreme Rechte","potentialAction":[{"@type":"SearchAction","target":{"@type":"EntryPoint","urlTemplate":"https:\/\/blog.zeit.de\/stoerungsmelder\/?s={search_term_string}"},"query-input":"required name=search_term_string"}],"inLanguage":"de"},{"@type":"Person","@id":"https:\/\/blog.zeit.de\/stoerungsmelder\/#\/schema\/person\/a7da6ffb04f4cd2c86b3e3ef179aa17a","name":"Jan Jetter","image":{"@type":"ImageObject","inLanguage":"de","@id":"https:\/\/blog.zeit.de\/stoerungsmelder\/#\/schema\/person\/image\/","url":"https:\/\/secure.gravatar.com\/avatar\/e0e4e181dfdaf618bd1e60990afe2a233c3d74deccf13e756c794ec8311b50a5?s=96&d=mm&r=pg","contentUrl":"https:\/\/secure.gravatar.com\/avatar\/e0e4e181dfdaf618bd1e60990afe2a233c3d74deccf13e756c794ec8311b50a5?s=96&d=mm&r=pg","caption":"Jan Jetter"},"url":"https:\/\/blog.zeit.de\/stoerungsmelder\/author\/jan-jetter"}]}},"jetpack_featured_media_url":"","jetpack_sharing_enabled":true,"_links":{"self":[{"href":"https:\/\/blog.zeit.de\/stoerungsmelder\/wp-json\/wp\/v2\/posts\/401","targetHints":{"allow":["GET"]}}],"collection":[{"href":"https:\/\/blog.zeit.de\/stoerungsmelder\/wp-json\/wp\/v2\/posts"}],"about":[{"href":"https:\/\/blog.zeit.de\/stoerungsmelder\/wp-json\/wp\/v2\/types\/post"}],"author":[{"embeddable":true,"href":"https:\/\/blog.zeit.de\/stoerungsmelder\/wp-json\/wp\/v2\/users\/222"}],"replies":[{"embeddable":true,"href":"https:\/\/blog.zeit.de\/stoerungsmelder\/wp-json\/wp\/v2\/comments?post=401"}],"version-history":[{"count":0,"href":"https:\/\/blog.zeit.de\/stoerungsmelder\/wp-json\/wp\/v2\/posts\/401\/revisions"}],"wp:attachment":[{"href":"https:\/\/blog.zeit.de\/stoerungsmelder\/wp-json\/wp\/v2\/media?parent=401"}],"wp:term":[{"taxonomy":"category","embeddable":true,"href":"https:\/\/blog.zeit.de\/stoerungsmelder\/wp-json\/wp\/v2\/categories?post=401"},{"taxonomy":"post_tag","embeddable":true,"href":"https:\/\/blog.zeit.de\/stoerungsmelder\/wp-json\/wp\/v2\/tags?post=401"}],"curies":[{"name":"wp","href":"https:\/\/api.w.org\/{rel}","templated":true}]}}