{"id":4019,"date":"2010-07-19T13:18:31","date_gmt":"2010-07-19T11:18:31","guid":{"rendered":"http:\/\/blog.zeit.de\/stoerungsmelder\/?p=4019"},"modified":"2010-07-19T15:09:46","modified_gmt":"2010-07-19T13:09:46","slug":"erfolgreicher-web-2-0-protest","status":"publish","type":"post","link":"https:\/\/blog.zeit.de\/stoerungsmelder\/2010\/07\/19\/erfolgreicher-web-2-0-protest_4019","title":{"rendered":"Erfolgreicher Web 2.0-Protest"},"content":{"rendered":"<p><img loading=\"lazy\" decoding=\"async\" class=\"alignleft\" src=\"http:\/\/gesichtzeigen.de\/uploads\/onlinedemo.jpg\" alt=\"\" width=\"200\" height=\"188\" \/><\/p>\n<p>Bei der einzigartigen Online-Demo auf Facebook kann jeder Gesicht zeigen gegen Rassismus, Ausgrenzung, Gewalt und Brutalisierung. Das ist in dieser Form absolut einmalig, der app wurde extra f\u00fcr <a href=\"http:\/\/www.gesichtzeigen.de\">Gesicht Zeigen!<\/a> entwickelt. Hier kann jeder facebook-Nutzer Position beziehen.<!--more--><\/p>\n<p>Und das ist ja wohl das Mindeste, was jeder und jede unterst\u00fctzen sollte &#8211; gerade in sozialen Netzwerken, die auch von Neonazis massiv genutzt werden. Daher freuen wir uns, dass wir heute die 1.000 \u00fcberschritten haben. Jeder User kann sein oder ihr Gesicht hochladen und mit demonstrieren. Es ist lustig, spielerisch und macht Spa\u00df! Und es ist ein Statement &#8211; gegen Rassismus, Ausgrenzung und Gewalt! Wer sein Foto hochgeladen hat, kann die gesamte Demo \u00fcberfliegen und f\u00fchrt diese sogar an \u2013 die M\u00e4nner im Anzug, die Frauen im R\u00f6ckchen! Nat\u00fcrlich sind 1.000 erst der Anfang &#8211; also: mitmachen, Gesicht Zeigen!<\/p>\n<p><a href=\"http:\/\/www.facebook.com\/gesichtzeigen?v=app_127522253933403&#038;ref=ts\">Mehr auf unserer Facebookseite<\/a><\/p>\n<p>Seit Anfang M\u00e4rz ist Gesicht Zeigen! auf facebook pr\u00e4sent. Inzwischen werden fast 4.000 Facebooker mehrmals t\u00e4glich mit Informationen versorgt. So weisen wir auf Veranstaltungen hin, rufen zur Teilnahme an Demonstrationen oder Online-Petitionen auf, kommentieren aktuelle Geschehnisse und diskutieren mit der \u201eFacebook-Community\u201c. Das GESICHT ZEIGEN! NETZWERK ist das Online-Netzwerk gegen Rassismus, Fremdenfeindlichkeit, Gewalt und Brutalisierung. Es verbindet Menschen erst online auf facebook und sp\u00e4ter auch offline zu Projekten f\u00fcr eine tolerante und weltoffene Gesellschaft.<\/p>\n","protected":false},"excerpt":{"rendered":"<p>Bei der einzigartigen Online-Demo auf Facebook kann jeder Gesicht zeigen gegen Rassismus, Ausgrenzung, Gewalt und Brutalisierung. Das ist in dieser Form absolut einmalig, der app wurde extra f\u00fcr Gesicht Zeigen! entwickelt. Hier kann jeder facebook-Nutzer Position beziehen.<\/p>\n","protected":false},"author":224,"featured_media":0,"comment_status":"open","ping_status":"open","sticky":false,"template":"","format":"standard","meta":{"_jetpack_memberships_contains_paid_content":false,"footnotes":""},"categories":[1],"tags":[1752,1858],"class_list":["post-4019","post","type-post","status-publish","format-standard","hentry","category-allgemein","tag-protest","tag-zivilcourage"],"yoast_head":"<!-- This site is optimized with the Yoast SEO plugin v21.0 - https:\/\/yoast.com\/wordpress\/plugins\/seo\/ -->\n<title>Erfolgreicher Web 2.0-Protest - St\u00f6rungsmelder<\/title>\n<meta name=\"robots\" content=\"index, follow, max-snippet:-1, max-image-preview:large, max-video-preview:-1\" \/>\n<link rel=\"canonical\" href=\"https:\/\/blog.zeit.de\/stoerungsmelder\/2010\/07\/19\/erfolgreicher-web-2-0-protest_4019\" \/>\n<meta property=\"og:locale\" content=\"de_DE\" \/>\n<meta property=\"og:type\" content=\"article\" \/>\n<meta property=\"og:title\" content=\"Erfolgreicher Web 2.0-Protest - St\u00f6rungsmelder\" \/>\n<meta property=\"og:description\" content=\"Bei der einzigartigen Online-Demo auf Facebook kann jeder Gesicht zeigen gegen Rassismus, Ausgrenzung, Gewalt und Brutalisierung. Das ist in dieser Form absolut einmalig, der app wurde extra f\u00fcr Gesicht Zeigen! entwickelt. Hier kann jeder facebook-Nutzer Position beziehen.\" \/>\n<meta property=\"og:url\" content=\"https:\/\/blog.zeit.de\/stoerungsmelder\/2010\/07\/19\/erfolgreicher-web-2-0-protest_4019\" \/>\n<meta property=\"og:site_name\" content=\"St\u00f6rungsmelder\" \/>\n<meta property=\"article:published_time\" content=\"2010-07-19T11:18:31+00:00\" \/>\n<meta property=\"article:modified_time\" content=\"2010-07-19T13:09:46+00:00\" \/>\n<meta property=\"og:image\" content=\"http:\/\/gesichtzeigen.de\/uploads\/onlinedemo.jpg\" \/>\n<meta name=\"author\" content=\"Rebecca Weis\" \/>\n<meta name=\"twitter:card\" content=\"summary_large_image\" \/>\n<meta name=\"twitter:label1\" content=\"Geschrieben von\" \/>\n\t<meta name=\"twitter:data1\" content=\"Rebecca Weis\" \/>\n\t<meta name=\"twitter:label2\" content=\"Gesch\u00e4tzte Lesezeit\" \/>\n\t<meta name=\"twitter:data2\" content=\"1\u00a0Minute\" \/>\n<script type=\"application\/ld+json\" class=\"yoast-schema-graph\">{\"@context\":\"https:\/\/schema.org\",\"@graph\":[{\"@type\":\"WebPage\",\"@id\":\"https:\/\/blog.zeit.de\/stoerungsmelder\/2010\/07\/19\/erfolgreicher-web-2-0-protest_4019\",\"url\":\"https:\/\/blog.zeit.de\/stoerungsmelder\/2010\/07\/19\/erfolgreicher-web-2-0-protest_4019\",\"name\":\"Erfolgreicher Web 2.0-Protest - St\u00f6rungsmelder\",\"isPartOf\":{\"@id\":\"https:\/\/blog.zeit.de\/stoerungsmelder\/#website\"},\"datePublished\":\"2010-07-19T11:18:31+00:00\",\"dateModified\":\"2010-07-19T13:09:46+00:00\",\"author\":{\"@id\":\"https:\/\/blog.zeit.de\/stoerungsmelder\/#\/schema\/person\/0ed1169ad066599e4f0c58a8a9929895\"},\"breadcrumb\":{\"@id\":\"https:\/\/blog.zeit.de\/stoerungsmelder\/2010\/07\/19\/erfolgreicher-web-2-0-protest_4019#breadcrumb\"},\"inLanguage\":\"de\",\"potentialAction\":[{\"@type\":\"ReadAction\",\"target\":[\"https:\/\/blog.zeit.de\/stoerungsmelder\/2010\/07\/19\/erfolgreicher-web-2-0-protest_4019\"]}]},{\"@type\":\"BreadcrumbList\",\"@id\":\"https:\/\/blog.zeit.de\/stoerungsmelder\/2010\/07\/19\/erfolgreicher-web-2-0-protest_4019#breadcrumb\",\"itemListElement\":[{\"@type\":\"ListItem\",\"position\":1,\"name\":\"Startseite\",\"item\":\"https:\/\/blog.zeit.de\/stoerungsmelder\"},{\"@type\":\"ListItem\",\"position\":2,\"name\":\"Erfolgreicher Web 2.0-Protest\"}]},{\"@type\":\"WebSite\",\"@id\":\"https:\/\/blog.zeit.de\/stoerungsmelder\/#website\",\"url\":\"https:\/\/blog.zeit.de\/stoerungsmelder\/\",\"name\":\"St\u00f6rungsmelder\",\"description\":\"Recherchen und Analysen \u00fcber die extreme Rechte\",\"potentialAction\":[{\"@type\":\"SearchAction\",\"target\":{\"@type\":\"EntryPoint\",\"urlTemplate\":\"https:\/\/blog.zeit.de\/stoerungsmelder\/?s={search_term_string}\"},\"query-input\":\"required name=search_term_string\"}],\"inLanguage\":\"de\"},{\"@type\":\"Person\",\"@id\":\"https:\/\/blog.zeit.de\/stoerungsmelder\/#\/schema\/person\/0ed1169ad066599e4f0c58a8a9929895\",\"name\":\"Rebecca Weis\",\"image\":{\"@type\":\"ImageObject\",\"inLanguage\":\"de\",\"@id\":\"https:\/\/blog.zeit.de\/stoerungsmelder\/#\/schema\/person\/image\/\",\"url\":\"https:\/\/secure.gravatar.com\/avatar\/0c30ffc2efb12f4ca266bf92546e3b8e2f335baa85fa1a06085989ef420fa0bf?s=96&d=mm&r=pg\",\"contentUrl\":\"https:\/\/secure.gravatar.com\/avatar\/0c30ffc2efb12f4ca266bf92546e3b8e2f335baa85fa1a06085989ef420fa0bf?s=96&d=mm&r=pg\",\"caption\":\"Rebecca Weis\"},\"url\":\"https:\/\/blog.zeit.de\/stoerungsmelder\/author\/rebecca-weis\"}]}<\/script>\n<!-- \/ Yoast SEO plugin. -->","yoast_head_json":{"title":"Erfolgreicher Web 2.0-Protest - St\u00f6rungsmelder","robots":{"index":"index","follow":"follow","max-snippet":"max-snippet:-1","max-image-preview":"max-image-preview:large","max-video-preview":"max-video-preview:-1"},"canonical":"https:\/\/blog.zeit.de\/stoerungsmelder\/2010\/07\/19\/erfolgreicher-web-2-0-protest_4019","og_locale":"de_DE","og_type":"article","og_title":"Erfolgreicher Web 2.0-Protest - St\u00f6rungsmelder","og_description":"Bei der einzigartigen Online-Demo auf Facebook kann jeder Gesicht zeigen gegen Rassismus, Ausgrenzung, Gewalt und Brutalisierung. Das ist in dieser Form absolut einmalig, der app wurde extra f\u00fcr Gesicht Zeigen! entwickelt. Hier kann jeder facebook-Nutzer Position beziehen.","og_url":"https:\/\/blog.zeit.de\/stoerungsmelder\/2010\/07\/19\/erfolgreicher-web-2-0-protest_4019","og_site_name":"St\u00f6rungsmelder","article_published_time":"2010-07-19T11:18:31+00:00","article_modified_time":"2010-07-19T13:09:46+00:00","og_image":[{"url":"http:\/\/gesichtzeigen.de\/uploads\/onlinedemo.jpg"}],"author":"Rebecca Weis","twitter_card":"summary_large_image","twitter_misc":{"Geschrieben von":"Rebecca Weis","Gesch\u00e4tzte Lesezeit":"1\u00a0Minute"},"schema":{"@context":"https:\/\/schema.org","@graph":[{"@type":"WebPage","@id":"https:\/\/blog.zeit.de\/stoerungsmelder\/2010\/07\/19\/erfolgreicher-web-2-0-protest_4019","url":"https:\/\/blog.zeit.de\/stoerungsmelder\/2010\/07\/19\/erfolgreicher-web-2-0-protest_4019","name":"Erfolgreicher Web 2.0-Protest - St\u00f6rungsmelder","isPartOf":{"@id":"https:\/\/blog.zeit.de\/stoerungsmelder\/#website"},"datePublished":"2010-07-19T11:18:31+00:00","dateModified":"2010-07-19T13:09:46+00:00","author":{"@id":"https:\/\/blog.zeit.de\/stoerungsmelder\/#\/schema\/person\/0ed1169ad066599e4f0c58a8a9929895"},"breadcrumb":{"@id":"https:\/\/blog.zeit.de\/stoerungsmelder\/2010\/07\/19\/erfolgreicher-web-2-0-protest_4019#breadcrumb"},"inLanguage":"de","potentialAction":[{"@type":"ReadAction","target":["https:\/\/blog.zeit.de\/stoerungsmelder\/2010\/07\/19\/erfolgreicher-web-2-0-protest_4019"]}]},{"@type":"BreadcrumbList","@id":"https:\/\/blog.zeit.de\/stoerungsmelder\/2010\/07\/19\/erfolgreicher-web-2-0-protest_4019#breadcrumb","itemListElement":[{"@type":"ListItem","position":1,"name":"Startseite","item":"https:\/\/blog.zeit.de\/stoerungsmelder"},{"@type":"ListItem","position":2,"name":"Erfolgreicher Web 2.0-Protest"}]},{"@type":"WebSite","@id":"https:\/\/blog.zeit.de\/stoerungsmelder\/#website","url":"https:\/\/blog.zeit.de\/stoerungsmelder\/","name":"St\u00f6rungsmelder","description":"Recherchen und Analysen \u00fcber die extreme Rechte","potentialAction":[{"@type":"SearchAction","target":{"@type":"EntryPoint","urlTemplate":"https:\/\/blog.zeit.de\/stoerungsmelder\/?s={search_term_string}"},"query-input":"required name=search_term_string"}],"inLanguage":"de"},{"@type":"Person","@id":"https:\/\/blog.zeit.de\/stoerungsmelder\/#\/schema\/person\/0ed1169ad066599e4f0c58a8a9929895","name":"Rebecca Weis","image":{"@type":"ImageObject","inLanguage":"de","@id":"https:\/\/blog.zeit.de\/stoerungsmelder\/#\/schema\/person\/image\/","url":"https:\/\/secure.gravatar.com\/avatar\/0c30ffc2efb12f4ca266bf92546e3b8e2f335baa85fa1a06085989ef420fa0bf?s=96&d=mm&r=pg","contentUrl":"https:\/\/secure.gravatar.com\/avatar\/0c30ffc2efb12f4ca266bf92546e3b8e2f335baa85fa1a06085989ef420fa0bf?s=96&d=mm&r=pg","caption":"Rebecca Weis"},"url":"https:\/\/blog.zeit.de\/stoerungsmelder\/author\/rebecca-weis"}]}},"jetpack_featured_media_url":"","jetpack_sharing_enabled":true,"_links":{"self":[{"href":"https:\/\/blog.zeit.de\/stoerungsmelder\/wp-json\/wp\/v2\/posts\/4019","targetHints":{"allow":["GET"]}}],"collection":[{"href":"https:\/\/blog.zeit.de\/stoerungsmelder\/wp-json\/wp\/v2\/posts"}],"about":[{"href":"https:\/\/blog.zeit.de\/stoerungsmelder\/wp-json\/wp\/v2\/types\/post"}],"author":[{"embeddable":true,"href":"https:\/\/blog.zeit.de\/stoerungsmelder\/wp-json\/wp\/v2\/users\/224"}],"replies":[{"embeddable":true,"href":"https:\/\/blog.zeit.de\/stoerungsmelder\/wp-json\/wp\/v2\/comments?post=4019"}],"version-history":[{"count":0,"href":"https:\/\/blog.zeit.de\/stoerungsmelder\/wp-json\/wp\/v2\/posts\/4019\/revisions"}],"wp:attachment":[{"href":"https:\/\/blog.zeit.de\/stoerungsmelder\/wp-json\/wp\/v2\/media?parent=4019"}],"wp:term":[{"taxonomy":"category","embeddable":true,"href":"https:\/\/blog.zeit.de\/stoerungsmelder\/wp-json\/wp\/v2\/categories?post=4019"},{"taxonomy":"post_tag","embeddable":true,"href":"https:\/\/blog.zeit.de\/stoerungsmelder\/wp-json\/wp\/v2\/tags?post=4019"}],"curies":[{"name":"wp","href":"https:\/\/api.w.org\/{rel}","templated":true}]}}