{"id":402,"date":"2008-09-20T14:43:34","date_gmt":"2008-09-20T13:43:34","guid":{"rendered":"http:\/\/blog.zeit.de\/stoerungsmelder\/2008\/09\/20\/402_402"},"modified":"2008-09-20T14:43:34","modified_gmt":"2008-09-20T13:43:34","slug":"402","status":"publish","type":"post","link":"https:\/\/blog.zeit.de\/stoerungsmelder\/2008\/09\/20\/402_402","title":{"rendered":"Kongress im Keller"},"content":{"rendered":"<p>Eine kleine Anekdote aus dem Zentrum des verhinderten Anti-Islam-Kongresses. <em>von Christoph Herwartz<\/em><\/p>\n<p><!--more--> Auf dem Bahnsteig unter dem K\u00f6lner Flughafen versammelten sich heute 100 bis 150 h\u00f6chst unterschiedliche Menschen. Darunter eine Rentnerin aus Leverkusen, die sich in ihrer Stadt unsicher f\u00fchlt, ein kahl rasierter Mann mit dem Wort &#8222;Nationalist&#8220; auf dem Pullover und die Spitzen der rechts-populistischen Parteien &#8222;Pro K\u00f6ln&#8220;, &#8222;Vlaams Belang&#8220; und &#8222;FP\u00d6&#8220;. Eigentlich hatte diese Gruppe geplant, auf dem Heumarkt in der K\u00f6lner Innenstadt eine gro\u00dfe Kundgebung zum &#8222;Anti-Islamisierungs-Kongress&#8220; abzuhalten. Doch dieser Plan scheiterte in allen Ans\u00e4tzen. Schon am Freitag waren alle Veranstaltungen wegen Widerstands der Bev\u00f6lkerung ins Wasser gefallen, nun kamen die wichtigsten Funktion\u00e4re wegen einer Blockade der Gleise nicht einmal mehr vom Flughafen weg. Dort wollten die &#8222;Pro K\u00f6ln&#8220;-Mitglieder ihre Kollegen aus verschiedenen L\u00e4ndern abholen, die dort teilweise mit Bussen, teilweise per Flugzeug angekommen waren.<\/p>\n<p>Der Anf\u00fchrer der &#8222;Pro K\u00f6ln&#8220;-Partei Markus Beisicht stellte sich dann gegen 11.45 Uhr im Flughafen-Bahnhof vor seine G\u00e4ste und verk\u00fcndete eine Kaffeepause. Anschlie\u00dfend wollte er statt der geplanten Kundgebung auf dem Heumarkt eine Pressekonferenz an Ort und Stelle abhalten. Allerdings waren kaum Journalisten und keine Kamerateams vor Ort. Mit &#8222;Wir-sind-das-Volk&#8220;-Rufen feierten sich die Rechten selbst. Die Kaffeepause zog sich also hin, und keiner wusste, worauf er eigentlich wartete. Eine Frau \u00e4u\u00dferte die Hoffnung, von dieser Keller-Veranstaltung w\u00fcrde ein noch gr\u00f6\u00dferes Signal ausgehen, als es bei einer Veranstaltung auf dem Heumarkt m\u00f6glich gewesen w\u00e4re. Das &#8222;Pro NRW&#8220;- und Ex-CDU-Mitglied J\u00f6rg Uckermann bezeichnete die linken Demonstranten als &#8222;Schramma-SA&#8220; (weil K\u00f6lns CDU-Oberb\u00fcrgermeister Fritz Schramma die Unterst\u00fctzung linker Demonstranten nicht zur\u00fcckgewiesen hatte).<\/p>\n<p>Mangels Alternative lie\u00dfen die Rechten ihren Frust verbal an Polizisten und Journalisten aus. Letztere trafen mit der Zeit vereinzelt ein, drei Kamerateams (RTL, WDR und der Lokalsender center.tv) waren da, als der &#8222;Pro K\u00f6ln&#8220;-Chef dann das Wort ergriff und die \u00fcblichen Parolen in die kleine Menge br\u00fcllte (ein Mikrofon hatte er nicht). Weil keiner wusste, ob oder wann wieder Z\u00fcge fahren w\u00fcrden, l\u00f6ste sich die Veranstaltung dann auf. Die Belgische Delegation reiste noch am Samstag mit Bussen wieder ab.<\/p>\n<p>Was hat also stattgefunden in K\u00f6ln? Neben gro\u00dfen Demonstrationen f\u00fcr Toleranz in der Innenstadt haben sich im Flughafen eine Handvoll Rechtsradikale versammelt und sich selbst gefeiert. Man sollte die Gefahr, die von rechtsextremen Anzugtr\u00e4gern ausgeht, nicht untersch\u00e4tzen. Mit ihrer Argumentation und Rhetorik erreichen sie ein gr\u00f6\u00dferes Publikum als die NPD. Aber dieses Wochenende war ein gutes f\u00fcr die Toleranz und gegen Fremdenfeindlichkeit. Im Kampf um die Stra\u00dfe musste &#8222;Pro K\u00f6ln&#8220; sich n\u00e4mlich geschlagen geben. Es bleibt der Kampf um die K\u00f6pfe.<\/p>\n","protected":false},"excerpt":{"rendered":"<p>Eine kleine Anekdote aus dem Zentrum des verhinderten Anti-Islam-Kongresses. von Christoph Herwartz<\/p>\n","protected":false},"author":229,"featured_media":0,"comment_status":"open","ping_status":"open","sticky":false,"template":"","format":"standard","meta":{"_jetpack_memberships_contains_paid_content":false,"footnotes":""},"categories":[1515],"tags":[],"class_list":["post-402","post","type-post","status-publish","format-standard","hentry","category-bundesweit"],"yoast_head":"<!-- This site is optimized with the Yoast SEO plugin v21.0 - https:\/\/yoast.com\/wordpress\/plugins\/seo\/ -->\n<title>Kongress im Keller - St\u00f6rungsmelder<\/title>\n<meta name=\"robots\" content=\"index, follow, max-snippet:-1, max-image-preview:large, max-video-preview:-1\" \/>\n<link rel=\"canonical\" href=\"https:\/\/blog.zeit.de\/stoerungsmelder\/2008\/09\/20\/402_402\" \/>\n<meta property=\"og:locale\" content=\"de_DE\" \/>\n<meta property=\"og:type\" content=\"article\" \/>\n<meta property=\"og:title\" content=\"Kongress im Keller - St\u00f6rungsmelder\" \/>\n<meta property=\"og:description\" content=\"Eine kleine Anekdote aus dem Zentrum des verhinderten Anti-Islam-Kongresses. von Christoph Herwartz\" \/>\n<meta property=\"og:url\" content=\"https:\/\/blog.zeit.de\/stoerungsmelder\/2008\/09\/20\/402_402\" \/>\n<meta property=\"og:site_name\" content=\"St\u00f6rungsmelder\" \/>\n<meta property=\"article:published_time\" content=\"2008-09-20T13:43:34+00:00\" \/>\n<meta name=\"author\" content=\"St\u00f6rungsmelder\" \/>\n<meta name=\"twitter:card\" content=\"summary_large_image\" \/>\n<meta name=\"twitter:label1\" content=\"Geschrieben von\" \/>\n\t<meta name=\"twitter:data1\" content=\"St\u00f6rungsmelder\" \/>\n\t<meta name=\"twitter:label2\" content=\"Gesch\u00e4tzte Lesezeit\" \/>\n\t<meta name=\"twitter:data2\" content=\"2\u00a0Minuten\" \/>\n<script type=\"application\/ld+json\" class=\"yoast-schema-graph\">{\"@context\":\"https:\/\/schema.org\",\"@graph\":[{\"@type\":\"WebPage\",\"@id\":\"https:\/\/blog.zeit.de\/stoerungsmelder\/2008\/09\/20\/402_402\",\"url\":\"https:\/\/blog.zeit.de\/stoerungsmelder\/2008\/09\/20\/402_402\",\"name\":\"Kongress im Keller - St\u00f6rungsmelder\",\"isPartOf\":{\"@id\":\"https:\/\/blog.zeit.de\/stoerungsmelder\/#website\"},\"datePublished\":\"2008-09-20T13:43:34+00:00\",\"dateModified\":\"2008-09-20T13:43:34+00:00\",\"author\":{\"@id\":\"https:\/\/blog.zeit.de\/stoerungsmelder\/#\/schema\/person\/fdd0b9818f65738672810b6d6f037f71\"},\"breadcrumb\":{\"@id\":\"https:\/\/blog.zeit.de\/stoerungsmelder\/2008\/09\/20\/402_402#breadcrumb\"},\"inLanguage\":\"de\",\"potentialAction\":[{\"@type\":\"ReadAction\",\"target\":[\"https:\/\/blog.zeit.de\/stoerungsmelder\/2008\/09\/20\/402_402\"]}]},{\"@type\":\"BreadcrumbList\",\"@id\":\"https:\/\/blog.zeit.de\/stoerungsmelder\/2008\/09\/20\/402_402#breadcrumb\",\"itemListElement\":[{\"@type\":\"ListItem\",\"position\":1,\"name\":\"Startseite\",\"item\":\"https:\/\/blog.zeit.de\/stoerungsmelder\"},{\"@type\":\"ListItem\",\"position\":2,\"name\":\"Kongress im Keller\"}]},{\"@type\":\"WebSite\",\"@id\":\"https:\/\/blog.zeit.de\/stoerungsmelder\/#website\",\"url\":\"https:\/\/blog.zeit.de\/stoerungsmelder\/\",\"name\":\"St\u00f6rungsmelder\",\"description\":\"Recherchen und Analysen \u00fcber die extreme Rechte\",\"potentialAction\":[{\"@type\":\"SearchAction\",\"target\":{\"@type\":\"EntryPoint\",\"urlTemplate\":\"https:\/\/blog.zeit.de\/stoerungsmelder\/?s={search_term_string}\"},\"query-input\":\"required name=search_term_string\"}],\"inLanguage\":\"de\"},{\"@type\":\"Person\",\"@id\":\"https:\/\/blog.zeit.de\/stoerungsmelder\/#\/schema\/person\/fdd0b9818f65738672810b6d6f037f71\",\"name\":\"St\u00f6rungsmelder\",\"image\":{\"@type\":\"ImageObject\",\"inLanguage\":\"de\",\"@id\":\"https:\/\/blog.zeit.de\/stoerungsmelder\/#\/schema\/person\/image\/\",\"url\":\"https:\/\/secure.gravatar.com\/avatar\/dfa4be514c3e82a71e4f9a0020035d38192d080ccaa5e4e6d7a1472c763535c5?s=96&d=mm&r=pg\",\"contentUrl\":\"https:\/\/secure.gravatar.com\/avatar\/dfa4be514c3e82a71e4f9a0020035d38192d080ccaa5e4e6d7a1472c763535c5?s=96&d=mm&r=pg\",\"caption\":\"St\u00f6rungsmelder\"},\"url\":\"https:\/\/blog.zeit.de\/stoerungsmelder\/author\/stoerungsmelder\"}]}<\/script>\n<!-- \/ Yoast SEO plugin. -->","yoast_head_json":{"title":"Kongress im Keller - St\u00f6rungsmelder","robots":{"index":"index","follow":"follow","max-snippet":"max-snippet:-1","max-image-preview":"max-image-preview:large","max-video-preview":"max-video-preview:-1"},"canonical":"https:\/\/blog.zeit.de\/stoerungsmelder\/2008\/09\/20\/402_402","og_locale":"de_DE","og_type":"article","og_title":"Kongress im Keller - St\u00f6rungsmelder","og_description":"Eine kleine Anekdote aus dem Zentrum des verhinderten Anti-Islam-Kongresses. von Christoph Herwartz","og_url":"https:\/\/blog.zeit.de\/stoerungsmelder\/2008\/09\/20\/402_402","og_site_name":"St\u00f6rungsmelder","article_published_time":"2008-09-20T13:43:34+00:00","author":"St\u00f6rungsmelder","twitter_card":"summary_large_image","twitter_misc":{"Geschrieben von":"St\u00f6rungsmelder","Gesch\u00e4tzte Lesezeit":"2\u00a0Minuten"},"schema":{"@context":"https:\/\/schema.org","@graph":[{"@type":"WebPage","@id":"https:\/\/blog.zeit.de\/stoerungsmelder\/2008\/09\/20\/402_402","url":"https:\/\/blog.zeit.de\/stoerungsmelder\/2008\/09\/20\/402_402","name":"Kongress im Keller - St\u00f6rungsmelder","isPartOf":{"@id":"https:\/\/blog.zeit.de\/stoerungsmelder\/#website"},"datePublished":"2008-09-20T13:43:34+00:00","dateModified":"2008-09-20T13:43:34+00:00","author":{"@id":"https:\/\/blog.zeit.de\/stoerungsmelder\/#\/schema\/person\/fdd0b9818f65738672810b6d6f037f71"},"breadcrumb":{"@id":"https:\/\/blog.zeit.de\/stoerungsmelder\/2008\/09\/20\/402_402#breadcrumb"},"inLanguage":"de","potentialAction":[{"@type":"ReadAction","target":["https:\/\/blog.zeit.de\/stoerungsmelder\/2008\/09\/20\/402_402"]}]},{"@type":"BreadcrumbList","@id":"https:\/\/blog.zeit.de\/stoerungsmelder\/2008\/09\/20\/402_402#breadcrumb","itemListElement":[{"@type":"ListItem","position":1,"name":"Startseite","item":"https:\/\/blog.zeit.de\/stoerungsmelder"},{"@type":"ListItem","position":2,"name":"Kongress im Keller"}]},{"@type":"WebSite","@id":"https:\/\/blog.zeit.de\/stoerungsmelder\/#website","url":"https:\/\/blog.zeit.de\/stoerungsmelder\/","name":"St\u00f6rungsmelder","description":"Recherchen und Analysen \u00fcber die extreme Rechte","potentialAction":[{"@type":"SearchAction","target":{"@type":"EntryPoint","urlTemplate":"https:\/\/blog.zeit.de\/stoerungsmelder\/?s={search_term_string}"},"query-input":"required name=search_term_string"}],"inLanguage":"de"},{"@type":"Person","@id":"https:\/\/blog.zeit.de\/stoerungsmelder\/#\/schema\/person\/fdd0b9818f65738672810b6d6f037f71","name":"St\u00f6rungsmelder","image":{"@type":"ImageObject","inLanguage":"de","@id":"https:\/\/blog.zeit.de\/stoerungsmelder\/#\/schema\/person\/image\/","url":"https:\/\/secure.gravatar.com\/avatar\/dfa4be514c3e82a71e4f9a0020035d38192d080ccaa5e4e6d7a1472c763535c5?s=96&d=mm&r=pg","contentUrl":"https:\/\/secure.gravatar.com\/avatar\/dfa4be514c3e82a71e4f9a0020035d38192d080ccaa5e4e6d7a1472c763535c5?s=96&d=mm&r=pg","caption":"St\u00f6rungsmelder"},"url":"https:\/\/blog.zeit.de\/stoerungsmelder\/author\/stoerungsmelder"}]}},"jetpack_featured_media_url":"","jetpack_sharing_enabled":true,"_links":{"self":[{"href":"https:\/\/blog.zeit.de\/stoerungsmelder\/wp-json\/wp\/v2\/posts\/402","targetHints":{"allow":["GET"]}}],"collection":[{"href":"https:\/\/blog.zeit.de\/stoerungsmelder\/wp-json\/wp\/v2\/posts"}],"about":[{"href":"https:\/\/blog.zeit.de\/stoerungsmelder\/wp-json\/wp\/v2\/types\/post"}],"author":[{"embeddable":true,"href":"https:\/\/blog.zeit.de\/stoerungsmelder\/wp-json\/wp\/v2\/users\/229"}],"replies":[{"embeddable":true,"href":"https:\/\/blog.zeit.de\/stoerungsmelder\/wp-json\/wp\/v2\/comments?post=402"}],"version-history":[{"count":0,"href":"https:\/\/blog.zeit.de\/stoerungsmelder\/wp-json\/wp\/v2\/posts\/402\/revisions"}],"wp:attachment":[{"href":"https:\/\/blog.zeit.de\/stoerungsmelder\/wp-json\/wp\/v2\/media?parent=402"}],"wp:term":[{"taxonomy":"category","embeddable":true,"href":"https:\/\/blog.zeit.de\/stoerungsmelder\/wp-json\/wp\/v2\/categories?post=402"},{"taxonomy":"post_tag","embeddable":true,"href":"https:\/\/blog.zeit.de\/stoerungsmelder\/wp-json\/wp\/v2\/tags?post=402"}],"curies":[{"name":"wp","href":"https:\/\/api.w.org\/{rel}","templated":true}]}}