{"id":4040,"date":"2010-07-22T10:20:25","date_gmt":"2010-07-22T08:20:25","guid":{"rendered":"http:\/\/blog.zeit.de\/stoerungsmelder\/?p=4040"},"modified":"2010-07-22T11:42:50","modified_gmt":"2010-07-22T09:42:50","slug":"storch-heinar-darf-thor-steinar-verspotten","status":"publish","type":"post","link":"https:\/\/blog.zeit.de\/stoerungsmelder\/2010\/07\/22\/storch-heinar-darf-thor-steinar-verspotten_4040","title":{"rendered":"Storch Heinar darf Thor Steinar verspotten"},"content":{"rendered":"<div>\n<p><a href=\"https:\/\/blog.zeit.de\/stoerungsmelder\/files\/2010\/07\/storch.png\"><img loading=\"lazy\" decoding=\"async\" class=\"alignleft size-full wp-image-4048\" title=\"storch\" src=\"https:\/\/blog.zeit.de\/stoerungsmelder\/files\/2010\/07\/storch.png\" alt=\"\" width=\"280\" height=\"280\" srcset=\"https:\/\/blog.zeit.de\/stoerungsmelder\/files\/2010\/07\/storch.png 280w, https:\/\/blog.zeit.de\/stoerungsmelder\/files\/2010\/07\/storch-150x150.png 150w\" sizes=\"auto, (max-width: 280px) 100vw, 280px\" \/><\/a><\/p>\n<p>Die umstrittene Modemarke Thor Steinar wird wohl weiter  mit Spott und H\u00e4me leben m\u00fcssen. Bei einer m\u00fcndlichen Verhandlung  erkl\u00e4rte das Landgericht N\u00fcrnberg am Mittwoch, dass es den Verkauf der  Satire-Marke Storch Heinar wahrscheinlich nicht verbieten werde. Die bei  Rechtsextremen beliebten Pullover, T-Shirts und Jacken von Thor Steinar  werden von der Firma Mediatex aus Mittenwalde s\u00fcdlich von Berlin  vertrieben. Mediatex f\u00fchlte sich durch die Persiflage Storch Heinar  angegriffen, letzteres Label hatte die Initiative \u201eEndstation rechts\u201c  aus Mecklenburg-Vorpommern entworfen. Mediatex sieht sich durch  Kleidungsst\u00fccke mit Storch-Heinar-Motiven in seinen Markenrechten  verletzt und forderte an diesem Mittwoch vor dem Landgericht N\u00fcrnberg  eine Unterlassung. Der Streitwert des Zivilverfahrens um einen m\u00f6glichen  Versto\u00df gegen Wettbewerbs- und Markenrecht liegt bei 100 000 Euro.<!--more--><\/p>\n<p><em>Von <a href=\"http:\/\/www.tagesspiegel.de\/politik\/storch-heinar-darf-thor-steinar-verspotten-gericht-will-persiflage-der-marke-nicht-verbieten\/1888168.html\">Tagesspiegel<\/a>-Autor Hannes Heine<\/em><\/p>\n<\/div>\n<div>\n<p>Das Gericht empfahl Mediatex, ihre Klage zur\u00fcckzuziehen, was die Firma  vorerst verweigern wollte. Die beiden Modemarken seien deutlich  unterscheidbar, teilte das Gericht mit. Eine \u201eVerballhornung\u201c falle  unter die Kunstfreiheit. Das Urteil folgt am 11. August dieses Jahres.<\/p>\n<p>Da Storch-Heinar-Motive \u00fcber das Internet vertrieben werden und der  etwaige Tatort deshalb potenziell \u00fcberall ist, konnte sich die  Kl\u00e4gerfirma das N\u00fcrnberger Gericht als Verhandlungsort aussuchen.  Beklagter ist der Schweriner SPD-Landtagsabgeordnete und Miterfinder der  Persiflage, Mathias Brodkorb. Das Motiv von Storch Heinar ist ein  zerrupfter, trauriger Storch mit strengem Seitenscheitel und  Oberlippenb\u00e4rtchen \u2013 \u00e4hnlich wie bei Adolf Hitler.<\/p>\n<p>Unterst\u00fctzung  kam von Mecklenburg-Vorpommerns ehemaligem Ministerpr\u00e4sidenten Harald  Ringstorff (SPD), der 2000 Euro zur Finanzierung der Prozesskosten  gespendet haben soll. Die umstrittene Kleidungsmarke aus dem  brandenburgischen Mittenwalde d\u00fcrfte finanziell gut ausgestattet sein.  Wie viel Geld man verdiene, wollte die Firma nicht mitteilen. W\u00e4hrend  Richter und Politiker mit Urteilen und Kampagnen seit Jahren gegen Thor  Steinar vorgehen, baute der fr\u00fchere Chef der rechten Modemarke s\u00fcdlich  von Berlin vor zwei Jahren eine 650-Quadratmeter-Villa. Vor rund einem  Jahr war der arabische Gro\u00dfinvestor Faysal al Zarooni bei Thor Steinar  eingestiegen. Das Unternehmen aus dem Nahen Osten beteiligte sich vor  allem an Immobiliengesch\u00e4ften und residiert in bester Innenstadtlage im  Hamarain-Center in der Millionenmetropole Dubai. Fragen, wer bei  Mediatex die Gesch\u00e4fte f\u00fchrt, wurden von der Firma ebenso wenig  beantwortet, wie der aktuelle Prozess kommentiert: Ob man sich in  Mittenwalde vor dem N\u00fcrnberger Gericht noch Chancen ausrechne, war nicht  zu erfahren.<\/p>\n<p>Schon 2004 hatten brandenburgische  Staatsanwaltschaften Kleidungsst\u00fccke der Marke beschlagnahmen lassen \u2013  wegen des Verdachts der Verwendung von Kennzeichen verfassungswidriger  Organisationen. Die Runen \u00e4hnelten Nazi-Symbolen, hie\u00df es damals. Das  neue Markenlogo wird von Gerichten als \u201estrafrechtlich unerheblich\u201c  betrachtet. Seit 2002 ist Thor Steinar bei den Beh\u00f6rden als Marke  registriert.<\/p>\n<\/div>\n","protected":false},"excerpt":{"rendered":"<p>Die umstrittene Modemarke Thor Steinar wird wohl weiter mit Spott und H\u00e4me leben m\u00fcssen. Bei einer m\u00fcndlichen Verhandlung erkl\u00e4rte das Landgericht N\u00fcrnberg am Mittwoch, dass es den Verkauf der Satire-Marke Storch Heinar wahrscheinlich nicht verbieten werde. Die bei Rechtsextremen beliebten Pullover, T-Shirts und Jacken von Thor Steinar werden von der Firma Mediatex aus Mittenwalde s\u00fcdlich [&hellip;]<\/p>\n","protected":false},"author":229,"featured_media":0,"comment_status":"open","ping_status":"open","sticky":false,"template":"","format":"standard","meta":{"_jetpack_memberships_contains_paid_content":false,"footnotes":""},"categories":[1],"tags":[1638,1818],"class_list":["post-4040","post","type-post","status-publish","format-standard","hentry","category-allgemein","tag-justiz","tag-thor-steinar"],"yoast_head":"<!-- This site is optimized with the Yoast SEO plugin v21.0 - https:\/\/yoast.com\/wordpress\/plugins\/seo\/ -->\n<title>Storch Heinar darf Thor Steinar verspotten - St\u00f6rungsmelder<\/title>\n<meta name=\"robots\" content=\"index, follow, max-snippet:-1, max-image-preview:large, max-video-preview:-1\" \/>\n<link rel=\"canonical\" href=\"https:\/\/blog.zeit.de\/stoerungsmelder\/2010\/07\/22\/storch-heinar-darf-thor-steinar-verspotten_4040\" \/>\n<meta property=\"og:locale\" content=\"de_DE\" \/>\n<meta property=\"og:type\" content=\"article\" \/>\n<meta property=\"og:title\" content=\"Storch Heinar darf Thor Steinar verspotten - St\u00f6rungsmelder\" \/>\n<meta property=\"og:description\" content=\"Die umstrittene Modemarke Thor Steinar wird wohl weiter mit Spott und H\u00e4me leben m\u00fcssen. Bei einer m\u00fcndlichen Verhandlung erkl\u00e4rte das Landgericht N\u00fcrnberg am Mittwoch, dass es den Verkauf der Satire-Marke Storch Heinar wahrscheinlich nicht verbieten werde. Die bei Rechtsextremen beliebten Pullover, T-Shirts und Jacken von Thor Steinar werden von der Firma Mediatex aus Mittenwalde s\u00fcdlich [&hellip;]\" \/>\n<meta property=\"og:url\" content=\"https:\/\/blog.zeit.de\/stoerungsmelder\/2010\/07\/22\/storch-heinar-darf-thor-steinar-verspotten_4040\" \/>\n<meta property=\"og:site_name\" content=\"St\u00f6rungsmelder\" \/>\n<meta property=\"article:published_time\" content=\"2010-07-22T08:20:25+00:00\" \/>\n<meta property=\"article:modified_time\" content=\"2010-07-22T09:42:50+00:00\" \/>\n<meta property=\"og:image\" content=\"https:\/\/blog.zeit.de\/stoerungsmelder\/files\/2010\/07\/storch.png\" \/>\n<meta name=\"author\" content=\"St\u00f6rungsmelder\" \/>\n<meta name=\"twitter:card\" content=\"summary_large_image\" \/>\n<meta name=\"twitter:label1\" content=\"Geschrieben von\" \/>\n\t<meta name=\"twitter:data1\" content=\"St\u00f6rungsmelder\" \/>\n\t<meta name=\"twitter:label2\" content=\"Gesch\u00e4tzte Lesezeit\" \/>\n\t<meta name=\"twitter:data2\" content=\"2\u00a0Minuten\" \/>\n<script type=\"application\/ld+json\" class=\"yoast-schema-graph\">{\"@context\":\"https:\/\/schema.org\",\"@graph\":[{\"@type\":\"WebPage\",\"@id\":\"https:\/\/blog.zeit.de\/stoerungsmelder\/2010\/07\/22\/storch-heinar-darf-thor-steinar-verspotten_4040\",\"url\":\"https:\/\/blog.zeit.de\/stoerungsmelder\/2010\/07\/22\/storch-heinar-darf-thor-steinar-verspotten_4040\",\"name\":\"Storch Heinar darf Thor Steinar verspotten - St\u00f6rungsmelder\",\"isPartOf\":{\"@id\":\"https:\/\/blog.zeit.de\/stoerungsmelder\/#website\"},\"datePublished\":\"2010-07-22T08:20:25+00:00\",\"dateModified\":\"2010-07-22T09:42:50+00:00\",\"author\":{\"@id\":\"https:\/\/blog.zeit.de\/stoerungsmelder\/#\/schema\/person\/fdd0b9818f65738672810b6d6f037f71\"},\"breadcrumb\":{\"@id\":\"https:\/\/blog.zeit.de\/stoerungsmelder\/2010\/07\/22\/storch-heinar-darf-thor-steinar-verspotten_4040#breadcrumb\"},\"inLanguage\":\"de\",\"potentialAction\":[{\"@type\":\"ReadAction\",\"target\":[\"https:\/\/blog.zeit.de\/stoerungsmelder\/2010\/07\/22\/storch-heinar-darf-thor-steinar-verspotten_4040\"]}]},{\"@type\":\"BreadcrumbList\",\"@id\":\"https:\/\/blog.zeit.de\/stoerungsmelder\/2010\/07\/22\/storch-heinar-darf-thor-steinar-verspotten_4040#breadcrumb\",\"itemListElement\":[{\"@type\":\"ListItem\",\"position\":1,\"name\":\"Startseite\",\"item\":\"https:\/\/blog.zeit.de\/stoerungsmelder\"},{\"@type\":\"ListItem\",\"position\":2,\"name\":\"Storch Heinar darf Thor Steinar verspotten\"}]},{\"@type\":\"WebSite\",\"@id\":\"https:\/\/blog.zeit.de\/stoerungsmelder\/#website\",\"url\":\"https:\/\/blog.zeit.de\/stoerungsmelder\/\",\"name\":\"St\u00f6rungsmelder\",\"description\":\"Recherchen und Analysen \u00fcber die extreme Rechte\",\"potentialAction\":[{\"@type\":\"SearchAction\",\"target\":{\"@type\":\"EntryPoint\",\"urlTemplate\":\"https:\/\/blog.zeit.de\/stoerungsmelder\/?s={search_term_string}\"},\"query-input\":\"required name=search_term_string\"}],\"inLanguage\":\"de\"},{\"@type\":\"Person\",\"@id\":\"https:\/\/blog.zeit.de\/stoerungsmelder\/#\/schema\/person\/fdd0b9818f65738672810b6d6f037f71\",\"name\":\"St\u00f6rungsmelder\",\"image\":{\"@type\":\"ImageObject\",\"inLanguage\":\"de\",\"@id\":\"https:\/\/blog.zeit.de\/stoerungsmelder\/#\/schema\/person\/image\/\",\"url\":\"https:\/\/secure.gravatar.com\/avatar\/dfa4be514c3e82a71e4f9a0020035d38192d080ccaa5e4e6d7a1472c763535c5?s=96&d=mm&r=pg\",\"contentUrl\":\"https:\/\/secure.gravatar.com\/avatar\/dfa4be514c3e82a71e4f9a0020035d38192d080ccaa5e4e6d7a1472c763535c5?s=96&d=mm&r=pg\",\"caption\":\"St\u00f6rungsmelder\"},\"url\":\"https:\/\/blog.zeit.de\/stoerungsmelder\/author\/stoerungsmelder\"}]}<\/script>\n<!-- \/ Yoast SEO plugin. -->","yoast_head_json":{"title":"Storch Heinar darf Thor Steinar verspotten - St\u00f6rungsmelder","robots":{"index":"index","follow":"follow","max-snippet":"max-snippet:-1","max-image-preview":"max-image-preview:large","max-video-preview":"max-video-preview:-1"},"canonical":"https:\/\/blog.zeit.de\/stoerungsmelder\/2010\/07\/22\/storch-heinar-darf-thor-steinar-verspotten_4040","og_locale":"de_DE","og_type":"article","og_title":"Storch Heinar darf Thor Steinar verspotten - St\u00f6rungsmelder","og_description":"Die umstrittene Modemarke Thor Steinar wird wohl weiter mit Spott und H\u00e4me leben m\u00fcssen. Bei einer m\u00fcndlichen Verhandlung erkl\u00e4rte das Landgericht N\u00fcrnberg am Mittwoch, dass es den Verkauf der Satire-Marke Storch Heinar wahrscheinlich nicht verbieten werde. Die bei Rechtsextremen beliebten Pullover, T-Shirts und Jacken von Thor Steinar werden von der Firma Mediatex aus Mittenwalde s\u00fcdlich [&hellip;]","og_url":"https:\/\/blog.zeit.de\/stoerungsmelder\/2010\/07\/22\/storch-heinar-darf-thor-steinar-verspotten_4040","og_site_name":"St\u00f6rungsmelder","article_published_time":"2010-07-22T08:20:25+00:00","article_modified_time":"2010-07-22T09:42:50+00:00","og_image":[{"url":"https:\/\/blog.zeit.de\/stoerungsmelder\/files\/2010\/07\/storch.png"}],"author":"St\u00f6rungsmelder","twitter_card":"summary_large_image","twitter_misc":{"Geschrieben von":"St\u00f6rungsmelder","Gesch\u00e4tzte Lesezeit":"2\u00a0Minuten"},"schema":{"@context":"https:\/\/schema.org","@graph":[{"@type":"WebPage","@id":"https:\/\/blog.zeit.de\/stoerungsmelder\/2010\/07\/22\/storch-heinar-darf-thor-steinar-verspotten_4040","url":"https:\/\/blog.zeit.de\/stoerungsmelder\/2010\/07\/22\/storch-heinar-darf-thor-steinar-verspotten_4040","name":"Storch Heinar darf Thor Steinar verspotten - St\u00f6rungsmelder","isPartOf":{"@id":"https:\/\/blog.zeit.de\/stoerungsmelder\/#website"},"datePublished":"2010-07-22T08:20:25+00:00","dateModified":"2010-07-22T09:42:50+00:00","author":{"@id":"https:\/\/blog.zeit.de\/stoerungsmelder\/#\/schema\/person\/fdd0b9818f65738672810b6d6f037f71"},"breadcrumb":{"@id":"https:\/\/blog.zeit.de\/stoerungsmelder\/2010\/07\/22\/storch-heinar-darf-thor-steinar-verspotten_4040#breadcrumb"},"inLanguage":"de","potentialAction":[{"@type":"ReadAction","target":["https:\/\/blog.zeit.de\/stoerungsmelder\/2010\/07\/22\/storch-heinar-darf-thor-steinar-verspotten_4040"]}]},{"@type":"BreadcrumbList","@id":"https:\/\/blog.zeit.de\/stoerungsmelder\/2010\/07\/22\/storch-heinar-darf-thor-steinar-verspotten_4040#breadcrumb","itemListElement":[{"@type":"ListItem","position":1,"name":"Startseite","item":"https:\/\/blog.zeit.de\/stoerungsmelder"},{"@type":"ListItem","position":2,"name":"Storch Heinar darf Thor Steinar verspotten"}]},{"@type":"WebSite","@id":"https:\/\/blog.zeit.de\/stoerungsmelder\/#website","url":"https:\/\/blog.zeit.de\/stoerungsmelder\/","name":"St\u00f6rungsmelder","description":"Recherchen und Analysen \u00fcber die extreme Rechte","potentialAction":[{"@type":"SearchAction","target":{"@type":"EntryPoint","urlTemplate":"https:\/\/blog.zeit.de\/stoerungsmelder\/?s={search_term_string}"},"query-input":"required name=search_term_string"}],"inLanguage":"de"},{"@type":"Person","@id":"https:\/\/blog.zeit.de\/stoerungsmelder\/#\/schema\/person\/fdd0b9818f65738672810b6d6f037f71","name":"St\u00f6rungsmelder","image":{"@type":"ImageObject","inLanguage":"de","@id":"https:\/\/blog.zeit.de\/stoerungsmelder\/#\/schema\/person\/image\/","url":"https:\/\/secure.gravatar.com\/avatar\/dfa4be514c3e82a71e4f9a0020035d38192d080ccaa5e4e6d7a1472c763535c5?s=96&d=mm&r=pg","contentUrl":"https:\/\/secure.gravatar.com\/avatar\/dfa4be514c3e82a71e4f9a0020035d38192d080ccaa5e4e6d7a1472c763535c5?s=96&d=mm&r=pg","caption":"St\u00f6rungsmelder"},"url":"https:\/\/blog.zeit.de\/stoerungsmelder\/author\/stoerungsmelder"}]}},"jetpack_featured_media_url":"","jetpack_sharing_enabled":true,"_links":{"self":[{"href":"https:\/\/blog.zeit.de\/stoerungsmelder\/wp-json\/wp\/v2\/posts\/4040","targetHints":{"allow":["GET"]}}],"collection":[{"href":"https:\/\/blog.zeit.de\/stoerungsmelder\/wp-json\/wp\/v2\/posts"}],"about":[{"href":"https:\/\/blog.zeit.de\/stoerungsmelder\/wp-json\/wp\/v2\/types\/post"}],"author":[{"embeddable":true,"href":"https:\/\/blog.zeit.de\/stoerungsmelder\/wp-json\/wp\/v2\/users\/229"}],"replies":[{"embeddable":true,"href":"https:\/\/blog.zeit.de\/stoerungsmelder\/wp-json\/wp\/v2\/comments?post=4040"}],"version-history":[{"count":0,"href":"https:\/\/blog.zeit.de\/stoerungsmelder\/wp-json\/wp\/v2\/posts\/4040\/revisions"}],"wp:attachment":[{"href":"https:\/\/blog.zeit.de\/stoerungsmelder\/wp-json\/wp\/v2\/media?parent=4040"}],"wp:term":[{"taxonomy":"category","embeddable":true,"href":"https:\/\/blog.zeit.de\/stoerungsmelder\/wp-json\/wp\/v2\/categories?post=4040"},{"taxonomy":"post_tag","embeddable":true,"href":"https:\/\/blog.zeit.de\/stoerungsmelder\/wp-json\/wp\/v2\/tags?post=4040"}],"curies":[{"name":"wp","href":"https:\/\/api.w.org\/{rel}","templated":true}]}}