{"id":405,"date":"2008-09-23T13:07:51","date_gmt":"2008-09-23T12:07:51","guid":{"rendered":"http:\/\/blog.zeit.de\/stoerungsmelder\/2008\/09\/23\/der-storungsmelder-on-tour-im-ostlichsten-teil-deutschlands_405"},"modified":"2008-09-23T13:07:51","modified_gmt":"2008-09-23T12:07:51","slug":"der-storungsmelder-on-tour-im-ostlichsten-teil-deutschlands","status":"publish","type":"post","link":"https:\/\/blog.zeit.de\/stoerungsmelder\/2008\/09\/23\/der-storungsmelder-on-tour-im-ostlichsten-teil-deutschlands_405","title":{"rendered":"Der St\u00f6rungsmelder on tour &#8211; Im \u00f6stlichsten Teil Deutschlands"},"content":{"rendered":"<p>In Sachsen, kurz vor der tschechischen Grenze, da wo die Ortsschilder zweisprachig sind, zwischen L\u00f6bau, Zittau und Bautzen, von Dresden eineinhalb Autostunden entfernt liegt der \u00f6stlichste Teil Deutschlands. Hier, in einer idyllischen Landschaft befindet sich das \u00d6rtchen Ebersbach. Felder, Wiesen, W\u00e4lder \u2013 und ganz offensichtlich jede Menge Rechtsextreme.<!--more--><\/p>\n<p>Die ersten zwei Schulbesuche des <strong>\u201eSt\u00f6rungsmelder on tour\u201c<\/strong> f\u00fchrten uns in die Oberlausitz in Sachsen. Klaas Heufer-Umlauf und Markus Kavka besuchten gemeinsam mit <strong>Gesicht Zeigen!<\/strong> die Andert-Mittelschule in der N\u00e4he von L\u00f6bau.<\/p>\n<p>\u201eDas ist der \u00f6stlichste Teil Deutschlands\u201c h\u00f6rten wir immer wieder von Sch\u00fcler\/innen und Lehrer\/innen. Und: Dass unser <strong>St\u00f6rungsmelder on tour<\/strong> Besuch wirklich ein Highlight sei. Denn so etwas gibt\u2019s hier nicht so oft \u2013 Es kommen nicht viele \u201eNichteinheimische\u201c in diese Gegend.<\/p>\n<p>Rechte Strukturen sind pr\u00e4sent, ein Thema in dieser Region. Neben Kameradschaften und Musiknetzwerken gibt es den Nationalen Jugendblock (njb), ein eingetragener Verein, der rechte (Freizeit)Angebote f\u00fcr Jugendliche bereith\u00e4lt. Anfang der 90er Jahre erhielt der Verein noch Unterst\u00fctzung vom Jugendamt und es gelang, ein leerstehendes Haus f\u00fcr seine Zwecke zu vereinnahmen. Erst massive Proteste von Gegeninitiativen verhinderten, dass der njb einen Nutzungsvertrag f\u00fcr das Vereinshaus bekam.<\/p>\n<p>In dieser Zeit gr\u00fcndete sich auch die Initiative \u201eAugen auf \u2013 Zivilcourage zeigen\u201c, die sich damals mit einem Festival engagierte. Bei unserem Schulbesuch begleiten uns vier MitarbeiterInnen. Die Initiative will die Bev\u00f6lkerung f\u00fcr rechte Tendenzen in der Region und Alltagsrassismus sensibilisieren und engagiert sich f\u00fcr Zivilcourage. Die Initiative k\u00e4mpft darum mit ihrer Arbeit weitermachen zu k\u00f6nnen und braucht dringend Unterst\u00fctzung f\u00fcr die Arbeit \u201evon unten\u201c!<\/p>\n<p>Mit Unterst\u00fctzung von \u201eAugen auf\u201c konnten wir die drei neunten Klassen der Mittelschule f\u00fcr einen Projekttag besuchen. In zwei Gruppen diskutierten die Musik-TV-Moderatoren mit jeweils 30 Sch\u00fcler\/innen \u00fcber ihre Erfahrungen mit und Meinungen zu Rechtsextremismus. Ein Thema hatten sich die Jugendlichen explizit gew\u00fcnscht: Rechte Symbole, Codes und Lifestile. Woran kann man \u201eRechte\u201c eigentlich erkennen? Was steckt hinter Marken wie Thor Steinar oder Fred Perry? Gemeinsam mit den Sch\u00fcler\/innen kl\u00e4rten wir, welche Codes Rechte verwenden und welche Ideologien sich hinter den Symbolen verstecken.<\/p>\n<p>In einer Vorstellungs- und Kennenlernrunde fragten wir die Sch\u00fcler\/innen, was sie an dem Thema \u201eRechtsextremismus\u201c interessiert, welche Erfahrungen sie gemacht haben und was sie zu dem Thema denken. Schnell wurde klar, dass Rechtsextremismus in der Oberlausitz durchaus als \u201enormal\u201c wahrgenommen wird.<\/p>\n<p>Die Allt\u00e4glichkeit, mit der \u201eRechts sein\u201c in den Alltag der Jugendlichen sickert, ist frappierend: Die meisten Jugendlichen hatten schon etwas \u201edamit zu tun\u201c \u2013 vor allem \u00fcber Musik, die sie bei Freunden geh\u00f6rt haben oder selbst gern h\u00f6ren. Das erscheint hier ganz normal. Einige haben Bekannte, die sich als rechts verstehen, andere wissen, wer in ihrem Alter zu den Rechten geh\u00f6rt oder lieb\u00e4ugeln selbst mit der Szene. Und nat\u00fcrlich es gibt vielerlei Berichte von Bedrohungen und Gewalt gegen alternative oder linke Jugendliche.<\/p>\n<p>Und was halten die Sch\u00fcler\/innen von der Situation? \u201eNaja, nicht alles was die sagen, ist falsch\u201c meint ein M\u00e4dchen. Sie sei selbst durchaus auch ein bissen rechts. Sie findet, dass das mit den Ausl\u00e4ndern auch ein Problem sei &#8211; dass die sich nicht anpassen. Nat\u00fcrlich gibt es Sch\u00fcler\/innen, die sich deutlich gegen rechts positionieren. Dieses Thema wird in der Klasse intensiv diskutiert. Die Sch\u00fcler\/innen \u00fcberlegen, wie es f\u00fcr sie w\u00e4re, wenn sie in einem fremden Land leben wollten. Was w\u00fcrden sie beibehalten, was aufgeben? Au\u00dferdem gibt ja immer mehr Deutsche, die auswandern. In Fernsehsendungen wird dar\u00fcber berichtet. Es wird deutlich, dass die Dinge oft nicht so einfach zu erkl\u00e4ren oder zu l\u00f6sen sind. Bei genauer Betrachtung erscheinen auch den Jugendlichen einfache L\u00f6sungen eher als Populismus denn als realistische Ver\u00e4nderungsvorschl\u00e4ge. Im Anschluss sprechen wir noch einmal dar\u00fcber, wer \u00fcberhaupt gemeint ist mit \u201eden Ausl\u00e4ndern\u201c und auch dar\u00fcber, wie schwierig es f\u00fcr Menschen aus armen L\u00e4ndern ist, in Deutschland l\u00e4nger zu bleiben, \u00fcberhaupt einzureisen oder einzuwandern.<\/p>\n<p>Die Diskussion wird sehr lebendig und von verschiedenen Positionen aus gef\u00fchrt. Es gelingt uns, ein Klima zu schaffen, in dem Meinungen ge\u00e4u\u00dfert werden k\u00f6nnen, ohne dass gleich mit dem Holzhammer dagegen gehalten wird. Gerade das finden die Jugendlichen gut und im Unterricht ist solches oft nicht m\u00f6glich. Und es geht ihnen nicht mehr um gegenseitige Provokation, sondern um Austausch und auch um Informationen.<\/p>\n<p>In der Pause dr\u00e4ngen sich Sch\u00fcler\/innen und Lehrer\/innen aus anderen Klassen in den sowieso schon vollen Raum. Eine Sch\u00fclerin spricht uns an: Sie m\u00f6chten das Projekt auch in ihrer Klasse machen. Ob wir nicht bald noch einmal in Schule kommen k\u00f6nnen. Auch andere LehrerInnen sind stark interessiert: An den beiden Moderatoren, die bereit sind, mit Jugendlichen \u00fcber das schwierige Thema zu sprechen. Aber auch an der Arbeit von <strong>Gesicht Zeigen!<\/strong>, \u201e<strong>Augen auf<\/strong>\u201c und an dem Projekt \u201e<strong>St\u00f6rungsmelder on tour<\/strong>\u201c.<\/p>\n","protected":false},"excerpt":{"rendered":"<p>In Sachsen, kurz vor der tschechischen Grenze, da wo die Ortsschilder zweisprachig sind, zwischen L\u00f6bau, Zittau und Bautzen, von Dresden eineinhalb Autostunden entfernt liegt der \u00f6stlichste Teil Deutschlands. Hier, in einer idyllischen Landschaft befindet sich das \u00d6rtchen Ebersbach. Felder, Wiesen, W\u00e4lder \u2013 und ganz offensichtlich jede Menge Rechtsextreme.<\/p>\n","protected":false},"author":224,"featured_media":0,"comment_status":"open","ping_status":"open","sticky":false,"template":"","format":"standard","meta":{"_jetpack_memberships_contains_paid_content":false,"footnotes":""},"categories":[1515],"tags":[],"class_list":["post-405","post","type-post","status-publish","format-standard","hentry","category-bundesweit"],"yoast_head":"<!-- This site is optimized with the Yoast SEO plugin v21.0 - https:\/\/yoast.com\/wordpress\/plugins\/seo\/ -->\n<title>Der St\u00f6rungsmelder on tour - Im \u00f6stlichsten Teil Deutschlands - St\u00f6rungsmelder<\/title>\n<meta name=\"robots\" content=\"index, follow, max-snippet:-1, max-image-preview:large, max-video-preview:-1\" \/>\n<link rel=\"canonical\" href=\"https:\/\/blog.zeit.de\/stoerungsmelder\/2008\/09\/23\/der-storungsmelder-on-tour-im-ostlichsten-teil-deutschlands_405\" \/>\n<meta property=\"og:locale\" content=\"de_DE\" \/>\n<meta property=\"og:type\" content=\"article\" \/>\n<meta property=\"og:title\" content=\"Der St\u00f6rungsmelder on tour - Im \u00f6stlichsten Teil Deutschlands - St\u00f6rungsmelder\" \/>\n<meta property=\"og:description\" content=\"In Sachsen, kurz vor der tschechischen Grenze, da wo die Ortsschilder zweisprachig sind, zwischen L\u00f6bau, Zittau und Bautzen, von Dresden eineinhalb Autostunden entfernt liegt der \u00f6stlichste Teil Deutschlands. Hier, in einer idyllischen Landschaft befindet sich das \u00d6rtchen Ebersbach. Felder, Wiesen, W\u00e4lder \u2013 und ganz offensichtlich jede Menge Rechtsextreme.\" \/>\n<meta property=\"og:url\" content=\"https:\/\/blog.zeit.de\/stoerungsmelder\/2008\/09\/23\/der-storungsmelder-on-tour-im-ostlichsten-teil-deutschlands_405\" \/>\n<meta property=\"og:site_name\" content=\"St\u00f6rungsmelder\" \/>\n<meta property=\"article:published_time\" content=\"2008-09-23T12:07:51+00:00\" \/>\n<meta name=\"author\" content=\"Rebecca Weis\" \/>\n<meta name=\"twitter:card\" content=\"summary_large_image\" \/>\n<meta name=\"twitter:label1\" content=\"Geschrieben von\" \/>\n\t<meta name=\"twitter:data1\" content=\"Rebecca Weis\" \/>\n\t<meta name=\"twitter:label2\" content=\"Gesch\u00e4tzte Lesezeit\" \/>\n\t<meta name=\"twitter:data2\" content=\"4\u00a0Minuten\" \/>\n<script type=\"application\/ld+json\" class=\"yoast-schema-graph\">{\"@context\":\"https:\/\/schema.org\",\"@graph\":[{\"@type\":\"WebPage\",\"@id\":\"https:\/\/blog.zeit.de\/stoerungsmelder\/2008\/09\/23\/der-storungsmelder-on-tour-im-ostlichsten-teil-deutschlands_405\",\"url\":\"https:\/\/blog.zeit.de\/stoerungsmelder\/2008\/09\/23\/der-storungsmelder-on-tour-im-ostlichsten-teil-deutschlands_405\",\"name\":\"Der St\u00f6rungsmelder on tour - Im \u00f6stlichsten Teil Deutschlands - St\u00f6rungsmelder\",\"isPartOf\":{\"@id\":\"https:\/\/blog.zeit.de\/stoerungsmelder\/#website\"},\"datePublished\":\"2008-09-23T12:07:51+00:00\",\"dateModified\":\"2008-09-23T12:07:51+00:00\",\"author\":{\"@id\":\"https:\/\/blog.zeit.de\/stoerungsmelder\/#\/schema\/person\/0ed1169ad066599e4f0c58a8a9929895\"},\"breadcrumb\":{\"@id\":\"https:\/\/blog.zeit.de\/stoerungsmelder\/2008\/09\/23\/der-storungsmelder-on-tour-im-ostlichsten-teil-deutschlands_405#breadcrumb\"},\"inLanguage\":\"de\",\"potentialAction\":[{\"@type\":\"ReadAction\",\"target\":[\"https:\/\/blog.zeit.de\/stoerungsmelder\/2008\/09\/23\/der-storungsmelder-on-tour-im-ostlichsten-teil-deutschlands_405\"]}]},{\"@type\":\"BreadcrumbList\",\"@id\":\"https:\/\/blog.zeit.de\/stoerungsmelder\/2008\/09\/23\/der-storungsmelder-on-tour-im-ostlichsten-teil-deutschlands_405#breadcrumb\",\"itemListElement\":[{\"@type\":\"ListItem\",\"position\":1,\"name\":\"Startseite\",\"item\":\"https:\/\/blog.zeit.de\/stoerungsmelder\"},{\"@type\":\"ListItem\",\"position\":2,\"name\":\"Der St\u00f6rungsmelder on tour &#8211; Im \u00f6stlichsten Teil Deutschlands\"}]},{\"@type\":\"WebSite\",\"@id\":\"https:\/\/blog.zeit.de\/stoerungsmelder\/#website\",\"url\":\"https:\/\/blog.zeit.de\/stoerungsmelder\/\",\"name\":\"St\u00f6rungsmelder\",\"description\":\"Recherchen und Analysen \u00fcber die extreme Rechte\",\"potentialAction\":[{\"@type\":\"SearchAction\",\"target\":{\"@type\":\"EntryPoint\",\"urlTemplate\":\"https:\/\/blog.zeit.de\/stoerungsmelder\/?s={search_term_string}\"},\"query-input\":\"required name=search_term_string\"}],\"inLanguage\":\"de\"},{\"@type\":\"Person\",\"@id\":\"https:\/\/blog.zeit.de\/stoerungsmelder\/#\/schema\/person\/0ed1169ad066599e4f0c58a8a9929895\",\"name\":\"Rebecca Weis\",\"image\":{\"@type\":\"ImageObject\",\"inLanguage\":\"de\",\"@id\":\"https:\/\/blog.zeit.de\/stoerungsmelder\/#\/schema\/person\/image\/\",\"url\":\"https:\/\/secure.gravatar.com\/avatar\/0c30ffc2efb12f4ca266bf92546e3b8e2f335baa85fa1a06085989ef420fa0bf?s=96&d=mm&r=pg\",\"contentUrl\":\"https:\/\/secure.gravatar.com\/avatar\/0c30ffc2efb12f4ca266bf92546e3b8e2f335baa85fa1a06085989ef420fa0bf?s=96&d=mm&r=pg\",\"caption\":\"Rebecca Weis\"},\"url\":\"https:\/\/blog.zeit.de\/stoerungsmelder\/author\/rebecca-weis\"}]}<\/script>\n<!-- \/ Yoast SEO plugin. -->","yoast_head_json":{"title":"Der St\u00f6rungsmelder on tour - Im \u00f6stlichsten Teil Deutschlands - St\u00f6rungsmelder","robots":{"index":"index","follow":"follow","max-snippet":"max-snippet:-1","max-image-preview":"max-image-preview:large","max-video-preview":"max-video-preview:-1"},"canonical":"https:\/\/blog.zeit.de\/stoerungsmelder\/2008\/09\/23\/der-storungsmelder-on-tour-im-ostlichsten-teil-deutschlands_405","og_locale":"de_DE","og_type":"article","og_title":"Der St\u00f6rungsmelder on tour - Im \u00f6stlichsten Teil Deutschlands - St\u00f6rungsmelder","og_description":"In Sachsen, kurz vor der tschechischen Grenze, da wo die Ortsschilder zweisprachig sind, zwischen L\u00f6bau, Zittau und Bautzen, von Dresden eineinhalb Autostunden entfernt liegt der \u00f6stlichste Teil Deutschlands. Hier, in einer idyllischen Landschaft befindet sich das \u00d6rtchen Ebersbach. Felder, Wiesen, W\u00e4lder \u2013 und ganz offensichtlich jede Menge Rechtsextreme.","og_url":"https:\/\/blog.zeit.de\/stoerungsmelder\/2008\/09\/23\/der-storungsmelder-on-tour-im-ostlichsten-teil-deutschlands_405","og_site_name":"St\u00f6rungsmelder","article_published_time":"2008-09-23T12:07:51+00:00","author":"Rebecca Weis","twitter_card":"summary_large_image","twitter_misc":{"Geschrieben von":"Rebecca Weis","Gesch\u00e4tzte Lesezeit":"4\u00a0Minuten"},"schema":{"@context":"https:\/\/schema.org","@graph":[{"@type":"WebPage","@id":"https:\/\/blog.zeit.de\/stoerungsmelder\/2008\/09\/23\/der-storungsmelder-on-tour-im-ostlichsten-teil-deutschlands_405","url":"https:\/\/blog.zeit.de\/stoerungsmelder\/2008\/09\/23\/der-storungsmelder-on-tour-im-ostlichsten-teil-deutschlands_405","name":"Der St\u00f6rungsmelder on tour - Im \u00f6stlichsten Teil Deutschlands - St\u00f6rungsmelder","isPartOf":{"@id":"https:\/\/blog.zeit.de\/stoerungsmelder\/#website"},"datePublished":"2008-09-23T12:07:51+00:00","dateModified":"2008-09-23T12:07:51+00:00","author":{"@id":"https:\/\/blog.zeit.de\/stoerungsmelder\/#\/schema\/person\/0ed1169ad066599e4f0c58a8a9929895"},"breadcrumb":{"@id":"https:\/\/blog.zeit.de\/stoerungsmelder\/2008\/09\/23\/der-storungsmelder-on-tour-im-ostlichsten-teil-deutschlands_405#breadcrumb"},"inLanguage":"de","potentialAction":[{"@type":"ReadAction","target":["https:\/\/blog.zeit.de\/stoerungsmelder\/2008\/09\/23\/der-storungsmelder-on-tour-im-ostlichsten-teil-deutschlands_405"]}]},{"@type":"BreadcrumbList","@id":"https:\/\/blog.zeit.de\/stoerungsmelder\/2008\/09\/23\/der-storungsmelder-on-tour-im-ostlichsten-teil-deutschlands_405#breadcrumb","itemListElement":[{"@type":"ListItem","position":1,"name":"Startseite","item":"https:\/\/blog.zeit.de\/stoerungsmelder"},{"@type":"ListItem","position":2,"name":"Der St\u00f6rungsmelder on tour &#8211; Im \u00f6stlichsten Teil Deutschlands"}]},{"@type":"WebSite","@id":"https:\/\/blog.zeit.de\/stoerungsmelder\/#website","url":"https:\/\/blog.zeit.de\/stoerungsmelder\/","name":"St\u00f6rungsmelder","description":"Recherchen und Analysen \u00fcber die extreme Rechte","potentialAction":[{"@type":"SearchAction","target":{"@type":"EntryPoint","urlTemplate":"https:\/\/blog.zeit.de\/stoerungsmelder\/?s={search_term_string}"},"query-input":"required name=search_term_string"}],"inLanguage":"de"},{"@type":"Person","@id":"https:\/\/blog.zeit.de\/stoerungsmelder\/#\/schema\/person\/0ed1169ad066599e4f0c58a8a9929895","name":"Rebecca Weis","image":{"@type":"ImageObject","inLanguage":"de","@id":"https:\/\/blog.zeit.de\/stoerungsmelder\/#\/schema\/person\/image\/","url":"https:\/\/secure.gravatar.com\/avatar\/0c30ffc2efb12f4ca266bf92546e3b8e2f335baa85fa1a06085989ef420fa0bf?s=96&d=mm&r=pg","contentUrl":"https:\/\/secure.gravatar.com\/avatar\/0c30ffc2efb12f4ca266bf92546e3b8e2f335baa85fa1a06085989ef420fa0bf?s=96&d=mm&r=pg","caption":"Rebecca Weis"},"url":"https:\/\/blog.zeit.de\/stoerungsmelder\/author\/rebecca-weis"}]}},"jetpack_featured_media_url":"","jetpack_sharing_enabled":true,"_links":{"self":[{"href":"https:\/\/blog.zeit.de\/stoerungsmelder\/wp-json\/wp\/v2\/posts\/405","targetHints":{"allow":["GET"]}}],"collection":[{"href":"https:\/\/blog.zeit.de\/stoerungsmelder\/wp-json\/wp\/v2\/posts"}],"about":[{"href":"https:\/\/blog.zeit.de\/stoerungsmelder\/wp-json\/wp\/v2\/types\/post"}],"author":[{"embeddable":true,"href":"https:\/\/blog.zeit.de\/stoerungsmelder\/wp-json\/wp\/v2\/users\/224"}],"replies":[{"embeddable":true,"href":"https:\/\/blog.zeit.de\/stoerungsmelder\/wp-json\/wp\/v2\/comments?post=405"}],"version-history":[{"count":0,"href":"https:\/\/blog.zeit.de\/stoerungsmelder\/wp-json\/wp\/v2\/posts\/405\/revisions"}],"wp:attachment":[{"href":"https:\/\/blog.zeit.de\/stoerungsmelder\/wp-json\/wp\/v2\/media?parent=405"}],"wp:term":[{"taxonomy":"category","embeddable":true,"href":"https:\/\/blog.zeit.de\/stoerungsmelder\/wp-json\/wp\/v2\/categories?post=405"},{"taxonomy":"post_tag","embeddable":true,"href":"https:\/\/blog.zeit.de\/stoerungsmelder\/wp-json\/wp\/v2\/tags?post=405"}],"curies":[{"name":"wp","href":"https:\/\/api.w.org\/{rel}","templated":true}]}}