{"id":4089,"date":"2010-07-24T12:57:58","date_gmt":"2010-07-24T10:57:58","guid":{"rendered":"http:\/\/blog.zeit.de\/stoerungsmelder\/?p=4089"},"modified":"2010-07-24T12:57:59","modified_gmt":"2010-07-24T10:57:59","slug":"mit-blockaden-gegen-den-naziaufmarsch-in-bad-nenndorf","status":"publish","type":"post","link":"https:\/\/blog.zeit.de\/stoerungsmelder\/2010\/07\/24\/mit-blockaden-gegen-den-naziaufmarsch-in-bad-nenndorf_4089","title":{"rendered":"Mit Blockaden gegen den Naziaufmarsch in Bad Nenndorf"},"content":{"rendered":"<p><figure id=\"attachment_4091\" aria-describedby=\"caption-attachment-4091\" style=\"width: 540px\" class=\"wp-caption alignnone\"><a href=\"https:\/\/blog.zeit.de\/stoerungsmelder\/files\/2010\/07\/badn1_small.jpg\"><img loading=\"lazy\" decoding=\"async\" class=\"size-full wp-image-4091\" title=\"badn1_small\" src=\"https:\/\/blog.zeit.de\/stoerungsmelder\/files\/2010\/07\/badn1_small.jpg\" alt=\"\" width=\"540\" height=\"200\" srcset=\"https:\/\/blog.zeit.de\/stoerungsmelder\/files\/2010\/07\/badn1_small.jpg 540w, https:\/\/blog.zeit.de\/stoerungsmelder\/files\/2010\/07\/badn1_small-300x111.jpg 300w\" sizes=\"auto, (max-width: 540px) 100vw, 540px\" \/><\/a><figcaption id=\"caption-attachment-4091\" class=\"wp-caption-text\">Protest gegen den Neonaziaufmarsch 2009<\/figcaption><\/figure><\/p>\n<p>Lange Zeit geh\u00f6rte das Wincklerbad zu den stolz pr\u00e4sentierten Sehensw\u00fcrdigkeiten des Kurortes Bad Nenndorf westlich von Hannover. Seit vier Jahren aber zieht das Geb\u00e4ude vor allem Neonazis in die Kleinstadt: mit ihrem geschichtsrevisionistischen \u201eTrauermarsch\u201c in Bad Nenndorf gewinnt die militante Rechte an Zulauf. Mit knapp 800 Teilnehmern konnte das selbsternannte \u201eGedenkb\u00fcndnis Bad Nenndorf\u201c 2009 fast doppelt soviele Neonazis in die Kleinstadt mobilisieren als im Vorjahr \u2013 f\u00fcr dieses Jahr werden rund 1200 Neonazis erwartet. Damit ist der \u201eTrauermarsch\u201c in Niedersachsen inzwischen zum gr\u00f6\u00dften und bundesweit zum drittgr\u00f6\u00dften Nazievent geworden.<!--more--><\/p>\n<p><figure id=\"attachment_4092\" aria-describedby=\"caption-attachment-4092\" style=\"width: 209px\" class=\"wp-caption alignleft\"><a href=\"https:\/\/blog.zeit.de\/stoerungsmelder\/files\/2010\/07\/badn2_small.jpg\"><img loading=\"lazy\" decoding=\"async\" class=\"size-full wp-image-4092\" title=\"badn2_small\" src=\"https:\/\/blog.zeit.de\/stoerungsmelder\/files\/2010\/07\/badn2_small.jpg\" alt=\"\" width=\"209\" height=\"140\" srcset=\"https:\/\/blog.zeit.de\/stoerungsmelder\/files\/2010\/07\/badn2_small.jpg 918w, https:\/\/blog.zeit.de\/stoerungsmelder\/files\/2010\/07\/badn2_small-300x200.jpg 300w\" sizes=\"auto, (max-width: 209px) 100vw, 209px\" \/><\/a><figcaption id=\"caption-attachment-4092\" class=\"wp-caption-text\">Das Wincklerbad in Bad Nenndorf<\/figcaption><\/figure><\/p>\n<p><!-- \t\t@page { margin: 2cm } \t\tP { margin-bottom: 0.21cm } -->Um den Aufmarsch in diesem Jahr zu verhindern, ruft das \u00fcberregionale B\u00fcndnis \u201eNS-Verherrlichung stoppen!\u201c zu Massenblockaden am 14. August in Bad Nenndorf auf. Unterst\u00fctzung erh\u00e4lt es dabei von bislang knapp 70 Initiativen und Gruppen, die auf die Funktion des extrem rechten Aufmarschs hinweisen. Denn seine Organisatoren haben schon fr\u00fch die wachsende Bedeutung des Geschichtsrevisionismus erkannt, dessen Klammerfunktion die extreme Rechte inzwischen f\u00fcr einen gro\u00dfen Teil ihrer Aufm\u00e4rsche nutzt. <img decoding=\"async\" src=\"file:\/\/\/C:\/Users\/budler\/AppData\/Local\/Temp\/moz-screenshot.png\" alt=\"\" \/><\/p>\n<p><figure id=\"attachment_4093\" aria-describedby=\"caption-attachment-4093\" style=\"width: 232px\" class=\"wp-caption alignright\"><a href=\"https:\/\/blog.zeit.de\/stoerungsmelder\/files\/2010\/07\/badn3_small.jpg\"><img loading=\"lazy\" decoding=\"async\" class=\"size-full wp-image-4093  \" title=\"badn3_small\" src=\"https:\/\/blog.zeit.de\/stoerungsmelder\/files\/2010\/07\/badn3_small.jpg\" alt=\"\" width=\"232\" height=\"160\" srcset=\"https:\/\/blog.zeit.de\/stoerungsmelder\/files\/2010\/07\/badn3_small.jpg 551w, https:\/\/blog.zeit.de\/stoerungsmelder\/files\/2010\/07\/badn3_small-300x206.jpg 300w\" sizes=\"auto, (max-width: 232px) 100vw, 232px\" \/><\/a><figcaption id=\"caption-attachment-4093\" class=\"wp-caption-text\">Neonazis beim Aufmarsch 2009<\/figcaption><\/figure><\/p>\n<p>Anders als in anderen Bundesl\u00e4ndern kann das \u201eGedenkb\u00fcndnis\u201c zudem auf organisierte Strukturen in der Region zur\u00fcck greifen. Daf\u00fcr sorgen Gruppierungen wie die \u201eKameradschaft 73\u201c um Dennis B\u00fchrig aus Celle, die \u201eB\u00fcrgerinitiative f\u00fcr Zivilcourage Hildesheim\u201c um Dieter Riefling und der l\u00e4nder\u00fcbergreifende Zusammenschluss von Neonazis aus den Regionen Schaumburg und Ostwestfalen-Lippe. Sie sorgen f\u00fcr einen Aufmarsch in Bad Nenndorf, der ohne nennswerte Unterst\u00fctzung der NPD zu einem der Events der extremen Rechten z\u00e4hlt. Auch die wachsende Gewaltbereitschaft der extrem rechte Kameradschaftszene gegen\u00fcber Polizei und Medien ist inzwischen un\u00fcbersehbar: noch vor dem eigentlichen Beginn kam es im vergangenen Jahr zu Steinw\u00fcrfen, sp\u00e4ter warfen die Neonazis harte Gegenst\u00e4nde gegen die Kameras von Journalisten.<\/p>\n<p>In diesem Jahr war der \u201eTrauermarsch\u201c urspr\u00fcnglich f\u00fcr Anfang August geplant, wurde aber um zwei Wochen verschoben. Der Aufmarsch befindet sich nun in bedenklich zeitlicher N\u00e4he zum 17. August, dem Todestag des Hitler Stellvertreters Rudolf He\u00df. Damit w\u00e4chst die Gefahr, dass die extrem rechte Veranstaltung im Kreis Schaumburg zu einer realistsichen Alternative f\u00fcr den Wallfahrtsort in Wunsiedel werden k\u00f6nnte. Schon jetzt vereint der spektren\u00fcbergreifende Aufmarsch Neonazis aus verschiedenen Bundesl\u00e4ndern und teilweise dem europ\u00e4ischen Ausland in ihrem Bem\u00fchen, die Geschichte in ihrem Sinn umzudeuten. Doch auch die Proteste in dem Kurort nehmen zu und erreichten im vergangenen Jahr erstmals eine Zahl von \u00fcber 1.000 Teilnehmern an einer Demonstration des B\u00fcndnisses \u201eBad Nenndorf ist bunt\u201c. Auch Aktionen von antifaschistischen Gruppen wie eine Sitzblockade auf dem Platz vor dem Wincklerbad und bunter Konfettiregen vom Dach des Wincklerbads auf den Neonaziaufmarsch fanden bei dem b\u00fcrgerlichen B\u00fcndnis vor Ort Anklang. Unter dem Motto \u201eDresden nach Bad Nenndorf holen\u201c ruft das \u00fcberregionale B\u00fcdnis \u201eNS-Verherrlichung stoppen!\u201c in diesem Jahr zu Massenblockaden in Bad Nenndorf auf. Dazu kommt eine Kundgebung mit anschlie\u00dfender Demonstration des B\u00fcndnisses \u201eBad Nenndorf ist bunt\u201c. Unter dem Eindruck des im vergangenen Februar verhinderten \u201eTrauermarschs\u201c der \u201eJungen Landsmannschaft Ostpreu\u00dfen\u201c fragt das B\u00fcndnis in seinem Aufruf: \u201eWenn tausende GegendemonstrantInnen Dresden lahm legen konnten, welche Wirkung h\u00e4tten sie dann erst auf die Lage in Bad Nenndorf?\u201c. Eine berechtigte Frage, wie die breite Resonanz auf den Aufruf zeigt. Auch die nieders\u00e4chsischen Gr\u00fcnen hatten bereits auf ihrem Parteitag im April eine Resolution zur Blockade von Naziaufm\u00e4rschen verabschiedet. Darin rufen sie dazu <span style=\"font-family: TTE1953F90t00;\"><span style=\"font-size: x-small;\">au<\/span><\/span>f, \u201eden Naziaufmarsch in Bad Nenndorf durch Massenblockaden zu verhindern. Wir werden gegen den gr\u00f6\u00dften Naziaufmarsch in Niedersachsen mobilisieren und uns an B\u00fcndnissen gegen den Naziaufmarsch beteiligen\u201c. Es k\u00f6nnte am 14. August also r\u00e4umlich eng werden in der Kurstadt Bad Nenndorf mit ihren rund 10.000 Einwohnern. Ob es f\u00fcr die anreisenden Neonazis auch politisch so eng wird, dass der Aufmarsch nicht stattfinden kann, wird sich zeigen m\u00fcssen.<\/p>\n","protected":false},"excerpt":{"rendered":"<p>Lange Zeit geh\u00f6rte das Wincklerbad zu den stolz pr\u00e4sentierten Sehensw\u00fcrdigkeiten des Kurortes Bad Nenndorf westlich von Hannover. Seit vier Jahren aber zieht das Geb\u00e4ude vor allem Neonazis in die Kleinstadt: mit ihrem geschichtsrevisionistischen \u201eTrauermarsch\u201c in Bad Nenndorf gewinnt die militante Rechte an Zulauf. Mit knapp 800 Teilnehmern konnte das selbsternannte \u201eGedenkb\u00fcndnis Bad Nenndorf\u201c 2009 fast [&hellip;]<\/p>\n","protected":false},"author":254,"featured_media":0,"comment_status":"open","ping_status":"open","sticky":false,"template":"","format":"standard","meta":{"_jetpack_memberships_contains_paid_content":false,"footnotes":""},"categories":[1],"tags":[],"class_list":["post-4089","post","type-post","status-publish","format-standard","hentry","category-allgemein"],"yoast_head":"<!-- This site is optimized with the Yoast SEO plugin v21.0 - https:\/\/yoast.com\/wordpress\/plugins\/seo\/ -->\n<title>Mit Blockaden gegen den Naziaufmarsch in Bad Nenndorf - St\u00f6rungsmelder<\/title>\n<meta name=\"robots\" content=\"index, follow, max-snippet:-1, max-image-preview:large, max-video-preview:-1\" \/>\n<link rel=\"canonical\" href=\"https:\/\/blog.zeit.de\/stoerungsmelder\/2010\/07\/24\/mit-blockaden-gegen-den-naziaufmarsch-in-bad-nenndorf_4089\" \/>\n<meta property=\"og:locale\" content=\"de_DE\" \/>\n<meta property=\"og:type\" content=\"article\" \/>\n<meta property=\"og:title\" content=\"Mit Blockaden gegen den Naziaufmarsch in Bad Nenndorf - St\u00f6rungsmelder\" \/>\n<meta property=\"og:description\" content=\"Lange Zeit geh\u00f6rte das Wincklerbad zu den stolz pr\u00e4sentierten Sehensw\u00fcrdigkeiten des Kurortes Bad Nenndorf westlich von Hannover. Seit vier Jahren aber zieht das Geb\u00e4ude vor allem Neonazis in die Kleinstadt: mit ihrem geschichtsrevisionistischen \u201eTrauermarsch\u201c in Bad Nenndorf gewinnt die militante Rechte an Zulauf. Mit knapp 800 Teilnehmern konnte das selbsternannte \u201eGedenkb\u00fcndnis Bad Nenndorf\u201c 2009 fast [&hellip;]\" \/>\n<meta property=\"og:url\" content=\"https:\/\/blog.zeit.de\/stoerungsmelder\/2010\/07\/24\/mit-blockaden-gegen-den-naziaufmarsch-in-bad-nenndorf_4089\" \/>\n<meta property=\"og:site_name\" content=\"St\u00f6rungsmelder\" \/>\n<meta property=\"article:published_time\" content=\"2010-07-24T10:57:58+00:00\" \/>\n<meta property=\"article:modified_time\" content=\"2010-07-24T10:57:59+00:00\" \/>\n<meta property=\"og:image\" content=\"https:\/\/blog.zeit.de\/stoerungsmelder\/files\/2010\/07\/badn1_small.jpg\" \/>\n<meta name=\"author\" content=\"Kai Budler\" \/>\n<meta name=\"twitter:card\" content=\"summary_large_image\" \/>\n<meta name=\"twitter:label1\" content=\"Geschrieben von\" \/>\n\t<meta name=\"twitter:data1\" content=\"Kai Budler\" \/>\n\t<meta name=\"twitter:label2\" content=\"Gesch\u00e4tzte Lesezeit\" \/>\n\t<meta name=\"twitter:data2\" content=\"3\u00a0Minuten\" \/>\n<script type=\"application\/ld+json\" class=\"yoast-schema-graph\">{\"@context\":\"https:\/\/schema.org\",\"@graph\":[{\"@type\":\"WebPage\",\"@id\":\"https:\/\/blog.zeit.de\/stoerungsmelder\/2010\/07\/24\/mit-blockaden-gegen-den-naziaufmarsch-in-bad-nenndorf_4089\",\"url\":\"https:\/\/blog.zeit.de\/stoerungsmelder\/2010\/07\/24\/mit-blockaden-gegen-den-naziaufmarsch-in-bad-nenndorf_4089\",\"name\":\"Mit Blockaden gegen den Naziaufmarsch in Bad Nenndorf - St\u00f6rungsmelder\",\"isPartOf\":{\"@id\":\"https:\/\/blog.zeit.de\/stoerungsmelder\/#website\"},\"datePublished\":\"2010-07-24T10:57:58+00:00\",\"dateModified\":\"2010-07-24T10:57:59+00:00\",\"author\":{\"@id\":\"https:\/\/blog.zeit.de\/stoerungsmelder\/#\/schema\/person\/58f28fa43c55337b17b93e3622cc8b37\"},\"breadcrumb\":{\"@id\":\"https:\/\/blog.zeit.de\/stoerungsmelder\/2010\/07\/24\/mit-blockaden-gegen-den-naziaufmarsch-in-bad-nenndorf_4089#breadcrumb\"},\"inLanguage\":\"de\",\"potentialAction\":[{\"@type\":\"ReadAction\",\"target\":[\"https:\/\/blog.zeit.de\/stoerungsmelder\/2010\/07\/24\/mit-blockaden-gegen-den-naziaufmarsch-in-bad-nenndorf_4089\"]}]},{\"@type\":\"BreadcrumbList\",\"@id\":\"https:\/\/blog.zeit.de\/stoerungsmelder\/2010\/07\/24\/mit-blockaden-gegen-den-naziaufmarsch-in-bad-nenndorf_4089#breadcrumb\",\"itemListElement\":[{\"@type\":\"ListItem\",\"position\":1,\"name\":\"Startseite\",\"item\":\"https:\/\/blog.zeit.de\/stoerungsmelder\"},{\"@type\":\"ListItem\",\"position\":2,\"name\":\"Mit Blockaden gegen den Naziaufmarsch in Bad Nenndorf\"}]},{\"@type\":\"WebSite\",\"@id\":\"https:\/\/blog.zeit.de\/stoerungsmelder\/#website\",\"url\":\"https:\/\/blog.zeit.de\/stoerungsmelder\/\",\"name\":\"St\u00f6rungsmelder\",\"description\":\"Recherchen und Analysen \u00fcber die extreme Rechte\",\"potentialAction\":[{\"@type\":\"SearchAction\",\"target\":{\"@type\":\"EntryPoint\",\"urlTemplate\":\"https:\/\/blog.zeit.de\/stoerungsmelder\/?s={search_term_string}\"},\"query-input\":\"required name=search_term_string\"}],\"inLanguage\":\"de\"},{\"@type\":\"Person\",\"@id\":\"https:\/\/blog.zeit.de\/stoerungsmelder\/#\/schema\/person\/58f28fa43c55337b17b93e3622cc8b37\",\"name\":\"Kai Budler\",\"image\":{\"@type\":\"ImageObject\",\"inLanguage\":\"de\",\"@id\":\"https:\/\/blog.zeit.de\/stoerungsmelder\/#\/schema\/person\/image\/\",\"url\":\"https:\/\/secure.gravatar.com\/avatar\/126c2f44b51c178dc1db1bb6e040fcff157c88000cfae96c983070e6153484e3?s=96&d=mm&r=pg\",\"contentUrl\":\"https:\/\/secure.gravatar.com\/avatar\/126c2f44b51c178dc1db1bb6e040fcff157c88000cfae96c983070e6153484e3?s=96&d=mm&r=pg\",\"caption\":\"Kai Budler\"},\"url\":\"https:\/\/blog.zeit.de\/stoerungsmelder\/author\/kai-budler\"}]}<\/script>\n<!-- \/ Yoast SEO plugin. -->","yoast_head_json":{"title":"Mit Blockaden gegen den Naziaufmarsch in Bad Nenndorf - St\u00f6rungsmelder","robots":{"index":"index","follow":"follow","max-snippet":"max-snippet:-1","max-image-preview":"max-image-preview:large","max-video-preview":"max-video-preview:-1"},"canonical":"https:\/\/blog.zeit.de\/stoerungsmelder\/2010\/07\/24\/mit-blockaden-gegen-den-naziaufmarsch-in-bad-nenndorf_4089","og_locale":"de_DE","og_type":"article","og_title":"Mit Blockaden gegen den Naziaufmarsch in Bad Nenndorf - St\u00f6rungsmelder","og_description":"Lange Zeit geh\u00f6rte das Wincklerbad zu den stolz pr\u00e4sentierten Sehensw\u00fcrdigkeiten des Kurortes Bad Nenndorf westlich von Hannover. Seit vier Jahren aber zieht das Geb\u00e4ude vor allem Neonazis in die Kleinstadt: mit ihrem geschichtsrevisionistischen \u201eTrauermarsch\u201c in Bad Nenndorf gewinnt die militante Rechte an Zulauf. Mit knapp 800 Teilnehmern konnte das selbsternannte \u201eGedenkb\u00fcndnis Bad Nenndorf\u201c 2009 fast [&hellip;]","og_url":"https:\/\/blog.zeit.de\/stoerungsmelder\/2010\/07\/24\/mit-blockaden-gegen-den-naziaufmarsch-in-bad-nenndorf_4089","og_site_name":"St\u00f6rungsmelder","article_published_time":"2010-07-24T10:57:58+00:00","article_modified_time":"2010-07-24T10:57:59+00:00","og_image":[{"url":"https:\/\/blog.zeit.de\/stoerungsmelder\/files\/2010\/07\/badn1_small.jpg"}],"author":"Kai Budler","twitter_card":"summary_large_image","twitter_misc":{"Geschrieben von":"Kai Budler","Gesch\u00e4tzte Lesezeit":"3\u00a0Minuten"},"schema":{"@context":"https:\/\/schema.org","@graph":[{"@type":"WebPage","@id":"https:\/\/blog.zeit.de\/stoerungsmelder\/2010\/07\/24\/mit-blockaden-gegen-den-naziaufmarsch-in-bad-nenndorf_4089","url":"https:\/\/blog.zeit.de\/stoerungsmelder\/2010\/07\/24\/mit-blockaden-gegen-den-naziaufmarsch-in-bad-nenndorf_4089","name":"Mit Blockaden gegen den Naziaufmarsch in Bad Nenndorf - St\u00f6rungsmelder","isPartOf":{"@id":"https:\/\/blog.zeit.de\/stoerungsmelder\/#website"},"datePublished":"2010-07-24T10:57:58+00:00","dateModified":"2010-07-24T10:57:59+00:00","author":{"@id":"https:\/\/blog.zeit.de\/stoerungsmelder\/#\/schema\/person\/58f28fa43c55337b17b93e3622cc8b37"},"breadcrumb":{"@id":"https:\/\/blog.zeit.de\/stoerungsmelder\/2010\/07\/24\/mit-blockaden-gegen-den-naziaufmarsch-in-bad-nenndorf_4089#breadcrumb"},"inLanguage":"de","potentialAction":[{"@type":"ReadAction","target":["https:\/\/blog.zeit.de\/stoerungsmelder\/2010\/07\/24\/mit-blockaden-gegen-den-naziaufmarsch-in-bad-nenndorf_4089"]}]},{"@type":"BreadcrumbList","@id":"https:\/\/blog.zeit.de\/stoerungsmelder\/2010\/07\/24\/mit-blockaden-gegen-den-naziaufmarsch-in-bad-nenndorf_4089#breadcrumb","itemListElement":[{"@type":"ListItem","position":1,"name":"Startseite","item":"https:\/\/blog.zeit.de\/stoerungsmelder"},{"@type":"ListItem","position":2,"name":"Mit Blockaden gegen den Naziaufmarsch in Bad Nenndorf"}]},{"@type":"WebSite","@id":"https:\/\/blog.zeit.de\/stoerungsmelder\/#website","url":"https:\/\/blog.zeit.de\/stoerungsmelder\/","name":"St\u00f6rungsmelder","description":"Recherchen und Analysen \u00fcber die extreme Rechte","potentialAction":[{"@type":"SearchAction","target":{"@type":"EntryPoint","urlTemplate":"https:\/\/blog.zeit.de\/stoerungsmelder\/?s={search_term_string}"},"query-input":"required name=search_term_string"}],"inLanguage":"de"},{"@type":"Person","@id":"https:\/\/blog.zeit.de\/stoerungsmelder\/#\/schema\/person\/58f28fa43c55337b17b93e3622cc8b37","name":"Kai Budler","image":{"@type":"ImageObject","inLanguage":"de","@id":"https:\/\/blog.zeit.de\/stoerungsmelder\/#\/schema\/person\/image\/","url":"https:\/\/secure.gravatar.com\/avatar\/126c2f44b51c178dc1db1bb6e040fcff157c88000cfae96c983070e6153484e3?s=96&d=mm&r=pg","contentUrl":"https:\/\/secure.gravatar.com\/avatar\/126c2f44b51c178dc1db1bb6e040fcff157c88000cfae96c983070e6153484e3?s=96&d=mm&r=pg","caption":"Kai Budler"},"url":"https:\/\/blog.zeit.de\/stoerungsmelder\/author\/kai-budler"}]}},"jetpack_featured_media_url":"","jetpack_sharing_enabled":true,"_links":{"self":[{"href":"https:\/\/blog.zeit.de\/stoerungsmelder\/wp-json\/wp\/v2\/posts\/4089","targetHints":{"allow":["GET"]}}],"collection":[{"href":"https:\/\/blog.zeit.de\/stoerungsmelder\/wp-json\/wp\/v2\/posts"}],"about":[{"href":"https:\/\/blog.zeit.de\/stoerungsmelder\/wp-json\/wp\/v2\/types\/post"}],"author":[{"embeddable":true,"href":"https:\/\/blog.zeit.de\/stoerungsmelder\/wp-json\/wp\/v2\/users\/254"}],"replies":[{"embeddable":true,"href":"https:\/\/blog.zeit.de\/stoerungsmelder\/wp-json\/wp\/v2\/comments?post=4089"}],"version-history":[{"count":0,"href":"https:\/\/blog.zeit.de\/stoerungsmelder\/wp-json\/wp\/v2\/posts\/4089\/revisions"}],"wp:attachment":[{"href":"https:\/\/blog.zeit.de\/stoerungsmelder\/wp-json\/wp\/v2\/media?parent=4089"}],"wp:term":[{"taxonomy":"category","embeddable":true,"href":"https:\/\/blog.zeit.de\/stoerungsmelder\/wp-json\/wp\/v2\/categories?post=4089"},{"taxonomy":"post_tag","embeddable":true,"href":"https:\/\/blog.zeit.de\/stoerungsmelder\/wp-json\/wp\/v2\/tags?post=4089"}],"curies":[{"name":"wp","href":"https:\/\/api.w.org\/{rel}","templated":true}]}}