{"id":409,"date":"2008-09-25T19:59:25","date_gmt":"2008-09-25T18:59:25","guid":{"rendered":"http:\/\/blog.zeit.de\/stoerungsmelder\/2008\/09\/25\/parlamentarischer-abend-in-berlin_409"},"modified":"2008-09-25T19:59:25","modified_gmt":"2008-09-25T18:59:25","slug":"parlamentarischer-abend-in-berlin","status":"publish","type":"post","link":"https:\/\/blog.zeit.de\/stoerungsmelder\/2008\/09\/25\/parlamentarischer-abend-in-berlin_409","title":{"rendered":"Parlamentarischer Abend in Berlin"},"content":{"rendered":"<p>\u201eGesicht zeigen\u201c pr\u00e4sentierte gestern Abend in Berlin eingeladenen Parlamentariern sich und mehrere Projekte. Danke daf\u00fcr. Es war im besten Sinne anregend. Wie bitter n\u00f6tig mehr Demokratie, Toleranz und Zivilcourage im Alltag sind, habe ich erst am Wochenende in einer ddp-Kolumne beschrieben, siehe <a href=\"http:\/\/www.petrapau.de\/person\/lesbar\/080920_ddp-kolumne.htm\">http:\/\/www.petrapau.de\/person\/lesbar\/080920_ddp-kolumne.htm<\/a>. Umso wichtiger finde ich, dass sich \u201eGesicht zeigen\u201c sehr engagiert und einfallsreich Kinder und Jugendlichen widmet.<\/p>\n<p>Mit besten Gr\u00fc\u00dfen,<\/p>\n<p>Petra Pau, Vizepr\u00e4sidentin des Bundestages<\/p>\n","protected":false},"excerpt":{"rendered":"<p>\u201eGesicht zeigen\u201c pr\u00e4sentierte gestern Abend in Berlin eingeladenen Parlamentariern sich und mehrere Projekte. Danke daf\u00fcr. Es war im besten Sinne anregend. Wie bitter n\u00f6tig mehr Demokratie, Toleranz und Zivilcourage im Alltag sind, habe ich erst am Wochenende in einer ddp-Kolumne beschrieben, siehe http:\/\/www.petrapau.de\/person\/lesbar\/080920_ddp-kolumne.htm. Umso wichtiger finde ich, dass sich \u201eGesicht zeigen\u201c sehr engagiert und einfallsreich [&hellip;]<\/p>\n","protected":false},"author":249,"featured_media":0,"comment_status":"open","ping_status":"closed","sticky":false,"template":"","format":"standard","meta":{"_jetpack_memberships_contains_paid_content":false,"footnotes":""},"categories":[249,1515],"tags":[1525,187,1822,1858],"class_list":["post-409","post","type-post","status-publish","format-standard","hentry","category-berlin","category-bundesweit","tag-demokratie","tag-politik","tag-toleranz","tag-zivilcourage"],"yoast_head":"<!-- This site is optimized with the Yoast SEO plugin v21.0 - https:\/\/yoast.com\/wordpress\/plugins\/seo\/ -->\n<title>Parlamentarischer Abend in Berlin - St\u00f6rungsmelder<\/title>\n<meta name=\"robots\" content=\"index, follow, max-snippet:-1, max-image-preview:large, max-video-preview:-1\" \/>\n<link rel=\"canonical\" href=\"https:\/\/blog.zeit.de\/stoerungsmelder\/2008\/09\/25\/parlamentarischer-abend-in-berlin_409\" \/>\n<meta property=\"og:locale\" content=\"de_DE\" \/>\n<meta property=\"og:type\" content=\"article\" \/>\n<meta property=\"og:title\" content=\"Parlamentarischer Abend in Berlin - St\u00f6rungsmelder\" \/>\n<meta property=\"og:description\" content=\"\u201eGesicht zeigen\u201c pr\u00e4sentierte gestern Abend in Berlin eingeladenen Parlamentariern sich und mehrere Projekte. Danke daf\u00fcr. Es war im besten Sinne anregend. Wie bitter n\u00f6tig mehr Demokratie, Toleranz und Zivilcourage im Alltag sind, habe ich erst am Wochenende in einer ddp-Kolumne beschrieben, siehe http:\/\/www.petrapau.de\/person\/lesbar\/080920_ddp-kolumne.htm. Umso wichtiger finde ich, dass sich \u201eGesicht zeigen\u201c sehr engagiert und einfallsreich [&hellip;]\" \/>\n<meta property=\"og:url\" content=\"https:\/\/blog.zeit.de\/stoerungsmelder\/2008\/09\/25\/parlamentarischer-abend-in-berlin_409\" \/>\n<meta property=\"og:site_name\" content=\"St\u00f6rungsmelder\" \/>\n<meta property=\"article:published_time\" content=\"2008-09-25T18:59:25+00:00\" \/>\n<meta name=\"author\" content=\"Petra Pau\" \/>\n<meta name=\"twitter:card\" content=\"summary_large_image\" \/>\n<meta name=\"twitter:label1\" content=\"Geschrieben von\" \/>\n\t<meta name=\"twitter:data1\" content=\"Petra Pau\" \/>\n<script type=\"application\/ld+json\" class=\"yoast-schema-graph\">{\"@context\":\"https:\/\/schema.org\",\"@graph\":[{\"@type\":\"WebPage\",\"@id\":\"https:\/\/blog.zeit.de\/stoerungsmelder\/2008\/09\/25\/parlamentarischer-abend-in-berlin_409\",\"url\":\"https:\/\/blog.zeit.de\/stoerungsmelder\/2008\/09\/25\/parlamentarischer-abend-in-berlin_409\",\"name\":\"Parlamentarischer Abend in Berlin - St\u00f6rungsmelder\",\"isPartOf\":{\"@id\":\"https:\/\/blog.zeit.de\/stoerungsmelder\/#website\"},\"datePublished\":\"2008-09-25T18:59:25+00:00\",\"dateModified\":\"2008-09-25T18:59:25+00:00\",\"author\":{\"@id\":\"https:\/\/blog.zeit.de\/stoerungsmelder\/#\/schema\/person\/8c6603cb9fc962a21d89ef264f994a2a\"},\"breadcrumb\":{\"@id\":\"https:\/\/blog.zeit.de\/stoerungsmelder\/2008\/09\/25\/parlamentarischer-abend-in-berlin_409#breadcrumb\"},\"inLanguage\":\"de\",\"potentialAction\":[{\"@type\":\"ReadAction\",\"target\":[\"https:\/\/blog.zeit.de\/stoerungsmelder\/2008\/09\/25\/parlamentarischer-abend-in-berlin_409\"]}]},{\"@type\":\"BreadcrumbList\",\"@id\":\"https:\/\/blog.zeit.de\/stoerungsmelder\/2008\/09\/25\/parlamentarischer-abend-in-berlin_409#breadcrumb\",\"itemListElement\":[{\"@type\":\"ListItem\",\"position\":1,\"name\":\"Startseite\",\"item\":\"https:\/\/blog.zeit.de\/stoerungsmelder\"},{\"@type\":\"ListItem\",\"position\":2,\"name\":\"Parlamentarischer Abend in Berlin\"}]},{\"@type\":\"WebSite\",\"@id\":\"https:\/\/blog.zeit.de\/stoerungsmelder\/#website\",\"url\":\"https:\/\/blog.zeit.de\/stoerungsmelder\/\",\"name\":\"St\u00f6rungsmelder\",\"description\":\"Recherchen und Analysen \u00fcber die extreme Rechte\",\"potentialAction\":[{\"@type\":\"SearchAction\",\"target\":{\"@type\":\"EntryPoint\",\"urlTemplate\":\"https:\/\/blog.zeit.de\/stoerungsmelder\/?s={search_term_string}\"},\"query-input\":\"required name=search_term_string\"}],\"inLanguage\":\"de\"},{\"@type\":\"Person\",\"@id\":\"https:\/\/blog.zeit.de\/stoerungsmelder\/#\/schema\/person\/8c6603cb9fc962a21d89ef264f994a2a\",\"name\":\"Petra Pau\",\"image\":{\"@type\":\"ImageObject\",\"inLanguage\":\"de\",\"@id\":\"https:\/\/blog.zeit.de\/stoerungsmelder\/#\/schema\/person\/image\/\",\"url\":\"https:\/\/secure.gravatar.com\/avatar\/001cbf01ac5dbba9f7492f865180774561944e1118170bc69ab002810b7f6663?s=96&d=mm&r=pg\",\"contentUrl\":\"https:\/\/secure.gravatar.com\/avatar\/001cbf01ac5dbba9f7492f865180774561944e1118170bc69ab002810b7f6663?s=96&d=mm&r=pg\",\"caption\":\"Petra Pau\"},\"url\":\"https:\/\/blog.zeit.de\/stoerungsmelder\/author\/petra-pau\"}]}<\/script>\n<!-- \/ Yoast SEO plugin. -->","yoast_head_json":{"title":"Parlamentarischer Abend in Berlin - St\u00f6rungsmelder","robots":{"index":"index","follow":"follow","max-snippet":"max-snippet:-1","max-image-preview":"max-image-preview:large","max-video-preview":"max-video-preview:-1"},"canonical":"https:\/\/blog.zeit.de\/stoerungsmelder\/2008\/09\/25\/parlamentarischer-abend-in-berlin_409","og_locale":"de_DE","og_type":"article","og_title":"Parlamentarischer Abend in Berlin - St\u00f6rungsmelder","og_description":"\u201eGesicht zeigen\u201c pr\u00e4sentierte gestern Abend in Berlin eingeladenen Parlamentariern sich und mehrere Projekte. Danke daf\u00fcr. Es war im besten Sinne anregend. Wie bitter n\u00f6tig mehr Demokratie, Toleranz und Zivilcourage im Alltag sind, habe ich erst am Wochenende in einer ddp-Kolumne beschrieben, siehe http:\/\/www.petrapau.de\/person\/lesbar\/080920_ddp-kolumne.htm. Umso wichtiger finde ich, dass sich \u201eGesicht zeigen\u201c sehr engagiert und einfallsreich [&hellip;]","og_url":"https:\/\/blog.zeit.de\/stoerungsmelder\/2008\/09\/25\/parlamentarischer-abend-in-berlin_409","og_site_name":"St\u00f6rungsmelder","article_published_time":"2008-09-25T18:59:25+00:00","author":"Petra Pau","twitter_card":"summary_large_image","twitter_misc":{"Geschrieben von":"Petra Pau"},"schema":{"@context":"https:\/\/schema.org","@graph":[{"@type":"WebPage","@id":"https:\/\/blog.zeit.de\/stoerungsmelder\/2008\/09\/25\/parlamentarischer-abend-in-berlin_409","url":"https:\/\/blog.zeit.de\/stoerungsmelder\/2008\/09\/25\/parlamentarischer-abend-in-berlin_409","name":"Parlamentarischer Abend in Berlin - St\u00f6rungsmelder","isPartOf":{"@id":"https:\/\/blog.zeit.de\/stoerungsmelder\/#website"},"datePublished":"2008-09-25T18:59:25+00:00","dateModified":"2008-09-25T18:59:25+00:00","author":{"@id":"https:\/\/blog.zeit.de\/stoerungsmelder\/#\/schema\/person\/8c6603cb9fc962a21d89ef264f994a2a"},"breadcrumb":{"@id":"https:\/\/blog.zeit.de\/stoerungsmelder\/2008\/09\/25\/parlamentarischer-abend-in-berlin_409#breadcrumb"},"inLanguage":"de","potentialAction":[{"@type":"ReadAction","target":["https:\/\/blog.zeit.de\/stoerungsmelder\/2008\/09\/25\/parlamentarischer-abend-in-berlin_409"]}]},{"@type":"BreadcrumbList","@id":"https:\/\/blog.zeit.de\/stoerungsmelder\/2008\/09\/25\/parlamentarischer-abend-in-berlin_409#breadcrumb","itemListElement":[{"@type":"ListItem","position":1,"name":"Startseite","item":"https:\/\/blog.zeit.de\/stoerungsmelder"},{"@type":"ListItem","position":2,"name":"Parlamentarischer Abend in Berlin"}]},{"@type":"WebSite","@id":"https:\/\/blog.zeit.de\/stoerungsmelder\/#website","url":"https:\/\/blog.zeit.de\/stoerungsmelder\/","name":"St\u00f6rungsmelder","description":"Recherchen und Analysen \u00fcber die extreme Rechte","potentialAction":[{"@type":"SearchAction","target":{"@type":"EntryPoint","urlTemplate":"https:\/\/blog.zeit.de\/stoerungsmelder\/?s={search_term_string}"},"query-input":"required name=search_term_string"}],"inLanguage":"de"},{"@type":"Person","@id":"https:\/\/blog.zeit.de\/stoerungsmelder\/#\/schema\/person\/8c6603cb9fc962a21d89ef264f994a2a","name":"Petra Pau","image":{"@type":"ImageObject","inLanguage":"de","@id":"https:\/\/blog.zeit.de\/stoerungsmelder\/#\/schema\/person\/image\/","url":"https:\/\/secure.gravatar.com\/avatar\/001cbf01ac5dbba9f7492f865180774561944e1118170bc69ab002810b7f6663?s=96&d=mm&r=pg","contentUrl":"https:\/\/secure.gravatar.com\/avatar\/001cbf01ac5dbba9f7492f865180774561944e1118170bc69ab002810b7f6663?s=96&d=mm&r=pg","caption":"Petra Pau"},"url":"https:\/\/blog.zeit.de\/stoerungsmelder\/author\/petra-pau"}]}},"jetpack_featured_media_url":"","jetpack_sharing_enabled":true,"_links":{"self":[{"href":"https:\/\/blog.zeit.de\/stoerungsmelder\/wp-json\/wp\/v2\/posts\/409","targetHints":{"allow":["GET"]}}],"collection":[{"href":"https:\/\/blog.zeit.de\/stoerungsmelder\/wp-json\/wp\/v2\/posts"}],"about":[{"href":"https:\/\/blog.zeit.de\/stoerungsmelder\/wp-json\/wp\/v2\/types\/post"}],"author":[{"embeddable":true,"href":"https:\/\/blog.zeit.de\/stoerungsmelder\/wp-json\/wp\/v2\/users\/249"}],"replies":[{"embeddable":true,"href":"https:\/\/blog.zeit.de\/stoerungsmelder\/wp-json\/wp\/v2\/comments?post=409"}],"version-history":[{"count":0,"href":"https:\/\/blog.zeit.de\/stoerungsmelder\/wp-json\/wp\/v2\/posts\/409\/revisions"}],"wp:attachment":[{"href":"https:\/\/blog.zeit.de\/stoerungsmelder\/wp-json\/wp\/v2\/media?parent=409"}],"wp:term":[{"taxonomy":"category","embeddable":true,"href":"https:\/\/blog.zeit.de\/stoerungsmelder\/wp-json\/wp\/v2\/categories?post=409"},{"taxonomy":"post_tag","embeddable":true,"href":"https:\/\/blog.zeit.de\/stoerungsmelder\/wp-json\/wp\/v2\/tags?post=409"}],"curies":[{"name":"wp","href":"https:\/\/api.w.org\/{rel}","templated":true}]}}