{"id":4127,"date":"2010-07-28T12:45:49","date_gmt":"2010-07-28T10:45:49","guid":{"rendered":"http:\/\/blog.zeit.de\/stoerungsmelder\/?p=4127"},"modified":"2010-07-28T12:45:49","modified_gmt":"2010-07-28T10:45:49","slug":"die-krise-der-nazis","status":"publish","type":"post","link":"https:\/\/blog.zeit.de\/stoerungsmelder\/2010\/07\/28\/die-krise-der-nazis_4127","title":{"rendered":"Die Krise der Nazis"},"content":{"rendered":"<p><figure style=\"width: 540px\" class=\"wp-caption aligncenter\"><img loading=\"lazy\" decoding=\"async\" class=\" \" src=\"https:\/\/img.zeit.de\/politik\/deutschland\/2010-07\/voigt-faust\/voigt-faust-540x304.jpg\" alt=\"\" width=\"540\" height=\"304\" \/><figcaption class=\"wp-caption-text\">Der NPD-Parteichef Udo Voigt (l) und der DVU-Vorsitzende Matthias Faust auf dem NPD-Parteitag im Juni in Bamberg \u00a9 David Ebener\/dpa<\/figcaption><\/figure><\/p>\n<p>Es herrscht ein fruchtbares Klima f\u00fcr Rechtspopulisten und -extremisten. Das zeigt sich \u00fcberall in Europa. Nur in Deutschland schaffen sie es nicht, die Krise zu nutzen.<!--more--><\/p>\n<p><em>Von <a title=\"Profil von *Olaf Sundermeyer* anzeigen\" href=\"http:\/\/community.zeit.de\/user\/olaf-sundermeyer\">Olaf Sundermeyer<\/a><\/em><\/p>\n<p>Wenn der Vorsitzende des mitgliederst\u00e4rksten Landesverbandes der Deutschen Volksunion (DVU), Max Branghofer aus Nordrhein-Westfalen, Recht beh\u00e4lt, dann hinterl\u00e4sst seine sterbende Partei noch in diesem Sommer zwei Erbteile: Einen ostdeutschen f\u00fcr die rechtsextreme NPD und einen westdeutschen f\u00fcr die rechtspopulistische Pro-Bewegung. &#8222;Man hat die Partei in den vergangenen eineinhalb Jahren vor die Wand gefahren&#8220; \u2013 so erkl\u00e4rt er das nahende Ende seiner Partei.<\/p>\n<p>&#8222;Man&#8220;, das ist Matthias Faust. Der ehemalige Bundesorganisationsleiter trat Anfang vergangenen Jahres die Nachfolge des Immobilienunternehmers Gerhard Frey an. Vom ersten Tag an zeigte sich der hochgewachsene Faust gut erkennbar auf den Veranstaltungen der NPD, wo er mit seinem Kumpel Holger Apfel, dem Landeschef des einflussreichen s\u00e4chsischen NPD-Landesverbandes, die Fusion der beiden gr\u00f6\u00dften rechtsextremen Parteien vorantrieb. Allein, die Basis der DVU wollte ihm nicht folgen.<\/p>\n<p>Vor einigen Wochen nun kam es zum Eklat: Nur \u00fcber eine Klage blieb Faust im Amt. Jetzt ist er ein Vorsitzender ohne Partei. Sie wirft ihm &#8222;verwerfliches und eigenm\u00e4chtiges Handeln durch Geheimverhandlungen mit dem NPD-Bundesvorsitzenden Udo Voigt&#8220; vor, wie es in einer Erkl\u00e4rung des NRW-Landesvorstands hei\u00dft. Die Erbmasse betr\u00e4gt laut Verfassungsschutz 4500 Mitglieder (Stand 2009), abz\u00fcglich derjenigen, die sich wegen des Streits abgewandt haben. F\u00fcr die d\u00fcrftigen Verh\u00e4ltnisse der rechtsextremen Parteien in Deutschland ist das eine reiche Hinterlassenschaft.<\/p>\n<p>Das angek\u00fcndigte Ende der DVU steht stellvertretend f\u00fcr den dauerhaften Zwist, der die Rechte in Deutschland l\u00e4hmt. Deshalb schafft es keine der Parteien, die gesellschaftliche Krise zu nutzen. Das ist eine deutsche Besonderheit: Denn im Gegensatz zu den europ\u00e4ischen Nachbarn zeigt sich Deutschland bislang immun gegen den fremdenfeindlichen Rechtspopulismus, wie er zuletzt in Belgien, D\u00e4nemark oder den Niederlanden Erfolg hatte. Oder gar gegen radikalere Kr\u00e4fte, wie sie in Osteuropa re\u00fcssieren. In Deutschland ist der Einzug in den Bundestag \u2013 oder gar eine Regierungsbeteiligung \u2013 f\u00fcr sie auf Sicht unm\u00f6glich.<\/p>\n<p>Dabei sehen viele wissenschaftliche Beobachter das Krisenklima als ideale Voraussetzung f\u00fcr derlei Akteure, die sich hierzulande aber in Dilettantismus und Eitelkeiten verfangen. Das sieht die Rechte selbst so:\u00a0&#8222;Es fehlt einer wie der Haider in \u00d6sterreich, der alle Nationalen hinter sich schart&#8220;, sagt ein Aktivist aus Th\u00fcringen. &#8222;Es fehlt ein F\u00fchrer&#8220;. Kein F\u00fchrer, kein Geld, keine fl\u00e4chendeckenden Parteistrukturen.<\/p>\n<p>Die geplante Fusion von NPD und DVU beschleunigte den Niedergang. Die Abneigung vieler DVUler gegen die Voigt-Partei ist gro\u00df, war die DVU doch einst von entt\u00e4uschten NPD-Mitgliedern gegr\u00fcndet worden. \u00dcberdies brach die NPD im vergangenen Jahr den sogenannten Deutschlandpakt, eine Wahlabsprache, nach der nur jeweils eine der beiden Parteien bei Landtagswahlen antreten sollte. In Brandenburg bot die NPD der bis zur Wahl im Landtag vertretenen DVU die Stirn. Mit dem Ergebnis, dass beide scheiterten. Und vor der Kommunalwahl in NRW riss der Pakt ausgerechnet in Branghofers eigener Ratsfraktion in Dortmund. Auch deshalb verhandelt er nun mit der Pro-Bewegung, die hinter NPD und DVU versucht, die riesige Kluft zwischen ihnen und dem erodierenden rechten Rand der CDU zu f\u00fcllen. In Westdeutschland \u2013 denn im Osten ist die NPD zu stark.<\/p>\n<p>Die Pro-Bewegung ist ein Sammelbecken f\u00fcr Rechtsextremisten, wenngleich man das dort stets zu verschleiern versucht. Der Kopf von Pro Deutschland, Manfred Rouhs, hat ebenso eine rechtsextreme Biographie wie der wichtigste Berater des Pro-NRW-Vorsitzenden Markus Beisicht, der selbst von den rechtsradikalen Republikanern (REP) kam. Wie Max Branghofer: &#8222;Auch mit Andreas Molau stehe ich in gutem Kontakt&#8220;, sagt er. Der ehemalige NPD-Spitzenfunktion\u00e4r wird bei Pro NRW inzwischen als &#8222;Referent&#8220; gef\u00fchrt.<\/p>\n<p>Berufsrechtsextremist Molau war in der NPD mit einem Putsch gegen den Vorsitzenden Voigt gescheitert. Es folgte ein Intermezzo in der DVU, von wo aus er nun versucht, kommunale Mandatstr\u00e4ger zur Pro-Bewegung zu locken. &#8222;Von Franz Sch\u00f6nhuber habe ich gelernt, dass Wahlerfolge ohne lokalen Unterbau nichts wert sind. Der hat immer von einem zu gro\u00dfen Anzug gesprochen, den man sonst nicht ausf\u00fcllen kann\u201d, sagte er, als er vor zwei Jahren dieses Ziel noch f\u00fcr die NPD verfolgte.<\/p>\n<p>Der ehemalige REP-Vorsitzende gilt als Molaus Vorbild. Und so versucht man nun bundesweit Mitglieder der gescheiterten Parteien DVU, der &#8222;Rechtsstaatlichen Offensive\u201d (Schill-Partei) sowie der Republikaner f\u00fcr Pro zu begeistern. Einige der Angesprochenen berichten aber, dass bei Pro Deutschland zwischen Anspruch und Wirklichkeit eine gro\u00dfe L\u00fccke klafft. Das gr\u00f6\u00dfte Problem der Bewegung sind ihre fehlenden Aktivisten. Denn die Multifunktion\u00e4re von Pro sind eine durchsichtige Kulisse, die bei Bedarf verschoben wird. Etwa nach Berlin, wohin nun der K\u00f6lner Manfred Rouhs umziehen will, um die Stadt vor den Abgeordnetenhauswahlen im kommenden Jahr mit einer anti-islamischen, fremdenfeindlichen Kampagne zu \u00fcberziehen. Die hatte seiner Bewegung bei den Landtagswahlen im Mai dieses Jahres 1,4 Prozent einbrachte. Eigentlich wollte man in den Landtag.<\/p>\n<p>Ohnehin erf\u00fcllt die Pro-Bewegung viele ihrer Ank\u00fcndigungen nicht. Deshalb gilt sie selbst unter Sympathisanten als unglaubw\u00fcrdig. Der Verfassungsschutz behauptet, dass sie bei ihren Mitgliederzahlen ma\u00dflos \u00fcbertreibt. In NRW hat man Medien und Lokalpolitiker in zwei F\u00e4llen mit angeblichen Immobilienk\u00e4ufen in der N\u00e4he von Gro\u00dfmoscheen an der Nase herum gef\u00fchrt. Und dann ist da noch die angebliche Millionenspende des rechtsextremen Million\u00e4rs Patrik Brinkmann, ein Molau-Intimus und ehemaliger DVU-Mann, die gar im eigenen Lager f\u00fcr einen Bluff gehalten wird.<\/p>\n<p>Zuletzt hat man in einer Weise die Zusammenarbeit mit den REP beworben, die auf ein baldiges Verschmelzen hindeuteten. Doch der stellvertretender Bundesvorsitzende der Republikaner, Johann G\u00e4rtner, sagt auf Anfrage:\u00a0&#8222;Wir haben doch nicht geheiratet, das ist doch unsinnig.&#8220; Gleichwohl ist zu h\u00f6ren, dass man sich ab sofort gegenseitig unterst\u00fctzen will: Bei den Wahlen in Berlin, wo es immer unwahrscheinlicher wird, dass die Republikaner selbst antreten, auch bei den Landtagswahlen in Baden-W\u00fcrttemberg 2011. Dort wird Pro nicht antreten. Aber in keinem dieser L\u00e4nder hat man eine Chance auf den Einzug ins Landesparlament. Es geht einzig darum, im Westen fl\u00e4chendeckend die NPD als organisierten Arm der rechtsextremen Bewegung abzul\u00f6sen. Wegen der angestrebten Zusammenarbeit mit Republikanern und DVU wird sich Pro ohnehin radikalisieren.<\/p>\n<p>Die NPD hat sich im Westen nach einer Kette von Wahlniederlagen als unverk\u00e4ufliches Produkt erwiesen. Auch im kleinen Saarland, das Wirtschaftsunternehmen oft f\u00fcr Tests vor der bundesweiten Markteinf\u00fchrung eines Produktes dient. Die NPD witterte hier im vergangenen Jahr ihre Chance auf den Einzug in den Landtag \u2013 wegen der Krise, und dem dortigen Erstarken der Linken: &#8222;Bedenken Sie doch die alte Wahrheit: Links schaukelt sich mit rechts hoch, und rechts schaukelt sich mit links hoch&#8220;, sagte Udo Voigt vor der Wahl, bei der die NPD schlie\u00dflich auf 1,5 Prozent kam. Die Linken profitieren unterdessen wie kein anderer von der Krise in Deutschland.<\/p>\n","protected":false},"excerpt":{"rendered":"<p>Es herrscht ein fruchtbares Klima f\u00fcr Rechtspopulisten und -extremisten. Das zeigt sich \u00fcberall in Europa. Nur in Deutschland schaffen sie es nicht, die Krise zu nutzen.<\/p>\n","protected":false},"author":229,"featured_media":0,"comment_status":"open","ping_status":"open","sticky":false,"template":"","format":"standard","meta":{"_jetpack_memberships_contains_paid_content":false,"footnotes":""},"categories":[1],"tags":[1542,1679,1716,1830],"class_list":["post-4127","post","type-post","status-publish","format-standard","hentry","category-allgemein","tag-dvu","tag-matthias-faust","tag-npd","tag-udo-voigt"],"yoast_head":"<!-- This site is optimized with the Yoast SEO plugin v21.0 - https:\/\/yoast.com\/wordpress\/plugins\/seo\/ -->\n<title>Die Krise der Nazis - St\u00f6rungsmelder<\/title>\n<meta name=\"robots\" content=\"index, follow, max-snippet:-1, max-image-preview:large, max-video-preview:-1\" \/>\n<link rel=\"canonical\" href=\"https:\/\/blog.zeit.de\/stoerungsmelder\/2010\/07\/28\/die-krise-der-nazis_4127\" \/>\n<meta property=\"og:locale\" content=\"de_DE\" \/>\n<meta property=\"og:type\" content=\"article\" \/>\n<meta property=\"og:title\" content=\"Die Krise der Nazis - St\u00f6rungsmelder\" \/>\n<meta property=\"og:description\" content=\"Es herrscht ein fruchtbares Klima f\u00fcr Rechtspopulisten und -extremisten. Das zeigt sich \u00fcberall in Europa. Nur in Deutschland schaffen sie es nicht, die Krise zu nutzen.\" \/>\n<meta property=\"og:url\" content=\"https:\/\/blog.zeit.de\/stoerungsmelder\/2010\/07\/28\/die-krise-der-nazis_4127\" \/>\n<meta property=\"og:site_name\" content=\"St\u00f6rungsmelder\" \/>\n<meta property=\"article:published_time\" content=\"2010-07-28T10:45:49+00:00\" \/>\n<meta property=\"og:image\" content=\"https:\/\/img.zeit.de\/politik\/deutschland\/2010-07\/voigt-faust\/voigt-faust-540x304.jpg\" \/>\n<meta name=\"author\" content=\"St\u00f6rungsmelder\" \/>\n<meta name=\"twitter:card\" content=\"summary_large_image\" \/>\n<meta name=\"twitter:label1\" content=\"Geschrieben von\" \/>\n\t<meta name=\"twitter:data1\" content=\"St\u00f6rungsmelder\" \/>\n\t<meta name=\"twitter:label2\" content=\"Gesch\u00e4tzte Lesezeit\" \/>\n\t<meta name=\"twitter:data2\" content=\"6\u00a0Minuten\" \/>\n<script type=\"application\/ld+json\" class=\"yoast-schema-graph\">{\"@context\":\"https:\/\/schema.org\",\"@graph\":[{\"@type\":\"WebPage\",\"@id\":\"https:\/\/blog.zeit.de\/stoerungsmelder\/2010\/07\/28\/die-krise-der-nazis_4127\",\"url\":\"https:\/\/blog.zeit.de\/stoerungsmelder\/2010\/07\/28\/die-krise-der-nazis_4127\",\"name\":\"Die Krise der Nazis - St\u00f6rungsmelder\",\"isPartOf\":{\"@id\":\"https:\/\/blog.zeit.de\/stoerungsmelder\/#website\"},\"datePublished\":\"2010-07-28T10:45:49+00:00\",\"dateModified\":\"2010-07-28T10:45:49+00:00\",\"author\":{\"@id\":\"https:\/\/blog.zeit.de\/stoerungsmelder\/#\/schema\/person\/fdd0b9818f65738672810b6d6f037f71\"},\"breadcrumb\":{\"@id\":\"https:\/\/blog.zeit.de\/stoerungsmelder\/2010\/07\/28\/die-krise-der-nazis_4127#breadcrumb\"},\"inLanguage\":\"de\",\"potentialAction\":[{\"@type\":\"ReadAction\",\"target\":[\"https:\/\/blog.zeit.de\/stoerungsmelder\/2010\/07\/28\/die-krise-der-nazis_4127\"]}]},{\"@type\":\"BreadcrumbList\",\"@id\":\"https:\/\/blog.zeit.de\/stoerungsmelder\/2010\/07\/28\/die-krise-der-nazis_4127#breadcrumb\",\"itemListElement\":[{\"@type\":\"ListItem\",\"position\":1,\"name\":\"Startseite\",\"item\":\"https:\/\/blog.zeit.de\/stoerungsmelder\"},{\"@type\":\"ListItem\",\"position\":2,\"name\":\"Die Krise der Nazis\"}]},{\"@type\":\"WebSite\",\"@id\":\"https:\/\/blog.zeit.de\/stoerungsmelder\/#website\",\"url\":\"https:\/\/blog.zeit.de\/stoerungsmelder\/\",\"name\":\"St\u00f6rungsmelder\",\"description\":\"Recherchen und Analysen \u00fcber die extreme Rechte\",\"potentialAction\":[{\"@type\":\"SearchAction\",\"target\":{\"@type\":\"EntryPoint\",\"urlTemplate\":\"https:\/\/blog.zeit.de\/stoerungsmelder\/?s={search_term_string}\"},\"query-input\":\"required name=search_term_string\"}],\"inLanguage\":\"de\"},{\"@type\":\"Person\",\"@id\":\"https:\/\/blog.zeit.de\/stoerungsmelder\/#\/schema\/person\/fdd0b9818f65738672810b6d6f037f71\",\"name\":\"St\u00f6rungsmelder\",\"image\":{\"@type\":\"ImageObject\",\"inLanguage\":\"de\",\"@id\":\"https:\/\/blog.zeit.de\/stoerungsmelder\/#\/schema\/person\/image\/\",\"url\":\"https:\/\/secure.gravatar.com\/avatar\/dfa4be514c3e82a71e4f9a0020035d38192d080ccaa5e4e6d7a1472c763535c5?s=96&d=mm&r=pg\",\"contentUrl\":\"https:\/\/secure.gravatar.com\/avatar\/dfa4be514c3e82a71e4f9a0020035d38192d080ccaa5e4e6d7a1472c763535c5?s=96&d=mm&r=pg\",\"caption\":\"St\u00f6rungsmelder\"},\"url\":\"https:\/\/blog.zeit.de\/stoerungsmelder\/author\/stoerungsmelder\"}]}<\/script>\n<!-- \/ Yoast SEO plugin. -->","yoast_head_json":{"title":"Die Krise der Nazis - St\u00f6rungsmelder","robots":{"index":"index","follow":"follow","max-snippet":"max-snippet:-1","max-image-preview":"max-image-preview:large","max-video-preview":"max-video-preview:-1"},"canonical":"https:\/\/blog.zeit.de\/stoerungsmelder\/2010\/07\/28\/die-krise-der-nazis_4127","og_locale":"de_DE","og_type":"article","og_title":"Die Krise der Nazis - St\u00f6rungsmelder","og_description":"Es herrscht ein fruchtbares Klima f\u00fcr Rechtspopulisten und -extremisten. Das zeigt sich \u00fcberall in Europa. Nur in Deutschland schaffen sie es nicht, die Krise zu nutzen.","og_url":"https:\/\/blog.zeit.de\/stoerungsmelder\/2010\/07\/28\/die-krise-der-nazis_4127","og_site_name":"St\u00f6rungsmelder","article_published_time":"2010-07-28T10:45:49+00:00","og_image":[{"url":"https:\/\/img.zeit.de\/politik\/deutschland\/2010-07\/voigt-faust\/voigt-faust-540x304.jpg"}],"author":"St\u00f6rungsmelder","twitter_card":"summary_large_image","twitter_misc":{"Geschrieben von":"St\u00f6rungsmelder","Gesch\u00e4tzte Lesezeit":"6\u00a0Minuten"},"schema":{"@context":"https:\/\/schema.org","@graph":[{"@type":"WebPage","@id":"https:\/\/blog.zeit.de\/stoerungsmelder\/2010\/07\/28\/die-krise-der-nazis_4127","url":"https:\/\/blog.zeit.de\/stoerungsmelder\/2010\/07\/28\/die-krise-der-nazis_4127","name":"Die Krise der Nazis - St\u00f6rungsmelder","isPartOf":{"@id":"https:\/\/blog.zeit.de\/stoerungsmelder\/#website"},"datePublished":"2010-07-28T10:45:49+00:00","dateModified":"2010-07-28T10:45:49+00:00","author":{"@id":"https:\/\/blog.zeit.de\/stoerungsmelder\/#\/schema\/person\/fdd0b9818f65738672810b6d6f037f71"},"breadcrumb":{"@id":"https:\/\/blog.zeit.de\/stoerungsmelder\/2010\/07\/28\/die-krise-der-nazis_4127#breadcrumb"},"inLanguage":"de","potentialAction":[{"@type":"ReadAction","target":["https:\/\/blog.zeit.de\/stoerungsmelder\/2010\/07\/28\/die-krise-der-nazis_4127"]}]},{"@type":"BreadcrumbList","@id":"https:\/\/blog.zeit.de\/stoerungsmelder\/2010\/07\/28\/die-krise-der-nazis_4127#breadcrumb","itemListElement":[{"@type":"ListItem","position":1,"name":"Startseite","item":"https:\/\/blog.zeit.de\/stoerungsmelder"},{"@type":"ListItem","position":2,"name":"Die Krise der Nazis"}]},{"@type":"WebSite","@id":"https:\/\/blog.zeit.de\/stoerungsmelder\/#website","url":"https:\/\/blog.zeit.de\/stoerungsmelder\/","name":"St\u00f6rungsmelder","description":"Recherchen und Analysen \u00fcber die extreme Rechte","potentialAction":[{"@type":"SearchAction","target":{"@type":"EntryPoint","urlTemplate":"https:\/\/blog.zeit.de\/stoerungsmelder\/?s={search_term_string}"},"query-input":"required name=search_term_string"}],"inLanguage":"de"},{"@type":"Person","@id":"https:\/\/blog.zeit.de\/stoerungsmelder\/#\/schema\/person\/fdd0b9818f65738672810b6d6f037f71","name":"St\u00f6rungsmelder","image":{"@type":"ImageObject","inLanguage":"de","@id":"https:\/\/blog.zeit.de\/stoerungsmelder\/#\/schema\/person\/image\/","url":"https:\/\/secure.gravatar.com\/avatar\/dfa4be514c3e82a71e4f9a0020035d38192d080ccaa5e4e6d7a1472c763535c5?s=96&d=mm&r=pg","contentUrl":"https:\/\/secure.gravatar.com\/avatar\/dfa4be514c3e82a71e4f9a0020035d38192d080ccaa5e4e6d7a1472c763535c5?s=96&d=mm&r=pg","caption":"St\u00f6rungsmelder"},"url":"https:\/\/blog.zeit.de\/stoerungsmelder\/author\/stoerungsmelder"}]}},"jetpack_featured_media_url":"","jetpack_sharing_enabled":true,"_links":{"self":[{"href":"https:\/\/blog.zeit.de\/stoerungsmelder\/wp-json\/wp\/v2\/posts\/4127","targetHints":{"allow":["GET"]}}],"collection":[{"href":"https:\/\/blog.zeit.de\/stoerungsmelder\/wp-json\/wp\/v2\/posts"}],"about":[{"href":"https:\/\/blog.zeit.de\/stoerungsmelder\/wp-json\/wp\/v2\/types\/post"}],"author":[{"embeddable":true,"href":"https:\/\/blog.zeit.de\/stoerungsmelder\/wp-json\/wp\/v2\/users\/229"}],"replies":[{"embeddable":true,"href":"https:\/\/blog.zeit.de\/stoerungsmelder\/wp-json\/wp\/v2\/comments?post=4127"}],"version-history":[{"count":0,"href":"https:\/\/blog.zeit.de\/stoerungsmelder\/wp-json\/wp\/v2\/posts\/4127\/revisions"}],"wp:attachment":[{"href":"https:\/\/blog.zeit.de\/stoerungsmelder\/wp-json\/wp\/v2\/media?parent=4127"}],"wp:term":[{"taxonomy":"category","embeddable":true,"href":"https:\/\/blog.zeit.de\/stoerungsmelder\/wp-json\/wp\/v2\/categories?post=4127"},{"taxonomy":"post_tag","embeddable":true,"href":"https:\/\/blog.zeit.de\/stoerungsmelder\/wp-json\/wp\/v2\/tags?post=4127"}],"curies":[{"name":"wp","href":"https:\/\/api.w.org\/{rel}","templated":true}]}}