{"id":4131,"date":"2010-07-29T11:30:04","date_gmt":"2010-07-29T09:30:04","guid":{"rendered":"http:\/\/blog.zeit.de\/stoerungsmelder\/?p=4131"},"modified":"2010-07-29T11:30:04","modified_gmt":"2010-07-29T09:30:04","slug":"nazi-totschlager-erkampft-milderes-urteil","status":"publish","type":"post","link":"https:\/\/blog.zeit.de\/stoerungsmelder\/2010\/07\/29\/nazi-totschlager-erkampft-milderes-urteil_4131","title":{"rendered":"Nazi-Totschl\u00e4ger erk\u00e4mpft milderes Urteil"},"content":{"rendered":"<p>Ein rechtsextremistischer M\u00f6rder eines Obdachlosen in Brandenburg hat zwei Jahre nach der Tat vor Gericht eine mildere Strafe erk\u00e4mpft. F\u00fcr den Mord an einem Arbeitslosen im uckerm\u00e4rkischen Templin soll Sven P. (20) nur noch neun statt zehn Jahre in Jugendhaft sitzen. Das entschied das Landgericht Neuruppin am Mittwoch in einem Revisionsprozess.<!--more--><\/p>\n<p><em>Von <a href=\"http:\/\/www.tagesspiegel.de\/berlin\/polizei-justiz\/moerder-erkaempft-milderes-urteil\/1892732.html;jsessionid=108705C839C1BFAE7FD11EB9931ADA02\">Tagesspiegel<\/a>-Autor Alexander Fr\u00f6hlich<\/em><\/p>\n<p>Wegen der Brutalit\u00e4t hatte die Tat zweier Rechtsextremisten vor zwei Jahren gro\u00dfes Entsetzen ausgel\u00f6st. P. hatte im Juli 2008 den damals 55-j\u00e4hrigen Bernd K. mit Schl\u00e4gen und Tritten so schwer traktiert, dass der wehrlose Mann an seinen Kopfverletzungen starb. Danach hatten P. und der heute 23 Jahre alte Christian W. versucht, die Leiche zu verbrennen.<\/p>\n<p>Das erstinstanzliche Urteil des Landgerichts war im vorigen Jahr entsprechend deutlich ausgefallen. Richter Gert Wegner sprach von \u201eMordlust\u201c, von \u201e\u00e4u\u00dferster Brutalit\u00e4t\u201c und einem unfassbaren Geschehen, zumal bei P. \u201edas neonazistische Menschenbild\u201c eine Rolle gespielt habe \u201ebei der Auswahl des Opfers\u201c, das sie als minderwertig angesehen h\u00e4tten. Gegen P. hatte das Gericht mit zehn Jahren Haft die H\u00f6chststrafe nach Jugendrecht wegen Mordes verh\u00e4ngt. Christian W. war hingegen zu neun Jahren und drei Monaten Haft wegen Beihilfe zu Mord verurteilt. P. legte Revision ein.<\/p>\n<p>Auch der Bundesgerichtshof (BGH) best\u00e4tigte in Januar die Urteile gegen die beiden jungen M\u00e4nner weitgehend, nur bei dem zur Tatzeit 18 Jahre alten Sven P. beanstandeten die obersten Richter das Strafma\u00df, weil dieser vermutlich nicht Alleint\u00e4ter war. Die Rolle seines Gesinnungsgenossen bei dem stundenlangen Gewaltexzess sei m\u00f6glicherweise zu gering eingesch\u00e4tzt worden, was sich auf die Haftzeit auswirken m\u00fcsste.<\/p>\n<p>Immerhin forderte der Bundesgerichtshof aber ein Hafturteil f\u00fcr P. \u201eim obersten Bereich des Strafrahmens\u201c. Dem entsprach das Landgericht am gestrigen Mittwoch, wie von der Staatsanwaltschaft gefordert, mit einer Haftzeit von neun Jahren und ging zugunsten des Hauptt\u00e4ters P. davon aus, dass der Tatbeitr\u00e4g von Christian W. gr\u00f6\u00dfer war. \u201eIndirekt strafmildernd\u201c wertete das Gericht auch, dass P. betrunken war und von seinem Komplizen \u201eangestachelt wurde, immer noch einen draufzusetzen\u201c.<\/p>\n<p>Die Nebenkl\u00e4ger, es sind die Angeh\u00f6rigen des Opfers, pl\u00e4dierten weiterhin auf H\u00f6chststrafe. Der Verteidiger forderte, die Haftzeit auf acht Jahren herabzusetzen und berief sich dabei auf Einsch\u00e4tzung der Fachleute im Gef\u00e4ngnis. Demnach benimmt sich P. dort unauff\u00e4llig, hat eine Lehre als Maler begonnen, sich f\u00fcr ein Programm gegen Hass und Gewalt angemeldet und will n\u00e4chstes Jahr eine Entzugstherapie aufnehmen. Erstmals \u00e4u\u00dferte sich auch P. selbst, nannte den Gewaltexzess vom Juli 2008 \u201edumm\u201c und gab an, nach dem Gef\u00e4ngnis ein \u201eordentliches Leben\u201c f\u00fchren zu wollen.<\/p>\n<p>In Templin hatte der Fall eine breite Debatte \u00fcber den Umgang mit Rechtsextremisten ausgel\u00f6st, denn anf\u00e4nglich war von oberster Stelle im Rathaus sogar erkl\u00e4rt worden, die Stadt habe damit kein Problem.<\/p>\n","protected":false},"excerpt":{"rendered":"<p>Ein rechtsextremistischer M\u00f6rder eines Obdachlosen in Brandenburg hat zwei Jahre nach der Tat vor Gericht eine mildere Strafe erk\u00e4mpft. F\u00fcr den Mord an einem Arbeitslosen im uckerm\u00e4rkischen Templin soll Sven P. (20) nur noch neun statt zehn Jahre in Jugendhaft sitzen. Das entschied das Landgericht Neuruppin am Mittwoch in einem Revisionsprozess.<\/p>\n","protected":false},"author":229,"featured_media":0,"comment_status":"open","ping_status":"open","sticky":false,"template":"","format":"standard","meta":{"_jetpack_memberships_contains_paid_content":false,"footnotes":""},"categories":[1451],"tags":[1587,1638,1694],"class_list":["post-4131","post","type-post","status-publish","format-standard","hentry","category-brandenburg","tag-gewalt","tag-justiz","tag-mord"],"yoast_head":"<!-- This site is optimized with the Yoast SEO plugin v21.0 - https:\/\/yoast.com\/wordpress\/plugins\/seo\/ -->\n<title>Nazi-Totschl\u00e4ger erk\u00e4mpft milderes Urteil - St\u00f6rungsmelder<\/title>\n<meta name=\"robots\" content=\"index, follow, max-snippet:-1, max-image-preview:large, max-video-preview:-1\" \/>\n<link rel=\"canonical\" href=\"https:\/\/blog.zeit.de\/stoerungsmelder\/2010\/07\/29\/nazi-totschlager-erkampft-milderes-urteil_4131\" \/>\n<meta property=\"og:locale\" content=\"de_DE\" \/>\n<meta property=\"og:type\" content=\"article\" \/>\n<meta property=\"og:title\" content=\"Nazi-Totschl\u00e4ger erk\u00e4mpft milderes Urteil - St\u00f6rungsmelder\" \/>\n<meta property=\"og:description\" content=\"Ein rechtsextremistischer M\u00f6rder eines Obdachlosen in Brandenburg hat zwei Jahre nach der Tat vor Gericht eine mildere Strafe erk\u00e4mpft. F\u00fcr den Mord an einem Arbeitslosen im uckerm\u00e4rkischen Templin soll Sven P. (20) nur noch neun statt zehn Jahre in Jugendhaft sitzen. Das entschied das Landgericht Neuruppin am Mittwoch in einem Revisionsprozess.\" \/>\n<meta property=\"og:url\" content=\"https:\/\/blog.zeit.de\/stoerungsmelder\/2010\/07\/29\/nazi-totschlager-erkampft-milderes-urteil_4131\" \/>\n<meta property=\"og:site_name\" content=\"St\u00f6rungsmelder\" \/>\n<meta property=\"article:published_time\" content=\"2010-07-29T09:30:04+00:00\" \/>\n<meta name=\"author\" content=\"St\u00f6rungsmelder\" \/>\n<meta name=\"twitter:card\" content=\"summary_large_image\" \/>\n<meta name=\"twitter:label1\" content=\"Geschrieben von\" \/>\n\t<meta name=\"twitter:data1\" content=\"St\u00f6rungsmelder\" \/>\n\t<meta name=\"twitter:label2\" content=\"Gesch\u00e4tzte Lesezeit\" \/>\n\t<meta name=\"twitter:data2\" content=\"2\u00a0Minuten\" \/>\n<script type=\"application\/ld+json\" class=\"yoast-schema-graph\">{\"@context\":\"https:\/\/schema.org\",\"@graph\":[{\"@type\":\"WebPage\",\"@id\":\"https:\/\/blog.zeit.de\/stoerungsmelder\/2010\/07\/29\/nazi-totschlager-erkampft-milderes-urteil_4131\",\"url\":\"https:\/\/blog.zeit.de\/stoerungsmelder\/2010\/07\/29\/nazi-totschlager-erkampft-milderes-urteil_4131\",\"name\":\"Nazi-Totschl\u00e4ger erk\u00e4mpft milderes Urteil - St\u00f6rungsmelder\",\"isPartOf\":{\"@id\":\"https:\/\/blog.zeit.de\/stoerungsmelder\/#website\"},\"datePublished\":\"2010-07-29T09:30:04+00:00\",\"dateModified\":\"2010-07-29T09:30:04+00:00\",\"author\":{\"@id\":\"https:\/\/blog.zeit.de\/stoerungsmelder\/#\/schema\/person\/fdd0b9818f65738672810b6d6f037f71\"},\"breadcrumb\":{\"@id\":\"https:\/\/blog.zeit.de\/stoerungsmelder\/2010\/07\/29\/nazi-totschlager-erkampft-milderes-urteil_4131#breadcrumb\"},\"inLanguage\":\"de\",\"potentialAction\":[{\"@type\":\"ReadAction\",\"target\":[\"https:\/\/blog.zeit.de\/stoerungsmelder\/2010\/07\/29\/nazi-totschlager-erkampft-milderes-urteil_4131\"]}]},{\"@type\":\"BreadcrumbList\",\"@id\":\"https:\/\/blog.zeit.de\/stoerungsmelder\/2010\/07\/29\/nazi-totschlager-erkampft-milderes-urteil_4131#breadcrumb\",\"itemListElement\":[{\"@type\":\"ListItem\",\"position\":1,\"name\":\"Startseite\",\"item\":\"https:\/\/blog.zeit.de\/stoerungsmelder\"},{\"@type\":\"ListItem\",\"position\":2,\"name\":\"Nazi-Totschl\u00e4ger erk\u00e4mpft milderes Urteil\"}]},{\"@type\":\"WebSite\",\"@id\":\"https:\/\/blog.zeit.de\/stoerungsmelder\/#website\",\"url\":\"https:\/\/blog.zeit.de\/stoerungsmelder\/\",\"name\":\"St\u00f6rungsmelder\",\"description\":\"Recherchen und Analysen \u00fcber die extreme Rechte\",\"potentialAction\":[{\"@type\":\"SearchAction\",\"target\":{\"@type\":\"EntryPoint\",\"urlTemplate\":\"https:\/\/blog.zeit.de\/stoerungsmelder\/?s={search_term_string}\"},\"query-input\":\"required name=search_term_string\"}],\"inLanguage\":\"de\"},{\"@type\":\"Person\",\"@id\":\"https:\/\/blog.zeit.de\/stoerungsmelder\/#\/schema\/person\/fdd0b9818f65738672810b6d6f037f71\",\"name\":\"St\u00f6rungsmelder\",\"image\":{\"@type\":\"ImageObject\",\"inLanguage\":\"de\",\"@id\":\"https:\/\/blog.zeit.de\/stoerungsmelder\/#\/schema\/person\/image\/\",\"url\":\"https:\/\/secure.gravatar.com\/avatar\/dfa4be514c3e82a71e4f9a0020035d38192d080ccaa5e4e6d7a1472c763535c5?s=96&d=mm&r=pg\",\"contentUrl\":\"https:\/\/secure.gravatar.com\/avatar\/dfa4be514c3e82a71e4f9a0020035d38192d080ccaa5e4e6d7a1472c763535c5?s=96&d=mm&r=pg\",\"caption\":\"St\u00f6rungsmelder\"},\"url\":\"https:\/\/blog.zeit.de\/stoerungsmelder\/author\/stoerungsmelder\"}]}<\/script>\n<!-- \/ Yoast SEO plugin. -->","yoast_head_json":{"title":"Nazi-Totschl\u00e4ger erk\u00e4mpft milderes Urteil - St\u00f6rungsmelder","robots":{"index":"index","follow":"follow","max-snippet":"max-snippet:-1","max-image-preview":"max-image-preview:large","max-video-preview":"max-video-preview:-1"},"canonical":"https:\/\/blog.zeit.de\/stoerungsmelder\/2010\/07\/29\/nazi-totschlager-erkampft-milderes-urteil_4131","og_locale":"de_DE","og_type":"article","og_title":"Nazi-Totschl\u00e4ger erk\u00e4mpft milderes Urteil - St\u00f6rungsmelder","og_description":"Ein rechtsextremistischer M\u00f6rder eines Obdachlosen in Brandenburg hat zwei Jahre nach der Tat vor Gericht eine mildere Strafe erk\u00e4mpft. F\u00fcr den Mord an einem Arbeitslosen im uckerm\u00e4rkischen Templin soll Sven P. (20) nur noch neun statt zehn Jahre in Jugendhaft sitzen. Das entschied das Landgericht Neuruppin am Mittwoch in einem Revisionsprozess.","og_url":"https:\/\/blog.zeit.de\/stoerungsmelder\/2010\/07\/29\/nazi-totschlager-erkampft-milderes-urteil_4131","og_site_name":"St\u00f6rungsmelder","article_published_time":"2010-07-29T09:30:04+00:00","author":"St\u00f6rungsmelder","twitter_card":"summary_large_image","twitter_misc":{"Geschrieben von":"St\u00f6rungsmelder","Gesch\u00e4tzte Lesezeit":"2\u00a0Minuten"},"schema":{"@context":"https:\/\/schema.org","@graph":[{"@type":"WebPage","@id":"https:\/\/blog.zeit.de\/stoerungsmelder\/2010\/07\/29\/nazi-totschlager-erkampft-milderes-urteil_4131","url":"https:\/\/blog.zeit.de\/stoerungsmelder\/2010\/07\/29\/nazi-totschlager-erkampft-milderes-urteil_4131","name":"Nazi-Totschl\u00e4ger erk\u00e4mpft milderes Urteil - St\u00f6rungsmelder","isPartOf":{"@id":"https:\/\/blog.zeit.de\/stoerungsmelder\/#website"},"datePublished":"2010-07-29T09:30:04+00:00","dateModified":"2010-07-29T09:30:04+00:00","author":{"@id":"https:\/\/blog.zeit.de\/stoerungsmelder\/#\/schema\/person\/fdd0b9818f65738672810b6d6f037f71"},"breadcrumb":{"@id":"https:\/\/blog.zeit.de\/stoerungsmelder\/2010\/07\/29\/nazi-totschlager-erkampft-milderes-urteil_4131#breadcrumb"},"inLanguage":"de","potentialAction":[{"@type":"ReadAction","target":["https:\/\/blog.zeit.de\/stoerungsmelder\/2010\/07\/29\/nazi-totschlager-erkampft-milderes-urteil_4131"]}]},{"@type":"BreadcrumbList","@id":"https:\/\/blog.zeit.de\/stoerungsmelder\/2010\/07\/29\/nazi-totschlager-erkampft-milderes-urteil_4131#breadcrumb","itemListElement":[{"@type":"ListItem","position":1,"name":"Startseite","item":"https:\/\/blog.zeit.de\/stoerungsmelder"},{"@type":"ListItem","position":2,"name":"Nazi-Totschl\u00e4ger erk\u00e4mpft milderes Urteil"}]},{"@type":"WebSite","@id":"https:\/\/blog.zeit.de\/stoerungsmelder\/#website","url":"https:\/\/blog.zeit.de\/stoerungsmelder\/","name":"St\u00f6rungsmelder","description":"Recherchen und Analysen \u00fcber die extreme Rechte","potentialAction":[{"@type":"SearchAction","target":{"@type":"EntryPoint","urlTemplate":"https:\/\/blog.zeit.de\/stoerungsmelder\/?s={search_term_string}"},"query-input":"required name=search_term_string"}],"inLanguage":"de"},{"@type":"Person","@id":"https:\/\/blog.zeit.de\/stoerungsmelder\/#\/schema\/person\/fdd0b9818f65738672810b6d6f037f71","name":"St\u00f6rungsmelder","image":{"@type":"ImageObject","inLanguage":"de","@id":"https:\/\/blog.zeit.de\/stoerungsmelder\/#\/schema\/person\/image\/","url":"https:\/\/secure.gravatar.com\/avatar\/dfa4be514c3e82a71e4f9a0020035d38192d080ccaa5e4e6d7a1472c763535c5?s=96&d=mm&r=pg","contentUrl":"https:\/\/secure.gravatar.com\/avatar\/dfa4be514c3e82a71e4f9a0020035d38192d080ccaa5e4e6d7a1472c763535c5?s=96&d=mm&r=pg","caption":"St\u00f6rungsmelder"},"url":"https:\/\/blog.zeit.de\/stoerungsmelder\/author\/stoerungsmelder"}]}},"jetpack_featured_media_url":"","jetpack_sharing_enabled":true,"_links":{"self":[{"href":"https:\/\/blog.zeit.de\/stoerungsmelder\/wp-json\/wp\/v2\/posts\/4131","targetHints":{"allow":["GET"]}}],"collection":[{"href":"https:\/\/blog.zeit.de\/stoerungsmelder\/wp-json\/wp\/v2\/posts"}],"about":[{"href":"https:\/\/blog.zeit.de\/stoerungsmelder\/wp-json\/wp\/v2\/types\/post"}],"author":[{"embeddable":true,"href":"https:\/\/blog.zeit.de\/stoerungsmelder\/wp-json\/wp\/v2\/users\/229"}],"replies":[{"embeddable":true,"href":"https:\/\/blog.zeit.de\/stoerungsmelder\/wp-json\/wp\/v2\/comments?post=4131"}],"version-history":[{"count":0,"href":"https:\/\/blog.zeit.de\/stoerungsmelder\/wp-json\/wp\/v2\/posts\/4131\/revisions"}],"wp:attachment":[{"href":"https:\/\/blog.zeit.de\/stoerungsmelder\/wp-json\/wp\/v2\/media?parent=4131"}],"wp:term":[{"taxonomy":"category","embeddable":true,"href":"https:\/\/blog.zeit.de\/stoerungsmelder\/wp-json\/wp\/v2\/categories?post=4131"},{"taxonomy":"post_tag","embeddable":true,"href":"https:\/\/blog.zeit.de\/stoerungsmelder\/wp-json\/wp\/v2\/tags?post=4131"}],"curies":[{"name":"wp","href":"https:\/\/api.w.org\/{rel}","templated":true}]}}