{"id":4158,"date":"2010-07-30T14:34:54","date_gmt":"2010-07-30T12:34:54","guid":{"rendered":"http:\/\/blog.zeit.de\/stoerungsmelder\/?p=4158"},"modified":"2017-07-08T16:45:13","modified_gmt":"2017-07-08T14:45:13","slug":"die-ruckkehr-der-gewalt","status":"publish","type":"post","link":"https:\/\/blog.zeit.de\/stoerungsmelder\/2010\/07\/30\/die-ruckkehr-der-gewalt_4158","title":{"rendered":"Die R\u00fcckkehr der Gewalt"},"content":{"rendered":"<p>Eine Welle rechtsextremer Anschl\u00e4ge ersch\u00fcttert eine s\u00e4chsische Kleinstadt. Ministerpr\u00e4sident Stanislaw Tillich (CDU) und Migrantenverb\u00e4nde zeigen sich entsetzt. Jetzt ermittelt die Sonderkommission Rechtsextremismus des Landeskriminalamtes.<!--more--><\/p>\n<p>Eingeworfene Scheiben, abgebrannte Autos und Molotowcocktails gegen ausl\u00e4ndische Restaurants. Was sich seit Anfang des Jahres in der s\u00e4chsischen Universit\u00e4tsstadt Freiberg abspielt, klingt wie ein Albtraum aus den fr\u00fchen 90er Jahren. Damals standen Politiker und Polizisten in vielen Orten in den neuen Bundesl\u00e4ndern hilflos einer Flut von rechtsextremer Gewalt und rassistischen Brandanschl\u00e4gen gegen\u00fcber. 20 Jahre sp\u00e4ter gibt es in der Region um Freiberg offenbar erneut eine drastische Zunahme rechter Straftaten. Allein in den vergangenen zwei Wochen gab es hier f\u00fcnf Anschl\u00e4ge. Doch im Gegensatz zu Fr\u00fcher, ignorieren Anwohner und Politiker das Rechtsextremismus-Problem heute nicht mehr, sondern gehen offensiv damit um.<\/p>\n<p>Am fr\u00fchen Donnerstagmorgen konnten Anwohner erstmals einen der T\u00e4ter beobachten. Gegen 4.30 Uhr klirrten die Fensterscheiben, Flammen loderten an dem von kurdischen Irakern betriebenen D\u00f6nerladen in der Freiberger Innenstadt auf. Etwa 25 Jahre soll der Mann gewesen sein, vermummt mit einem schwarzen Kapuzenpullover. Erst warf er den Brandsatz in den t\u00fcrkischen Imbiss, dann schlug er die Scheiben eines Asia-Gesch\u00e4fts und eines \u201eOrient-Restaurant\u201c daneben ein. Die Feuerwehr konnte den Brand schnell l\u00f6schen. Die Bewohner der dar\u00fcber liegenden Wohnungen kamen mit dem Schrecken davon. Vermutlich derselbe T\u00e4ter hatte in der Nacht zu Dienstag einen indischen Imbiss im gleichen Ort angez\u00fcndet.<\/p>\n<p>\u201eEs liegt auf der Hand, dass diese Anschl\u00e4ge das Werk von Neonazis sind\u201c, sagte Andr\u00e9 L\u00f6scher von der Opferberatung RAA Sachsen. \u201eOffenbar gezielt soll Migranten ihre Lebensgrundlage genommen und kulturelle Vielfalt in der Stadt zerst\u00f6rt werden.\u201c \u00dcber <a href=\"http:\/\/www.raa-sachsen.de\">seine Internetseite<\/a> sammelt der Verein jetzt Spenden f\u00fcr die betroffenen Imbissbetreiber.<\/p>\n<p>\u201eAlle Menschen, denen der Freistaat am Herzen liegt, haben ein gro\u00dfes Interesse an der schnellstm\u00f6glichen Aufkl\u00e4rung dieser feigen Anschl\u00e4ge\u201c, sagte Ministerpr\u00e4sident Tillich am Donnerstag. Der Beauftragte f\u00fcr demokratische Kultur der SPD-Landtagsfraktion, Henning Homann, forderte eine \u201eharte Reaktion von Polizei und Staatsanwaltschaft&#8220;. Die \u201eSoko Rex\u201c, die 1991 eigens gegr\u00fcndet wurde um rechtsextreme Gewalttaten aufzukl\u00e4ren, sucht nach Zeugen, die den Brandstifter bei der Flucht gesehen haben. Erst vor wenigen Monaten wurde das mobile Einsatzkommando aufgrund der vielen rechten Straftaten von 30 auf 40 Beamte aufgestockt.<\/p>\n<p>\u201eWir vom Netzwerk appellieren an die Entscheidungstr\u00e4ger der Stadt, sowie an alle Einwohner und Einwohnerinnen, Zeichen der Solidarit\u00e4t mit den Betroffenen zu setzen\u201c, sagte Hans de Lange vom Netzwerk Migration Mittelsachsen. Diese Angriffe seien Angriffe gegen alle B\u00fcrger der Stadt Freiberg.<\/p>\n<p>Betroffen sind von der Gewalt in der Region aber nicht nur Migranten. Auch B\u00fcrger, die offen gegen Rechts aktiv sind, geraten immer wieder ins Visier der Naziszene. Erst vor zwei Wochen wurden im nahe gelegenen D\u00f6beln zwei Autos von ehrenamtlichen Mitarbeitern des <a href=\"http:\/\/www.treibhaus-doebeln.de\/\">Kulturvereins \u201eTreibhaus\u201c<\/a> angez\u00fcndet. Einer der beiden hatte kurz zuvor in einem Gerichtsprozess als Zeuge gegen einen Nazi ausgesagt und wurde daraufhin wiederholt bedroht. Zuletzt mit den Worten \u201eDich und deine Karre fackeln wir ab.\u201c<\/p>\n<p>Schon im M\u00e4rz dieses Jahres hatten zudem Unbekannte einen Brandanschlag auf ein <a href=\"http:\/\/roterweg.blogsport.de\/\">alternatives Kulturzentrum<\/a> in Freiberg ver\u00fcbt. Der komplette Eingangsbereich des Hauses brannte aus und es entstand ein Sachschaden von mehreren tausend Euro. In der gleichen Nacht wurden zwei B\u00fcroschilder der Partei Die Linke gestohlen. Einige Tage zuvor wurden die Scheiben eingeworfen und dutzende Nazi-Aufkleber mit einer eindeutigen Warnung hinterlassen: \u201eWer Deutschland nicht liebt, soll Deutschland verlassen.\u201c<\/p>\n<p><em>Spendenkonto der Opferberatungsstelle:<br \/>\nRAA Sachsen e.V.<br \/>\nDresdner Bank AG<br \/>\nKontonummer: 0643998600<br \/>\nBankleitzahl:85080200<br \/>\nVerwendungszweck: \u201eKebabhaus Freiberg\u201c<\/em><\/p>\n","protected":false},"excerpt":{"rendered":"<p>Eine Welle rechtsextremer Anschl\u00e4ge ersch\u00fcttert eine s\u00e4chsische Kleinstadt. Ministerpr\u00e4sident Stanislaw Tillich (CDU) und Migrantenverb\u00e4nde zeigen sich entsetzt. Jetzt ermittelt die Sonderkommission Rechtsextremismus des Landeskriminalamtes.<\/p>\n","protected":false},"author":229,"featured_media":0,"comment_status":"open","ping_status":"open","sticky":false,"template":"","format":"standard","meta":{"_jetpack_memberships_contains_paid_content":false,"footnotes":""},"categories":[1456],"tags":[1511,2463,2462,1587],"class_list":["post-4158","post","type-post","status-publish","format-standard","hentry","category-sachsen","tag-brandanschlag","tag-dobeln","tag-freiberg","tag-gewalt"],"yoast_head":"<!-- This site is optimized with the Yoast SEO plugin v21.0 - https:\/\/yoast.com\/wordpress\/plugins\/seo\/ -->\n<title>Die R\u00fcckkehr der Gewalt - St\u00f6rungsmelder<\/title>\n<meta name=\"robots\" content=\"index, follow, max-snippet:-1, max-image-preview:large, max-video-preview:-1\" \/>\n<link rel=\"canonical\" href=\"https:\/\/blog.zeit.de\/stoerungsmelder\/2010\/07\/30\/die-ruckkehr-der-gewalt_4158\" \/>\n<meta property=\"og:locale\" content=\"de_DE\" \/>\n<meta property=\"og:type\" content=\"article\" \/>\n<meta property=\"og:title\" content=\"Die R\u00fcckkehr der Gewalt - St\u00f6rungsmelder\" \/>\n<meta property=\"og:description\" content=\"Eine Welle rechtsextremer Anschl\u00e4ge ersch\u00fcttert eine s\u00e4chsische Kleinstadt. Ministerpr\u00e4sident Stanislaw Tillich (CDU) und Migrantenverb\u00e4nde zeigen sich entsetzt. Jetzt ermittelt die Sonderkommission Rechtsextremismus des Landeskriminalamtes.\" \/>\n<meta property=\"og:url\" content=\"https:\/\/blog.zeit.de\/stoerungsmelder\/2010\/07\/30\/die-ruckkehr-der-gewalt_4158\" \/>\n<meta property=\"og:site_name\" content=\"St\u00f6rungsmelder\" \/>\n<meta property=\"article:published_time\" content=\"2010-07-30T12:34:54+00:00\" \/>\n<meta property=\"article:modified_time\" content=\"2017-07-08T14:45:13+00:00\" \/>\n<meta name=\"author\" content=\"St\u00f6rungsmelder\" \/>\n<meta name=\"twitter:card\" content=\"summary_large_image\" \/>\n<meta name=\"twitter:label1\" content=\"Geschrieben von\" \/>\n\t<meta name=\"twitter:data1\" content=\"St\u00f6rungsmelder\" \/>\n\t<meta name=\"twitter:label2\" content=\"Gesch\u00e4tzte Lesezeit\" \/>\n\t<meta name=\"twitter:data2\" content=\"3\u00a0Minuten\" \/>\n<script type=\"application\/ld+json\" class=\"yoast-schema-graph\">{\"@context\":\"https:\/\/schema.org\",\"@graph\":[{\"@type\":\"WebPage\",\"@id\":\"https:\/\/blog.zeit.de\/stoerungsmelder\/2010\/07\/30\/die-ruckkehr-der-gewalt_4158\",\"url\":\"https:\/\/blog.zeit.de\/stoerungsmelder\/2010\/07\/30\/die-ruckkehr-der-gewalt_4158\",\"name\":\"Die R\u00fcckkehr der Gewalt - St\u00f6rungsmelder\",\"isPartOf\":{\"@id\":\"https:\/\/blog.zeit.de\/stoerungsmelder\/#website\"},\"datePublished\":\"2010-07-30T12:34:54+00:00\",\"dateModified\":\"2017-07-08T14:45:13+00:00\",\"author\":{\"@id\":\"https:\/\/blog.zeit.de\/stoerungsmelder\/#\/schema\/person\/fdd0b9818f65738672810b6d6f037f71\"},\"breadcrumb\":{\"@id\":\"https:\/\/blog.zeit.de\/stoerungsmelder\/2010\/07\/30\/die-ruckkehr-der-gewalt_4158#breadcrumb\"},\"inLanguage\":\"de\",\"potentialAction\":[{\"@type\":\"ReadAction\",\"target\":[\"https:\/\/blog.zeit.de\/stoerungsmelder\/2010\/07\/30\/die-ruckkehr-der-gewalt_4158\"]}]},{\"@type\":\"BreadcrumbList\",\"@id\":\"https:\/\/blog.zeit.de\/stoerungsmelder\/2010\/07\/30\/die-ruckkehr-der-gewalt_4158#breadcrumb\",\"itemListElement\":[{\"@type\":\"ListItem\",\"position\":1,\"name\":\"Startseite\",\"item\":\"https:\/\/blog.zeit.de\/stoerungsmelder\"},{\"@type\":\"ListItem\",\"position\":2,\"name\":\"Die R\u00fcckkehr der Gewalt\"}]},{\"@type\":\"WebSite\",\"@id\":\"https:\/\/blog.zeit.de\/stoerungsmelder\/#website\",\"url\":\"https:\/\/blog.zeit.de\/stoerungsmelder\/\",\"name\":\"St\u00f6rungsmelder\",\"description\":\"Recherchen und Analysen \u00fcber die extreme Rechte\",\"potentialAction\":[{\"@type\":\"SearchAction\",\"target\":{\"@type\":\"EntryPoint\",\"urlTemplate\":\"https:\/\/blog.zeit.de\/stoerungsmelder\/?s={search_term_string}\"},\"query-input\":\"required name=search_term_string\"}],\"inLanguage\":\"de\"},{\"@type\":\"Person\",\"@id\":\"https:\/\/blog.zeit.de\/stoerungsmelder\/#\/schema\/person\/fdd0b9818f65738672810b6d6f037f71\",\"name\":\"St\u00f6rungsmelder\",\"image\":{\"@type\":\"ImageObject\",\"inLanguage\":\"de\",\"@id\":\"https:\/\/blog.zeit.de\/stoerungsmelder\/#\/schema\/person\/image\/\",\"url\":\"https:\/\/secure.gravatar.com\/avatar\/dfa4be514c3e82a71e4f9a0020035d38192d080ccaa5e4e6d7a1472c763535c5?s=96&d=mm&r=pg\",\"contentUrl\":\"https:\/\/secure.gravatar.com\/avatar\/dfa4be514c3e82a71e4f9a0020035d38192d080ccaa5e4e6d7a1472c763535c5?s=96&d=mm&r=pg\",\"caption\":\"St\u00f6rungsmelder\"},\"url\":\"https:\/\/blog.zeit.de\/stoerungsmelder\/author\/stoerungsmelder\"}]}<\/script>\n<!-- \/ Yoast SEO plugin. -->","yoast_head_json":{"title":"Die R\u00fcckkehr der Gewalt - St\u00f6rungsmelder","robots":{"index":"index","follow":"follow","max-snippet":"max-snippet:-1","max-image-preview":"max-image-preview:large","max-video-preview":"max-video-preview:-1"},"canonical":"https:\/\/blog.zeit.de\/stoerungsmelder\/2010\/07\/30\/die-ruckkehr-der-gewalt_4158","og_locale":"de_DE","og_type":"article","og_title":"Die R\u00fcckkehr der Gewalt - St\u00f6rungsmelder","og_description":"Eine Welle rechtsextremer Anschl\u00e4ge ersch\u00fcttert eine s\u00e4chsische Kleinstadt. Ministerpr\u00e4sident Stanislaw Tillich (CDU) und Migrantenverb\u00e4nde zeigen sich entsetzt. Jetzt ermittelt die Sonderkommission Rechtsextremismus des Landeskriminalamtes.","og_url":"https:\/\/blog.zeit.de\/stoerungsmelder\/2010\/07\/30\/die-ruckkehr-der-gewalt_4158","og_site_name":"St\u00f6rungsmelder","article_published_time":"2010-07-30T12:34:54+00:00","article_modified_time":"2017-07-08T14:45:13+00:00","author":"St\u00f6rungsmelder","twitter_card":"summary_large_image","twitter_misc":{"Geschrieben von":"St\u00f6rungsmelder","Gesch\u00e4tzte Lesezeit":"3\u00a0Minuten"},"schema":{"@context":"https:\/\/schema.org","@graph":[{"@type":"WebPage","@id":"https:\/\/blog.zeit.de\/stoerungsmelder\/2010\/07\/30\/die-ruckkehr-der-gewalt_4158","url":"https:\/\/blog.zeit.de\/stoerungsmelder\/2010\/07\/30\/die-ruckkehr-der-gewalt_4158","name":"Die R\u00fcckkehr der Gewalt - St\u00f6rungsmelder","isPartOf":{"@id":"https:\/\/blog.zeit.de\/stoerungsmelder\/#website"},"datePublished":"2010-07-30T12:34:54+00:00","dateModified":"2017-07-08T14:45:13+00:00","author":{"@id":"https:\/\/blog.zeit.de\/stoerungsmelder\/#\/schema\/person\/fdd0b9818f65738672810b6d6f037f71"},"breadcrumb":{"@id":"https:\/\/blog.zeit.de\/stoerungsmelder\/2010\/07\/30\/die-ruckkehr-der-gewalt_4158#breadcrumb"},"inLanguage":"de","potentialAction":[{"@type":"ReadAction","target":["https:\/\/blog.zeit.de\/stoerungsmelder\/2010\/07\/30\/die-ruckkehr-der-gewalt_4158"]}]},{"@type":"BreadcrumbList","@id":"https:\/\/blog.zeit.de\/stoerungsmelder\/2010\/07\/30\/die-ruckkehr-der-gewalt_4158#breadcrumb","itemListElement":[{"@type":"ListItem","position":1,"name":"Startseite","item":"https:\/\/blog.zeit.de\/stoerungsmelder"},{"@type":"ListItem","position":2,"name":"Die R\u00fcckkehr der Gewalt"}]},{"@type":"WebSite","@id":"https:\/\/blog.zeit.de\/stoerungsmelder\/#website","url":"https:\/\/blog.zeit.de\/stoerungsmelder\/","name":"St\u00f6rungsmelder","description":"Recherchen und Analysen \u00fcber die extreme Rechte","potentialAction":[{"@type":"SearchAction","target":{"@type":"EntryPoint","urlTemplate":"https:\/\/blog.zeit.de\/stoerungsmelder\/?s={search_term_string}"},"query-input":"required name=search_term_string"}],"inLanguage":"de"},{"@type":"Person","@id":"https:\/\/blog.zeit.de\/stoerungsmelder\/#\/schema\/person\/fdd0b9818f65738672810b6d6f037f71","name":"St\u00f6rungsmelder","image":{"@type":"ImageObject","inLanguage":"de","@id":"https:\/\/blog.zeit.de\/stoerungsmelder\/#\/schema\/person\/image\/","url":"https:\/\/secure.gravatar.com\/avatar\/dfa4be514c3e82a71e4f9a0020035d38192d080ccaa5e4e6d7a1472c763535c5?s=96&d=mm&r=pg","contentUrl":"https:\/\/secure.gravatar.com\/avatar\/dfa4be514c3e82a71e4f9a0020035d38192d080ccaa5e4e6d7a1472c763535c5?s=96&d=mm&r=pg","caption":"St\u00f6rungsmelder"},"url":"https:\/\/blog.zeit.de\/stoerungsmelder\/author\/stoerungsmelder"}]}},"jetpack_featured_media_url":"","jetpack_sharing_enabled":true,"_links":{"self":[{"href":"https:\/\/blog.zeit.de\/stoerungsmelder\/wp-json\/wp\/v2\/posts\/4158","targetHints":{"allow":["GET"]}}],"collection":[{"href":"https:\/\/blog.zeit.de\/stoerungsmelder\/wp-json\/wp\/v2\/posts"}],"about":[{"href":"https:\/\/blog.zeit.de\/stoerungsmelder\/wp-json\/wp\/v2\/types\/post"}],"author":[{"embeddable":true,"href":"https:\/\/blog.zeit.de\/stoerungsmelder\/wp-json\/wp\/v2\/users\/229"}],"replies":[{"embeddable":true,"href":"https:\/\/blog.zeit.de\/stoerungsmelder\/wp-json\/wp\/v2\/comments?post=4158"}],"version-history":[{"count":1,"href":"https:\/\/blog.zeit.de\/stoerungsmelder\/wp-json\/wp\/v2\/posts\/4158\/revisions"}],"predecessor-version":[{"id":24204,"href":"https:\/\/blog.zeit.de\/stoerungsmelder\/wp-json\/wp\/v2\/posts\/4158\/revisions\/24204"}],"wp:attachment":[{"href":"https:\/\/blog.zeit.de\/stoerungsmelder\/wp-json\/wp\/v2\/media?parent=4158"}],"wp:term":[{"taxonomy":"category","embeddable":true,"href":"https:\/\/blog.zeit.de\/stoerungsmelder\/wp-json\/wp\/v2\/categories?post=4158"},{"taxonomy":"post_tag","embeddable":true,"href":"https:\/\/blog.zeit.de\/stoerungsmelder\/wp-json\/wp\/v2\/tags?post=4158"}],"curies":[{"name":"wp","href":"https:\/\/api.w.org\/{rel}","templated":true}]}}