{"id":4192,"date":"2010-08-11T13:04:50","date_gmt":"2010-08-11T11:04:50","guid":{"rendered":"http:\/\/blog.zeit.de\/stoerungsmelder\/?p=4192"},"modified":"2010-08-11T13:04:50","modified_gmt":"2010-08-11T11:04:50","slug":"immer-mehr-rechtsextreme-gewalttaten","status":"publish","type":"post","link":"https:\/\/blog.zeit.de\/stoerungsmelder\/2010\/08\/11\/immer-mehr-rechtsextreme-gewalttaten_4192","title":{"rendered":"Immer mehr rechtsextreme Gewalttaten"},"content":{"rendered":"<div>\n<p><figure id=\"attachment_4193\" aria-describedby=\"caption-attachment-4193\" style=\"width: 540px\" class=\"wp-caption aligncenter\"><a href=\"https:\/\/blog.zeit.de\/stoerungsmelder\/files\/2010\/08\/nazifahne-540.jpg\"><img loading=\"lazy\" decoding=\"async\" class=\"size-full wp-image-4193\" title=\"nazifahne-540\" src=\"https:\/\/blog.zeit.de\/stoerungsmelder\/files\/2010\/08\/nazifahne-540.jpg\" alt=\"\" width=\"540\" height=\"200\" srcset=\"https:\/\/blog.zeit.de\/stoerungsmelder\/files\/2010\/08\/nazifahne-540.jpg 540w, https:\/\/blog.zeit.de\/stoerungsmelder\/files\/2010\/08\/nazifahne-540-300x111.jpg 300w\" sizes=\"auto, (max-width: 540px) 100vw, 540px\" \/><\/a><figcaption id=\"caption-attachment-4193\" class=\"wp-caption-text\">Neonazis verletzten in den letzten sechs Monaten 343 Menschen \u00a9 Getty<\/figcaption><\/figure><\/p>\n<p>Neonazis  und andere Rechtsextremisten haben im ersten Halbjahr mehr als 6500  Straftaten ver\u00fcbt. Nach vorl\u00e4ufigen Zahlen des Bundesinnenministeriums  registrierte die Polizei deutschlandweit 6531 Delikte, darunter 336  Gewalttaten. Die Bilanz ergibt sich aus den jetzt komplett bis Juni  vorliegenden Antworten der Regierung auf Kleine Anfragen, die  Bundestagsvizepr\u00e4sidentin Petra Pau und ihre Linksfraktion monatlich  stellen. In den Angaben f\u00e4llt auf, dass die Zahl der rechten  Gewaltdelikte seit M\u00e4rz kontinuierlich zunahm und im Juni mit 78 einen  H\u00f6chststand erreicht hat. Insgesamt wurden 343 Menschen bei rechten  Angriffen verletzt, die Polizei ermittelte 3334 Tatverd\u00e4chtige und nahm  192 fest. Doch nur f\u00fcnf rechtsextreme Kriminelle kamen in  Untersuchungshaft.<!--more--><\/p>\n<p><em>Von <a href=\"http:\/\/www.tagesspiegel.de\/politik\/immer-mehr-rechtsextreme-gewalttaten\/1901162.html\">Tagesspiegel<\/a>-Autor Frank Jansen<\/em><\/p>\n<\/div>\n<div>\n<p>Die Deliktzahlen werden noch deutlich steigen, da die Polizei  erfahrungsgem\u00e4\u00df zahlreiche Taten nachmeldet. Im ersten Halbjahr 2009  hatte die Summe der Antworten auf die Anfragen der Linksfraktion  zun\u00e4chst 6913 rechte Delikte mit 324 Gewalttaten ergeben. Bei einer  Nachfrage der Linken im Sp\u00e4tsommer ergab sich, dass die Polizei f\u00fcr die  ersten sechs Monate 2009 bereits 9119 rechte Straftaten mit 427  Gewaltdelikten registriert hatte.<\/p>\n<p>Ein weiterer Hinweis auf  deutlich h\u00f6here Zahlen f\u00fcr das erste Halbjahr 2010 kommt aus Sachsen.  Die <a href=\"http:\/\/www.raa-sachsen.de\/\">Opferberatung des Vereins RAA Sachsen<\/a> berichtete k\u00fcrzlich, ihr seien  von Januar bis Juni 120 rechtsextreme Gewalttaten bekannt geworden. Die  s\u00e4chsische Polizei hat jedoch, das geht aus den Antworten der  Bundesregierung hervor, bislang f\u00fcr das erste Halbjahr lediglich 37  Gewaltdelikte gemeldet. Die Zahl wird auch hier durch Nachmeldungen noch  steigen, dennoch d\u00fcrfte eine Kluft zu den Angaben der RAA Sachsen  bleiben. Ein Teil der Opfer, vor allem linke Jugendliche und Migranten  ohne Aufenthaltsstatus, scheut den Gang zur Polizei und wendet sich  lieber an eine nichtstaatliche Institution.<\/p>\n<p>Die Bundesregierung  hat auch die in den Gesamtzahlen enthaltenen antisemitischen Delikte  genannt. Demnach wurden von Januar bis Juni mindestens 471 antij\u00fcdische  Straftaten begangen, sieben waren Gewaltdelikte.<\/p>\n<\/div>\n","protected":false},"excerpt":{"rendered":"<p>Neonazis und andere Rechtsextremisten haben im ersten Halbjahr mehr als 6500 Straftaten ver\u00fcbt. Nach vorl\u00e4ufigen Zahlen des Bundesinnenministeriums registrierte die Polizei deutschlandweit 6531 Delikte, darunter 336 Gewalttaten. Die Bilanz ergibt sich aus den jetzt komplett bis Juni vorliegenden Antworten der Regierung auf Kleine Anfragen, die Bundestagsvizepr\u00e4sidentin Petra Pau und ihre Linksfraktion monatlich stellen. In den [&hellip;]<\/p>\n","protected":false},"author":229,"featured_media":0,"comment_status":"open","ping_status":"open","sticky":false,"template":"","format":"standard","meta":{"_jetpack_memberships_contains_paid_content":false,"footnotes":""},"categories":[1515],"tags":[1479,1587],"class_list":["post-4192","post","type-post","status-publish","format-standard","hentry","category-bundesweit","tag-antisemitismus","tag-gewalt"],"yoast_head":"<!-- This site is optimized with the Yoast SEO plugin v21.0 - https:\/\/yoast.com\/wordpress\/plugins\/seo\/ -->\n<title>Immer mehr rechtsextreme Gewalttaten - St\u00f6rungsmelder<\/title>\n<meta name=\"robots\" content=\"index, follow, max-snippet:-1, max-image-preview:large, max-video-preview:-1\" \/>\n<link rel=\"canonical\" href=\"https:\/\/blog.zeit.de\/stoerungsmelder\/2010\/08\/11\/immer-mehr-rechtsextreme-gewalttaten_4192\" \/>\n<meta property=\"og:locale\" content=\"de_DE\" \/>\n<meta property=\"og:type\" content=\"article\" \/>\n<meta property=\"og:title\" content=\"Immer mehr rechtsextreme Gewalttaten - St\u00f6rungsmelder\" \/>\n<meta property=\"og:description\" content=\"Neonazis und andere Rechtsextremisten haben im ersten Halbjahr mehr als 6500 Straftaten ver\u00fcbt. Nach vorl\u00e4ufigen Zahlen des Bundesinnenministeriums registrierte die Polizei deutschlandweit 6531 Delikte, darunter 336 Gewalttaten. Die Bilanz ergibt sich aus den jetzt komplett bis Juni vorliegenden Antworten der Regierung auf Kleine Anfragen, die Bundestagsvizepr\u00e4sidentin Petra Pau und ihre Linksfraktion monatlich stellen. In den [&hellip;]\" \/>\n<meta property=\"og:url\" content=\"https:\/\/blog.zeit.de\/stoerungsmelder\/2010\/08\/11\/immer-mehr-rechtsextreme-gewalttaten_4192\" \/>\n<meta property=\"og:site_name\" content=\"St\u00f6rungsmelder\" \/>\n<meta property=\"article:published_time\" content=\"2010-08-11T11:04:50+00:00\" \/>\n<meta property=\"og:image\" content=\"https:\/\/blog.zeit.de\/stoerungsmelder\/files\/2010\/08\/nazifahne-540.jpg\" \/>\n<meta name=\"author\" content=\"St\u00f6rungsmelder\" \/>\n<meta name=\"twitter:card\" content=\"summary_large_image\" \/>\n<meta name=\"twitter:label1\" content=\"Geschrieben von\" \/>\n\t<meta name=\"twitter:data1\" content=\"St\u00f6rungsmelder\" \/>\n\t<meta name=\"twitter:label2\" content=\"Gesch\u00e4tzte Lesezeit\" \/>\n\t<meta name=\"twitter:data2\" content=\"2\u00a0Minuten\" \/>\n<script type=\"application\/ld+json\" class=\"yoast-schema-graph\">{\"@context\":\"https:\/\/schema.org\",\"@graph\":[{\"@type\":\"WebPage\",\"@id\":\"https:\/\/blog.zeit.de\/stoerungsmelder\/2010\/08\/11\/immer-mehr-rechtsextreme-gewalttaten_4192\",\"url\":\"https:\/\/blog.zeit.de\/stoerungsmelder\/2010\/08\/11\/immer-mehr-rechtsextreme-gewalttaten_4192\",\"name\":\"Immer mehr rechtsextreme Gewalttaten - St\u00f6rungsmelder\",\"isPartOf\":{\"@id\":\"https:\/\/blog.zeit.de\/stoerungsmelder\/#website\"},\"datePublished\":\"2010-08-11T11:04:50+00:00\",\"dateModified\":\"2010-08-11T11:04:50+00:00\",\"author\":{\"@id\":\"https:\/\/blog.zeit.de\/stoerungsmelder\/#\/schema\/person\/fdd0b9818f65738672810b6d6f037f71\"},\"breadcrumb\":{\"@id\":\"https:\/\/blog.zeit.de\/stoerungsmelder\/2010\/08\/11\/immer-mehr-rechtsextreme-gewalttaten_4192#breadcrumb\"},\"inLanguage\":\"de\",\"potentialAction\":[{\"@type\":\"ReadAction\",\"target\":[\"https:\/\/blog.zeit.de\/stoerungsmelder\/2010\/08\/11\/immer-mehr-rechtsextreme-gewalttaten_4192\"]}]},{\"@type\":\"BreadcrumbList\",\"@id\":\"https:\/\/blog.zeit.de\/stoerungsmelder\/2010\/08\/11\/immer-mehr-rechtsextreme-gewalttaten_4192#breadcrumb\",\"itemListElement\":[{\"@type\":\"ListItem\",\"position\":1,\"name\":\"Startseite\",\"item\":\"https:\/\/blog.zeit.de\/stoerungsmelder\"},{\"@type\":\"ListItem\",\"position\":2,\"name\":\"Immer mehr rechtsextreme Gewalttaten\"}]},{\"@type\":\"WebSite\",\"@id\":\"https:\/\/blog.zeit.de\/stoerungsmelder\/#website\",\"url\":\"https:\/\/blog.zeit.de\/stoerungsmelder\/\",\"name\":\"St\u00f6rungsmelder\",\"description\":\"Recherchen und Analysen \u00fcber die extreme Rechte\",\"potentialAction\":[{\"@type\":\"SearchAction\",\"target\":{\"@type\":\"EntryPoint\",\"urlTemplate\":\"https:\/\/blog.zeit.de\/stoerungsmelder\/?s={search_term_string}\"},\"query-input\":\"required name=search_term_string\"}],\"inLanguage\":\"de\"},{\"@type\":\"Person\",\"@id\":\"https:\/\/blog.zeit.de\/stoerungsmelder\/#\/schema\/person\/fdd0b9818f65738672810b6d6f037f71\",\"name\":\"St\u00f6rungsmelder\",\"image\":{\"@type\":\"ImageObject\",\"inLanguage\":\"de\",\"@id\":\"https:\/\/blog.zeit.de\/stoerungsmelder\/#\/schema\/person\/image\/\",\"url\":\"https:\/\/secure.gravatar.com\/avatar\/dfa4be514c3e82a71e4f9a0020035d38192d080ccaa5e4e6d7a1472c763535c5?s=96&d=mm&r=pg\",\"contentUrl\":\"https:\/\/secure.gravatar.com\/avatar\/dfa4be514c3e82a71e4f9a0020035d38192d080ccaa5e4e6d7a1472c763535c5?s=96&d=mm&r=pg\",\"caption\":\"St\u00f6rungsmelder\"},\"url\":\"https:\/\/blog.zeit.de\/stoerungsmelder\/author\/stoerungsmelder\"}]}<\/script>\n<!-- \/ Yoast SEO plugin. -->","yoast_head_json":{"title":"Immer mehr rechtsextreme Gewalttaten - St\u00f6rungsmelder","robots":{"index":"index","follow":"follow","max-snippet":"max-snippet:-1","max-image-preview":"max-image-preview:large","max-video-preview":"max-video-preview:-1"},"canonical":"https:\/\/blog.zeit.de\/stoerungsmelder\/2010\/08\/11\/immer-mehr-rechtsextreme-gewalttaten_4192","og_locale":"de_DE","og_type":"article","og_title":"Immer mehr rechtsextreme Gewalttaten - St\u00f6rungsmelder","og_description":"Neonazis und andere Rechtsextremisten haben im ersten Halbjahr mehr als 6500 Straftaten ver\u00fcbt. Nach vorl\u00e4ufigen Zahlen des Bundesinnenministeriums registrierte die Polizei deutschlandweit 6531 Delikte, darunter 336 Gewalttaten. Die Bilanz ergibt sich aus den jetzt komplett bis Juni vorliegenden Antworten der Regierung auf Kleine Anfragen, die Bundestagsvizepr\u00e4sidentin Petra Pau und ihre Linksfraktion monatlich stellen. In den [&hellip;]","og_url":"https:\/\/blog.zeit.de\/stoerungsmelder\/2010\/08\/11\/immer-mehr-rechtsextreme-gewalttaten_4192","og_site_name":"St\u00f6rungsmelder","article_published_time":"2010-08-11T11:04:50+00:00","og_image":[{"url":"https:\/\/blog.zeit.de\/stoerungsmelder\/files\/2010\/08\/nazifahne-540.jpg"}],"author":"St\u00f6rungsmelder","twitter_card":"summary_large_image","twitter_misc":{"Geschrieben von":"St\u00f6rungsmelder","Gesch\u00e4tzte Lesezeit":"2\u00a0Minuten"},"schema":{"@context":"https:\/\/schema.org","@graph":[{"@type":"WebPage","@id":"https:\/\/blog.zeit.de\/stoerungsmelder\/2010\/08\/11\/immer-mehr-rechtsextreme-gewalttaten_4192","url":"https:\/\/blog.zeit.de\/stoerungsmelder\/2010\/08\/11\/immer-mehr-rechtsextreme-gewalttaten_4192","name":"Immer mehr rechtsextreme Gewalttaten - St\u00f6rungsmelder","isPartOf":{"@id":"https:\/\/blog.zeit.de\/stoerungsmelder\/#website"},"datePublished":"2010-08-11T11:04:50+00:00","dateModified":"2010-08-11T11:04:50+00:00","author":{"@id":"https:\/\/blog.zeit.de\/stoerungsmelder\/#\/schema\/person\/fdd0b9818f65738672810b6d6f037f71"},"breadcrumb":{"@id":"https:\/\/blog.zeit.de\/stoerungsmelder\/2010\/08\/11\/immer-mehr-rechtsextreme-gewalttaten_4192#breadcrumb"},"inLanguage":"de","potentialAction":[{"@type":"ReadAction","target":["https:\/\/blog.zeit.de\/stoerungsmelder\/2010\/08\/11\/immer-mehr-rechtsextreme-gewalttaten_4192"]}]},{"@type":"BreadcrumbList","@id":"https:\/\/blog.zeit.de\/stoerungsmelder\/2010\/08\/11\/immer-mehr-rechtsextreme-gewalttaten_4192#breadcrumb","itemListElement":[{"@type":"ListItem","position":1,"name":"Startseite","item":"https:\/\/blog.zeit.de\/stoerungsmelder"},{"@type":"ListItem","position":2,"name":"Immer mehr rechtsextreme Gewalttaten"}]},{"@type":"WebSite","@id":"https:\/\/blog.zeit.de\/stoerungsmelder\/#website","url":"https:\/\/blog.zeit.de\/stoerungsmelder\/","name":"St\u00f6rungsmelder","description":"Recherchen und Analysen \u00fcber die extreme Rechte","potentialAction":[{"@type":"SearchAction","target":{"@type":"EntryPoint","urlTemplate":"https:\/\/blog.zeit.de\/stoerungsmelder\/?s={search_term_string}"},"query-input":"required name=search_term_string"}],"inLanguage":"de"},{"@type":"Person","@id":"https:\/\/blog.zeit.de\/stoerungsmelder\/#\/schema\/person\/fdd0b9818f65738672810b6d6f037f71","name":"St\u00f6rungsmelder","image":{"@type":"ImageObject","inLanguage":"de","@id":"https:\/\/blog.zeit.de\/stoerungsmelder\/#\/schema\/person\/image\/","url":"https:\/\/secure.gravatar.com\/avatar\/dfa4be514c3e82a71e4f9a0020035d38192d080ccaa5e4e6d7a1472c763535c5?s=96&d=mm&r=pg","contentUrl":"https:\/\/secure.gravatar.com\/avatar\/dfa4be514c3e82a71e4f9a0020035d38192d080ccaa5e4e6d7a1472c763535c5?s=96&d=mm&r=pg","caption":"St\u00f6rungsmelder"},"url":"https:\/\/blog.zeit.de\/stoerungsmelder\/author\/stoerungsmelder"}]}},"jetpack_featured_media_url":"","jetpack_sharing_enabled":true,"_links":{"self":[{"href":"https:\/\/blog.zeit.de\/stoerungsmelder\/wp-json\/wp\/v2\/posts\/4192","targetHints":{"allow":["GET"]}}],"collection":[{"href":"https:\/\/blog.zeit.de\/stoerungsmelder\/wp-json\/wp\/v2\/posts"}],"about":[{"href":"https:\/\/blog.zeit.de\/stoerungsmelder\/wp-json\/wp\/v2\/types\/post"}],"author":[{"embeddable":true,"href":"https:\/\/blog.zeit.de\/stoerungsmelder\/wp-json\/wp\/v2\/users\/229"}],"replies":[{"embeddable":true,"href":"https:\/\/blog.zeit.de\/stoerungsmelder\/wp-json\/wp\/v2\/comments?post=4192"}],"version-history":[{"count":0,"href":"https:\/\/blog.zeit.de\/stoerungsmelder\/wp-json\/wp\/v2\/posts\/4192\/revisions"}],"wp:attachment":[{"href":"https:\/\/blog.zeit.de\/stoerungsmelder\/wp-json\/wp\/v2\/media?parent=4192"}],"wp:term":[{"taxonomy":"category","embeddable":true,"href":"https:\/\/blog.zeit.de\/stoerungsmelder\/wp-json\/wp\/v2\/categories?post=4192"},{"taxonomy":"post_tag","embeddable":true,"href":"https:\/\/blog.zeit.de\/stoerungsmelder\/wp-json\/wp\/v2\/tags?post=4192"}],"curies":[{"name":"wp","href":"https:\/\/api.w.org\/{rel}","templated":true}]}}