{"id":4197,"date":"2010-08-11T15:16:49","date_gmt":"2010-08-11T13:16:49","guid":{"rendered":"http:\/\/blog.zeit.de\/stoerungsmelder\/?p=4197"},"modified":"2017-07-08T16:40:41","modified_gmt":"2017-07-08T14:40:41","slug":"modemarke-thor-steinar-verliert-prozess-gegen-satire-projekt","status":"publish","type":"post","link":"https:\/\/blog.zeit.de\/stoerungsmelder\/2010\/08\/11\/modemarke-thor-steinar-verliert-prozess-gegen-satire-projekt_4197","title":{"rendered":"Modemarke &#8222;Thor Steinar&#8220; verliert Prozess gegen Satire-Projekt"},"content":{"rendered":"<p><a href=\"https:\/\/blog.zeit.de\/stoerungsmelder\/files\/2010\/08\/heinar.png\"><img loading=\"lazy\" decoding=\"async\" class=\"size-full wp-image-4198 alignleft\" src=\"https:\/\/blog.zeit.de\/stoerungsmelder\/files\/2010\/08\/heinar.png\" alt=\"\" width=\"280\" height=\"280\" srcset=\"https:\/\/blog.zeit.de\/stoerungsmelder\/files\/2010\/08\/heinar.png 280w, https:\/\/blog.zeit.de\/stoerungsmelder\/files\/2010\/08\/heinar-150x150.png 150w\" sizes=\"auto, (max-width: 280px) 100vw, 280px\" \/><\/a>Der x-beinige \u201eStorch Heinar\u201c tr\u00e4gt gerne einen Hitlerbart, einen viel zu gro\u00dfen Wehrmachtshelm auf dem Kopf und \u00e4rgert damit die in der Naziszene \u00e4u\u00dferst beliebte Modemarke <a href=\"https:\/\/blog.zeit.de\/stoerungsmelder\/tag\/thor-steinar\">Thor Steinar<\/a>. Die sieht darin eine Verunglimpfung ihres Markennamens. Zu Unrecht, wie heute das Landgericht N\u00fcrnberg-F\u00fcrth feststellte.<!--more--><\/p>\n<p>Der Richter war der Ansicht, es bestehe keinerlei Verwechslungsgefahr zwischen der Marke und der Persiflage. Kennzeichen und Waren der brandenburgischen Firma w\u00fcrden weder herabgesetzt noch verunglimpft. Zudem sei das Satireprojekt des Rostocker SPD-Abgeordneten Mathias Brodkorb schon allein durch die Meinungsfreiheit gedeckt. Thor Steinar kann gegen das Urteil Beschwerde einlegen.<\/p>\n<p>Der Streitwert des Zivilverfahrens wegen Versto\u00dfes gegen das Wettbewerbs- und Markenrecht lag bei 100.000 Euro. Angeklagt war Brodkorb als Miterfinder der Persiflage. Er hatte das Projekt 2008 mit den Jusos Mecklenburg-Vorpommern gestartet. Schon einen Tag nachdem das erste Shirt im Netz stand, versuchte die f\u00fcr Thor Steinar auftretetende Firma Mediatex GmbH pl\u00f6tzlich selbst die Marke \u201eStorch Heinar\u201c beim Patentamt einzutragen. Die Anw\u00e4lte von Endstation Rechts legten damals Widerspruch ein und bekamen auch hier Recht. Man wollte Thor Steinar so \u201evor Selbstverunglimpfung bewahren\u201c, hei\u00dft es auf der Storch-Heinar-Webseite.<\/p>\n<p>Dort kommt zu dem heutigen Urteil auch der Storch h\u00f6chstpers\u00f6nlich zu Wort. \u201eMein herzlichster Dank gilt der Mediatex \u2013 sie die Kosten, ich die Werbung gratis. Weiter so.\u201c Nach Angaben der Betreiber muss Thor Steinar jetzt 94 Prozent der Gerichtskosten tragen.<\/p>\n<p>Zu ihrer Anfangszeit gab es Thor Steinar-Kleidung fast ausschlie\u00dflich bei einschl\u00e4gigen Nazil\u00e4den und Vers\u00e4nden zu kaufen. Zweideutige Aufdrucke wie \u201eSki Heil\u201c und \u201eHausbesuche\u201c mit einem Maschinengewehr darunter, sorgten schnell f\u00fcr Anerkennung in der Naziszene. Als \u201eidentit\u00e4tsstiftendes Erkennungszeichen\u201c f\u00fcr die rechte Szene, bezeichnete der brandenburgische Verfassungsschutz zuletzt die Marke. Doch inzwischen hat sich die Firma zu einem mittelgro\u00dfen Unternehmen mit j\u00e4hrlichen Millionenums\u00e4tzen entwickelt. Die rechtsextreme Kundschaft ist geblieben. Es gibt kaum einen Naziaufmarsch, auf dem nicht dutzende \u201eKameraden\u201c mit den Runen- und Tarnfarbenmotiven der Marke auftauchen. Regelm\u00e4\u00dfig gibt es Proteste von Politikern und B\u00fcrgerinitiativen, wenn Thor Steinar neue Ladengesch\u00e4fte er\u00f6ffnet. Derzeit ist das Tragen von Thor Steinar im Bundestag, im Landtag Mecklenburg-Vorpommern und zahleichen Fu\u00dfballstadien verboten.<\/p>\n<p>Schon l\u00e4nger versucht die Modemarke kritische Medienberichterstattung und satirische Proteste gerichtlich zu verhindern. Thor Steinar hat sogar eine eigene Internetseite eingerichtet, auf der erfolgreiche Unterlassungsklagen und Gegendarstellungen aufgelistet werden. H\u00e4ufig scheitert die Marke aber vor Gericht. Erst im Januar verlor Thor Steinar den Prozess gegen einen Berliner Versand, der T-Shirts mit dem Aufdruck \u201eThorten Schneidar\u201c verkauft. Die Gewinne des Verkaufs spenden die Betreiber regelm\u00e4\u00dfig an Antifagruppen.<\/p>\n<p><a href=\"https:\/\/blog.zeit.de\/stoerungsmelder\/files\/2010\/08\/thortenschneidar200.jpg\"><img loading=\"lazy\" decoding=\"async\" class=\"alignleft size-full wp-image-4199\" src=\"https:\/\/blog.zeit.de\/stoerungsmelder\/files\/2010\/08\/thortenschneidar200.jpg\" alt=\"\" width=\"200\" height=\"150\" \/><\/a><\/p>\n<p>Auch der Versuch von Thor Steinar, das von der ZEIT und der Bundeszentrale f\u00fcr politische Bildung herausgegebene \u201eBuch gegen Nazis\u201c vom Markt nehmen zu lassen, war bislang erfolglos. Die Firma hatte einen einzigen Satz im Anhang des 304 Seiten umfassenden Ratgebers bem\u00e4ngelt. Darin geht es um das urspr\u00fcngliche Thor-Steinar-Logo dessen Verbreitung und \u00f6ffentliche Verwendung wegen \u00c4hnlichkeit mit Symbolen von Naziorganisationen zeitweise in mehreren Bundesl\u00e4ndern strafrechtlich verfolgt worden war. Die Mediatex wurde dazu verurteilt, 75 Prozent der Kosten des Verfahrens zu tragen. Das Urteil ist noch nicht rechtskr\u00e4ftig.<\/p>\n<p><img loading=\"lazy\" decoding=\"async\" src=\"http:\/\/vg01.met.vgwort.de\/na\/87bb8e0902b64c069941fc75085a08b9\" width=\"1\" height=\"1\" alt=\"\"><\/p>\n","protected":false},"excerpt":{"rendered":"<p>Der x-beinige \u201eStorch Heinar\u201c tr\u00e4gt gerne einen Hitlerbart, einen viel zu gro\u00dfen Wehrmachtshelm auf dem Kopf und \u00e4rgert damit die in der Naziszene \u00e4u\u00dferst beliebte Modemarke Thor Steinar. Die sieht darin eine Verunglimpfung ihres Markennamens. Zu Unrecht, wie heute das Landgericht N\u00fcrnberg-F\u00fcrth feststellte.<\/p>\n","protected":false},"author":229,"featured_media":0,"comment_status":"open","ping_status":"open","sticky":false,"template":"","format":"standard","meta":{"_jetpack_memberships_contains_paid_content":false,"footnotes":""},"categories":[1],"tags":[1638,1807,1818],"class_list":["post-4197","post","type-post","status-publish","format-standard","hentry","category-allgemein","tag-justiz","tag-storch-heinar","tag-thor-steinar"],"yoast_head":"<!-- This site is optimized with the Yoast SEO plugin v21.0 - https:\/\/yoast.com\/wordpress\/plugins\/seo\/ -->\n<title>Modemarke &quot;Thor Steinar&quot; verliert Prozess gegen Satire-Projekt - St\u00f6rungsmelder<\/title>\n<meta name=\"robots\" content=\"index, follow, max-snippet:-1, max-image-preview:large, max-video-preview:-1\" \/>\n<link rel=\"canonical\" href=\"https:\/\/blog.zeit.de\/stoerungsmelder\/2010\/08\/11\/modemarke-thor-steinar-verliert-prozess-gegen-satire-projekt_4197\" \/>\n<meta property=\"og:locale\" content=\"de_DE\" \/>\n<meta property=\"og:type\" content=\"article\" \/>\n<meta property=\"og:title\" content=\"Modemarke &quot;Thor Steinar&quot; verliert Prozess gegen Satire-Projekt - St\u00f6rungsmelder\" \/>\n<meta property=\"og:description\" content=\"Der x-beinige \u201eStorch Heinar\u201c tr\u00e4gt gerne einen Hitlerbart, einen viel zu gro\u00dfen Wehrmachtshelm auf dem Kopf und \u00e4rgert damit die in der Naziszene \u00e4u\u00dferst beliebte Modemarke Thor Steinar. Die sieht darin eine Verunglimpfung ihres Markennamens. Zu Unrecht, wie heute das Landgericht N\u00fcrnberg-F\u00fcrth feststellte.\" \/>\n<meta property=\"og:url\" content=\"https:\/\/blog.zeit.de\/stoerungsmelder\/2010\/08\/11\/modemarke-thor-steinar-verliert-prozess-gegen-satire-projekt_4197\" \/>\n<meta property=\"og:site_name\" content=\"St\u00f6rungsmelder\" \/>\n<meta property=\"article:published_time\" content=\"2010-08-11T13:16:49+00:00\" \/>\n<meta property=\"article:modified_time\" content=\"2017-07-08T14:40:41+00:00\" \/>\n<meta property=\"og:image\" content=\"https:\/\/blog.zeit.de\/stoerungsmelder\/files\/2010\/08\/heinar.png\" \/>\n<meta name=\"author\" content=\"St\u00f6rungsmelder\" \/>\n<meta name=\"twitter:card\" content=\"summary_large_image\" \/>\n<meta name=\"twitter:label1\" content=\"Geschrieben von\" \/>\n\t<meta name=\"twitter:data1\" content=\"St\u00f6rungsmelder\" \/>\n\t<meta name=\"twitter:label2\" content=\"Gesch\u00e4tzte Lesezeit\" \/>\n\t<meta name=\"twitter:data2\" content=\"3\u00a0Minuten\" \/>\n<script type=\"application\/ld+json\" class=\"yoast-schema-graph\">{\"@context\":\"https:\/\/schema.org\",\"@graph\":[{\"@type\":\"WebPage\",\"@id\":\"https:\/\/blog.zeit.de\/stoerungsmelder\/2010\/08\/11\/modemarke-thor-steinar-verliert-prozess-gegen-satire-projekt_4197\",\"url\":\"https:\/\/blog.zeit.de\/stoerungsmelder\/2010\/08\/11\/modemarke-thor-steinar-verliert-prozess-gegen-satire-projekt_4197\",\"name\":\"Modemarke \\\"Thor Steinar\\\" verliert Prozess gegen Satire-Projekt - St\u00f6rungsmelder\",\"isPartOf\":{\"@id\":\"https:\/\/blog.zeit.de\/stoerungsmelder\/#website\"},\"datePublished\":\"2010-08-11T13:16:49+00:00\",\"dateModified\":\"2017-07-08T14:40:41+00:00\",\"author\":{\"@id\":\"https:\/\/blog.zeit.de\/stoerungsmelder\/#\/schema\/person\/fdd0b9818f65738672810b6d6f037f71\"},\"breadcrumb\":{\"@id\":\"https:\/\/blog.zeit.de\/stoerungsmelder\/2010\/08\/11\/modemarke-thor-steinar-verliert-prozess-gegen-satire-projekt_4197#breadcrumb\"},\"inLanguage\":\"de\",\"potentialAction\":[{\"@type\":\"ReadAction\",\"target\":[\"https:\/\/blog.zeit.de\/stoerungsmelder\/2010\/08\/11\/modemarke-thor-steinar-verliert-prozess-gegen-satire-projekt_4197\"]}]},{\"@type\":\"BreadcrumbList\",\"@id\":\"https:\/\/blog.zeit.de\/stoerungsmelder\/2010\/08\/11\/modemarke-thor-steinar-verliert-prozess-gegen-satire-projekt_4197#breadcrumb\",\"itemListElement\":[{\"@type\":\"ListItem\",\"position\":1,\"name\":\"Startseite\",\"item\":\"https:\/\/blog.zeit.de\/stoerungsmelder\"},{\"@type\":\"ListItem\",\"position\":2,\"name\":\"Modemarke &#8222;Thor Steinar&#8220; verliert Prozess gegen Satire-Projekt\"}]},{\"@type\":\"WebSite\",\"@id\":\"https:\/\/blog.zeit.de\/stoerungsmelder\/#website\",\"url\":\"https:\/\/blog.zeit.de\/stoerungsmelder\/\",\"name\":\"St\u00f6rungsmelder\",\"description\":\"Recherchen und Analysen \u00fcber die extreme Rechte\",\"potentialAction\":[{\"@type\":\"SearchAction\",\"target\":{\"@type\":\"EntryPoint\",\"urlTemplate\":\"https:\/\/blog.zeit.de\/stoerungsmelder\/?s={search_term_string}\"},\"query-input\":\"required name=search_term_string\"}],\"inLanguage\":\"de\"},{\"@type\":\"Person\",\"@id\":\"https:\/\/blog.zeit.de\/stoerungsmelder\/#\/schema\/person\/fdd0b9818f65738672810b6d6f037f71\",\"name\":\"St\u00f6rungsmelder\",\"image\":{\"@type\":\"ImageObject\",\"inLanguage\":\"de\",\"@id\":\"https:\/\/blog.zeit.de\/stoerungsmelder\/#\/schema\/person\/image\/\",\"url\":\"https:\/\/secure.gravatar.com\/avatar\/dfa4be514c3e82a71e4f9a0020035d38192d080ccaa5e4e6d7a1472c763535c5?s=96&d=mm&r=pg\",\"contentUrl\":\"https:\/\/secure.gravatar.com\/avatar\/dfa4be514c3e82a71e4f9a0020035d38192d080ccaa5e4e6d7a1472c763535c5?s=96&d=mm&r=pg\",\"caption\":\"St\u00f6rungsmelder\"},\"url\":\"https:\/\/blog.zeit.de\/stoerungsmelder\/author\/stoerungsmelder\"}]}<\/script>\n<!-- \/ Yoast SEO plugin. -->","yoast_head_json":{"title":"Modemarke \"Thor Steinar\" verliert Prozess gegen Satire-Projekt - St\u00f6rungsmelder","robots":{"index":"index","follow":"follow","max-snippet":"max-snippet:-1","max-image-preview":"max-image-preview:large","max-video-preview":"max-video-preview:-1"},"canonical":"https:\/\/blog.zeit.de\/stoerungsmelder\/2010\/08\/11\/modemarke-thor-steinar-verliert-prozess-gegen-satire-projekt_4197","og_locale":"de_DE","og_type":"article","og_title":"Modemarke \"Thor Steinar\" verliert Prozess gegen Satire-Projekt - St\u00f6rungsmelder","og_description":"Der x-beinige \u201eStorch Heinar\u201c tr\u00e4gt gerne einen Hitlerbart, einen viel zu gro\u00dfen Wehrmachtshelm auf dem Kopf und \u00e4rgert damit die in der Naziszene \u00e4u\u00dferst beliebte Modemarke Thor Steinar. Die sieht darin eine Verunglimpfung ihres Markennamens. Zu Unrecht, wie heute das Landgericht N\u00fcrnberg-F\u00fcrth feststellte.","og_url":"https:\/\/blog.zeit.de\/stoerungsmelder\/2010\/08\/11\/modemarke-thor-steinar-verliert-prozess-gegen-satire-projekt_4197","og_site_name":"St\u00f6rungsmelder","article_published_time":"2010-08-11T13:16:49+00:00","article_modified_time":"2017-07-08T14:40:41+00:00","og_image":[{"url":"https:\/\/blog.zeit.de\/stoerungsmelder\/files\/2010\/08\/heinar.png"}],"author":"St\u00f6rungsmelder","twitter_card":"summary_large_image","twitter_misc":{"Geschrieben von":"St\u00f6rungsmelder","Gesch\u00e4tzte Lesezeit":"3\u00a0Minuten"},"schema":{"@context":"https:\/\/schema.org","@graph":[{"@type":"WebPage","@id":"https:\/\/blog.zeit.de\/stoerungsmelder\/2010\/08\/11\/modemarke-thor-steinar-verliert-prozess-gegen-satire-projekt_4197","url":"https:\/\/blog.zeit.de\/stoerungsmelder\/2010\/08\/11\/modemarke-thor-steinar-verliert-prozess-gegen-satire-projekt_4197","name":"Modemarke \"Thor Steinar\" verliert Prozess gegen Satire-Projekt - St\u00f6rungsmelder","isPartOf":{"@id":"https:\/\/blog.zeit.de\/stoerungsmelder\/#website"},"datePublished":"2010-08-11T13:16:49+00:00","dateModified":"2017-07-08T14:40:41+00:00","author":{"@id":"https:\/\/blog.zeit.de\/stoerungsmelder\/#\/schema\/person\/fdd0b9818f65738672810b6d6f037f71"},"breadcrumb":{"@id":"https:\/\/blog.zeit.de\/stoerungsmelder\/2010\/08\/11\/modemarke-thor-steinar-verliert-prozess-gegen-satire-projekt_4197#breadcrumb"},"inLanguage":"de","potentialAction":[{"@type":"ReadAction","target":["https:\/\/blog.zeit.de\/stoerungsmelder\/2010\/08\/11\/modemarke-thor-steinar-verliert-prozess-gegen-satire-projekt_4197"]}]},{"@type":"BreadcrumbList","@id":"https:\/\/blog.zeit.de\/stoerungsmelder\/2010\/08\/11\/modemarke-thor-steinar-verliert-prozess-gegen-satire-projekt_4197#breadcrumb","itemListElement":[{"@type":"ListItem","position":1,"name":"Startseite","item":"https:\/\/blog.zeit.de\/stoerungsmelder"},{"@type":"ListItem","position":2,"name":"Modemarke &#8222;Thor Steinar&#8220; verliert Prozess gegen Satire-Projekt"}]},{"@type":"WebSite","@id":"https:\/\/blog.zeit.de\/stoerungsmelder\/#website","url":"https:\/\/blog.zeit.de\/stoerungsmelder\/","name":"St\u00f6rungsmelder","description":"Recherchen und Analysen \u00fcber die extreme Rechte","potentialAction":[{"@type":"SearchAction","target":{"@type":"EntryPoint","urlTemplate":"https:\/\/blog.zeit.de\/stoerungsmelder\/?s={search_term_string}"},"query-input":"required name=search_term_string"}],"inLanguage":"de"},{"@type":"Person","@id":"https:\/\/blog.zeit.de\/stoerungsmelder\/#\/schema\/person\/fdd0b9818f65738672810b6d6f037f71","name":"St\u00f6rungsmelder","image":{"@type":"ImageObject","inLanguage":"de","@id":"https:\/\/blog.zeit.de\/stoerungsmelder\/#\/schema\/person\/image\/","url":"https:\/\/secure.gravatar.com\/avatar\/dfa4be514c3e82a71e4f9a0020035d38192d080ccaa5e4e6d7a1472c763535c5?s=96&d=mm&r=pg","contentUrl":"https:\/\/secure.gravatar.com\/avatar\/dfa4be514c3e82a71e4f9a0020035d38192d080ccaa5e4e6d7a1472c763535c5?s=96&d=mm&r=pg","caption":"St\u00f6rungsmelder"},"url":"https:\/\/blog.zeit.de\/stoerungsmelder\/author\/stoerungsmelder"}]}},"jetpack_featured_media_url":"","jetpack_sharing_enabled":true,"_links":{"self":[{"href":"https:\/\/blog.zeit.de\/stoerungsmelder\/wp-json\/wp\/v2\/posts\/4197","targetHints":{"allow":["GET"]}}],"collection":[{"href":"https:\/\/blog.zeit.de\/stoerungsmelder\/wp-json\/wp\/v2\/posts"}],"about":[{"href":"https:\/\/blog.zeit.de\/stoerungsmelder\/wp-json\/wp\/v2\/types\/post"}],"author":[{"embeddable":true,"href":"https:\/\/blog.zeit.de\/stoerungsmelder\/wp-json\/wp\/v2\/users\/229"}],"replies":[{"embeddable":true,"href":"https:\/\/blog.zeit.de\/stoerungsmelder\/wp-json\/wp\/v2\/comments?post=4197"}],"version-history":[{"count":1,"href":"https:\/\/blog.zeit.de\/stoerungsmelder\/wp-json\/wp\/v2\/posts\/4197\/revisions"}],"predecessor-version":[{"id":24202,"href":"https:\/\/blog.zeit.de\/stoerungsmelder\/wp-json\/wp\/v2\/posts\/4197\/revisions\/24202"}],"wp:attachment":[{"href":"https:\/\/blog.zeit.de\/stoerungsmelder\/wp-json\/wp\/v2\/media?parent=4197"}],"wp:term":[{"taxonomy":"category","embeddable":true,"href":"https:\/\/blog.zeit.de\/stoerungsmelder\/wp-json\/wp\/v2\/categories?post=4197"},{"taxonomy":"post_tag","embeddable":true,"href":"https:\/\/blog.zeit.de\/stoerungsmelder\/wp-json\/wp\/v2\/tags?post=4197"}],"curies":[{"name":"wp","href":"https:\/\/api.w.org\/{rel}","templated":true}]}}