{"id":42,"date":"2007-09-07T16:43:52","date_gmt":"2007-09-07T14:43:52","guid":{"rendered":"http:\/\/blog.zeit.de\/stoerungsmelder\/2007\/09\/07\/v-leute-wichtig-fur-den-rechtsstaat-oder-nur-bezahlte-kriminelle_42"},"modified":"2007-09-07T16:43:52","modified_gmt":"2007-09-07T14:43:52","slug":"v-leute-wichtig-fur-den-rechtsstaat-oder-nur-bezahlte-kriminelle","status":"publish","type":"post","link":"https:\/\/blog.zeit.de\/stoerungsmelder\/2007\/09\/07\/v-leute-wichtig-fur-den-rechtsstaat-oder-nur-bezahlte-kriminelle_42","title":{"rendered":"V-Leute wichtig f\u00fcr den Rechtsstaat? Oder nur bezahlte Kriminelle?"},"content":{"rendered":"<p><em>Moin aus Hamburg,<\/em><\/p>\n<p><em>habe heute folgenden Artikel bei <a href=\"http:\/\/www.tagesschau.de\/aktuell\/meldungen\/0,1185,OID7430868_TYP6_THE_NAV_REF1_BAB,00.html\">tagesschau.de<\/a> ver\u00f6ffentlicht. Dabei geht es um ein weiteres dunkles Kapitel in der Geschichte um vom Verfassungsschutz bezahlte Nazis.<\/em><br \/>\n<!--more--><br \/>\nEin Skandal um einen schwerkriminellen V-Mann in Nordrhein-Westfalen bringt den Verfassungsschutz (VS) offenbar um seine Informanten. Laut einem Bericht der &#8222;Frankfurter Rundschau&#8220; sind bis zu zw\u00f6lf V-M\u00e4nner in der rechtsextremen Szene enttarnt worden. Nun m\u00fcsse der Verfassungsschutz ohne Informanten in Ostwestfalen auskommen &#8211; und hier liegt ein Schwerpunkt der Neonazi-Szene in den alten Bundesl\u00e4ndern.<\/p>\n<p>Vorausgegangen war die Enttarnung eines kriminellen Neonazis als V-Mann. Der 27-j\u00e4hrige Sebastian S. war in der Szene anerkannt, da er zahlreiche Konzerte organisiert hatte &#8211; unter anderem Veranstaltungen zum Andenken an den Kopf der britischen Neonazi-Band &#8222;Screwdriver&#8220;, <!--more-->Ian Stuart, der 1993 bei einem Verkehrsunfall ums Leben kam. Bei diesen Konzerten treten vor allem Neonazi-Bands aus dem &#8222;Blood &amp; Honour&#8220;-Umfeld auf, diese Skinhead-Organisation ist in Deutschland seit dem Jahr 2001 verboten. Auch die Mobilisierung zu diesen Veranstaltungen l\u00e4uft \u00fcber &#8222;Blood &amp; Honour&#8220;, wie aus entsprechenden Internet-Seiten aus dem Neonazi-Netzwerk hervorgeht.<\/p>\n<h2>&#8222;B&amp;H&#8220; nicht aktiv in NRW?<\/h2>\n<p>Auch die Band &#8222;Oidoxie&#8220; &#8211; eine Neonazi-Band aus Dortmund- steht in der rechtsextremen Szene nach der Enttarnung von S. nun unter Verdacht, mit dem Verfassungsschutz kooperiert zu haben &#8211; oder zumindest von der Verbindung gewusst zu haben. Denn &#8222;Oidoxie&#8220; trat bei den von S. mitorganisierten Konzerten auf und war mit dem Ex-V-Mann lange Jahre befreundet, wie die Band in einer Stellungnahme best\u00e4tigte. Und noch etwas f\u00e4llt in diesem Zusammenhang auf: &#8222;Oidoxie&#8220; trat mehrmals bei &#8222;Blood &amp; Honour&#8220;-Konzerten im Ausland auf, die unter anderem der enttarnte V-Mann Sebastian S. organisiert hatte. Doch im NRW-Verfassungsschutzbericht des Jahres 2006 hei\u00dft es zu den Aktivit\u00e4ten von &#8222;Blood &amp; Honour&#8220; lediglich:<\/p>\n<p align=\"left\"><em>&#8222;Nach dem rechtskr\u00e4ftigen Verbot im Jahr 2001 sind bis heute keine Aktivit\u00e4ten in NRW festzustellen, die den Fortbestand von Strukturen der \u2018Blood &amp; Honour\u2019-Organisation belegen w\u00fcrden. Zwar ist davon auszugehen, dass pers\u00f6nliche Kontakte\/Freundschaften der damaligen \u2018Blood &amp; Honour\u2019-Mitglieder teilweise vorhanden sind, jedoch sind Organisationsstrukturen in NRW nicht erkennbar.&#8220;<\/em><\/p>\n<p align=\"left\">&nbsp;<\/p>\n<p>[Bildunterschrift: &#8222;Ian-Stuart-Memorial-Day&#8220;. Werbung f\u00fcr ein Neonazi-Konzert am 1. September 2007 in Belgien. Die Veranstaltung wurde von dem aufgeflogenen V-Mann Sebastian S. aus NRW mitorganisiert. Die Veranstaltung steht in engem Zusammenhang mit dem &#8222;Blood&amp;Honour&#8220;-Netzwerk, wie auch der Name der Webseite zeigt, \u00fcber die f\u00fcr das Konzert geworben wurde. (Screenshot)]<\/p>\n<h2 align=\"left\">&#8222;Er hat mir eine Waffe in die Hand gedr\u00fcckt&#8220;<\/h2>\n<p align=\"left\">Der enttarnte V-Mann war auch in zahlreiche Delikte verwickelt. So wurde er 2004 in G\u00fctersloh wegen Handels mit Bet\u00e4ubungsmitteln in 178 F\u00e4llen verurteilt. Im November 2005 wurde er in Dortmund wegen N\u00f6tigung, K\u00f6rperverletzung und Verst\u00f6\u00dfen gegen das Waffengesetz verurteilt. Ein gutes Jahr sp\u00e4ter, im Dezember 2006, wurde Sebastian S. erneut wegen Versto\u00dfes gegen das Waffengesetz verurteilt. Au\u00dferdem soll er einen Komplizen zu einem \u00dcberfall angestachelt haben: &#8222;Er hat mir damals die Waffe in die Hand gedr\u00fcckt und mich losgeschickt\u201d, sagte ein Angeklagter vor dem Dortmunder Schwurgericht. In den Prozess ging es um einen bewaffneten \u00dcberfall auf einen Supermarkt in Brechten.<\/p>\n<p align=\"left\">Inzwischen ermittelt die Bielefelder Staatsanwaltschaft wegen Strafvereitelung gegen einen noch unbekannten Verfassungssch\u00fctzer. Dieser Beamte soll den jetzt aufgeflogenen V-Mann vor Ermittlungen der Polizei gewarnt haben. Die Staatsanwaltschaft best\u00e4tigte dies, wollte sich aber nicht zu Einzelheiten \u00e4u\u00dfern. Die Ermittlungen gegen den Verfassungssch\u00fctzer liefen seit Mitte August, hie\u00df es. Die Verbindung zum Verfassungsschutz habe sich ergeben, als Ermittler das Telefon von Sebastian S. abgeh\u00f6rt hatten.<\/p>\n<h2 align=\"left\">PKG untersucht die Vorg\u00e4nge<\/h2>\n<p align=\"left\">In Nordrhein-Westfalen sorgt der Skandal um den kriminellen V-Mann nat\u00fcrlich f\u00fcr Aufregung. Laut einem Bericht des WDR wies das NRW-Innenministerium die mit den Berichten verbundenen Vorw\u00fcrfe, der Verfassungsschutz habe m\u00f6glicherweise einen kriminellen Verbindungsmann gedeckt, zur\u00fcck. &#8222;Der Verfassungsschutz verhindert auf keinen Fall die Strafverfolgung von V-Leuten&#8220;, so Sprecher Ludger Harmeier. Nach seinen Angaben beendet der Verfassungsschutz die Zusammenarbeit, wenn V-Leute kriminell w\u00fcrden.<\/p>\n<p>Auch Innenminister Ingo Wolf legte &#8222;gro\u00dfen Wert auf die Feststellung, dass der Verfassungsschutz keine schwerkriminellen V-Leute vor Strafverfolgung sch\u00fctzt&#8220;. Inzwischen besch\u00e4ftigt sich das Parlamentarische Kontrollgremium mit den Vorg\u00e4ngen.<\/p>\n","protected":false},"excerpt":{"rendered":"<p>Moin aus Hamburg, habe heute folgenden Artikel bei tagesschau.de ver\u00f6ffentlicht. Dabei geht es um ein weiteres dunkles Kapitel in der Geschichte um vom Verfassungsschutz bezahlte Nazis.<\/p>\n","protected":false},"author":227,"featured_media":0,"comment_status":"open","ping_status":"open","sticky":false,"template":"","format":"standard","meta":{"_jetpack_memberships_contains_paid_content":false,"footnotes":""},"categories":[1291],"tags":[1638,1695],"class_list":["post-42","post","type-post","status-publish","format-standard","hentry","category-nordrhein-westfalen","tag-justiz","tag-musik"],"yoast_head":"<!-- This site is optimized with the Yoast SEO plugin v21.0 - https:\/\/yoast.com\/wordpress\/plugins\/seo\/ -->\n<title>V-Leute wichtig f\u00fcr den Rechtsstaat? Oder nur bezahlte Kriminelle? - St\u00f6rungsmelder<\/title>\n<meta name=\"robots\" content=\"index, follow, max-snippet:-1, max-image-preview:large, max-video-preview:-1\" \/>\n<link rel=\"canonical\" href=\"https:\/\/blog.zeit.de\/stoerungsmelder\/2007\/09\/07\/v-leute-wichtig-fur-den-rechtsstaat-oder-nur-bezahlte-kriminelle_42\" \/>\n<meta property=\"og:locale\" content=\"de_DE\" \/>\n<meta property=\"og:type\" content=\"article\" \/>\n<meta property=\"og:title\" content=\"V-Leute wichtig f\u00fcr den Rechtsstaat? Oder nur bezahlte Kriminelle? - St\u00f6rungsmelder\" \/>\n<meta property=\"og:description\" content=\"Moin aus Hamburg, habe heute folgenden Artikel bei tagesschau.de ver\u00f6ffentlicht. Dabei geht es um ein weiteres dunkles Kapitel in der Geschichte um vom Verfassungsschutz bezahlte Nazis.\" \/>\n<meta property=\"og:url\" content=\"https:\/\/blog.zeit.de\/stoerungsmelder\/2007\/09\/07\/v-leute-wichtig-fur-den-rechtsstaat-oder-nur-bezahlte-kriminelle_42\" \/>\n<meta property=\"og:site_name\" content=\"St\u00f6rungsmelder\" \/>\n<meta property=\"article:published_time\" content=\"2007-09-07T14:43:52+00:00\" \/>\n<meta name=\"author\" content=\"Patrick Gensing\" \/>\n<meta name=\"twitter:card\" content=\"summary_large_image\" \/>\n<meta name=\"twitter:label1\" content=\"Geschrieben von\" \/>\n\t<meta name=\"twitter:data1\" content=\"Patrick Gensing\" \/>\n\t<meta name=\"twitter:label2\" content=\"Gesch\u00e4tzte Lesezeit\" \/>\n\t<meta name=\"twitter:data2\" content=\"3\u00a0Minuten\" \/>\n<script type=\"application\/ld+json\" class=\"yoast-schema-graph\">{\"@context\":\"https:\/\/schema.org\",\"@graph\":[{\"@type\":\"WebPage\",\"@id\":\"https:\/\/blog.zeit.de\/stoerungsmelder\/2007\/09\/07\/v-leute-wichtig-fur-den-rechtsstaat-oder-nur-bezahlte-kriminelle_42\",\"url\":\"https:\/\/blog.zeit.de\/stoerungsmelder\/2007\/09\/07\/v-leute-wichtig-fur-den-rechtsstaat-oder-nur-bezahlte-kriminelle_42\",\"name\":\"V-Leute wichtig f\u00fcr den Rechtsstaat? Oder nur bezahlte Kriminelle? - St\u00f6rungsmelder\",\"isPartOf\":{\"@id\":\"https:\/\/blog.zeit.de\/stoerungsmelder\/#website\"},\"datePublished\":\"2007-09-07T14:43:52+00:00\",\"dateModified\":\"2007-09-07T14:43:52+00:00\",\"author\":{\"@id\":\"https:\/\/blog.zeit.de\/stoerungsmelder\/#\/schema\/person\/1898e9a6d47b4737da2c4fca74a10552\"},\"breadcrumb\":{\"@id\":\"https:\/\/blog.zeit.de\/stoerungsmelder\/2007\/09\/07\/v-leute-wichtig-fur-den-rechtsstaat-oder-nur-bezahlte-kriminelle_42#breadcrumb\"},\"inLanguage\":\"de\",\"potentialAction\":[{\"@type\":\"ReadAction\",\"target\":[\"https:\/\/blog.zeit.de\/stoerungsmelder\/2007\/09\/07\/v-leute-wichtig-fur-den-rechtsstaat-oder-nur-bezahlte-kriminelle_42\"]}]},{\"@type\":\"BreadcrumbList\",\"@id\":\"https:\/\/blog.zeit.de\/stoerungsmelder\/2007\/09\/07\/v-leute-wichtig-fur-den-rechtsstaat-oder-nur-bezahlte-kriminelle_42#breadcrumb\",\"itemListElement\":[{\"@type\":\"ListItem\",\"position\":1,\"name\":\"Startseite\",\"item\":\"https:\/\/blog.zeit.de\/stoerungsmelder\"},{\"@type\":\"ListItem\",\"position\":2,\"name\":\"V-Leute wichtig f\u00fcr den Rechtsstaat? Oder nur bezahlte Kriminelle?\"}]},{\"@type\":\"WebSite\",\"@id\":\"https:\/\/blog.zeit.de\/stoerungsmelder\/#website\",\"url\":\"https:\/\/blog.zeit.de\/stoerungsmelder\/\",\"name\":\"St\u00f6rungsmelder\",\"description\":\"Recherchen und Analysen \u00fcber die extreme Rechte\",\"potentialAction\":[{\"@type\":\"SearchAction\",\"target\":{\"@type\":\"EntryPoint\",\"urlTemplate\":\"https:\/\/blog.zeit.de\/stoerungsmelder\/?s={search_term_string}\"},\"query-input\":\"required name=search_term_string\"}],\"inLanguage\":\"de\"},{\"@type\":\"Person\",\"@id\":\"https:\/\/blog.zeit.de\/stoerungsmelder\/#\/schema\/person\/1898e9a6d47b4737da2c4fca74a10552\",\"name\":\"Patrick Gensing\",\"image\":{\"@type\":\"ImageObject\",\"inLanguage\":\"de\",\"@id\":\"https:\/\/blog.zeit.de\/stoerungsmelder\/#\/schema\/person\/image\/\",\"url\":\"https:\/\/secure.gravatar.com\/avatar\/a7a6fc628ed4dd7517525b944e2a8b13f64804f428d399d781f8dd0c4651643a?s=96&d=mm&r=pg\",\"contentUrl\":\"https:\/\/secure.gravatar.com\/avatar\/a7a6fc628ed4dd7517525b944e2a8b13f64804f428d399d781f8dd0c4651643a?s=96&d=mm&r=pg\",\"caption\":\"Patrick Gensing\"},\"description\":\"Journalist, Blogger, Buchautor - Patrick Gensing besch\u00e4ftigt sich seit seiner Jugend Ende der 1980er Jahre mit den Themen Neonazis, Rassismus und Antisemitismus. Seit rund zehn Jahren schreibt er als Journalist \u00fcber diese Themen, unter anderem bei tagesschau.de, bei Zeit-Online, in der taz - oder in dem Buch \\\"Terror von rechts\\\", das am 14. September 2012 erscheint.\",\"sameAs\":[\"http:\/\/publikative.org\"],\"url\":\"https:\/\/blog.zeit.de\/stoerungsmelder\/author\/patrick-gensing\"}]}<\/script>\n<!-- \/ Yoast SEO plugin. -->","yoast_head_json":{"title":"V-Leute wichtig f\u00fcr den Rechtsstaat? Oder nur bezahlte Kriminelle? - St\u00f6rungsmelder","robots":{"index":"index","follow":"follow","max-snippet":"max-snippet:-1","max-image-preview":"max-image-preview:large","max-video-preview":"max-video-preview:-1"},"canonical":"https:\/\/blog.zeit.de\/stoerungsmelder\/2007\/09\/07\/v-leute-wichtig-fur-den-rechtsstaat-oder-nur-bezahlte-kriminelle_42","og_locale":"de_DE","og_type":"article","og_title":"V-Leute wichtig f\u00fcr den Rechtsstaat? Oder nur bezahlte Kriminelle? - St\u00f6rungsmelder","og_description":"Moin aus Hamburg, habe heute folgenden Artikel bei tagesschau.de ver\u00f6ffentlicht. Dabei geht es um ein weiteres dunkles Kapitel in der Geschichte um vom Verfassungsschutz bezahlte Nazis.","og_url":"https:\/\/blog.zeit.de\/stoerungsmelder\/2007\/09\/07\/v-leute-wichtig-fur-den-rechtsstaat-oder-nur-bezahlte-kriminelle_42","og_site_name":"St\u00f6rungsmelder","article_published_time":"2007-09-07T14:43:52+00:00","author":"Patrick Gensing","twitter_card":"summary_large_image","twitter_misc":{"Geschrieben von":"Patrick Gensing","Gesch\u00e4tzte Lesezeit":"3\u00a0Minuten"},"schema":{"@context":"https:\/\/schema.org","@graph":[{"@type":"WebPage","@id":"https:\/\/blog.zeit.de\/stoerungsmelder\/2007\/09\/07\/v-leute-wichtig-fur-den-rechtsstaat-oder-nur-bezahlte-kriminelle_42","url":"https:\/\/blog.zeit.de\/stoerungsmelder\/2007\/09\/07\/v-leute-wichtig-fur-den-rechtsstaat-oder-nur-bezahlte-kriminelle_42","name":"V-Leute wichtig f\u00fcr den Rechtsstaat? Oder nur bezahlte Kriminelle? - St\u00f6rungsmelder","isPartOf":{"@id":"https:\/\/blog.zeit.de\/stoerungsmelder\/#website"},"datePublished":"2007-09-07T14:43:52+00:00","dateModified":"2007-09-07T14:43:52+00:00","author":{"@id":"https:\/\/blog.zeit.de\/stoerungsmelder\/#\/schema\/person\/1898e9a6d47b4737da2c4fca74a10552"},"breadcrumb":{"@id":"https:\/\/blog.zeit.de\/stoerungsmelder\/2007\/09\/07\/v-leute-wichtig-fur-den-rechtsstaat-oder-nur-bezahlte-kriminelle_42#breadcrumb"},"inLanguage":"de","potentialAction":[{"@type":"ReadAction","target":["https:\/\/blog.zeit.de\/stoerungsmelder\/2007\/09\/07\/v-leute-wichtig-fur-den-rechtsstaat-oder-nur-bezahlte-kriminelle_42"]}]},{"@type":"BreadcrumbList","@id":"https:\/\/blog.zeit.de\/stoerungsmelder\/2007\/09\/07\/v-leute-wichtig-fur-den-rechtsstaat-oder-nur-bezahlte-kriminelle_42#breadcrumb","itemListElement":[{"@type":"ListItem","position":1,"name":"Startseite","item":"https:\/\/blog.zeit.de\/stoerungsmelder"},{"@type":"ListItem","position":2,"name":"V-Leute wichtig f\u00fcr den Rechtsstaat? Oder nur bezahlte Kriminelle?"}]},{"@type":"WebSite","@id":"https:\/\/blog.zeit.de\/stoerungsmelder\/#website","url":"https:\/\/blog.zeit.de\/stoerungsmelder\/","name":"St\u00f6rungsmelder","description":"Recherchen und Analysen \u00fcber die extreme Rechte","potentialAction":[{"@type":"SearchAction","target":{"@type":"EntryPoint","urlTemplate":"https:\/\/blog.zeit.de\/stoerungsmelder\/?s={search_term_string}"},"query-input":"required name=search_term_string"}],"inLanguage":"de"},{"@type":"Person","@id":"https:\/\/blog.zeit.de\/stoerungsmelder\/#\/schema\/person\/1898e9a6d47b4737da2c4fca74a10552","name":"Patrick Gensing","image":{"@type":"ImageObject","inLanguage":"de","@id":"https:\/\/blog.zeit.de\/stoerungsmelder\/#\/schema\/person\/image\/","url":"https:\/\/secure.gravatar.com\/avatar\/a7a6fc628ed4dd7517525b944e2a8b13f64804f428d399d781f8dd0c4651643a?s=96&d=mm&r=pg","contentUrl":"https:\/\/secure.gravatar.com\/avatar\/a7a6fc628ed4dd7517525b944e2a8b13f64804f428d399d781f8dd0c4651643a?s=96&d=mm&r=pg","caption":"Patrick Gensing"},"description":"Journalist, Blogger, Buchautor - Patrick Gensing besch\u00e4ftigt sich seit seiner Jugend Ende der 1980er Jahre mit den Themen Neonazis, Rassismus und Antisemitismus. Seit rund zehn Jahren schreibt er als Journalist \u00fcber diese Themen, unter anderem bei tagesschau.de, bei Zeit-Online, in der taz - oder in dem Buch \"Terror von rechts\", das am 14. September 2012 erscheint.","sameAs":["http:\/\/publikative.org"],"url":"https:\/\/blog.zeit.de\/stoerungsmelder\/author\/patrick-gensing"}]}},"jetpack_featured_media_url":"","jetpack_sharing_enabled":true,"_links":{"self":[{"href":"https:\/\/blog.zeit.de\/stoerungsmelder\/wp-json\/wp\/v2\/posts\/42","targetHints":{"allow":["GET"]}}],"collection":[{"href":"https:\/\/blog.zeit.de\/stoerungsmelder\/wp-json\/wp\/v2\/posts"}],"about":[{"href":"https:\/\/blog.zeit.de\/stoerungsmelder\/wp-json\/wp\/v2\/types\/post"}],"author":[{"embeddable":true,"href":"https:\/\/blog.zeit.de\/stoerungsmelder\/wp-json\/wp\/v2\/users\/227"}],"replies":[{"embeddable":true,"href":"https:\/\/blog.zeit.de\/stoerungsmelder\/wp-json\/wp\/v2\/comments?post=42"}],"version-history":[{"count":0,"href":"https:\/\/blog.zeit.de\/stoerungsmelder\/wp-json\/wp\/v2\/posts\/42\/revisions"}],"wp:attachment":[{"href":"https:\/\/blog.zeit.de\/stoerungsmelder\/wp-json\/wp\/v2\/media?parent=42"}],"wp:term":[{"taxonomy":"category","embeddable":true,"href":"https:\/\/blog.zeit.de\/stoerungsmelder\/wp-json\/wp\/v2\/categories?post=42"},{"taxonomy":"post_tag","embeddable":true,"href":"https:\/\/blog.zeit.de\/stoerungsmelder\/wp-json\/wp\/v2\/tags?post=42"}],"curies":[{"name":"wp","href":"https:\/\/api.w.org\/{rel}","templated":true}]}}