{"id":4211,"date":"2010-08-11T16:52:30","date_gmt":"2010-08-11T14:52:30","guid":{"rendered":"http:\/\/blog.zeit.de\/stoerungsmelder\/?p=4211"},"modified":"2010-08-11T19:14:02","modified_gmt":"2010-08-11T17:14:02","slug":"landkreis-verbietet-neonazi-aufmarsch-in-bad-nenndorf","status":"publish","type":"post","link":"https:\/\/blog.zeit.de\/stoerungsmelder\/2010\/08\/11\/landkreis-verbietet-neonazi-aufmarsch-in-bad-nenndorf_4211","title":{"rendered":"Landkreis verbietet Neonazi-Aufmarsch in Bad Nenndorf"},"content":{"rendered":"<p><!-- \t\t@page { margin: 2cm } \t\tP { margin-bottom: 0.21cm } --><a href=\"https:\/\/blog.zeit.de\/stoerungsmelder\/files\/2010\/08\/wincklerbad.jpg\"><img loading=\"lazy\" decoding=\"async\" class=\"aligncenter size-full wp-image-4212\" title=\"wincklerbad\" src=\"https:\/\/blog.zeit.de\/stoerungsmelder\/files\/2010\/08\/wincklerbad.jpg\" alt=\"\" width=\"540\" height=\"200\" srcset=\"https:\/\/blog.zeit.de\/stoerungsmelder\/files\/2010\/08\/wincklerbad.jpg 540w, https:\/\/blog.zeit.de\/stoerungsmelder\/files\/2010\/08\/wincklerbad-300x111.jpg 300w\" sizes=\"auto, (max-width: 540px) 100vw, 540px\" \/><\/a><\/p>\n<p>Mit einem Verbot des rechtsextremen sog. Trauermarsches in Bad Nenndorf will der Landkreis Schaumburg verhindern, dass am Samstag rund 1.000 Neonazis in dem nieders\u00e4chsischen Kurort aufmarschieren. Gleichzeitig wurde auch die vom B\u00fcndnis \u201eBad Nenndorf ist bunt\u201c angemeldete Gegendemonstration verboten. In ihrer am Mittwoch morgen zugestellten Verbotsverf\u00fcgung beruft sich die Versammlungsbeh\u00f6rde auf einen zu bef\u00fcrchtenden \u201epolizeilichen Notstand\u201c.<\/p>\n<p><!--more--><\/p>\n<p><!-- \t\t@page { margin: 2cm } \t\tP { margin-bottom: 0.21cm } --><\/p>\n<p><figure id=\"attachment_4215\" aria-describedby=\"caption-attachment-4215\" style=\"width: 120px\" class=\"wp-caption alignleft\"><a href=\"https:\/\/blog.zeit.de\/stoerungsmelder\/files\/2010\/08\/wertmueller_small.jpg\"><img loading=\"lazy\" decoding=\"async\" class=\"size-thumbnail wp-image-4215 \" title=\"wertmueller_small\" src=\"https:\/\/blog.zeit.de\/stoerungsmelder\/files\/2010\/08\/wertmueller_small-150x150.jpg\" alt=\"\" width=\"120\" height=\"120\" \/><\/a><figcaption id=\"caption-attachment-4215\" class=\"wp-caption-text\">Sebastian Wertm\u00fcller, DGB Niedersachsen-Mitte<\/figcaption><\/figure><\/p>\n<p>F\u00fcr das B\u00fcndnis \u00fcbte der Regionsvorsitzende des DGB Niedersachsen-Mitte, Sebastian Wertm\u00fcller, scharfe Kritik an dem Vorgehen. \u201eWir sehen uns nicht als Veranlasser eines polizeilichen Notstandes\u201c, sagte Wertm\u00fcller, der mit rund 5.000 Teilnehmern rechnet. Mit Blick auf den geplanten Neonazi-Aufmarsch sprach er von einer \u201emissverstandenen Gleichbehandlung\u201c, durch die das B\u00fcndnis in einen Topf geschmissen werde, in den es nicht geh\u00f6re. Man werde auch weiterhin den n\u00f6tigen Protest organisieren: \u201eWo Nazis \u00f6ffentlich auftreten,zeigen wir uns\u201c, so Wertm\u00fcller. Das B\u00fcndnis fordert ein Verbot des rechtsextremen Aufmarsches, weil er an nationalsozialistische Traditionen ankn\u00fcpfe. Zur Begr\u00fcndung verweist Wertm\u00fcller auf die Empfehlung der Organisatoren, bei dem Aufmarsch \u201eunbedingt helle Kleidung -vorzugsweise ein wei\u00dfes Hemd oder Oberteil- Kleidung zu tragen\u201c. Neonazis in wei\u00dfen Hemden beriefen sich auf das Auftreten von SA- und SS-Mitgliedern zu der Zeit des Verbotes der Organisationen als Privatarmee Anfang der 1930er Jahre.<\/p>\n<p>Neonazi-Werbung mit Tradition<\/p>\n<p><figure id=\"attachment_4218\" aria-describedby=\"caption-attachment-4218\" style=\"width: 150px\" class=\"wp-caption alignleft\"><a href=\"https:\/\/blog.zeit.de\/stoerungsmelder\/files\/2010\/08\/soli_t_hemd_small.jpg\"><img loading=\"lazy\" decoding=\"async\" class=\"size-thumbnail wp-image-4218 \" title=\"soli_t_hemd_small\" src=\"https:\/\/blog.zeit.de\/stoerungsmelder\/files\/2010\/08\/soli_t_hemd_small-150x150.jpg\" alt=\"\" width=\"150\" height=\"150\" \/><\/a><figcaption id=\"caption-attachment-4218\" class=\"wp-caption-text\">Neonazi mit &quot;Solidarit\u00e4ts T-Hemd&quot; am 5. Juni in Hildesheim<\/figcaption><\/figure><\/p>\n<p>Auch das im Internet beworbene wei\u00dfe \u201eSolidarit\u00e4ts T-Hemd\u201c kn\u00fcpfe an entsprechende Traditionen an: bei dem aufgedruckten Vierzeiler handelt es sich um einen Text von Heinrich Anacker, einem erfolgreichen Propaganda-Schriftsteller im Nationalsozialismus. Der in den 1930er Jahren mehrfach von den Nazis ausgezeichnete Anacker sa\u00df u.a. als Reichskultursenator im \u201eKulturrat der Reichsschriftumskammer\u201c. \u201eDas h\u00e4tte der Staatsschutz auch herausfinden k\u00f6nnen\u201c, sagt der DGB Chef und spricht von einer offensichtlichen SA-Tradition des Aufmarsches. Statt sich auf den polizeilichen Notstand zu berufen, gebe es gute Gr\u00fcnden f\u00fcr ein inhaltlich begr\u00fcndetes Verbot. Der DGB will nun rechtlich gegen die Verbotsverf\u00fcgung vorgehen, notfalls bis vor das Oberverwaltungsgericht L\u00fcneburg. \u201eWir wollen nicht riskieren, dass am Ende der rechte Aufmarsch erlaubt wird und unsere<\/p>\n<p><figure id=\"attachment_4221\" aria-describedby=\"caption-attachment-4221\" style=\"width: 187px\" class=\"wp-caption alignright\"><a href=\"https:\/\/blog.zeit.de\/stoerungsmelder\/files\/2010\/08\/buendnis_small1.jpg\"><img loading=\"lazy\" decoding=\"async\" class=\"size-medium wp-image-4221  \" title=\"buendnis_small\" src=\"https:\/\/blog.zeit.de\/stoerungsmelder\/files\/2010\/08\/buendnis_small1-300x199.jpg\" alt=\"\" width=\"187\" height=\"124\" srcset=\"https:\/\/blog.zeit.de\/stoerungsmelder\/files\/2010\/08\/buendnis_small1-300x199.jpg 300w, https:\/\/blog.zeit.de\/stoerungsmelder\/files\/2010\/08\/buendnis_small1.jpg 500w\" sizes=\"auto, (max-width: 187px) 100vw, 187px\" \/><\/a><figcaption id=\"caption-attachment-4221\" class=\"wp-caption-text\">v.l.n.r.:Sebastian Wertm\u00fcller, Udo Husmann, Steffen Holz, J\u00fcrgen \u00dcbel vom B\u00fcndnis &quot;Bad Nenndorf ist bunt&quot;<\/figcaption><\/figure><\/p>\n<p>Gegendemonstration nicht\u201c, erkl\u00e4rte Wertm\u00fcller in Hannover. Der B\u00fcrgerprotest werde unter einen polizeilichen Generalverdacht gestellt, erg\u00e4nzt der Bad Nenndorfer Apotheker J\u00fcrgen \u00dcbel. Seit dem ersten Neonazi-Aufmarsch 2006 organisiert er den Protest vor Ort mit und spricht von einem kompletten Ausnahmezustand in Bad Nenndorf. Bereits jetzt kreisten Polizeihubschrauber \u00fcber Bad Nenndorf, in einigen Stra\u00dfen herrsche Parkverbot f\u00fcr Anwohner. An dem Tag des Aufmarsches komme das \u00f6ffentliche Leben zum Erliegen: bei privaten Geburtstagsfeiern h\u00e4tten die Veranstalter in der Vergangenheit G\u00e4stelisten bei der Polizei einreichen m\u00fcssen, um den Geburtstagsbesuch zu erm\u00f6glichen. Eine Hochzeitsfeier sei ausgefallen, weil die Polizei die Musiker nicht durchgelassen habe. Nach \u00dcbels Angaben waren im vergangenen Jahr rund 1500 Polizisten im Einsatz.<\/p>\n<p>Weiterhin Aufruf zu Blockaden<\/p>\n<p><figure id=\"attachment_4222\" aria-describedby=\"caption-attachment-4222\" style=\"width: 126px\" class=\"wp-caption alignleft\"><a href=\"https:\/\/blog.zeit.de\/stoerungsmelder\/files\/2010\/08\/anja_piel_small1.jpg\"><img loading=\"lazy\" decoding=\"async\" class=\"size-medium wp-image-4222\" title=\"anja_piel_small\" src=\"https:\/\/blog.zeit.de\/stoerungsmelder\/files\/2010\/08\/anja_piel_small1-300x199.jpg\" alt=\"\" width=\"126\" height=\"83\" srcset=\"https:\/\/blog.zeit.de\/stoerungsmelder\/files\/2010\/08\/anja_piel_small1-300x199.jpg 300w, https:\/\/blog.zeit.de\/stoerungsmelder\/files\/2010\/08\/anja_piel_small1.jpg 500w\" sizes=\"auto, (max-width: 126px) 100vw, 126px\" \/><\/a><figcaption id=\"caption-attachment-4222\" class=\"wp-caption-text\">Anja Piel (li.) mit Blockadeplakat<\/figcaption><\/figure><\/p>\n<p>Auch das B\u00fcndnis \u201eNS Verherrlichung stoppen!\u201c h\u00e4lt an seinem Aufruf f\u00fcr Massenblockaden in Bad Nenndorf fest und ruft zu einem Fr\u00fchst\u00fcck auf der Demonstratiosroute der Neonazis auf. Der Sprecher Tim Kr\u00f6ger sagte auf Anfrage, die Erfahrung zeige, wie schnell sich die rechtliche Situation \u00e4ndern k\u00f6nne. Er kritisierte das Verhalten der Beh\u00f6rde als \u201ehilflos\u201c: statt den Neonaziaufmarsch zu untersagen, r\u00fccke das Verbot der Gegendemonstration den berechtigten Protest in die N\u00e4he einer Straftat. Unterst\u00fctzung erh\u00e4lt das \u00fcberregionale B\u00fcndnis von dem Landesverband der Gr\u00fcnen, der mit einem Parteibeschluss schon im April zu Blockaden in Bad Nenndorf aufgerufen hatte. Nach den guten Erfahrungen in Dresden sei die Aktionsform ein legitimes Mittel, damit die \u201eNazis keinen Meter Boden gewinnen\u201c, sagte die Landesvorsitzende der nieders\u00e4chsischen Gr\u00fcnen, Anja Piel, auf einer Pressekonferenz. Es k\u00f6nne kaum verboten werden unter freiem Himmel zu fr\u00fchst\u00fccken.<\/p>\n<p>Derweil hat auch das selbsternannte rechtsextreme \u201eGedenkb\u00fcndnis\u201c eine Klage gegen das Verbot angek\u00fcndigt. Bei einem Er\u00f6rterungstermin vor dem Verwaltungsgericht Hannover war der Anmelder des \u201eTrauermarschs\u201c, Matthias Schulz aus Verden, nicht erschienen, jetzt hei\u00dft es seitens der Neonazis: \u201eUnsere Anw\u00e4lte sind sich sicher, dass wegen der mehr als d\u00fcrftigen Argumentation des Landkreises ein Verbot vor Gericht keinen Bestand haben wird\u201c. Mit einer gerichtlichen Entscheidung wird in den kommenden zwei Tagen oder erst am Samstag, den 14.8. gerechnet. Der mittlerweile f\u00fcnfte \u201eTrauermarsch\u201c der rechtsextremen Szene ist der gr\u00f6\u00dfte Neonazi-Aufmarsch in Norddeutschland. Mittlerweile liegen Anmeldungen bis zum Jahr 2030 vor . Seit 2006 f\u00fchrt der j\u00e4hrliche Aufmarsch die Neonazis durch die Stadt zum Wincklerbad, wo der britische Geheimdienst nach dem zweiten Weltkrieg knapp zwei Jahre lang ein Verh\u00f6r- und Internierungslager betrieben hatte. In der Einrichtung wurden auch H\u00e4ftlinge misshandelt.<\/p>\n","protected":false},"excerpt":{"rendered":"<p>Mit einem Verbot des rechtsextremen sog. Trauermarsches in Bad Nenndorf will der Landkreis Schaumburg verhindern, dass am Samstag rund 1.000 Neonazis in dem nieders\u00e4chsischen Kurort aufmarschieren. Gleichzeitig wurde auch die vom B\u00fcndnis \u201eBad Nenndorf ist bunt\u201c angemeldete Gegendemonstration verboten. In ihrer am Mittwoch morgen zugestellten Verbotsverf\u00fcgung beruft sich die Versammlungsbeh\u00f6rde auf einen zu bef\u00fcrchtenden \u201epolizeilichen [&hellip;]<\/p>\n","protected":false},"author":254,"featured_media":0,"comment_status":"open","ping_status":"open","sticky":false,"template":"","format":"standard","meta":{"_jetpack_memberships_contains_paid_content":false,"footnotes":""},"categories":[1],"tags":[],"class_list":["post-4211","post","type-post","status-publish","format-standard","hentry","category-allgemein"],"yoast_head":"<!-- This site is optimized with the Yoast SEO plugin v21.0 - https:\/\/yoast.com\/wordpress\/plugins\/seo\/ -->\n<title>Landkreis verbietet Neonazi-Aufmarsch in Bad Nenndorf - St\u00f6rungsmelder<\/title>\n<meta name=\"robots\" content=\"index, follow, max-snippet:-1, max-image-preview:large, max-video-preview:-1\" \/>\n<link rel=\"canonical\" href=\"https:\/\/blog.zeit.de\/stoerungsmelder\/2010\/08\/11\/landkreis-verbietet-neonazi-aufmarsch-in-bad-nenndorf_4211\" \/>\n<meta property=\"og:locale\" content=\"de_DE\" \/>\n<meta property=\"og:type\" content=\"article\" \/>\n<meta property=\"og:title\" content=\"Landkreis verbietet Neonazi-Aufmarsch in Bad Nenndorf - St\u00f6rungsmelder\" \/>\n<meta property=\"og:description\" content=\"Mit einem Verbot des rechtsextremen sog. Trauermarsches in Bad Nenndorf will der Landkreis Schaumburg verhindern, dass am Samstag rund 1.000 Neonazis in dem nieders\u00e4chsischen Kurort aufmarschieren. Gleichzeitig wurde auch die vom B\u00fcndnis \u201eBad Nenndorf ist bunt\u201c angemeldete Gegendemonstration verboten. In ihrer am Mittwoch morgen zugestellten Verbotsverf\u00fcgung beruft sich die Versammlungsbeh\u00f6rde auf einen zu bef\u00fcrchtenden \u201epolizeilichen [&hellip;]\" \/>\n<meta property=\"og:url\" content=\"https:\/\/blog.zeit.de\/stoerungsmelder\/2010\/08\/11\/landkreis-verbietet-neonazi-aufmarsch-in-bad-nenndorf_4211\" \/>\n<meta property=\"og:site_name\" content=\"St\u00f6rungsmelder\" \/>\n<meta property=\"article:published_time\" content=\"2010-08-11T14:52:30+00:00\" \/>\n<meta property=\"article:modified_time\" content=\"2010-08-11T17:14:02+00:00\" \/>\n<meta property=\"og:image\" content=\"https:\/\/blog.zeit.de\/stoerungsmelder\/files\/2010\/08\/wincklerbad.jpg\" \/>\n<meta name=\"author\" content=\"Kai Budler\" \/>\n<meta name=\"twitter:card\" content=\"summary_large_image\" \/>\n<meta name=\"twitter:label1\" content=\"Geschrieben von\" \/>\n\t<meta name=\"twitter:data1\" content=\"Kai Budler\" \/>\n\t<meta name=\"twitter:label2\" content=\"Gesch\u00e4tzte Lesezeit\" \/>\n\t<meta name=\"twitter:data2\" content=\"4\u00a0Minuten\" \/>\n<script type=\"application\/ld+json\" class=\"yoast-schema-graph\">{\"@context\":\"https:\/\/schema.org\",\"@graph\":[{\"@type\":\"WebPage\",\"@id\":\"https:\/\/blog.zeit.de\/stoerungsmelder\/2010\/08\/11\/landkreis-verbietet-neonazi-aufmarsch-in-bad-nenndorf_4211\",\"url\":\"https:\/\/blog.zeit.de\/stoerungsmelder\/2010\/08\/11\/landkreis-verbietet-neonazi-aufmarsch-in-bad-nenndorf_4211\",\"name\":\"Landkreis verbietet Neonazi-Aufmarsch in Bad Nenndorf - St\u00f6rungsmelder\",\"isPartOf\":{\"@id\":\"https:\/\/blog.zeit.de\/stoerungsmelder\/#website\"},\"datePublished\":\"2010-08-11T14:52:30+00:00\",\"dateModified\":\"2010-08-11T17:14:02+00:00\",\"author\":{\"@id\":\"https:\/\/blog.zeit.de\/stoerungsmelder\/#\/schema\/person\/58f28fa43c55337b17b93e3622cc8b37\"},\"breadcrumb\":{\"@id\":\"https:\/\/blog.zeit.de\/stoerungsmelder\/2010\/08\/11\/landkreis-verbietet-neonazi-aufmarsch-in-bad-nenndorf_4211#breadcrumb\"},\"inLanguage\":\"de\",\"potentialAction\":[{\"@type\":\"ReadAction\",\"target\":[\"https:\/\/blog.zeit.de\/stoerungsmelder\/2010\/08\/11\/landkreis-verbietet-neonazi-aufmarsch-in-bad-nenndorf_4211\"]}]},{\"@type\":\"BreadcrumbList\",\"@id\":\"https:\/\/blog.zeit.de\/stoerungsmelder\/2010\/08\/11\/landkreis-verbietet-neonazi-aufmarsch-in-bad-nenndorf_4211#breadcrumb\",\"itemListElement\":[{\"@type\":\"ListItem\",\"position\":1,\"name\":\"Startseite\",\"item\":\"https:\/\/blog.zeit.de\/stoerungsmelder\"},{\"@type\":\"ListItem\",\"position\":2,\"name\":\"Landkreis verbietet Neonazi-Aufmarsch in Bad Nenndorf\"}]},{\"@type\":\"WebSite\",\"@id\":\"https:\/\/blog.zeit.de\/stoerungsmelder\/#website\",\"url\":\"https:\/\/blog.zeit.de\/stoerungsmelder\/\",\"name\":\"St\u00f6rungsmelder\",\"description\":\"Recherchen und Analysen \u00fcber die extreme Rechte\",\"potentialAction\":[{\"@type\":\"SearchAction\",\"target\":{\"@type\":\"EntryPoint\",\"urlTemplate\":\"https:\/\/blog.zeit.de\/stoerungsmelder\/?s={search_term_string}\"},\"query-input\":\"required name=search_term_string\"}],\"inLanguage\":\"de\"},{\"@type\":\"Person\",\"@id\":\"https:\/\/blog.zeit.de\/stoerungsmelder\/#\/schema\/person\/58f28fa43c55337b17b93e3622cc8b37\",\"name\":\"Kai Budler\",\"image\":{\"@type\":\"ImageObject\",\"inLanguage\":\"de\",\"@id\":\"https:\/\/blog.zeit.de\/stoerungsmelder\/#\/schema\/person\/image\/\",\"url\":\"https:\/\/secure.gravatar.com\/avatar\/126c2f44b51c178dc1db1bb6e040fcff157c88000cfae96c983070e6153484e3?s=96&d=mm&r=pg\",\"contentUrl\":\"https:\/\/secure.gravatar.com\/avatar\/126c2f44b51c178dc1db1bb6e040fcff157c88000cfae96c983070e6153484e3?s=96&d=mm&r=pg\",\"caption\":\"Kai Budler\"},\"url\":\"https:\/\/blog.zeit.de\/stoerungsmelder\/author\/kai-budler\"}]}<\/script>\n<!-- \/ Yoast SEO plugin. -->","yoast_head_json":{"title":"Landkreis verbietet Neonazi-Aufmarsch in Bad Nenndorf - St\u00f6rungsmelder","robots":{"index":"index","follow":"follow","max-snippet":"max-snippet:-1","max-image-preview":"max-image-preview:large","max-video-preview":"max-video-preview:-1"},"canonical":"https:\/\/blog.zeit.de\/stoerungsmelder\/2010\/08\/11\/landkreis-verbietet-neonazi-aufmarsch-in-bad-nenndorf_4211","og_locale":"de_DE","og_type":"article","og_title":"Landkreis verbietet Neonazi-Aufmarsch in Bad Nenndorf - St\u00f6rungsmelder","og_description":"Mit einem Verbot des rechtsextremen sog. Trauermarsches in Bad Nenndorf will der Landkreis Schaumburg verhindern, dass am Samstag rund 1.000 Neonazis in dem nieders\u00e4chsischen Kurort aufmarschieren. Gleichzeitig wurde auch die vom B\u00fcndnis \u201eBad Nenndorf ist bunt\u201c angemeldete Gegendemonstration verboten. In ihrer am Mittwoch morgen zugestellten Verbotsverf\u00fcgung beruft sich die Versammlungsbeh\u00f6rde auf einen zu bef\u00fcrchtenden \u201epolizeilichen [&hellip;]","og_url":"https:\/\/blog.zeit.de\/stoerungsmelder\/2010\/08\/11\/landkreis-verbietet-neonazi-aufmarsch-in-bad-nenndorf_4211","og_site_name":"St\u00f6rungsmelder","article_published_time":"2010-08-11T14:52:30+00:00","article_modified_time":"2010-08-11T17:14:02+00:00","og_image":[{"url":"https:\/\/blog.zeit.de\/stoerungsmelder\/files\/2010\/08\/wincklerbad.jpg"}],"author":"Kai Budler","twitter_card":"summary_large_image","twitter_misc":{"Geschrieben von":"Kai Budler","Gesch\u00e4tzte Lesezeit":"4\u00a0Minuten"},"schema":{"@context":"https:\/\/schema.org","@graph":[{"@type":"WebPage","@id":"https:\/\/blog.zeit.de\/stoerungsmelder\/2010\/08\/11\/landkreis-verbietet-neonazi-aufmarsch-in-bad-nenndorf_4211","url":"https:\/\/blog.zeit.de\/stoerungsmelder\/2010\/08\/11\/landkreis-verbietet-neonazi-aufmarsch-in-bad-nenndorf_4211","name":"Landkreis verbietet Neonazi-Aufmarsch in Bad Nenndorf - St\u00f6rungsmelder","isPartOf":{"@id":"https:\/\/blog.zeit.de\/stoerungsmelder\/#website"},"datePublished":"2010-08-11T14:52:30+00:00","dateModified":"2010-08-11T17:14:02+00:00","author":{"@id":"https:\/\/blog.zeit.de\/stoerungsmelder\/#\/schema\/person\/58f28fa43c55337b17b93e3622cc8b37"},"breadcrumb":{"@id":"https:\/\/blog.zeit.de\/stoerungsmelder\/2010\/08\/11\/landkreis-verbietet-neonazi-aufmarsch-in-bad-nenndorf_4211#breadcrumb"},"inLanguage":"de","potentialAction":[{"@type":"ReadAction","target":["https:\/\/blog.zeit.de\/stoerungsmelder\/2010\/08\/11\/landkreis-verbietet-neonazi-aufmarsch-in-bad-nenndorf_4211"]}]},{"@type":"BreadcrumbList","@id":"https:\/\/blog.zeit.de\/stoerungsmelder\/2010\/08\/11\/landkreis-verbietet-neonazi-aufmarsch-in-bad-nenndorf_4211#breadcrumb","itemListElement":[{"@type":"ListItem","position":1,"name":"Startseite","item":"https:\/\/blog.zeit.de\/stoerungsmelder"},{"@type":"ListItem","position":2,"name":"Landkreis verbietet Neonazi-Aufmarsch in Bad Nenndorf"}]},{"@type":"WebSite","@id":"https:\/\/blog.zeit.de\/stoerungsmelder\/#website","url":"https:\/\/blog.zeit.de\/stoerungsmelder\/","name":"St\u00f6rungsmelder","description":"Recherchen und Analysen \u00fcber die extreme Rechte","potentialAction":[{"@type":"SearchAction","target":{"@type":"EntryPoint","urlTemplate":"https:\/\/blog.zeit.de\/stoerungsmelder\/?s={search_term_string}"},"query-input":"required name=search_term_string"}],"inLanguage":"de"},{"@type":"Person","@id":"https:\/\/blog.zeit.de\/stoerungsmelder\/#\/schema\/person\/58f28fa43c55337b17b93e3622cc8b37","name":"Kai Budler","image":{"@type":"ImageObject","inLanguage":"de","@id":"https:\/\/blog.zeit.de\/stoerungsmelder\/#\/schema\/person\/image\/","url":"https:\/\/secure.gravatar.com\/avatar\/126c2f44b51c178dc1db1bb6e040fcff157c88000cfae96c983070e6153484e3?s=96&d=mm&r=pg","contentUrl":"https:\/\/secure.gravatar.com\/avatar\/126c2f44b51c178dc1db1bb6e040fcff157c88000cfae96c983070e6153484e3?s=96&d=mm&r=pg","caption":"Kai Budler"},"url":"https:\/\/blog.zeit.de\/stoerungsmelder\/author\/kai-budler"}]}},"jetpack_featured_media_url":"","jetpack_sharing_enabled":true,"_links":{"self":[{"href":"https:\/\/blog.zeit.de\/stoerungsmelder\/wp-json\/wp\/v2\/posts\/4211","targetHints":{"allow":["GET"]}}],"collection":[{"href":"https:\/\/blog.zeit.de\/stoerungsmelder\/wp-json\/wp\/v2\/posts"}],"about":[{"href":"https:\/\/blog.zeit.de\/stoerungsmelder\/wp-json\/wp\/v2\/types\/post"}],"author":[{"embeddable":true,"href":"https:\/\/blog.zeit.de\/stoerungsmelder\/wp-json\/wp\/v2\/users\/254"}],"replies":[{"embeddable":true,"href":"https:\/\/blog.zeit.de\/stoerungsmelder\/wp-json\/wp\/v2\/comments?post=4211"}],"version-history":[{"count":0,"href":"https:\/\/blog.zeit.de\/stoerungsmelder\/wp-json\/wp\/v2\/posts\/4211\/revisions"}],"wp:attachment":[{"href":"https:\/\/blog.zeit.de\/stoerungsmelder\/wp-json\/wp\/v2\/media?parent=4211"}],"wp:term":[{"taxonomy":"category","embeddable":true,"href":"https:\/\/blog.zeit.de\/stoerungsmelder\/wp-json\/wp\/v2\/categories?post=4211"},{"taxonomy":"post_tag","embeddable":true,"href":"https:\/\/blog.zeit.de\/stoerungsmelder\/wp-json\/wp\/v2\/tags?post=4211"}],"curies":[{"name":"wp","href":"https:\/\/api.w.org\/{rel}","templated":true}]}}