{"id":429,"date":"2008-10-20T13:38:23","date_gmt":"2008-10-20T11:38:23","guid":{"rendered":"http:\/\/blog.zeit.de\/stoerungsmelder\/?p=429"},"modified":"2008-10-20T13:38:23","modified_gmt":"2008-10-20T11:38:23","slug":"dresden-pistolen-menzel-dreht-mal-wieder-frei","status":"publish","type":"post","link":"https:\/\/blog.zeit.de\/stoerungsmelder\/2008\/10\/20\/dresden-pistolen-menzel-dreht-mal-wieder-frei_429","title":{"rendered":"Dresden: Pistolen-Menzel dreht mal wieder frei"},"content":{"rendered":"<p><span style=\"x-small;\"> Wahrscheinlich schwante den Abgeordneten der demokratischen Parteien im Dresdner Landtag nichts Gutes, als sie am vergangenen Freitag den zweiten Tagesordnungspunkt der Landtagssitzung zur Kenntnis nahmen. Die NPD beantragte eine aktuelle Debatte zum Thema &#8222;Das Demokratieverst\u00e4ndnis der s\u00e4chsischen Blockparteien nach den Kreistagswahlen&#8220;.<\/span><!--more--><br \/>\n<span style=\"x-small;\"> Es war zu bef\u00fcrchten, dass sich in dieser Angelegenheit auch Klaus-J\u00fcrgen Menzel zu Wort melden w\u00fcrde. Der fr\u00fchere NPD-Mann tummelt sich mittlerweile fraktionslos im Landtag, seinen Spottnamen \u00b4Pistolen-Menzel\u00b4 erwarb er sich, als er im Dezember 2006 \u00fcber einen Vertrauten eine Pistole in den Landtag schmuggeln lassen wollte. Wof\u00fcr auch immer er sie damals brauchte, denn eigentlich w\u00fcrde Menzel gerne schwerere Gesch\u00fctze auffahren. Jedenfalls empfahl er in seiner Hetzrede den Einsatz von Waffengewalt gegen &#8222;Zionisten, Freimaurer, Kriegstreiber und andere Psychopathen&#8220;, denn gegen diese w\u00fcrden keine langen Reden mehr helfen, sondern &#8222;nur noch Handgranaten&#8220;. Obwohl ihm daraufhin das Wort entzogen wurde, feuerte Menzel weiter aus allen Rohren. &#8222;Wo Rotfront und Antifa haust, da helfen keine Spr\u00fcche, sondern nur noch die Panzerfaust&#8220;, pl\u00e4rrte er. Das Ergebnis dieses h\u00f6lzernen Reims: Ausschluss aus den Beratungen des Landtags f\u00fcr zehn Plenarsitzungen. In dem Menzel schon nicht mehr sein w\u00fcrde, wenn die Verurteilung zu neun Monaten Gef\u00e4ngnis wegen unerlaubten Waffenbesitzes aus dem M\u00e4rz dieses Jahres nicht wegen eines Formfehlers wieder aufgehoben worden w\u00e4re.<br \/>\nDie B\u00fcrger Sachsens haben die NPD in den Landtag gew\u00e4hlt, aber nicht nur Landtagspr\u00e4sident Erich Illtgen (CDU) ist besorgt, was den Ruf des s\u00e4chsischen Parlaments betrifft, das, seit die NDP dort vertreten ist, immer wieder in die Schlagzeilen ger\u00e4t. In den Reihen der NPD sitzen mehrere verurteilte Straft\u00e4ter, die Angeordneten der anderen Parteien f\u00fcrchten daher nicht nur um ihre Sicherheit, sondern wollen jetzt auch verst\u00e4rkt die strafrechtliche Relevanz solcher Aussagen wie jener von Menzel oder auch der von NPD-Fraktionschef Holger Apfel pr\u00fcfen, der am Donnerstag bei der Landtagssitzung die Gem\u00fcter mit der Aussage &#8222;nationaler Sozialismus ist machbar&#8220; erhitzte.<\/span><\/p>\n","protected":false},"excerpt":{"rendered":"<p>Wahrscheinlich schwante den Abgeordneten der demokratischen Parteien im Dresdner Landtag nichts Gutes, als sie am vergangenen Freitag den zweiten Tagesordnungspunkt der Landtagssitzung zur Kenntnis nahmen. Die NPD beantragte eine aktuelle Debatte zum Thema &#8222;Das Demokratieverst\u00e4ndnis der s\u00e4chsischen Blockparteien nach den Kreistagswahlen&#8220;.<\/p>\n","protected":false},"author":230,"featured_media":0,"comment_status":"open","ping_status":"open","sticky":false,"template":"","format":"standard","meta":{"_jetpack_memberships_contains_paid_content":false,"footnotes":""},"categories":[1515,1456],"tags":[],"class_list":["post-429","post","type-post","status-publish","format-standard","hentry","category-bundesweit","category-sachsen"],"yoast_head":"<!-- This site is optimized with the Yoast SEO plugin v21.0 - https:\/\/yoast.com\/wordpress\/plugins\/seo\/ -->\n<title>Dresden: Pistolen-Menzel dreht mal wieder frei - St\u00f6rungsmelder<\/title>\n<meta name=\"robots\" content=\"index, follow, max-snippet:-1, max-image-preview:large, max-video-preview:-1\" \/>\n<link rel=\"canonical\" href=\"https:\/\/blog.zeit.de\/stoerungsmelder\/2008\/10\/20\/dresden-pistolen-menzel-dreht-mal-wieder-frei_429\" \/>\n<meta property=\"og:locale\" content=\"de_DE\" \/>\n<meta property=\"og:type\" content=\"article\" \/>\n<meta property=\"og:title\" content=\"Dresden: Pistolen-Menzel dreht mal wieder frei - St\u00f6rungsmelder\" \/>\n<meta property=\"og:description\" content=\"Wahrscheinlich schwante den Abgeordneten der demokratischen Parteien im Dresdner Landtag nichts Gutes, als sie am vergangenen Freitag den zweiten Tagesordnungspunkt der Landtagssitzung zur Kenntnis nahmen. Die NPD beantragte eine aktuelle Debatte zum Thema &#8222;Das Demokratieverst\u00e4ndnis der s\u00e4chsischen Blockparteien nach den Kreistagswahlen&#8220;.\" \/>\n<meta property=\"og:url\" content=\"https:\/\/blog.zeit.de\/stoerungsmelder\/2008\/10\/20\/dresden-pistolen-menzel-dreht-mal-wieder-frei_429\" \/>\n<meta property=\"og:site_name\" content=\"St\u00f6rungsmelder\" \/>\n<meta property=\"article:published_time\" content=\"2008-10-20T11:38:23+00:00\" \/>\n<meta name=\"author\" content=\"Markus Kavka\" \/>\n<meta name=\"twitter:card\" content=\"summary_large_image\" \/>\n<meta name=\"twitter:label1\" content=\"Geschrieben von\" \/>\n\t<meta name=\"twitter:data1\" content=\"Markus Kavka\" \/>\n\t<meta name=\"twitter:label2\" content=\"Gesch\u00e4tzte Lesezeit\" \/>\n\t<meta name=\"twitter:data2\" content=\"2\u00a0Minuten\" \/>\n<script type=\"application\/ld+json\" class=\"yoast-schema-graph\">{\"@context\":\"https:\/\/schema.org\",\"@graph\":[{\"@type\":\"WebPage\",\"@id\":\"https:\/\/blog.zeit.de\/stoerungsmelder\/2008\/10\/20\/dresden-pistolen-menzel-dreht-mal-wieder-frei_429\",\"url\":\"https:\/\/blog.zeit.de\/stoerungsmelder\/2008\/10\/20\/dresden-pistolen-menzel-dreht-mal-wieder-frei_429\",\"name\":\"Dresden: Pistolen-Menzel dreht mal wieder frei - St\u00f6rungsmelder\",\"isPartOf\":{\"@id\":\"https:\/\/blog.zeit.de\/stoerungsmelder\/#website\"},\"datePublished\":\"2008-10-20T11:38:23+00:00\",\"dateModified\":\"2008-10-20T11:38:23+00:00\",\"author\":{\"@id\":\"https:\/\/blog.zeit.de\/stoerungsmelder\/#\/schema\/person\/8d5e5486ec086bc1988b69e1d2ee5ac2\"},\"breadcrumb\":{\"@id\":\"https:\/\/blog.zeit.de\/stoerungsmelder\/2008\/10\/20\/dresden-pistolen-menzel-dreht-mal-wieder-frei_429#breadcrumb\"},\"inLanguage\":\"de\",\"potentialAction\":[{\"@type\":\"ReadAction\",\"target\":[\"https:\/\/blog.zeit.de\/stoerungsmelder\/2008\/10\/20\/dresden-pistolen-menzel-dreht-mal-wieder-frei_429\"]}]},{\"@type\":\"BreadcrumbList\",\"@id\":\"https:\/\/blog.zeit.de\/stoerungsmelder\/2008\/10\/20\/dresden-pistolen-menzel-dreht-mal-wieder-frei_429#breadcrumb\",\"itemListElement\":[{\"@type\":\"ListItem\",\"position\":1,\"name\":\"Startseite\",\"item\":\"https:\/\/blog.zeit.de\/stoerungsmelder\"},{\"@type\":\"ListItem\",\"position\":2,\"name\":\"Dresden: Pistolen-Menzel dreht mal wieder frei\"}]},{\"@type\":\"WebSite\",\"@id\":\"https:\/\/blog.zeit.de\/stoerungsmelder\/#website\",\"url\":\"https:\/\/blog.zeit.de\/stoerungsmelder\/\",\"name\":\"St\u00f6rungsmelder\",\"description\":\"Recherchen und Analysen \u00fcber die extreme Rechte\",\"potentialAction\":[{\"@type\":\"SearchAction\",\"target\":{\"@type\":\"EntryPoint\",\"urlTemplate\":\"https:\/\/blog.zeit.de\/stoerungsmelder\/?s={search_term_string}\"},\"query-input\":\"required name=search_term_string\"}],\"inLanguage\":\"de\"},{\"@type\":\"Person\",\"@id\":\"https:\/\/blog.zeit.de\/stoerungsmelder\/#\/schema\/person\/8d5e5486ec086bc1988b69e1d2ee5ac2\",\"name\":\"Markus Kavka\",\"image\":{\"@type\":\"ImageObject\",\"inLanguage\":\"de\",\"@id\":\"https:\/\/blog.zeit.de\/stoerungsmelder\/#\/schema\/person\/image\/\",\"url\":\"https:\/\/secure.gravatar.com\/avatar\/c29eae75e1fa927c0612884ab1558620b44a8143764a5f647dcff0b0a454d071?s=96&d=mm&r=pg\",\"contentUrl\":\"https:\/\/secure.gravatar.com\/avatar\/c29eae75e1fa927c0612884ab1558620b44a8143764a5f647dcff0b0a454d071?s=96&d=mm&r=pg\",\"caption\":\"Markus Kavka\"},\"url\":\"https:\/\/blog.zeit.de\/stoerungsmelder\/author\/markus-kavka\"}]}<\/script>\n<!-- \/ Yoast SEO plugin. -->","yoast_head_json":{"title":"Dresden: Pistolen-Menzel dreht mal wieder frei - St\u00f6rungsmelder","robots":{"index":"index","follow":"follow","max-snippet":"max-snippet:-1","max-image-preview":"max-image-preview:large","max-video-preview":"max-video-preview:-1"},"canonical":"https:\/\/blog.zeit.de\/stoerungsmelder\/2008\/10\/20\/dresden-pistolen-menzel-dreht-mal-wieder-frei_429","og_locale":"de_DE","og_type":"article","og_title":"Dresden: Pistolen-Menzel dreht mal wieder frei - St\u00f6rungsmelder","og_description":"Wahrscheinlich schwante den Abgeordneten der demokratischen Parteien im Dresdner Landtag nichts Gutes, als sie am vergangenen Freitag den zweiten Tagesordnungspunkt der Landtagssitzung zur Kenntnis nahmen. Die NPD beantragte eine aktuelle Debatte zum Thema &#8222;Das Demokratieverst\u00e4ndnis der s\u00e4chsischen Blockparteien nach den Kreistagswahlen&#8220;.","og_url":"https:\/\/blog.zeit.de\/stoerungsmelder\/2008\/10\/20\/dresden-pistolen-menzel-dreht-mal-wieder-frei_429","og_site_name":"St\u00f6rungsmelder","article_published_time":"2008-10-20T11:38:23+00:00","author":"Markus Kavka","twitter_card":"summary_large_image","twitter_misc":{"Geschrieben von":"Markus Kavka","Gesch\u00e4tzte Lesezeit":"2\u00a0Minuten"},"schema":{"@context":"https:\/\/schema.org","@graph":[{"@type":"WebPage","@id":"https:\/\/blog.zeit.de\/stoerungsmelder\/2008\/10\/20\/dresden-pistolen-menzel-dreht-mal-wieder-frei_429","url":"https:\/\/blog.zeit.de\/stoerungsmelder\/2008\/10\/20\/dresden-pistolen-menzel-dreht-mal-wieder-frei_429","name":"Dresden: Pistolen-Menzel dreht mal wieder frei - St\u00f6rungsmelder","isPartOf":{"@id":"https:\/\/blog.zeit.de\/stoerungsmelder\/#website"},"datePublished":"2008-10-20T11:38:23+00:00","dateModified":"2008-10-20T11:38:23+00:00","author":{"@id":"https:\/\/blog.zeit.de\/stoerungsmelder\/#\/schema\/person\/8d5e5486ec086bc1988b69e1d2ee5ac2"},"breadcrumb":{"@id":"https:\/\/blog.zeit.de\/stoerungsmelder\/2008\/10\/20\/dresden-pistolen-menzel-dreht-mal-wieder-frei_429#breadcrumb"},"inLanguage":"de","potentialAction":[{"@type":"ReadAction","target":["https:\/\/blog.zeit.de\/stoerungsmelder\/2008\/10\/20\/dresden-pistolen-menzel-dreht-mal-wieder-frei_429"]}]},{"@type":"BreadcrumbList","@id":"https:\/\/blog.zeit.de\/stoerungsmelder\/2008\/10\/20\/dresden-pistolen-menzel-dreht-mal-wieder-frei_429#breadcrumb","itemListElement":[{"@type":"ListItem","position":1,"name":"Startseite","item":"https:\/\/blog.zeit.de\/stoerungsmelder"},{"@type":"ListItem","position":2,"name":"Dresden: Pistolen-Menzel dreht mal wieder frei"}]},{"@type":"WebSite","@id":"https:\/\/blog.zeit.de\/stoerungsmelder\/#website","url":"https:\/\/blog.zeit.de\/stoerungsmelder\/","name":"St\u00f6rungsmelder","description":"Recherchen und Analysen \u00fcber die extreme Rechte","potentialAction":[{"@type":"SearchAction","target":{"@type":"EntryPoint","urlTemplate":"https:\/\/blog.zeit.de\/stoerungsmelder\/?s={search_term_string}"},"query-input":"required name=search_term_string"}],"inLanguage":"de"},{"@type":"Person","@id":"https:\/\/blog.zeit.de\/stoerungsmelder\/#\/schema\/person\/8d5e5486ec086bc1988b69e1d2ee5ac2","name":"Markus Kavka","image":{"@type":"ImageObject","inLanguage":"de","@id":"https:\/\/blog.zeit.de\/stoerungsmelder\/#\/schema\/person\/image\/","url":"https:\/\/secure.gravatar.com\/avatar\/c29eae75e1fa927c0612884ab1558620b44a8143764a5f647dcff0b0a454d071?s=96&d=mm&r=pg","contentUrl":"https:\/\/secure.gravatar.com\/avatar\/c29eae75e1fa927c0612884ab1558620b44a8143764a5f647dcff0b0a454d071?s=96&d=mm&r=pg","caption":"Markus Kavka"},"url":"https:\/\/blog.zeit.de\/stoerungsmelder\/author\/markus-kavka"}]}},"jetpack_featured_media_url":"","jetpack_sharing_enabled":true,"_links":{"self":[{"href":"https:\/\/blog.zeit.de\/stoerungsmelder\/wp-json\/wp\/v2\/posts\/429","targetHints":{"allow":["GET"]}}],"collection":[{"href":"https:\/\/blog.zeit.de\/stoerungsmelder\/wp-json\/wp\/v2\/posts"}],"about":[{"href":"https:\/\/blog.zeit.de\/stoerungsmelder\/wp-json\/wp\/v2\/types\/post"}],"author":[{"embeddable":true,"href":"https:\/\/blog.zeit.de\/stoerungsmelder\/wp-json\/wp\/v2\/users\/230"}],"replies":[{"embeddable":true,"href":"https:\/\/blog.zeit.de\/stoerungsmelder\/wp-json\/wp\/v2\/comments?post=429"}],"version-history":[{"count":0,"href":"https:\/\/blog.zeit.de\/stoerungsmelder\/wp-json\/wp\/v2\/posts\/429\/revisions"}],"wp:attachment":[{"href":"https:\/\/blog.zeit.de\/stoerungsmelder\/wp-json\/wp\/v2\/media?parent=429"}],"wp:term":[{"taxonomy":"category","embeddable":true,"href":"https:\/\/blog.zeit.de\/stoerungsmelder\/wp-json\/wp\/v2\/categories?post=429"},{"taxonomy":"post_tag","embeddable":true,"href":"https:\/\/blog.zeit.de\/stoerungsmelder\/wp-json\/wp\/v2\/tags?post=429"}],"curies":[{"name":"wp","href":"https:\/\/api.w.org\/{rel}","templated":true}]}}