{"id":4320,"date":"2010-08-18T10:55:00","date_gmt":"2010-08-18T08:55:00","guid":{"rendered":"http:\/\/blog.zeit.de\/stoerungsmelder\/?p=4320"},"modified":"2010-08-18T14:48:41","modified_gmt":"2010-08-18T12:48:41","slug":"altermedia-nazi-propaganda-aus-der-gruft","status":"publish","type":"post","link":"https:\/\/blog.zeit.de\/stoerungsmelder\/2010\/08\/18\/altermedia-nazi-propaganda-aus-der-gruft_4320","title":{"rendered":"Altermedia: Nazi-Propaganda aus der Gruft"},"content":{"rendered":"<div>\n<p><figure id=\"attachment_4321\" aria-describedby=\"caption-attachment-4321\" style=\"width: 440px\" class=\"wp-caption aligncenter\"><a href=\"https:\/\/blog.zeit.de\/stoerungsmelder\/files\/2010\/08\/axel-moeller-440x200.jpg\"><img loading=\"lazy\" decoding=\"async\" class=\"size-full wp-image-4321\" title=\"axel-moeller-440x200\" src=\"https:\/\/blog.zeit.de\/stoerungsmelder\/files\/2010\/08\/axel-moeller-440x200.jpg\" alt=\"\" width=\"440\" height=\"200\" srcset=\"https:\/\/blog.zeit.de\/stoerungsmelder\/files\/2010\/08\/axel-moeller-440x200.jpg 440w, https:\/\/blog.zeit.de\/stoerungsmelder\/files\/2010\/08\/axel-moeller-440x200-300x136.jpg 300w\" sizes=\"auto, (max-width: 440px) 100vw, 440px\" \/><\/a><figcaption id=\"caption-attachment-4321\" class=\"wp-caption-text\">Der mutma\u00dfliche Betreiber von Altermedia Axel M. auf einem Naziaufmarsch \u00a9 AIB<\/figcaption><\/figure><\/p>\n<p>Die Staatsanwaltschaft Rostock bereitet den Prozess gegen die mutma\u00dflichen Betreiber der Internet-Seite Altermedia vor \u2013 doch noch ist kein Termin daf\u00fcr in Sicht. Der zust\u00e4ndige Staatsanwalt will Anklage erheben, wenn eine Berufung vor dem Landgericht Stralsund entschieden ist. Ein Termin f\u00fcr die Verhandlung steht nach Informationen von NPD-BLOG.INFO aber noch nicht fest. <a href=\"http:\/\/www.netz-gegen-nazis.de\/lexikontext\/axel-moeller-0\">Axel M.<\/a> war als redaktionell Verantwortlicher f\u00fcr die Neonazi-Seite vom Amtsgericht Stralsund verurteilt worden. Das Urteil ist noch nicht rechtskr\u00e4ftig, M. hat Berufung eingelegt. Ob er damit allerdings Erfolg haben kann, erscheint zumindest fraglich.<!--more--><\/p>\n<p><em>Ein Gast-Artikel von <a href=\"http:\/\/npd-blog.info\/2010\/08\/16\/altermedia-stralsund-600\/\">NPD-BLOG.INFO<\/a><\/em><\/p>\n<p>Denn in der Urteilsbegr\u00fcndung hei\u00dft es immerhin, \u201cs\u00e4mtliche Artikel (auf den Internetplattformen stoertebeker.net und altermedia.info) [wurden] \u00fcber den Rechner des Angeklagten M. mit seiner IP-Nummer ver\u00f6ffentlicht und bearbeitet\u201d, sodass dieser die Artikel selbst ver\u00f6ffentlicht haben m\u00fcsse, er zumindest aber die redaktionelle Verantwortung getragen habe. Die Erkenntnisse stammen aus dem Ergebnis einer \u00dcberwachung des Telekommunikationsverkehrs beim Angeklagten.<\/p>\n<p><a href=\"http:\/\/npd-blog.info\/wp-content\/uploads\/2010\/03\/corel17.jpg\"><img loading=\"lazy\" decoding=\"async\" class=\"alignleft\" title=\"corel\" src=\"http:\/\/npd-blog.info\/wp-content\/uploads\/2010\/03\/corel17.jpg\" alt=\"\" width=\"299\" height=\"190\" \/><\/a>M. versuchte vor Gericht daher, die Verantwortung auf eine Person zu schieben, die gegen Anschuldigungen nicht\u00a0 widerspricht; allerdings wertete das Gericht die Einlassung des Angeklagten, der im Jahre 2008 verstorbene \u201cKurt Sxxxxxxx\u201d habe die beanstandeten Artikel ins Netz gestellt, als unwahre Schutzbehauptung. Es sei \u201cunglaubhaft, dass Sxxxxxxx ohne Kenntnis des Angeklagte \u00fcber einen langen Zeitraum hinweg (von Juni 2004 bis September 2007) ungehindert Zugang zum dessen Rechner gehabt haben soll, um Artikel zu ver\u00f6ffentlichen und zu bearbeiten\u201d, so das Gericht.<\/p>\n<p>M\u00f6chte man der Behauptung M.s dennoch folgen, w\u00e4re allerdings weiterhin unklar, wer\u00a0seit 2008 die\u00a0Seite betreut. M\u00f6glicherweise taucht der angeblich Verantwortliche mittlerweile als Untoter in der Wohnung von M. auf \u2013 zu den sonstigen politischen Wahnvorstellungen der Neonazis sowie der Ideologie aus der Gruft w\u00fcrde es gl\u00e4nzend passen.<\/p>\n<p><strong>Offenes Geheimnis<\/strong><\/p>\n<p>Der Urteilsbegr\u00fcndung zufolge ist also seit mehreren Jahren genau bekannt, wer f\u00fcr die Beleidigungen, Drohungen oder\u00a0Urheberrechtsverletzungen auf Altermedia verantwortlich ist.\u00a0\u00a0Auch \u00f6ffentlich ist nachzulesen, wer hinter der Seite steht. So hie\u00df es in einer VS-Brosch\u00fcre aus dem Jahr 2000:<\/p>\n<blockquote><p>Die ver\u00f6ffentlichten Artikel werden offenbar im wesentlichen von Axel MXXXXX verfasst, einem ehemaligen NPD Funktion\u00e4r aus Stralsund, der bis zu seinem Parteiaustritt immer wieder (\u00f6ffentlich) in Erscheinung trat. Das St\u00f6rtebeker-Netz sei, so hier vorliegende Erkenntnisse, ein \u201evoller Erfolg\u201c; mittlerweile w\u00fcrden t\u00e4glich mehrere hundert Personen den Zugang dazu suchen.Ver\u00f6ffentlichte Zugriffsstatistiken lassen den Schluss zu, dass die Informationen des St\u00f6rtebeker-Netzes weltweit Anklang finden.In der Ausgabe 01-02\/2000 des \u201eNS-KAMPFRUF\u201d, Organ der NSDAP\/ AO (\u201e\u2026Auslands- und Aufbauorganisation\u201c), wird jedenfalls auf die Internetpr\u00e4senz des \u201eSt\u00f6rtebeker-Netzes\u201d hingewiesen.<\/p><\/blockquote>\n<p>Entsprechende Informationen lagen auch dem Bayerischen Landesamt f\u00fcr Verfassungsschutz vor. In einem dort verfertigten <a href=\"http:\/\/www.verfassungsschutz.bayern.de\/meldungen_alt_rechts\/01.10.08_r.htm\" target=\"_blank\">Bericht \u00fcber Positionen der rechtsextremistischen Szene in Deutschland gegen\u00fcber den Terroranschl\u00e4gen vom 11. September 2001<\/a> hie\u00df es:<\/p>\n<blockquote><p>\u201eBereits am 15. September hatte der mit der NPD sympathisierende Betreiber der rechtsextremistischen Internet-Homepage \u201aSt\u00f6rtebeker-Netz\u2019 Axel MXXXXX in Stralsund \u00f6ffentlich eine Nationalfahne der USA verbrannt.\u201c<\/p><\/blockquote>\n<p>Die Staatanwaltschaft in Rostock will nun allerdings nicht nur M., <a href=\"http:\/\/npd-blog.info\/2010\/06\/27\/wer-steht-hinter-altermedia\/\" target=\"_blank\">der sich auch gegen\u00fcber einem Journalisten als Verantwortlicher zu erkennen gab<\/a>,\u00a0f\u00fcr die Hetz-Orgien zur Verantwortung ziehen, sondern auch Robert R. anklagen, der als zweiter Verantwortlicher f\u00fcr die Neonazi-Seite gilt \u2013 und dies ebenfalls seit vielen Jahren. Allerdings tauchte R. im Gegensatz zu M. in den Berichten des Verfassungsschutzes nie namentlich auf. Im Jahr 2005 deutete der Verfassungsschutz in Mecklenburg-Vorpommern immerhin auf R. hin:<\/p>\n<blockquote><p>Der in j\u00fcngster Zeit mehrheitlich der NPD beigetretenen Kameradschaft Stralsund bzw. dem \u00fcberwiegend identischen \u201eFreundeskreis avanti\u201c um einen bekannten Neonazi der Hansestadt, von dem auch die neonazistische Sch\u00fclerzeitung \u201eavanti\u201c herausgegeben wird, werden ungef\u00e4hr 10 Personen zugerechnet, darunter auch der mutma\u00dfliche Betreiber des rechtsextremistischen \u201eSt\u00f6rtebekernetzes\u201c. Die Zeitschrift \u201eavanti\u201c wird in Zusammenarbeit mit der NPD vorwiegend im Umfeld von Schulen verteilt und war schon Gegenstand strafrechtlicher Verfolgung (Verunglimpfung des Andenkens der Anne Frank). Derartige Propagandaaktionen fanden in Stralsund, Abtshagen, Franzburg, Reinkenhagen und Grimmen statt.<\/p><\/blockquote>\n<p>Auch sp\u00e4ter war die Verunglimpfung des Andenkens des ermordeten j\u00fcdischen M\u00e4dchens \u00fcbrigens noch mehrere Male beliebtes Thema auf Altermedia. Das h\u00e4tte\u00a0m\u00f6glicherweise nicht passieren m\u00fcssen. Denn bereits im Jahr 2002 br\u00fcstete sich R. \u00f6ffentlich mit dem St\u00f6rtebeker-Netz:<\/p>\n<blockquote><p>Die letztj\u00e4hrige Shell-Jugendstudie st\u00fctzte ihre repr\u00e4sentativen Ergebnisse auf die Befragung von 2515 Jugendlichen im Alter von 12 bis 25 Jahren. [&#8230;] Dass sich unter den Portr\u00e4tierten ausgerechnet ein organisierter Neonazi befindet, deutet zun\u00e4chst auf die Authentizit\u00e4t zur aktuellen gesellschaftlichen Situation innerhalb der Jugendkulturen hin. Robert R., 21 Jahre, engagiert sich f\u00fcr \u201ceine nationale Wende, unter anderem im St\u00f6rtebeker-Netz\u201d, hei\u00dft es auf S. 332 der Studie lapidar. Unter der \u00dcberschrift \u201cWenn man eine \u00dcberzeugung hat, ist das die Hauptsache\u201d, entspinnt sich auf etwa zehn weiteren Seiten das gef\u00e4hrliche Weltbild des Rechtsextremisten. Es soll sich dabei um Robert Rxxxxxxx aus Stralsund handeln. V\u00f6llig unkommentiert darf der wegen K\u00f6rperverletzung vorbestrafte Neonazi sein \u201cideales politisches System\u201d feiern: das des Dritten Reiches. In der einleitenden Zusammenfassung der Studie hei\u00dft es: \u201cSeine heutigen politischen Aktivit\u00e4ten sind das Schreiben f\u00fcr die Internet-Zeitschrift \u2018St\u00f6rtebeker-Netz\u2019 und die Briefpartnerschaften der HNG. Weiterhin ist davon auszugehen, dass er Demonstrationen und andere Aktionen organisiert.\u201d Die Studie warnt in ihrer Einleitung weder vor den verfassungsfeindlichen Bestrebungen der HNG als gr\u00f6\u00dfte Neonazi-Organisation Deutschlands, noch vor den rassistischen Parolen und Aufrufen im \u201cSt\u00f6rtebeker-Netz\u201d. Im Gegenteil, dann kommt Neonazi Robert R. direkt zu Wort: \u201cIm Prinzip ist das St\u00f6rtebeker-Netz die einzige politische Aktivit\u00e4t, die wirklich Sinn macht. (\u2026) Au\u00dferdem bin ich in der \u2018Hilfsgemeinschaft nationaler Gefangener\u2019 (HNG). Die haben mich w\u00e4hrend meiner Haftzeit damals betreut, also mach ich das auch. (\u2026) Demokratie ist nun mal ziemlich schwer. Ich bevorzuge im Prinzip auch eine Staatsform, wie wir sie im Dritten Reich hatten. Da gab es gro\u00dfe Staatsm\u00e4nner, die waren nicht korrupt, die haben die deutsche Volksgemeinschaft zusammengeschwei\u00dft. (\u2026) Die zw\u00f6lf Jahre des Nationalsozialismus waren aus meiner Sicht die beste Zeit, die es in Deutschland je gegeben hat\u201d. <em>(Quelle: blick nach rechts vom Mai 2003)<\/em><\/p><\/blockquote>\n<p>Auch die Universit\u00e4t Greifswald schreibt in einer <a href=\"http:\/\/www.phil.uni-greifswald.de\/fileadmin\/mediapool\/ipk\/publikationen\/forschungsstelle_rechtsextremismus\/Die_NPD_in_den_kommunalen_Parlamenten_Mecklenburg-Vorpommerns.pdf\" target=\"_blank\">Studie zu der Arbeit der NPD in den kommunalen Parlamenten<\/a> in Bezug auf Stralsund, M. sei Betreiber der Neonazi-Seite \u2013 und arbeite eng mit Robert R. zusammen. Beide waren vor\u00fcbergehend in der NPD aktiv, M. ist schon l\u00e4nger ausgetreten \u2013 nach einer Spitzelaff\u00e4re um einen \u00f6rtlichen Parteifunktion\u00e4r. R. soll nun aber auch kein Mitglied mehr sein.<\/p>\n<p>Die Macher der Studie schreiben weiter, M. sei bereits einmal verurteilt worden \u2013 und sie weisen auch auf die Schwierigkeiten bei der Strafverfolgung hin:<\/p>\n<blockquote><p>Im August 2002 musste sich Mxxxxx, der im \u00dcbrigen sehr darauf achtet, dass seine Formulierungen noch in der Grauzone des rechtlich nicht Belangbaren angesiedelt sind, trotzdem vor Gericht verantworten. Er hatte im Internet und auf einem Flugblatt die Existenz der Gaskammer im Konzentrationslager Ravensbr\u00fcck \u00f6ffentlich geleugnet, die dort Ermordeten verunglimpft sowie Mitarbeiter der Gedenkst\u00e4tte Ravensbr\u00fcck beleidigt. Das Gericht verurteilte ihn daraufhin zu einer Freiheitsstrafe von sechs Monaten, die jedoch zur Bew\u00e4hrung ausgesetzt wurde.<\/p><\/blockquote>\n<p>Aktuell ist einmal mehr Innenminister Lozenz Caffier Zielscheibe der braunen Hetzer.\u00a0Bereits 2007 war der CDU-Politiker gegen Altermedia vorgegangen; das Landgericht Berlin (!) erlie\u00df in dieser Sache eine Einstweilige Verf\u00fcgung der CDU-Fraktion MVP gegen M., welche dieser aber offenbar einfach ignorierte. Nun pr\u00fcft der Innenminister \u201calle rechtlichen M\u00f6glichkeiten\u201d, wie es auf Anfrage des Autor aus dem Ministerium hei\u00dft. Weitere Ausk\u00fcnfte zu Altermedia\u00a0lehnte eine Sprecherin allerdings ab.\u00a0\u00a0Die Hetze auf Altermedia geht derweil weiter.<\/p>\n<p><img loading=\"lazy\" decoding=\"async\" src=\"http:\/\/vg09.met.vgwort.de\/na\/0e0364cb73d34e62bdcb27362eef53b4\" alt=\"\" width=\"1\" height=\"1\" \/><\/p>\n<p>Siehe auch: <a rel=\"bookmark\" href=\"http:\/\/npd-blog.info\/2010\/07\/22\/anklage-altermedia\/\">Prozess gegen Altermedia noch in diesem Jahr?<\/a>, <a rel=\"bookmark\" href=\"http:\/\/npd-blog.info\/2010\/06\/23\/altermedia-300\/\">Ermittlungen gegen zweiten Altermedia-Verantwortlichen<\/a>, <a rel=\"bookmark\" href=\"http:\/\/npd-blog.info\/2010\/03\/29\/altermedia-100\/\">Rechtsextreme sorgen sich um Altermedia<\/a><\/p>\n<\/div>\n","protected":false},"excerpt":{"rendered":"<p>Die Staatsanwaltschaft Rostock bereitet den Prozess gegen die mutma\u00dflichen Betreiber der Internet-Seite Altermedia vor \u2013 doch noch ist kein Termin daf\u00fcr in Sicht. Der zust\u00e4ndige Staatsanwalt will Anklage erheben, wenn eine Berufung vor dem Landgericht Stralsund entschieden ist. Ein Termin f\u00fcr die Verhandlung steht nach Informationen von NPD-BLOG.INFO aber noch nicht fest. Axel M. war [&hellip;]<\/p>\n","protected":false},"author":295,"featured_media":0,"comment_status":"open","ping_status":"open","sticky":false,"template":"","format":"standard","meta":{"_jetpack_memberships_contains_paid_content":false,"footnotes":""},"categories":[1515,90],"tags":[],"class_list":["post-4320","post","type-post","status-publish","format-standard","hentry","category-bundesweit","category-mecklenburg-vorpommern"],"yoast_head":"<!-- This site is optimized with the Yoast SEO plugin v21.0 - https:\/\/yoast.com\/wordpress\/plugins\/seo\/ -->\n<title>Altermedia: Nazi-Propaganda aus der Gruft - St\u00f6rungsmelder<\/title>\n<meta name=\"robots\" content=\"index, follow, max-snippet:-1, max-image-preview:large, max-video-preview:-1\" \/>\n<link rel=\"canonical\" href=\"https:\/\/blog.zeit.de\/stoerungsmelder\/2010\/08\/18\/altermedia-nazi-propaganda-aus-der-gruft_4320\" \/>\n<meta property=\"og:locale\" content=\"de_DE\" \/>\n<meta property=\"og:type\" content=\"article\" \/>\n<meta property=\"og:title\" content=\"Altermedia: Nazi-Propaganda aus der Gruft - St\u00f6rungsmelder\" \/>\n<meta property=\"og:description\" content=\"Die Staatsanwaltschaft Rostock bereitet den Prozess gegen die mutma\u00dflichen Betreiber der Internet-Seite Altermedia vor \u2013 doch noch ist kein Termin daf\u00fcr in Sicht. Der zust\u00e4ndige Staatsanwalt will Anklage erheben, wenn eine Berufung vor dem Landgericht Stralsund entschieden ist. Ein Termin f\u00fcr die Verhandlung steht nach Informationen von NPD-BLOG.INFO aber noch nicht fest. Axel M. war [&hellip;]\" \/>\n<meta property=\"og:url\" content=\"https:\/\/blog.zeit.de\/stoerungsmelder\/2010\/08\/18\/altermedia-nazi-propaganda-aus-der-gruft_4320\" \/>\n<meta property=\"og:site_name\" content=\"St\u00f6rungsmelder\" \/>\n<meta property=\"article:published_time\" content=\"2010-08-18T08:55:00+00:00\" \/>\n<meta property=\"article:modified_time\" content=\"2010-08-18T12:48:41+00:00\" \/>\n<meta property=\"og:image\" content=\"https:\/\/blog.zeit.de\/stoerungsmelder\/files\/2010\/08\/axel-moeller-440x200.jpg\" \/>\n<meta name=\"author\" content=\"npdbloginfo\" \/>\n<meta name=\"twitter:card\" content=\"summary_large_image\" \/>\n<meta name=\"twitter:label1\" content=\"Geschrieben von\" \/>\n\t<meta name=\"twitter:data1\" content=\"npdbloginfo\" \/>\n\t<meta name=\"twitter:label2\" content=\"Gesch\u00e4tzte Lesezeit\" \/>\n\t<meta name=\"twitter:data2\" content=\"6\u00a0Minuten\" \/>\n<script type=\"application\/ld+json\" class=\"yoast-schema-graph\">{\"@context\":\"https:\/\/schema.org\",\"@graph\":[{\"@type\":\"WebPage\",\"@id\":\"https:\/\/blog.zeit.de\/stoerungsmelder\/2010\/08\/18\/altermedia-nazi-propaganda-aus-der-gruft_4320\",\"url\":\"https:\/\/blog.zeit.de\/stoerungsmelder\/2010\/08\/18\/altermedia-nazi-propaganda-aus-der-gruft_4320\",\"name\":\"Altermedia: Nazi-Propaganda aus der Gruft - St\u00f6rungsmelder\",\"isPartOf\":{\"@id\":\"https:\/\/blog.zeit.de\/stoerungsmelder\/#website\"},\"datePublished\":\"2010-08-18T08:55:00+00:00\",\"dateModified\":\"2010-08-18T12:48:41+00:00\",\"author\":{\"@id\":\"https:\/\/blog.zeit.de\/stoerungsmelder\/#\/schema\/person\/36c66b1a7a2ff6e8ac09f8782af00536\"},\"breadcrumb\":{\"@id\":\"https:\/\/blog.zeit.de\/stoerungsmelder\/2010\/08\/18\/altermedia-nazi-propaganda-aus-der-gruft_4320#breadcrumb\"},\"inLanguage\":\"de\",\"potentialAction\":[{\"@type\":\"ReadAction\",\"target\":[\"https:\/\/blog.zeit.de\/stoerungsmelder\/2010\/08\/18\/altermedia-nazi-propaganda-aus-der-gruft_4320\"]}]},{\"@type\":\"BreadcrumbList\",\"@id\":\"https:\/\/blog.zeit.de\/stoerungsmelder\/2010\/08\/18\/altermedia-nazi-propaganda-aus-der-gruft_4320#breadcrumb\",\"itemListElement\":[{\"@type\":\"ListItem\",\"position\":1,\"name\":\"Startseite\",\"item\":\"https:\/\/blog.zeit.de\/stoerungsmelder\"},{\"@type\":\"ListItem\",\"position\":2,\"name\":\"Altermedia: Nazi-Propaganda aus der Gruft\"}]},{\"@type\":\"WebSite\",\"@id\":\"https:\/\/blog.zeit.de\/stoerungsmelder\/#website\",\"url\":\"https:\/\/blog.zeit.de\/stoerungsmelder\/\",\"name\":\"St\u00f6rungsmelder\",\"description\":\"Recherchen und Analysen \u00fcber die extreme Rechte\",\"potentialAction\":[{\"@type\":\"SearchAction\",\"target\":{\"@type\":\"EntryPoint\",\"urlTemplate\":\"https:\/\/blog.zeit.de\/stoerungsmelder\/?s={search_term_string}\"},\"query-input\":\"required name=search_term_string\"}],\"inLanguage\":\"de\"},{\"@type\":\"Person\",\"@id\":\"https:\/\/blog.zeit.de\/stoerungsmelder\/#\/schema\/person\/36c66b1a7a2ff6e8ac09f8782af00536\",\"name\":\"npdbloginfo\",\"image\":{\"@type\":\"ImageObject\",\"inLanguage\":\"de\",\"@id\":\"https:\/\/blog.zeit.de\/stoerungsmelder\/#\/schema\/person\/image\/\",\"url\":\"https:\/\/secure.gravatar.com\/avatar\/d788862a9764e18d9d9d94bed018327dcbdccc6776903d0eb9d6e0658888a017?s=96&d=mm&r=pg\",\"contentUrl\":\"https:\/\/secure.gravatar.com\/avatar\/d788862a9764e18d9d9d94bed018327dcbdccc6776903d0eb9d6e0658888a017?s=96&d=mm&r=pg\",\"caption\":\"npdbloginfo\"},\"description\":\"Das Watchblog NPD-BLOG.INFO berichtet seit 2005 kontinuierlich \u00fcber die rechtsextreme NPD.\",\"sameAs\":[\"http:\/\/npd-blog.info\"],\"url\":\"https:\/\/blog.zeit.de\/stoerungsmelder\/author\/npdbloginfo\"}]}<\/script>\n<!-- \/ Yoast SEO plugin. -->","yoast_head_json":{"title":"Altermedia: Nazi-Propaganda aus der Gruft - St\u00f6rungsmelder","robots":{"index":"index","follow":"follow","max-snippet":"max-snippet:-1","max-image-preview":"max-image-preview:large","max-video-preview":"max-video-preview:-1"},"canonical":"https:\/\/blog.zeit.de\/stoerungsmelder\/2010\/08\/18\/altermedia-nazi-propaganda-aus-der-gruft_4320","og_locale":"de_DE","og_type":"article","og_title":"Altermedia: Nazi-Propaganda aus der Gruft - St\u00f6rungsmelder","og_description":"Die Staatsanwaltschaft Rostock bereitet den Prozess gegen die mutma\u00dflichen Betreiber der Internet-Seite Altermedia vor \u2013 doch noch ist kein Termin daf\u00fcr in Sicht. Der zust\u00e4ndige Staatsanwalt will Anklage erheben, wenn eine Berufung vor dem Landgericht Stralsund entschieden ist. Ein Termin f\u00fcr die Verhandlung steht nach Informationen von NPD-BLOG.INFO aber noch nicht fest. Axel M. war [&hellip;]","og_url":"https:\/\/blog.zeit.de\/stoerungsmelder\/2010\/08\/18\/altermedia-nazi-propaganda-aus-der-gruft_4320","og_site_name":"St\u00f6rungsmelder","article_published_time":"2010-08-18T08:55:00+00:00","article_modified_time":"2010-08-18T12:48:41+00:00","og_image":[{"url":"https:\/\/blog.zeit.de\/stoerungsmelder\/files\/2010\/08\/axel-moeller-440x200.jpg"}],"author":"npdbloginfo","twitter_card":"summary_large_image","twitter_misc":{"Geschrieben von":"npdbloginfo","Gesch\u00e4tzte Lesezeit":"6\u00a0Minuten"},"schema":{"@context":"https:\/\/schema.org","@graph":[{"@type":"WebPage","@id":"https:\/\/blog.zeit.de\/stoerungsmelder\/2010\/08\/18\/altermedia-nazi-propaganda-aus-der-gruft_4320","url":"https:\/\/blog.zeit.de\/stoerungsmelder\/2010\/08\/18\/altermedia-nazi-propaganda-aus-der-gruft_4320","name":"Altermedia: Nazi-Propaganda aus der Gruft - St\u00f6rungsmelder","isPartOf":{"@id":"https:\/\/blog.zeit.de\/stoerungsmelder\/#website"},"datePublished":"2010-08-18T08:55:00+00:00","dateModified":"2010-08-18T12:48:41+00:00","author":{"@id":"https:\/\/blog.zeit.de\/stoerungsmelder\/#\/schema\/person\/36c66b1a7a2ff6e8ac09f8782af00536"},"breadcrumb":{"@id":"https:\/\/blog.zeit.de\/stoerungsmelder\/2010\/08\/18\/altermedia-nazi-propaganda-aus-der-gruft_4320#breadcrumb"},"inLanguage":"de","potentialAction":[{"@type":"ReadAction","target":["https:\/\/blog.zeit.de\/stoerungsmelder\/2010\/08\/18\/altermedia-nazi-propaganda-aus-der-gruft_4320"]}]},{"@type":"BreadcrumbList","@id":"https:\/\/blog.zeit.de\/stoerungsmelder\/2010\/08\/18\/altermedia-nazi-propaganda-aus-der-gruft_4320#breadcrumb","itemListElement":[{"@type":"ListItem","position":1,"name":"Startseite","item":"https:\/\/blog.zeit.de\/stoerungsmelder"},{"@type":"ListItem","position":2,"name":"Altermedia: Nazi-Propaganda aus der Gruft"}]},{"@type":"WebSite","@id":"https:\/\/blog.zeit.de\/stoerungsmelder\/#website","url":"https:\/\/blog.zeit.de\/stoerungsmelder\/","name":"St\u00f6rungsmelder","description":"Recherchen und Analysen \u00fcber die extreme Rechte","potentialAction":[{"@type":"SearchAction","target":{"@type":"EntryPoint","urlTemplate":"https:\/\/blog.zeit.de\/stoerungsmelder\/?s={search_term_string}"},"query-input":"required name=search_term_string"}],"inLanguage":"de"},{"@type":"Person","@id":"https:\/\/blog.zeit.de\/stoerungsmelder\/#\/schema\/person\/36c66b1a7a2ff6e8ac09f8782af00536","name":"npdbloginfo","image":{"@type":"ImageObject","inLanguage":"de","@id":"https:\/\/blog.zeit.de\/stoerungsmelder\/#\/schema\/person\/image\/","url":"https:\/\/secure.gravatar.com\/avatar\/d788862a9764e18d9d9d94bed018327dcbdccc6776903d0eb9d6e0658888a017?s=96&d=mm&r=pg","contentUrl":"https:\/\/secure.gravatar.com\/avatar\/d788862a9764e18d9d9d94bed018327dcbdccc6776903d0eb9d6e0658888a017?s=96&d=mm&r=pg","caption":"npdbloginfo"},"description":"Das Watchblog NPD-BLOG.INFO berichtet seit 2005 kontinuierlich \u00fcber die rechtsextreme NPD.","sameAs":["http:\/\/npd-blog.info"],"url":"https:\/\/blog.zeit.de\/stoerungsmelder\/author\/npdbloginfo"}]}},"jetpack_featured_media_url":"","jetpack_sharing_enabled":true,"_links":{"self":[{"href":"https:\/\/blog.zeit.de\/stoerungsmelder\/wp-json\/wp\/v2\/posts\/4320","targetHints":{"allow":["GET"]}}],"collection":[{"href":"https:\/\/blog.zeit.de\/stoerungsmelder\/wp-json\/wp\/v2\/posts"}],"about":[{"href":"https:\/\/blog.zeit.de\/stoerungsmelder\/wp-json\/wp\/v2\/types\/post"}],"author":[{"embeddable":true,"href":"https:\/\/blog.zeit.de\/stoerungsmelder\/wp-json\/wp\/v2\/users\/295"}],"replies":[{"embeddable":true,"href":"https:\/\/blog.zeit.de\/stoerungsmelder\/wp-json\/wp\/v2\/comments?post=4320"}],"version-history":[{"count":0,"href":"https:\/\/blog.zeit.de\/stoerungsmelder\/wp-json\/wp\/v2\/posts\/4320\/revisions"}],"wp:attachment":[{"href":"https:\/\/blog.zeit.de\/stoerungsmelder\/wp-json\/wp\/v2\/media?parent=4320"}],"wp:term":[{"taxonomy":"category","embeddable":true,"href":"https:\/\/blog.zeit.de\/stoerungsmelder\/wp-json\/wp\/v2\/categories?post=4320"},{"taxonomy":"post_tag","embeddable":true,"href":"https:\/\/blog.zeit.de\/stoerungsmelder\/wp-json\/wp\/v2\/tags?post=4320"}],"curies":[{"name":"wp","href":"https:\/\/api.w.org\/{rel}","templated":true}]}}