{"id":4371,"date":"2010-08-21T11:00:36","date_gmt":"2010-08-21T09:00:36","guid":{"rendered":"http:\/\/blog.zeit.de\/stoerungsmelder\/?p=4371"},"modified":"2010-08-21T11:00:36","modified_gmt":"2010-08-21T09:00:36","slug":"braune-geschichtsverdrehung-in-dortmund","status":"publish","type":"post","link":"https:\/\/blog.zeit.de\/stoerungsmelder\/2010\/08\/21\/braune-geschichtsverdrehung-in-dortmund_4371","title":{"rendered":"Braune Geschichtsverdrehung in Dortmund"},"content":{"rendered":"<p><a href=\"https:\/\/blog.zeit.de\/stoerungsmelder\/files\/2010\/08\/dortmund.jpg\"><img loading=\"lazy\" decoding=\"async\" class=\"aligncenter size-full wp-image-4372\" title=\"dortmund\" src=\"https:\/\/blog.zeit.de\/stoerungsmelder\/files\/2010\/08\/dortmund.jpg\" alt=\"\" width=\"538\" height=\"168\" srcset=\"https:\/\/blog.zeit.de\/stoerungsmelder\/files\/2010\/08\/dortmund.jpg 780w, https:\/\/blog.zeit.de\/stoerungsmelder\/files\/2010\/08\/dortmund-300x93.jpg 300w\" sizes=\"auto, (max-width: 538px) 100vw, 538px\" \/><\/a><\/p>\n<p>Bis zu 1000 Neonazis aus dem gesamten Bundesgebiet und dem umliegenden Ausland wollen zum sechsten Mal in Folge zum so genannten \u201enationalen Antikriegstag\u201c am 4. September in Dortmund aufmarschieren. Dortmund gilt seit langem als Hochburg besonders gewaltbereiter, erlebnisorientierte Nachwuchsnazis. Antifagruppen und B\u00fcrgerinitiativen haben angek\u00fcndigt den Aufmarsch zu verhindern.<!--more--><\/p>\n<p><em>Von Jan Walther<\/em><\/p>\n<p>Ullrich Sierau, Dortmunds Oberb\u00fcrgermeister, findet es unertr\u00e4glich, wenn er daran denkt, dass auch dieses Jahr wieder hunderte Neonazis durch seine Stadt ziehen wollen. In Dortmund sei kein Platz f\u00fcr Rechtsextremismus, Fremdenfeindlichkeit und Antisemitismus, l\u00e4sst er verlauten.<\/p>\n<p>Eigentlich ist der Antikriegstag in der Friedensbewegung entstanden und diente als mahnende Erinnerung an den deutschen \u00dcberfall auf Polen am 1. September 1939 und den damit beginnenden zweiten Weltkrieg. Die Rechtsextremisten missbrauchen diesen Tag jedoch seit einigen Jahren in Dortmund f\u00fcr ihre Zwecke und versuchen, wie auch in Dresden, die Geschichte zu verdrehen.<\/p>\n<p>Das B\u00fcndnis \u201eDortmund stellt sich quer\u201c ruft daher wieder zu einer gro\u00dfen Gegendemonstration in ihrer Stadt auf. Sie wollen den Neonazis am 4. September nicht die Stadt \u00fcberlassen und hoffen den Aufmarsch verhindern zu k\u00f6nnen. Dabei verweist das B\u00fcndnis darauf, dass sich Dortmund \u201ein den vergangenen Jahren zu einer Hochburg militanter Neonazis entwickelt\u201c habe. Es gibt unter anderem Politik und Polizei eine Mitschuld f\u00fcr das Erstarken der rechten Szene Dortmund. Die Polizei habe die Taten der Neonazis stets verharmlost, obwohl seit dem Jahr 2000 vier Menschen von Neonazis in Dortmund ermordet worden seien. Auch bei rechtsextremen Konzerten und Veranstaltungen schritt die Polizei nicht ein. Inzwischen gab es aus der militanten Naziszene <a href=\"https:\/\/blog.zeit.de\/stoerungsmelder\/2009\/11\/20\/allein-unter-nazis-uberlasst-dortmund-den-rechten-das-feld_1985\">wiederholt Bedrohungen<\/a> und <a href=\"http:\/\/www.derwesten.de\/staedte\/dortmund\/Haben-Nazis-Dortmunder-Antifaschisten-bedroht-id3507454.html\">Einsch\u00fcchterungsversuche gegen Anwohner<\/a>, die Proteste gegen Rechts organisieren.<\/p>\n<p>Wie bereits in Dresden, Berlin und Duisburg setzen die Veranstalter der Gegendemonstration dieses Jahr das erste Mal auch in Dortmund auf das zuvor mehrfach erprobte Konzept des gemeinsamen Blockierens. Ihnen ist klar, dass dieses Mittel des Protests bei der Polizei auf starke Gegenwehr sto\u00dfen wird. Allerdings verweisen sie zugleich darauf, \u201edass wir momentan kein anderes Mittel sehen, um den Naziaufmarsch in Dortmund mit obligatorischen Mitteln zu verhindern.\u201c Und weiter hei\u00dft es auf der Internetseite des B\u00fcndnisses, Blockaden w\u00fcrden dabei ein Mittel darstellen, \u201ean dem sich jeder beteiligen kann\u201c. Obgleich es auch andere Wege g\u00e4be, sich an diesem Tag gegen die Rechtsextremisten zu Wort zu melden. Es sind mehrere Aktivit\u00e4ten und Veranstaltungen im Rahmen der Proteste geplant.<\/p>\n<p>Bei dem Naziaufmarsch sind als Redner unter anderem der \u00f6sterreichische Neonazi Gottfried K\u00fcssel und Nazi-Kader Christian Worch, angek\u00fcndigt. Mit Worch wird eine der radikalsten F\u00fchrungskr\u00e4fte aus der Szene bei der Demo anwesend sein. Er war unter anderem an der Planung des heute unter Rechtsextremisten weit verbreiteten Konzepts der \u201eFreien Kameradschaften\u201c beteiligt.<\/p>\n<p>Das B\u00fcndnis \u201eDortmund stellt sich quer\u201c besteht seit 2009 und hat bereits beim Aufmarsch im letzten Jahr viele Menschen f\u00fcr die Gegendemonstration mobilisiert und \u00fcber die Versuche der Neonazis, die Geschichte zu verf\u00e4lschen informiert.<\/p>\n<p>Busse mit Nazigegnern aus M\u00fcnchen, N\u00fcrnberg, Stuttgart, Freiburg, Berlin und Hamburg werden am 4. September in Dortmund erwartet. Auch Dortmunds Oberb\u00fcrgermeister ruft offiziell alle B\u00fcrger auf am 4. September deutlich zu zeigen, dass ihre Stadt f\u00fcr \u201eVielfalt, Toleranz und Demokratie\u201c steht. Bei einer \u201egro\u00dfen, bunten Demonstration f\u00fcr den Frieden\u201c will er sich mit den Menschen geschlossen gegen die Neonazis stellen.<\/p>\n<p><strong>Weitere aktuelle Informationen rund um die Demonstration und das <a href=\"http:\/\/dortmundquer.blogsport.de\/\">Dortmunder B\u00fcndnis finden sich hier<\/a> und auf der <a href=\"http:\/\/s4.blogsport.de\/\">Webseite des Antifa-B\u00fcndnis S4.<\/a><\/strong><\/p>\n","protected":false},"excerpt":{"rendered":"<p>Bis zu 1000 Neonazis aus dem gesamten Bundesgebiet und dem umliegenden Ausland wollen zum sechsten Mal in Folge zum so genannten \u201enationalen Antikriegstag\u201c am 4. September in Dortmund aufmarschieren. Dortmund gilt seit langem als Hochburg besonders gewaltbereiter, erlebnisorientierte Nachwuchsnazis. Antifagruppen und B\u00fcrgerinitiativen haben angek\u00fcndigt den Aufmarsch zu verhindern.<\/p>\n","protected":false},"author":229,"featured_media":0,"comment_status":"open","ping_status":"open","sticky":false,"template":"","format":"standard","meta":{"_jetpack_memberships_contains_paid_content":false,"footnotes":""},"categories":[1291],"tags":[1493,1587,1752,1795,1858,1859],"class_list":["post-4371","post","type-post","status-publish","format-standard","hentry","category-nordrhein-westfalen","tag-autonome-nationalisten","tag-gewalt","tag-protest","tag-sitzblockade","tag-zivilcourage","tag-ziviler-ungehorsam"],"yoast_head":"<!-- This site is optimized with the Yoast SEO plugin v21.0 - https:\/\/yoast.com\/wordpress\/plugins\/seo\/ -->\n<title>Braune Geschichtsverdrehung in Dortmund - St\u00f6rungsmelder<\/title>\n<meta name=\"robots\" content=\"index, follow, max-snippet:-1, max-image-preview:large, max-video-preview:-1\" \/>\n<link rel=\"canonical\" href=\"https:\/\/blog.zeit.de\/stoerungsmelder\/2010\/08\/21\/braune-geschichtsverdrehung-in-dortmund_4371\" \/>\n<meta property=\"og:locale\" content=\"de_DE\" \/>\n<meta property=\"og:type\" content=\"article\" \/>\n<meta property=\"og:title\" content=\"Braune Geschichtsverdrehung in Dortmund - St\u00f6rungsmelder\" \/>\n<meta property=\"og:description\" content=\"Bis zu 1000 Neonazis aus dem gesamten Bundesgebiet und dem umliegenden Ausland wollen zum sechsten Mal in Folge zum so genannten \u201enationalen Antikriegstag\u201c am 4. September in Dortmund aufmarschieren. Dortmund gilt seit langem als Hochburg besonders gewaltbereiter, erlebnisorientierte Nachwuchsnazis. Antifagruppen und B\u00fcrgerinitiativen haben angek\u00fcndigt den Aufmarsch zu verhindern.\" \/>\n<meta property=\"og:url\" content=\"https:\/\/blog.zeit.de\/stoerungsmelder\/2010\/08\/21\/braune-geschichtsverdrehung-in-dortmund_4371\" \/>\n<meta property=\"og:site_name\" content=\"St\u00f6rungsmelder\" \/>\n<meta property=\"article:published_time\" content=\"2010-08-21T09:00:36+00:00\" \/>\n<meta property=\"og:image\" content=\"https:\/\/blog.zeit.de\/stoerungsmelder\/files\/2010\/08\/dortmund.jpg\" \/>\n<meta name=\"author\" content=\"St\u00f6rungsmelder\" \/>\n<meta name=\"twitter:card\" content=\"summary_large_image\" \/>\n<meta name=\"twitter:label1\" content=\"Geschrieben von\" \/>\n\t<meta name=\"twitter:data1\" content=\"St\u00f6rungsmelder\" \/>\n\t<meta name=\"twitter:label2\" content=\"Gesch\u00e4tzte Lesezeit\" \/>\n\t<meta name=\"twitter:data2\" content=\"3\u00a0Minuten\" \/>\n<script type=\"application\/ld+json\" class=\"yoast-schema-graph\">{\"@context\":\"https:\/\/schema.org\",\"@graph\":[{\"@type\":\"WebPage\",\"@id\":\"https:\/\/blog.zeit.de\/stoerungsmelder\/2010\/08\/21\/braune-geschichtsverdrehung-in-dortmund_4371\",\"url\":\"https:\/\/blog.zeit.de\/stoerungsmelder\/2010\/08\/21\/braune-geschichtsverdrehung-in-dortmund_4371\",\"name\":\"Braune Geschichtsverdrehung in Dortmund - St\u00f6rungsmelder\",\"isPartOf\":{\"@id\":\"https:\/\/blog.zeit.de\/stoerungsmelder\/#website\"},\"datePublished\":\"2010-08-21T09:00:36+00:00\",\"dateModified\":\"2010-08-21T09:00:36+00:00\",\"author\":{\"@id\":\"https:\/\/blog.zeit.de\/stoerungsmelder\/#\/schema\/person\/fdd0b9818f65738672810b6d6f037f71\"},\"breadcrumb\":{\"@id\":\"https:\/\/blog.zeit.de\/stoerungsmelder\/2010\/08\/21\/braune-geschichtsverdrehung-in-dortmund_4371#breadcrumb\"},\"inLanguage\":\"de\",\"potentialAction\":[{\"@type\":\"ReadAction\",\"target\":[\"https:\/\/blog.zeit.de\/stoerungsmelder\/2010\/08\/21\/braune-geschichtsverdrehung-in-dortmund_4371\"]}]},{\"@type\":\"BreadcrumbList\",\"@id\":\"https:\/\/blog.zeit.de\/stoerungsmelder\/2010\/08\/21\/braune-geschichtsverdrehung-in-dortmund_4371#breadcrumb\",\"itemListElement\":[{\"@type\":\"ListItem\",\"position\":1,\"name\":\"Startseite\",\"item\":\"https:\/\/blog.zeit.de\/stoerungsmelder\"},{\"@type\":\"ListItem\",\"position\":2,\"name\":\"Braune Geschichtsverdrehung in Dortmund\"}]},{\"@type\":\"WebSite\",\"@id\":\"https:\/\/blog.zeit.de\/stoerungsmelder\/#website\",\"url\":\"https:\/\/blog.zeit.de\/stoerungsmelder\/\",\"name\":\"St\u00f6rungsmelder\",\"description\":\"Recherchen und Analysen \u00fcber die extreme Rechte\",\"potentialAction\":[{\"@type\":\"SearchAction\",\"target\":{\"@type\":\"EntryPoint\",\"urlTemplate\":\"https:\/\/blog.zeit.de\/stoerungsmelder\/?s={search_term_string}\"},\"query-input\":\"required name=search_term_string\"}],\"inLanguage\":\"de\"},{\"@type\":\"Person\",\"@id\":\"https:\/\/blog.zeit.de\/stoerungsmelder\/#\/schema\/person\/fdd0b9818f65738672810b6d6f037f71\",\"name\":\"St\u00f6rungsmelder\",\"image\":{\"@type\":\"ImageObject\",\"inLanguage\":\"de\",\"@id\":\"https:\/\/blog.zeit.de\/stoerungsmelder\/#\/schema\/person\/image\/\",\"url\":\"https:\/\/secure.gravatar.com\/avatar\/dfa4be514c3e82a71e4f9a0020035d38192d080ccaa5e4e6d7a1472c763535c5?s=96&d=mm&r=pg\",\"contentUrl\":\"https:\/\/secure.gravatar.com\/avatar\/dfa4be514c3e82a71e4f9a0020035d38192d080ccaa5e4e6d7a1472c763535c5?s=96&d=mm&r=pg\",\"caption\":\"St\u00f6rungsmelder\"},\"url\":\"https:\/\/blog.zeit.de\/stoerungsmelder\/author\/stoerungsmelder\"}]}<\/script>\n<!-- \/ Yoast SEO plugin. -->","yoast_head_json":{"title":"Braune Geschichtsverdrehung in Dortmund - St\u00f6rungsmelder","robots":{"index":"index","follow":"follow","max-snippet":"max-snippet:-1","max-image-preview":"max-image-preview:large","max-video-preview":"max-video-preview:-1"},"canonical":"https:\/\/blog.zeit.de\/stoerungsmelder\/2010\/08\/21\/braune-geschichtsverdrehung-in-dortmund_4371","og_locale":"de_DE","og_type":"article","og_title":"Braune Geschichtsverdrehung in Dortmund - St\u00f6rungsmelder","og_description":"Bis zu 1000 Neonazis aus dem gesamten Bundesgebiet und dem umliegenden Ausland wollen zum sechsten Mal in Folge zum so genannten \u201enationalen Antikriegstag\u201c am 4. September in Dortmund aufmarschieren. Dortmund gilt seit langem als Hochburg besonders gewaltbereiter, erlebnisorientierte Nachwuchsnazis. Antifagruppen und B\u00fcrgerinitiativen haben angek\u00fcndigt den Aufmarsch zu verhindern.","og_url":"https:\/\/blog.zeit.de\/stoerungsmelder\/2010\/08\/21\/braune-geschichtsverdrehung-in-dortmund_4371","og_site_name":"St\u00f6rungsmelder","article_published_time":"2010-08-21T09:00:36+00:00","og_image":[{"url":"https:\/\/blog.zeit.de\/stoerungsmelder\/files\/2010\/08\/dortmund.jpg"}],"author":"St\u00f6rungsmelder","twitter_card":"summary_large_image","twitter_misc":{"Geschrieben von":"St\u00f6rungsmelder","Gesch\u00e4tzte Lesezeit":"3\u00a0Minuten"},"schema":{"@context":"https:\/\/schema.org","@graph":[{"@type":"WebPage","@id":"https:\/\/blog.zeit.de\/stoerungsmelder\/2010\/08\/21\/braune-geschichtsverdrehung-in-dortmund_4371","url":"https:\/\/blog.zeit.de\/stoerungsmelder\/2010\/08\/21\/braune-geschichtsverdrehung-in-dortmund_4371","name":"Braune Geschichtsverdrehung in Dortmund - St\u00f6rungsmelder","isPartOf":{"@id":"https:\/\/blog.zeit.de\/stoerungsmelder\/#website"},"datePublished":"2010-08-21T09:00:36+00:00","dateModified":"2010-08-21T09:00:36+00:00","author":{"@id":"https:\/\/blog.zeit.de\/stoerungsmelder\/#\/schema\/person\/fdd0b9818f65738672810b6d6f037f71"},"breadcrumb":{"@id":"https:\/\/blog.zeit.de\/stoerungsmelder\/2010\/08\/21\/braune-geschichtsverdrehung-in-dortmund_4371#breadcrumb"},"inLanguage":"de","potentialAction":[{"@type":"ReadAction","target":["https:\/\/blog.zeit.de\/stoerungsmelder\/2010\/08\/21\/braune-geschichtsverdrehung-in-dortmund_4371"]}]},{"@type":"BreadcrumbList","@id":"https:\/\/blog.zeit.de\/stoerungsmelder\/2010\/08\/21\/braune-geschichtsverdrehung-in-dortmund_4371#breadcrumb","itemListElement":[{"@type":"ListItem","position":1,"name":"Startseite","item":"https:\/\/blog.zeit.de\/stoerungsmelder"},{"@type":"ListItem","position":2,"name":"Braune Geschichtsverdrehung in Dortmund"}]},{"@type":"WebSite","@id":"https:\/\/blog.zeit.de\/stoerungsmelder\/#website","url":"https:\/\/blog.zeit.de\/stoerungsmelder\/","name":"St\u00f6rungsmelder","description":"Recherchen und Analysen \u00fcber die extreme Rechte","potentialAction":[{"@type":"SearchAction","target":{"@type":"EntryPoint","urlTemplate":"https:\/\/blog.zeit.de\/stoerungsmelder\/?s={search_term_string}"},"query-input":"required name=search_term_string"}],"inLanguage":"de"},{"@type":"Person","@id":"https:\/\/blog.zeit.de\/stoerungsmelder\/#\/schema\/person\/fdd0b9818f65738672810b6d6f037f71","name":"St\u00f6rungsmelder","image":{"@type":"ImageObject","inLanguage":"de","@id":"https:\/\/blog.zeit.de\/stoerungsmelder\/#\/schema\/person\/image\/","url":"https:\/\/secure.gravatar.com\/avatar\/dfa4be514c3e82a71e4f9a0020035d38192d080ccaa5e4e6d7a1472c763535c5?s=96&d=mm&r=pg","contentUrl":"https:\/\/secure.gravatar.com\/avatar\/dfa4be514c3e82a71e4f9a0020035d38192d080ccaa5e4e6d7a1472c763535c5?s=96&d=mm&r=pg","caption":"St\u00f6rungsmelder"},"url":"https:\/\/blog.zeit.de\/stoerungsmelder\/author\/stoerungsmelder"}]}},"jetpack_featured_media_url":"","jetpack_sharing_enabled":true,"_links":{"self":[{"href":"https:\/\/blog.zeit.de\/stoerungsmelder\/wp-json\/wp\/v2\/posts\/4371","targetHints":{"allow":["GET"]}}],"collection":[{"href":"https:\/\/blog.zeit.de\/stoerungsmelder\/wp-json\/wp\/v2\/posts"}],"about":[{"href":"https:\/\/blog.zeit.de\/stoerungsmelder\/wp-json\/wp\/v2\/types\/post"}],"author":[{"embeddable":true,"href":"https:\/\/blog.zeit.de\/stoerungsmelder\/wp-json\/wp\/v2\/users\/229"}],"replies":[{"embeddable":true,"href":"https:\/\/blog.zeit.de\/stoerungsmelder\/wp-json\/wp\/v2\/comments?post=4371"}],"version-history":[{"count":0,"href":"https:\/\/blog.zeit.de\/stoerungsmelder\/wp-json\/wp\/v2\/posts\/4371\/revisions"}],"wp:attachment":[{"href":"https:\/\/blog.zeit.de\/stoerungsmelder\/wp-json\/wp\/v2\/media?parent=4371"}],"wp:term":[{"taxonomy":"category","embeddable":true,"href":"https:\/\/blog.zeit.de\/stoerungsmelder\/wp-json\/wp\/v2\/categories?post=4371"},{"taxonomy":"post_tag","embeddable":true,"href":"https:\/\/blog.zeit.de\/stoerungsmelder\/wp-json\/wp\/v2\/tags?post=4371"}],"curies":[{"name":"wp","href":"https:\/\/api.w.org\/{rel}","templated":true}]}}