{"id":4459,"date":"2010-08-29T09:08:48","date_gmt":"2010-08-29T07:08:48","guid":{"rendered":"http:\/\/blog.zeit.de\/stoerungsmelder\/?p=4459"},"modified":"2010-08-29T09:08:48","modified_gmt":"2010-08-29T07:08:48","slug":"erneuter-brandanschlag-in-dobeln","status":"publish","type":"post","link":"https:\/\/blog.zeit.de\/stoerungsmelder\/2010\/08\/29\/erneuter-brandanschlag-in-dobeln_4459","title":{"rendered":"Erneuter Brandanschlag in D\u00f6beln"},"content":{"rendered":"<p>In der Nacht vom 25.08.2010 auf den 26.08.2010 entz\u00fcndeten bisher noch unbekannte T\u00e4terInnen gegen 2 Uhr ein Transparent an der Hausfassade des Treibhaus e.V. D\u00f6beln. Das Transparent richtete sich mit seiner Aussage gegen die g\u00e4ngige Abschiebepraxis und war in ca. 3 Meter H\u00f6he \u00fcber dem B\u00fcrgersteig an der Hausfassade befestigt. BesucherInnen des vom Treibhaus e.V. betriebenen Caf\u00e9 Courage, welches sich im Haus befindet, bemerkten den Brand erst mit Verz\u00f6gerung und alarmierten daraufhin die Polizei.<!--more--><\/p>\n<p><em>Statement des Vereins Treibhaus e.V.<\/em><\/p>\n<p>Ein Eingreifen der Feuerwehr war nicht n\u00f6tig. Gl\u00fccklicherweise hatte das Feuer nicht auf die Holzfensterrahmen, an denen das Plakat befestigt war, \u00fcbergegriffen. Personen kamen keine zu Schaden. Zum jetzigen Zeitpunkt muss von einem gezielten Anschlag unter Verwendung von Brandbeschleunigern ausgegangen werden, da BesucherInnen nach dem Brand eine Fl\u00fcssigkeit an den Transparentresten aufgefallen war.<\/p>\n<p>Tags zuvor hatte am D\u00f6belner Amtsgericht der letzte Prozesstag gegen drei Mitglieder der mittlerweile verbotenen Neonazikameradschaft Sturm<br \/>\n34 aus Mittweida stattgefunden. Dieser endete mit einer Einstellung des Verfahrens, einem Freispruch und einer achtmonatigen Freiheitsstrafe ausgesetzt auf 2 Jahre Bew\u00e4hrung f\u00fcr einen der Angeklagten. Den Beschuldigten war vorgeworfen worden, im Februar 2007 an einem \u00dcberfall auf das Caf\u00e9 Courage beteiligt gewesen zu sein, bei dem vier Menschen verletzt wurden. Bei dem \u00dcberfall w\u00e4hrend einer Kabarettveranstaltung hatten die AngreiferInnen B\u00fchnentechnik und Inneneinreichtung demoliert und verletzten eine Frau so schwer, dass sie nach not\u00e4rztlicher Erstversorgung ins Krankenhaus eingeliefert werden musste.<\/p>\n<p>Dreieinhalb Jahre nach dem \u00dcbergriff gelang es indes nicht, h\u00f6here Strafen gegen die Beschuldigten zu erwirken, da sich nach der gro\u00dfen Zeitspanne zwischen dem \u00dcberfall und der Gerichtsverhandlung Widerspr\u00fcche in den Aussagen von ZeugInnen ergaben. Mitglieder der lokalen Neonaziszene verlie\u00dfen den Gerichtssaal daraufhin nach der Urteilsverk\u00fcndigung mit einem Siegerl\u00e4cheln und fuhren hupend davon.<\/p>\n<p>Stefan Brauneis, Pressesprecher des Treibhaus e.V. nannte das Urteil eine Entt\u00e4uschung. &#8222;Der Brandanschlag einen Tag nach der Gerichtsverhandlung zeigt: Solch milde Urteile helfen nicht, militante Neonazis von gewaltsamen Einsch\u00fcchterungsversuchen abzubringen.&#8220; Wo Menschen mittels Gewalt an der Aus\u00fcbung ihrer demokratischen Grundrechte gehindert werden sollen, m\u00fcsse der Staat mit besonderem Nachdruck aktiv werden. Brauneis weiter: &#8222;Rechtsextreme \u00dcbergriffe m\u00fcssen bei der Staatsanwaltschaft mit besonderer Priorit\u00e4t behandelt werden. Es ist nicht hinnehmbar, dass rechte Gewaltt\u00e4terInnen ihren Kopf aus der Schlinge ziehen k\u00f6nnen, weil die Verfahren erst nach Jahren zum Abschluss kommen.&#8220; Zudem sei es notwendig, solche Verfahren besonders intensiv vorzubereiten. So d\u00fcrfe es z.B. nicht passieren, dass weder RichterIn noch Staatsanwaltwaltschaft \u00fcber weitere laufende Verfahren von ZeugInnen oder Beschuldigten informiert seien.<\/p>\n<p>Kati Voigt, Mitarbeiterin des Treibhaus e.V. erg\u00e4nzt: &#8222;Seit Jahren weisen wir als Verein darauf hin, dass die lokale Neonaziszene ein Objekt in der Reichensteinstra\u00dfe als R\u00fcckzugsraum und Konzerthalle benutzt. Es ist bekannt, dass das Geb\u00e4ude wichtig f\u00fcr die Szene ist, um sich zu organisieren und Strukturen zu festigen. Dennoch ist dies bis heute kein Thema in der Stadt. Initiativen gegen die Nutzung des Objekts durch Neonazis w\u00e4ren aber dringend angezeigt.&#8220;<\/p>\n<p>Erst vor sechs Wochen waren Brandstiftungen auf die Autos einer Mitarbeiterin des Treibhaus e.V. und eines weiteren Vereinsmitglieds ver\u00fcbt worden. Auch damals wurden Rechtsextremisten hinter den Anschl\u00e4gen vermutet. Nach anf\u00e4nglich z\u00f6gerlichen Aussagen der Polizei zum m\u00f6glichen Tathintergrund werden diese Brandanschl\u00e4ge nun auch in der polizeilichen Kriminalit\u00e4tsstatistik unter dem Titel &#8222;Politisch motivierte Kriminalit\u00e4t &#8212; rechts&#8220; gef\u00fchrt. Dies geht aus einer Kleinen Anfrage der Landtagsabgeordneten Kerstin K\u00f6ditz (Drs 5\/3156) hervor. Die Ermittlungen der SOKO Rex haben bisher noch nicht zur Feststellung von Tatverd\u00e4chtigen gef\u00fchrt.<\/p>\n","protected":false},"excerpt":{"rendered":"<p>In der Nacht vom 25.08.2010 auf den 26.08.2010 entz\u00fcndeten bisher noch unbekannte T\u00e4terInnen gegen 2 Uhr ein Transparent an der Hausfassade des Treibhaus e.V. D\u00f6beln. Das Transparent richtete sich mit seiner Aussage gegen die g\u00e4ngige Abschiebepraxis und war in ca. 3 Meter H\u00f6he \u00fcber dem B\u00fcrgersteig an der Hausfassade befestigt. BesucherInnen des vom Treibhaus e.V. [&hellip;]<\/p>\n","protected":false},"author":229,"featured_media":0,"comment_status":"open","ping_status":"open","sticky":false,"template":"","format":"standard","meta":{"_jetpack_memberships_contains_paid_content":false,"footnotes":""},"categories":[1,1456],"tags":[1511,1638,1810],"class_list":["post-4459","post","type-post","status-publish","format-standard","hentry","category-allgemein","category-sachsen","tag-brandanschlag","tag-justiz","tag-sturm-34"],"yoast_head":"<!-- This site is optimized with the Yoast SEO plugin v21.0 - https:\/\/yoast.com\/wordpress\/plugins\/seo\/ -->\n<title>Erneuter Brandanschlag in D\u00f6beln - St\u00f6rungsmelder<\/title>\n<meta name=\"robots\" content=\"index, follow, max-snippet:-1, max-image-preview:large, max-video-preview:-1\" \/>\n<link rel=\"canonical\" href=\"https:\/\/blog.zeit.de\/stoerungsmelder\/2010\/08\/29\/erneuter-brandanschlag-in-dobeln_4459\" \/>\n<meta property=\"og:locale\" content=\"de_DE\" \/>\n<meta property=\"og:type\" content=\"article\" \/>\n<meta property=\"og:title\" content=\"Erneuter Brandanschlag in D\u00f6beln - St\u00f6rungsmelder\" \/>\n<meta property=\"og:description\" content=\"In der Nacht vom 25.08.2010 auf den 26.08.2010 entz\u00fcndeten bisher noch unbekannte T\u00e4terInnen gegen 2 Uhr ein Transparent an der Hausfassade des Treibhaus e.V. D\u00f6beln. Das Transparent richtete sich mit seiner Aussage gegen die g\u00e4ngige Abschiebepraxis und war in ca. 3 Meter H\u00f6he \u00fcber dem B\u00fcrgersteig an der Hausfassade befestigt. BesucherInnen des vom Treibhaus e.V. [&hellip;]\" \/>\n<meta property=\"og:url\" content=\"https:\/\/blog.zeit.de\/stoerungsmelder\/2010\/08\/29\/erneuter-brandanschlag-in-dobeln_4459\" \/>\n<meta property=\"og:site_name\" content=\"St\u00f6rungsmelder\" \/>\n<meta property=\"article:published_time\" content=\"2010-08-29T07:08:48+00:00\" \/>\n<meta name=\"author\" content=\"St\u00f6rungsmelder\" \/>\n<meta name=\"twitter:card\" content=\"summary_large_image\" \/>\n<meta name=\"twitter:label1\" content=\"Geschrieben von\" \/>\n\t<meta name=\"twitter:data1\" content=\"St\u00f6rungsmelder\" \/>\n\t<meta name=\"twitter:label2\" content=\"Gesch\u00e4tzte Lesezeit\" \/>\n\t<meta name=\"twitter:data2\" content=\"3\u00a0Minuten\" \/>\n<script type=\"application\/ld+json\" class=\"yoast-schema-graph\">{\"@context\":\"https:\/\/schema.org\",\"@graph\":[{\"@type\":\"WebPage\",\"@id\":\"https:\/\/blog.zeit.de\/stoerungsmelder\/2010\/08\/29\/erneuter-brandanschlag-in-dobeln_4459\",\"url\":\"https:\/\/blog.zeit.de\/stoerungsmelder\/2010\/08\/29\/erneuter-brandanschlag-in-dobeln_4459\",\"name\":\"Erneuter Brandanschlag in D\u00f6beln - St\u00f6rungsmelder\",\"isPartOf\":{\"@id\":\"https:\/\/blog.zeit.de\/stoerungsmelder\/#website\"},\"datePublished\":\"2010-08-29T07:08:48+00:00\",\"dateModified\":\"2010-08-29T07:08:48+00:00\",\"author\":{\"@id\":\"https:\/\/blog.zeit.de\/stoerungsmelder\/#\/schema\/person\/fdd0b9818f65738672810b6d6f037f71\"},\"breadcrumb\":{\"@id\":\"https:\/\/blog.zeit.de\/stoerungsmelder\/2010\/08\/29\/erneuter-brandanschlag-in-dobeln_4459#breadcrumb\"},\"inLanguage\":\"de\",\"potentialAction\":[{\"@type\":\"ReadAction\",\"target\":[\"https:\/\/blog.zeit.de\/stoerungsmelder\/2010\/08\/29\/erneuter-brandanschlag-in-dobeln_4459\"]}]},{\"@type\":\"BreadcrumbList\",\"@id\":\"https:\/\/blog.zeit.de\/stoerungsmelder\/2010\/08\/29\/erneuter-brandanschlag-in-dobeln_4459#breadcrumb\",\"itemListElement\":[{\"@type\":\"ListItem\",\"position\":1,\"name\":\"Startseite\",\"item\":\"https:\/\/blog.zeit.de\/stoerungsmelder\"},{\"@type\":\"ListItem\",\"position\":2,\"name\":\"Erneuter Brandanschlag in D\u00f6beln\"}]},{\"@type\":\"WebSite\",\"@id\":\"https:\/\/blog.zeit.de\/stoerungsmelder\/#website\",\"url\":\"https:\/\/blog.zeit.de\/stoerungsmelder\/\",\"name\":\"St\u00f6rungsmelder\",\"description\":\"Recherchen und Analysen \u00fcber die extreme Rechte\",\"potentialAction\":[{\"@type\":\"SearchAction\",\"target\":{\"@type\":\"EntryPoint\",\"urlTemplate\":\"https:\/\/blog.zeit.de\/stoerungsmelder\/?s={search_term_string}\"},\"query-input\":\"required name=search_term_string\"}],\"inLanguage\":\"de\"},{\"@type\":\"Person\",\"@id\":\"https:\/\/blog.zeit.de\/stoerungsmelder\/#\/schema\/person\/fdd0b9818f65738672810b6d6f037f71\",\"name\":\"St\u00f6rungsmelder\",\"image\":{\"@type\":\"ImageObject\",\"inLanguage\":\"de\",\"@id\":\"https:\/\/blog.zeit.de\/stoerungsmelder\/#\/schema\/person\/image\/\",\"url\":\"https:\/\/secure.gravatar.com\/avatar\/dfa4be514c3e82a71e4f9a0020035d38192d080ccaa5e4e6d7a1472c763535c5?s=96&d=mm&r=pg\",\"contentUrl\":\"https:\/\/secure.gravatar.com\/avatar\/dfa4be514c3e82a71e4f9a0020035d38192d080ccaa5e4e6d7a1472c763535c5?s=96&d=mm&r=pg\",\"caption\":\"St\u00f6rungsmelder\"},\"url\":\"https:\/\/blog.zeit.de\/stoerungsmelder\/author\/stoerungsmelder\"}]}<\/script>\n<!-- \/ Yoast SEO plugin. -->","yoast_head_json":{"title":"Erneuter Brandanschlag in D\u00f6beln - St\u00f6rungsmelder","robots":{"index":"index","follow":"follow","max-snippet":"max-snippet:-1","max-image-preview":"max-image-preview:large","max-video-preview":"max-video-preview:-1"},"canonical":"https:\/\/blog.zeit.de\/stoerungsmelder\/2010\/08\/29\/erneuter-brandanschlag-in-dobeln_4459","og_locale":"de_DE","og_type":"article","og_title":"Erneuter Brandanschlag in D\u00f6beln - St\u00f6rungsmelder","og_description":"In der Nacht vom 25.08.2010 auf den 26.08.2010 entz\u00fcndeten bisher noch unbekannte T\u00e4terInnen gegen 2 Uhr ein Transparent an der Hausfassade des Treibhaus e.V. D\u00f6beln. Das Transparent richtete sich mit seiner Aussage gegen die g\u00e4ngige Abschiebepraxis und war in ca. 3 Meter H\u00f6he \u00fcber dem B\u00fcrgersteig an der Hausfassade befestigt. BesucherInnen des vom Treibhaus e.V. [&hellip;]","og_url":"https:\/\/blog.zeit.de\/stoerungsmelder\/2010\/08\/29\/erneuter-brandanschlag-in-dobeln_4459","og_site_name":"St\u00f6rungsmelder","article_published_time":"2010-08-29T07:08:48+00:00","author":"St\u00f6rungsmelder","twitter_card":"summary_large_image","twitter_misc":{"Geschrieben von":"St\u00f6rungsmelder","Gesch\u00e4tzte Lesezeit":"3\u00a0Minuten"},"schema":{"@context":"https:\/\/schema.org","@graph":[{"@type":"WebPage","@id":"https:\/\/blog.zeit.de\/stoerungsmelder\/2010\/08\/29\/erneuter-brandanschlag-in-dobeln_4459","url":"https:\/\/blog.zeit.de\/stoerungsmelder\/2010\/08\/29\/erneuter-brandanschlag-in-dobeln_4459","name":"Erneuter Brandanschlag in D\u00f6beln - St\u00f6rungsmelder","isPartOf":{"@id":"https:\/\/blog.zeit.de\/stoerungsmelder\/#website"},"datePublished":"2010-08-29T07:08:48+00:00","dateModified":"2010-08-29T07:08:48+00:00","author":{"@id":"https:\/\/blog.zeit.de\/stoerungsmelder\/#\/schema\/person\/fdd0b9818f65738672810b6d6f037f71"},"breadcrumb":{"@id":"https:\/\/blog.zeit.de\/stoerungsmelder\/2010\/08\/29\/erneuter-brandanschlag-in-dobeln_4459#breadcrumb"},"inLanguage":"de","potentialAction":[{"@type":"ReadAction","target":["https:\/\/blog.zeit.de\/stoerungsmelder\/2010\/08\/29\/erneuter-brandanschlag-in-dobeln_4459"]}]},{"@type":"BreadcrumbList","@id":"https:\/\/blog.zeit.de\/stoerungsmelder\/2010\/08\/29\/erneuter-brandanschlag-in-dobeln_4459#breadcrumb","itemListElement":[{"@type":"ListItem","position":1,"name":"Startseite","item":"https:\/\/blog.zeit.de\/stoerungsmelder"},{"@type":"ListItem","position":2,"name":"Erneuter Brandanschlag in D\u00f6beln"}]},{"@type":"WebSite","@id":"https:\/\/blog.zeit.de\/stoerungsmelder\/#website","url":"https:\/\/blog.zeit.de\/stoerungsmelder\/","name":"St\u00f6rungsmelder","description":"Recherchen und Analysen \u00fcber die extreme Rechte","potentialAction":[{"@type":"SearchAction","target":{"@type":"EntryPoint","urlTemplate":"https:\/\/blog.zeit.de\/stoerungsmelder\/?s={search_term_string}"},"query-input":"required name=search_term_string"}],"inLanguage":"de"},{"@type":"Person","@id":"https:\/\/blog.zeit.de\/stoerungsmelder\/#\/schema\/person\/fdd0b9818f65738672810b6d6f037f71","name":"St\u00f6rungsmelder","image":{"@type":"ImageObject","inLanguage":"de","@id":"https:\/\/blog.zeit.de\/stoerungsmelder\/#\/schema\/person\/image\/","url":"https:\/\/secure.gravatar.com\/avatar\/dfa4be514c3e82a71e4f9a0020035d38192d080ccaa5e4e6d7a1472c763535c5?s=96&d=mm&r=pg","contentUrl":"https:\/\/secure.gravatar.com\/avatar\/dfa4be514c3e82a71e4f9a0020035d38192d080ccaa5e4e6d7a1472c763535c5?s=96&d=mm&r=pg","caption":"St\u00f6rungsmelder"},"url":"https:\/\/blog.zeit.de\/stoerungsmelder\/author\/stoerungsmelder"}]}},"jetpack_featured_media_url":"","jetpack_sharing_enabled":true,"_links":{"self":[{"href":"https:\/\/blog.zeit.de\/stoerungsmelder\/wp-json\/wp\/v2\/posts\/4459","targetHints":{"allow":["GET"]}}],"collection":[{"href":"https:\/\/blog.zeit.de\/stoerungsmelder\/wp-json\/wp\/v2\/posts"}],"about":[{"href":"https:\/\/blog.zeit.de\/stoerungsmelder\/wp-json\/wp\/v2\/types\/post"}],"author":[{"embeddable":true,"href":"https:\/\/blog.zeit.de\/stoerungsmelder\/wp-json\/wp\/v2\/users\/229"}],"replies":[{"embeddable":true,"href":"https:\/\/blog.zeit.de\/stoerungsmelder\/wp-json\/wp\/v2\/comments?post=4459"}],"version-history":[{"count":0,"href":"https:\/\/blog.zeit.de\/stoerungsmelder\/wp-json\/wp\/v2\/posts\/4459\/revisions"}],"wp:attachment":[{"href":"https:\/\/blog.zeit.de\/stoerungsmelder\/wp-json\/wp\/v2\/media?parent=4459"}],"wp:term":[{"taxonomy":"category","embeddable":true,"href":"https:\/\/blog.zeit.de\/stoerungsmelder\/wp-json\/wp\/v2\/categories?post=4459"},{"taxonomy":"post_tag","embeddable":true,"href":"https:\/\/blog.zeit.de\/stoerungsmelder\/wp-json\/wp\/v2\/tags?post=4459"}],"curies":[{"name":"wp","href":"https:\/\/api.w.org\/{rel}","templated":true}]}}