{"id":4464,"date":"2010-08-30T17:36:16","date_gmt":"2010-08-30T15:36:16","guid":{"rendered":"http:\/\/blog.zeit.de\/stoerungsmelder\/?p=4464"},"modified":"2010-08-30T17:38:03","modified_gmt":"2010-08-30T15:38:03","slug":"serie-von-brandanschlagen-in-sachsen","status":"publish","type":"post","link":"https:\/\/blog.zeit.de\/stoerungsmelder\/2010\/08\/30\/serie-von-brandanschlagen-in-sachsen_4464","title":{"rendered":"Serie von Brandanschl\u00e4gen in Sachsen"},"content":{"rendered":"<p>Auf die Begr\u00e4bnishalle des Neuen J\u00fcdischen Friedhofes in Dresden ist laut Medienberichten ein Brandanschlag ver\u00fcbt worden. Unbekannte T\u00e4ter z\u00fcndeten am Morgen des 29. August 2010 die Eingangst\u00fcr an, wie das Landeskriminalamt Sachsen und die Staatsanwaltschaft Dresden demnach mitteilten. Eine Frau bemerkte den Schwelbrand und informierte Polizei und Feuerwehr. Das Feuer an der T\u00fcr konnte gel\u00f6scht werden, weitere Sch\u00e4den an der einstigen Synagoge in Johannstadt konnten verhindert werden. Eine Sonderkommission des Landeskriminalamtes Sachsen ermittelt wegen schwerer Brandstiftung. Der Schaden an der T\u00fcr und dem Geb\u00e4ude bel\u00e4uft sich den Angaben zufolge auf mindestens 5000 Euro.<img loading=\"lazy\" decoding=\"async\" src=\"http:\/\/vg06.met.vgwort.de\/na\/399e3a2a7e8b49919b9ecbed02da2a25\" alt=\"\" width=\"1\" height=\"1\" \/><!--more--><\/p>\n<p style=\"text-align: left;\">Diese Attacke ist nicht der erste Brandanschlag in Sachsen. In den vergangenen Wochen hatte es in dem Bundesland gleich mehrere Anschl\u00e4ge gegeben \u2013 teilweise mutma\u00dflich von Neonazis ver\u00fcbt, teilweise \u201clediglich\u201d ausl\u00e4nderfeindlich motiviert.\u00a0So teilte das Landeskriminalamt am 30. Juli 2010 mit:<\/p>\n<blockquote style=\"text-align: left;\"><p>Gestern Nachmittag hat die Polizei in Freiberg einen 26-j\u00e4hrigen Tatverd\u00e4chtigen festgenommen. Einem Kriminalbeamten der Freiberger Polizei fiel im Stadtgebiet ein Mann auf, auf den die Personenbeschreibung des Gesuchten zutraf. Da der junge Mann keine Ausweispapiere mit sich trug, wurde er zur \u00dcberpr\u00fcfung seiner Angaben zum Polizeirevier gebracht.<br \/>\n\u00a0<br \/>\nBei den nachfolgenden Vernehmungen durch Beamte der SOKO Rex machte der Beschuldigte umfangreiche Angaben zu den Brandanschl\u00e4gen und Sachbesch\u00e4digungen. Als Motivation f\u00fchrte er an, dass die ausl\u00e4ndischen Gesch\u00e4ftsinhaber keinen Beitrag f\u00fcr den wirtschaftlichen Aufschwung in der Region leisten. Sie w\u00fcrden ihre Waren nicht bei \u00f6rtlichen Bauern und Unternehmen einkaufen, sondern bei ihren eigenen Lieferanten und w\u00e4ren somit auch f\u00fcr seine Arbeitslosigkeit verantwortlich. Nach eigenen Angaben hat er grunds\u00e4tzlich keine negative Einstellung zu Ausl\u00e4ndern und ist eindeutig weder dem rechten noch dem linken politischen Spektrum zuzuordnen.\u00a0 Der Freiberger ist der Polizei schon durch Sachbesch\u00e4digungen und Diebst\u00e4hle bekannt.<\/p><\/blockquote>\n<p style=\"text-align: left;\">Bemerkenswert die Begr\u00fcndung des Verd\u00e4chtigen: \u201cAls Motivation f\u00fchrte er an, dass die ausl\u00e4ndischen Gesch\u00e4ftsinhaber keinen Beitrag f\u00fcr den wirtschaftlichen Aufschwung in der Region leisten.\u201d Inhaltlich ganz nah bei den Ausf\u00fchrungen von Thilo Sarrazin.<\/p>\n<p style=\"text-align: left;\">Mitte des Monats brannte es dann in Dresden. Wieder eine Mitteilung des LKA:<\/p>\n<blockquote style=\"text-align: left;\"><p>Am Morgen des 19. August 2010, gegen 3:00 Uhr, kam es aus bisher unbekannter Ursache zu einem Brand im Erdgescho\u00df eines Mehrfamilienhauses in Dresden auf der Columbusstra\u00dfe. Durch das schnelle Eingreifen der Feuerwehr konnte ein \u00dcbergreifen des Feuers im Fensterbereich auf das restliche Geb\u00e4ude verhindert werden. In der betreffenden Wohnung hielten sich zum Zeitpunkt des Brandes keine Personen auf, auch andere Hausbewohner wurden nicht verletzt. Die Mieter des Mehrfamilienhauses sind dem linken politischen Spektrum zuzuordnen. Die Sonderkommission \u201eRex\u201c des Landeskriminalamtes Sachsen hat die Ermittlungen dazu \u00fcbernommen.\u00a0Polizei und Staatsanwaltschaft Dresden ermitteln gemeinsam wegen schwerer Brandstiftung gem\u00e4\u00df\u00a0 \u00a7 306 a StGB.<\/p><\/blockquote>\n<p style=\"text-align: left;\">Und nur f\u00fcnf Tage sp\u00e4ter wurde folgende LKA-Meldung ver\u00f6ffentlicht:<\/p>\n<blockquote style=\"text-align: left;\"><p>Am Dienstag, dem 24.08.2010 zwischen 05.40 Uhr und 05.45 Uhr warf ein\u00a0 bisher unbekannter Mann eine brennende Flasche in das Geb\u00e4ude Robert-Matzke-Stra\u00dfe 16 in Dresden. Dieses Haus bezeichnet sich selbst als linkes antirassistisches Wohnprojekt.\u00a0 An dem Geb\u00e4ude hing ein Bettlaken mit der Parole \u201egegen Nazianschl\u00e4ge\u201c. Die Flasche flog in ein Zimmer im 2. Obergeschoss, in welchem ein Mann schlief. Der Brandsatz fiel auf den Boden und verursachte einen geringen Sachschaden im Zimmer. Der Bewohner konnte die Ausbreitung des Brandes verhindern.<\/p><\/blockquote>\n<p style=\"text-align: left;\">Auch der Brandanschlag auf die j\u00fcdische Begr\u00e4bnishalle am 29. August ist eine antisemitische Attacke von Hunderten in Deutschland. Allein im zweiten Quartal 2010 hatte es fast 300 antisemitische Straftaten gegeben. Insgesamt seien von Anfang April bis Ende Juni dieses Jahres 288 Straftaten mit antisemitischem Hintergrund gemeldet worden, die der politisch rechts motivierten Kriminalit\u00e4t zugeordnet worden seien, berichtet die Bundesregierung in ihrer <a href=\"http:\/\/dip21.bundestag.de\/dip21\/btd\/17\/027\/1702727.pdf\" target=\"_blank\">Antwort\u00a0<\/a> auf eine Kleine Anfrage der Fraktion Die Linke. Darunter befanden sich den Angaben zufolge sechs Gewalttaten. F\u00fcnf Menschen seien infolge der antisemitischen Straftaten verletzt worden.<\/p>\n<p style=\"text-align: left;\"><strong>Brandanschl\u00e4ge und Friedhofssch\u00e4ndungen<\/strong><\/p>\n<p style=\"text-align: left;\">Erst im Mai 2010 war ein <a href=\"http:\/\/npd-blog.info\/2010\/05\/19\/synagoge-worms-10\/\" target=\"_blank\">Brandanschlag auf eine Synagoge in Worms ver\u00fcbt worden<\/a>. Zudem wurden in Deutschland innerhalb von acht Jahren 470 Attacken auf j\u00fcdische Friedh\u00f6fe registriert. Zur einer Anfrage nach der Zahl der Sch\u00e4ndungen j\u00fcdischer Friedh\u00f6fe in Deutschland seit dem Jahr 2000 <a href=\"http:\/\/npd-blog.info\/2009\/10\/15\/regierung-setzt-zahl-hoch-offiziell-46-tote-durch-rechte-gewalt-seit-1990\/\" target=\"_blank\">verwies die Bundesregierung im Oktober 2009 <\/a>darauf, dass dies im Strafgesetzbuch kein eigenst\u00e4ndiges Delikt darstellt. Daher seien zur Beantwortung bei den im Rahmen kriminalpolizeilicher Meldedienste erfassten Daten die antisemitischen Straftaten herausgefiltert worden, \u201dbei denen Friedh\u00f6fe als Angriffsziel genannt worden waren\u201c. Soweit f\u00fcr den Zeitraum der Jahre 2000 bis 2008 noch Datenbest\u00e4nde verf\u00fcgbar gewesen seien, habe die so vorgenommene Recherche ergeben, dass von den Polizeibeh\u00f6rden insgesamt 471 antisemitische Straftaten \u201dmit dem Angriffsziel Friedhof\u201c registriert und insoweit 170 T\u00e4ter beziehungsweise Tatverd\u00e4chtige festgestellt wurden.<\/p>\n<p style=\"text-align: left;\">Siehe auch: <a href=\"http:\/\/npd-blog.info\/2010\/08\/19\/juni-rechte-gewalt-auf-rekordniveau\/\" target=\"_blank\">Juni: Rechte Gewalt auf Rekordniveau<\/a>, <a rel=\"bookmark\" href=\"http:\/\/npd-blog.info\/2010\/08\/03\/aachen-hakenkreuz-200\/\">\u201cFreiheit f\u00fcr Pal\u00e4stina\u201d \u2013 Hakenkreuze in Aachen<\/a>, <a rel=\"bookmark\" href=\"http:\/\/npd-blog.info\/2010\/05\/19\/synagoge-worms-10\/\">Schock \u00fcber Brandanschlag auf Synagoge<\/a><\/p>\n","protected":false},"excerpt":{"rendered":"<p>Auf die Begr\u00e4bnishalle des Neuen J\u00fcdischen Friedhofes in Dresden ist laut Medienberichten ein Brandanschlag ver\u00fcbt worden. Unbekannte T\u00e4ter z\u00fcndeten am Morgen des 29. August 2010 die Eingangst\u00fcr an, wie das Landeskriminalamt Sachsen und die Staatsanwaltschaft Dresden demnach mitteilten. Eine Frau bemerkte den Schwelbrand und informierte Polizei und Feuerwehr. Das Feuer an der T\u00fcr konnte gel\u00f6scht [&hellip;]<\/p>\n","protected":false},"author":295,"featured_media":0,"comment_status":"open","ping_status":"open","sticky":false,"template":"","format":"standard","meta":{"_jetpack_memberships_contains_paid_content":false,"footnotes":""},"categories":[1],"tags":[],"class_list":["post-4464","post","type-post","status-publish","format-standard","hentry","category-allgemein"],"yoast_head":"<!-- This site is optimized with the Yoast SEO plugin v21.0 - https:\/\/yoast.com\/wordpress\/plugins\/seo\/ -->\n<title>Serie von Brandanschl\u00e4gen in Sachsen - St\u00f6rungsmelder<\/title>\n<meta name=\"robots\" content=\"index, follow, max-snippet:-1, max-image-preview:large, max-video-preview:-1\" \/>\n<link rel=\"canonical\" href=\"https:\/\/blog.zeit.de\/stoerungsmelder\/2010\/08\/30\/serie-von-brandanschlagen-in-sachsen_4464\" \/>\n<meta property=\"og:locale\" content=\"de_DE\" \/>\n<meta property=\"og:type\" content=\"article\" \/>\n<meta property=\"og:title\" content=\"Serie von Brandanschl\u00e4gen in Sachsen - St\u00f6rungsmelder\" \/>\n<meta property=\"og:description\" content=\"Auf die Begr\u00e4bnishalle des Neuen J\u00fcdischen Friedhofes in Dresden ist laut Medienberichten ein Brandanschlag ver\u00fcbt worden. Unbekannte T\u00e4ter z\u00fcndeten am Morgen des 29. August 2010 die Eingangst\u00fcr an, wie das Landeskriminalamt Sachsen und die Staatsanwaltschaft Dresden demnach mitteilten. Eine Frau bemerkte den Schwelbrand und informierte Polizei und Feuerwehr. Das Feuer an der T\u00fcr konnte gel\u00f6scht [&hellip;]\" \/>\n<meta property=\"og:url\" content=\"https:\/\/blog.zeit.de\/stoerungsmelder\/2010\/08\/30\/serie-von-brandanschlagen-in-sachsen_4464\" \/>\n<meta property=\"og:site_name\" content=\"St\u00f6rungsmelder\" \/>\n<meta property=\"article:published_time\" content=\"2010-08-30T15:36:16+00:00\" \/>\n<meta property=\"article:modified_time\" content=\"2010-08-30T15:38:03+00:00\" \/>\n<meta property=\"og:image\" content=\"http:\/\/vg06.met.vgwort.de\/na\/399e3a2a7e8b49919b9ecbed02da2a25\" \/>\n<meta name=\"author\" content=\"npdbloginfo\" \/>\n<meta name=\"twitter:card\" content=\"summary_large_image\" \/>\n<meta name=\"twitter:label1\" content=\"Geschrieben von\" \/>\n\t<meta name=\"twitter:data1\" content=\"npdbloginfo\" \/>\n\t<meta name=\"twitter:label2\" content=\"Gesch\u00e4tzte Lesezeit\" \/>\n\t<meta name=\"twitter:data2\" content=\"4\u00a0Minuten\" \/>\n<script type=\"application\/ld+json\" class=\"yoast-schema-graph\">{\"@context\":\"https:\/\/schema.org\",\"@graph\":[{\"@type\":\"WebPage\",\"@id\":\"https:\/\/blog.zeit.de\/stoerungsmelder\/2010\/08\/30\/serie-von-brandanschlagen-in-sachsen_4464\",\"url\":\"https:\/\/blog.zeit.de\/stoerungsmelder\/2010\/08\/30\/serie-von-brandanschlagen-in-sachsen_4464\",\"name\":\"Serie von Brandanschl\u00e4gen in Sachsen - St\u00f6rungsmelder\",\"isPartOf\":{\"@id\":\"https:\/\/blog.zeit.de\/stoerungsmelder\/#website\"},\"datePublished\":\"2010-08-30T15:36:16+00:00\",\"dateModified\":\"2010-08-30T15:38:03+00:00\",\"author\":{\"@id\":\"https:\/\/blog.zeit.de\/stoerungsmelder\/#\/schema\/person\/36c66b1a7a2ff6e8ac09f8782af00536\"},\"breadcrumb\":{\"@id\":\"https:\/\/blog.zeit.de\/stoerungsmelder\/2010\/08\/30\/serie-von-brandanschlagen-in-sachsen_4464#breadcrumb\"},\"inLanguage\":\"de\",\"potentialAction\":[{\"@type\":\"ReadAction\",\"target\":[\"https:\/\/blog.zeit.de\/stoerungsmelder\/2010\/08\/30\/serie-von-brandanschlagen-in-sachsen_4464\"]}]},{\"@type\":\"BreadcrumbList\",\"@id\":\"https:\/\/blog.zeit.de\/stoerungsmelder\/2010\/08\/30\/serie-von-brandanschlagen-in-sachsen_4464#breadcrumb\",\"itemListElement\":[{\"@type\":\"ListItem\",\"position\":1,\"name\":\"Startseite\",\"item\":\"https:\/\/blog.zeit.de\/stoerungsmelder\"},{\"@type\":\"ListItem\",\"position\":2,\"name\":\"Serie von Brandanschl\u00e4gen in Sachsen\"}]},{\"@type\":\"WebSite\",\"@id\":\"https:\/\/blog.zeit.de\/stoerungsmelder\/#website\",\"url\":\"https:\/\/blog.zeit.de\/stoerungsmelder\/\",\"name\":\"St\u00f6rungsmelder\",\"description\":\"Recherchen und Analysen \u00fcber die extreme Rechte\",\"potentialAction\":[{\"@type\":\"SearchAction\",\"target\":{\"@type\":\"EntryPoint\",\"urlTemplate\":\"https:\/\/blog.zeit.de\/stoerungsmelder\/?s={search_term_string}\"},\"query-input\":\"required name=search_term_string\"}],\"inLanguage\":\"de\"},{\"@type\":\"Person\",\"@id\":\"https:\/\/blog.zeit.de\/stoerungsmelder\/#\/schema\/person\/36c66b1a7a2ff6e8ac09f8782af00536\",\"name\":\"npdbloginfo\",\"image\":{\"@type\":\"ImageObject\",\"inLanguage\":\"de\",\"@id\":\"https:\/\/blog.zeit.de\/stoerungsmelder\/#\/schema\/person\/image\/\",\"url\":\"https:\/\/secure.gravatar.com\/avatar\/d788862a9764e18d9d9d94bed018327dcbdccc6776903d0eb9d6e0658888a017?s=96&d=mm&r=pg\",\"contentUrl\":\"https:\/\/secure.gravatar.com\/avatar\/d788862a9764e18d9d9d94bed018327dcbdccc6776903d0eb9d6e0658888a017?s=96&d=mm&r=pg\",\"caption\":\"npdbloginfo\"},\"description\":\"Das Watchblog NPD-BLOG.INFO berichtet seit 2005 kontinuierlich \u00fcber die rechtsextreme NPD.\",\"sameAs\":[\"http:\/\/npd-blog.info\"],\"url\":\"https:\/\/blog.zeit.de\/stoerungsmelder\/author\/npdbloginfo\"}]}<\/script>\n<!-- \/ Yoast SEO plugin. -->","yoast_head_json":{"title":"Serie von Brandanschl\u00e4gen in Sachsen - St\u00f6rungsmelder","robots":{"index":"index","follow":"follow","max-snippet":"max-snippet:-1","max-image-preview":"max-image-preview:large","max-video-preview":"max-video-preview:-1"},"canonical":"https:\/\/blog.zeit.de\/stoerungsmelder\/2010\/08\/30\/serie-von-brandanschlagen-in-sachsen_4464","og_locale":"de_DE","og_type":"article","og_title":"Serie von Brandanschl\u00e4gen in Sachsen - St\u00f6rungsmelder","og_description":"Auf die Begr\u00e4bnishalle des Neuen J\u00fcdischen Friedhofes in Dresden ist laut Medienberichten ein Brandanschlag ver\u00fcbt worden. Unbekannte T\u00e4ter z\u00fcndeten am Morgen des 29. August 2010 die Eingangst\u00fcr an, wie das Landeskriminalamt Sachsen und die Staatsanwaltschaft Dresden demnach mitteilten. Eine Frau bemerkte den Schwelbrand und informierte Polizei und Feuerwehr. Das Feuer an der T\u00fcr konnte gel\u00f6scht [&hellip;]","og_url":"https:\/\/blog.zeit.de\/stoerungsmelder\/2010\/08\/30\/serie-von-brandanschlagen-in-sachsen_4464","og_site_name":"St\u00f6rungsmelder","article_published_time":"2010-08-30T15:36:16+00:00","article_modified_time":"2010-08-30T15:38:03+00:00","og_image":[{"url":"http:\/\/vg06.met.vgwort.de\/na\/399e3a2a7e8b49919b9ecbed02da2a25"}],"author":"npdbloginfo","twitter_card":"summary_large_image","twitter_misc":{"Geschrieben von":"npdbloginfo","Gesch\u00e4tzte Lesezeit":"4\u00a0Minuten"},"schema":{"@context":"https:\/\/schema.org","@graph":[{"@type":"WebPage","@id":"https:\/\/blog.zeit.de\/stoerungsmelder\/2010\/08\/30\/serie-von-brandanschlagen-in-sachsen_4464","url":"https:\/\/blog.zeit.de\/stoerungsmelder\/2010\/08\/30\/serie-von-brandanschlagen-in-sachsen_4464","name":"Serie von Brandanschl\u00e4gen in Sachsen - St\u00f6rungsmelder","isPartOf":{"@id":"https:\/\/blog.zeit.de\/stoerungsmelder\/#website"},"datePublished":"2010-08-30T15:36:16+00:00","dateModified":"2010-08-30T15:38:03+00:00","author":{"@id":"https:\/\/blog.zeit.de\/stoerungsmelder\/#\/schema\/person\/36c66b1a7a2ff6e8ac09f8782af00536"},"breadcrumb":{"@id":"https:\/\/blog.zeit.de\/stoerungsmelder\/2010\/08\/30\/serie-von-brandanschlagen-in-sachsen_4464#breadcrumb"},"inLanguage":"de","potentialAction":[{"@type":"ReadAction","target":["https:\/\/blog.zeit.de\/stoerungsmelder\/2010\/08\/30\/serie-von-brandanschlagen-in-sachsen_4464"]}]},{"@type":"BreadcrumbList","@id":"https:\/\/blog.zeit.de\/stoerungsmelder\/2010\/08\/30\/serie-von-brandanschlagen-in-sachsen_4464#breadcrumb","itemListElement":[{"@type":"ListItem","position":1,"name":"Startseite","item":"https:\/\/blog.zeit.de\/stoerungsmelder"},{"@type":"ListItem","position":2,"name":"Serie von Brandanschl\u00e4gen in Sachsen"}]},{"@type":"WebSite","@id":"https:\/\/blog.zeit.de\/stoerungsmelder\/#website","url":"https:\/\/blog.zeit.de\/stoerungsmelder\/","name":"St\u00f6rungsmelder","description":"Recherchen und Analysen \u00fcber die extreme Rechte","potentialAction":[{"@type":"SearchAction","target":{"@type":"EntryPoint","urlTemplate":"https:\/\/blog.zeit.de\/stoerungsmelder\/?s={search_term_string}"},"query-input":"required name=search_term_string"}],"inLanguage":"de"},{"@type":"Person","@id":"https:\/\/blog.zeit.de\/stoerungsmelder\/#\/schema\/person\/36c66b1a7a2ff6e8ac09f8782af00536","name":"npdbloginfo","image":{"@type":"ImageObject","inLanguage":"de","@id":"https:\/\/blog.zeit.de\/stoerungsmelder\/#\/schema\/person\/image\/","url":"https:\/\/secure.gravatar.com\/avatar\/d788862a9764e18d9d9d94bed018327dcbdccc6776903d0eb9d6e0658888a017?s=96&d=mm&r=pg","contentUrl":"https:\/\/secure.gravatar.com\/avatar\/d788862a9764e18d9d9d94bed018327dcbdccc6776903d0eb9d6e0658888a017?s=96&d=mm&r=pg","caption":"npdbloginfo"},"description":"Das Watchblog NPD-BLOG.INFO berichtet seit 2005 kontinuierlich \u00fcber die rechtsextreme NPD.","sameAs":["http:\/\/npd-blog.info"],"url":"https:\/\/blog.zeit.de\/stoerungsmelder\/author\/npdbloginfo"}]}},"jetpack_featured_media_url":"","jetpack_sharing_enabled":true,"_links":{"self":[{"href":"https:\/\/blog.zeit.de\/stoerungsmelder\/wp-json\/wp\/v2\/posts\/4464","targetHints":{"allow":["GET"]}}],"collection":[{"href":"https:\/\/blog.zeit.de\/stoerungsmelder\/wp-json\/wp\/v2\/posts"}],"about":[{"href":"https:\/\/blog.zeit.de\/stoerungsmelder\/wp-json\/wp\/v2\/types\/post"}],"author":[{"embeddable":true,"href":"https:\/\/blog.zeit.de\/stoerungsmelder\/wp-json\/wp\/v2\/users\/295"}],"replies":[{"embeddable":true,"href":"https:\/\/blog.zeit.de\/stoerungsmelder\/wp-json\/wp\/v2\/comments?post=4464"}],"version-history":[{"count":0,"href":"https:\/\/blog.zeit.de\/stoerungsmelder\/wp-json\/wp\/v2\/posts\/4464\/revisions"}],"wp:attachment":[{"href":"https:\/\/blog.zeit.de\/stoerungsmelder\/wp-json\/wp\/v2\/media?parent=4464"}],"wp:term":[{"taxonomy":"category","embeddable":true,"href":"https:\/\/blog.zeit.de\/stoerungsmelder\/wp-json\/wp\/v2\/categories?post=4464"},{"taxonomy":"post_tag","embeddable":true,"href":"https:\/\/blog.zeit.de\/stoerungsmelder\/wp-json\/wp\/v2\/tags?post=4464"}],"curies":[{"name":"wp","href":"https:\/\/api.w.org\/{rel}","templated":true}]}}