{"id":448,"date":"2008-10-27T18:06:23","date_gmt":"2008-10-27T16:06:23","guid":{"rendered":"http:\/\/blog.zeit.de\/stoerungsmelder\/?p=448"},"modified":"2008-10-27T18:06:23","modified_gmt":"2008-10-27T16:06:23","slug":"nazi-angriff-auf-konzert-in-pforzheim","status":"publish","type":"post","link":"https:\/\/blog.zeit.de\/stoerungsmelder\/2008\/10\/27\/nazi-angriff-auf-konzert-in-pforzheim_448","title":{"rendered":"Nazi-Angriff auf Konzert in Pforzheim"},"content":{"rendered":"<p class=\"MsoNormal\" style=\"justify;\"><!--[if gte mso 9]&gt;  Normal 0 21       MicrosoftInternetExplorer4  &lt;![endif]--> <span style=\"Verdana;\">Rund 15 Neonazis griffen am vergangenen Freitag ein von einer lokalen antifaschistischen Initiative und der Kampagne &#8222;Laut gegen Nazis&#8220; organisiertes Konzert in Pforzheim an. Drei G\u00e4ste wurden bei der Auseinandersetzung vor dem Jugendclub &#8222;Kupferd\u00e4chle&#8220; verletzt- einer der Verletzten mu\u00dfte zur Untersuchung ins Krankenhaus gebracht werden.<\/span><!--more--><span style=\"Verdana;\"> <\/span><\/p>\n<p class=\"MsoNormal\" style=\"justify;\"><span style=\"Verdana;\"> <\/span><\/p>\n<p class=\"MsoNormal\" style=\"justify;\"><span style=\"Verdana;\">Unter dem Motto &#8222;Pforzheim zeigt Courage&#8220; traten neben lokalen Bands auch die &#8222;Killerpilze&#8220; im &#8222;Kupferd\u00e4chle&#8220; auf. Gegen 22 Uhr sei es dann zu dem Angriff der Neonazis gekommen, berichten die <a href=\"http:\/\/www.lautgegennazis.de\/blog\/2008\/10\/26\/pforzheim-15-nazis-griffen-jugendliche-bei-killerpilze-konzert-an-mehrere-verletzte-jahrlicher-fackelmarsch-pforzheim-ein-zweites-kleines-dresden-und-ein-cdu-bundestagsabgeordneter-im-gesprach-mit-un\/\">Veranstalter<\/a>. Die Rechtsextremen seien dabei &#8222;mit enormer Gewalt&#8220; vorgegangen und h\u00e4tten auch Pfefferspray eingesetzt. Die Security und Mitglieder der lokalen antifaschistischen Initiative konnten allerdings verhindern, da\u00df die Neonazis in den Veranstaltungsraum eindringen konnten. <span style=\"normal;\">&#8222;Nicht auszudenken, wenn die erwachsenen\u00a0rechtsextremen Angreifer\u00a0die 12 bis 16j\u00e4hrigen Killerpilze &#8211; Fans angegriffen h\u00e4tten&#8220;, so die Veranstalter.<\/span><strong><span style=\"normal;\"> <\/span><\/strong>Einer der Angreifer konnte von der Security festgehalten und der f\u00fcnf Minuten sp\u00e4ter eintreffenden Polizei \u00fcbergeben werden. <\/span><\/p>\n<p class=\"MsoNormal\" style=\"justify;\"><span style=\"Verdana;\"> <\/span><\/p>\n<p class=\"MsoNormal\" style=\"justify;\"><span style=\"Verdana;\">Im &#8222;Kupferd\u00e4chle&#8220; hatten die &#8222;Killerpilze&#8220; zum Zeitpunkt des Angriffs gerade ihr Konzert<span> <\/span>beendet, das sie mit einem Appell an die Zuh\u00f6rer, dem Thema Rechtsextremismus gegen\u00fcber wachsam zu sein, begonnen hatten. Die Besucher warteten nun auf die Auftritte der lokalen Bands. Nach dem Angriff der Rechtsextremen verlie\u00dfen viele der zumeist jugendlichen Zuh\u00f6rer mit ihren Eltern allerdings fluchtartig den Veranstaltungsort. <\/span><\/p>\n<p class=\"MsoNormal\" style=\"justify;\"><span style=\"Verdana;\"> <\/span><\/p>\n<p class=\"MsoNormal\" style=\"justify;\"><span style=\"Verdana;\">Unter den Angreifern sollen nach Angaben von Augenzeugen auch Anh\u00e4nger der vom Landesamt f\u00fcr Verfassungsschutz Baden-W\u00fcrttemberg beobachteten lokalen Neonazi-Kameradschaft &#8222;Heidnischer Sturm Pforzheim&#8220; gewesen sein. Mitglieder des &#8222;Heidnischen Sturms&#8220; waren laut einer <a href=\"http:\/\/74.125.39.104\/search?q=cache:ysc92ftBWl0J:www.landtag-bw.de\/wp14\/drucksachen\/2000\/14_2025_d.pdf+heidnischer+sturm+pforzheim&amp;hl=de&amp;ct=clnk&amp;cd=4&amp;gl=de\">Anfrage <\/a>der SPD vom November 2007 an den baden-w\u00fcrtembergischen Innenminister unter anderem mehrfach wegen &#8222;Verwenden von Kennzeichen verfassungswidriger Organisationen&#8220; und K\u00f6rperverletzung aktenkundig geworden. <\/span><\/p>\n<p class=\"MsoNormal\" style=\"justify;\"><span style=\"Verdana;\"> <\/span><\/p>\n<p class=\"MsoNormal\" style=\"justify;\"><span style=\"Verdana;\">Der rechtsextreme \u201eFreundeskreis \u201aEin Herz f\u00fcr Deutschland\u2018 Pforzheim e. V.\u201c veranstaltet bereits seit mehreren Jahren am Jahrestag der Bombardierung Pforzheims Ende Februar eine Fackelmahnwache in der Stadt, an der auch Mitglieder des &#8222;Heidnischen Sturms&#8220; teilnehmen. <\/span><span style=\"Verdana;\">An der Veranstaltung sollen laut der lokalen antifaschistischen Initiativen ca. 200 Rechtsextreme beteiligt sein. Ziel des Konzertes im &#8222;Kupferd\u00e4chle&#8220; war es, auf die Aktivit\u00e4ten der Neonazis aufmerksam zu machen und die \u00d6ffentlichkeit f\u00fcr das Thema Rechtsextremismus zu sensibilisieren. <\/span><\/p>\n<p class=\"MsoNormal\" style=\"justify;\"><span style=\"Verdana;\"> <\/span><\/p>\n<p class=\"MsoNormal\" style=\"justify;\"><span style=\"Verdana;\">Die &#8222;<a href=\"http:\/\/www.pz-news.de\/Home\/Nachrichten\/Pforzheim\/Pruegelei-nach-Konzert-Laut-gegen-Nazi-_arid,74527_puid,1_pageid,17.html\">Pforzheimer Zeitung&#8220;<\/a> spricht unterdessen lediglich von &#8222;einer Pr\u00fcgelei zwischen Jugendlichen aus der rechten Szene und Konzertbesuchern&#8220;. Au\u00dferdem widerspricht die Polizei der Zeitung zufolge der Darstellung der lokalen Initiative, es habe sich um einen <span> <\/span>&#8222;bewaffneter Angriff&#8220; gehandelt: Waffen seien laut Polizei nicht gefunden worden, berichtet die Zeitung. Auch, da\u00df es sich um eine Aktion des &#8222;Heidnischen Sturms&#8220; gehandelt habe, wollte die Polizei nicht best\u00e4tigen. Die Kripo habe die Ermittlungen aufgenommen. <\/span><\/p>\n","protected":false},"excerpt":{"rendered":"<p>Rund 15 Neonazis griffen am vergangenen Freitag ein von einer lokalen antifaschistischen Initiative und der Kampagne &#8222;Laut gegen Nazis&#8220; organisiertes Konzert in Pforzheim an. Drei G\u00e4ste wurden bei der Auseinandersetzung vor dem Jugendclub &#8222;Kupferd\u00e4chle&#8220; verletzt- einer der Verletzten mu\u00dfte zur Untersuchung ins Krankenhaus gebracht werden.<\/p>\n","protected":false},"author":237,"featured_media":0,"comment_status":"open","ping_status":"open","sticky":false,"template":"","format":"standard","meta":{"_jetpack_memberships_contains_paid_content":false,"footnotes":""},"categories":[1450],"tags":[1477,1578,1642,1657,1695],"class_list":["post-448","post","type-post","status-publish","format-standard","hentry","category-baden-wurttemberg","tag-antifaschismus","tag-gegenstrategien","tag-kameradschaften","tag-konzerte","tag-musik"],"yoast_head":"<!-- This site is optimized with the Yoast SEO plugin v21.0 - https:\/\/yoast.com\/wordpress\/plugins\/seo\/ -->\n<title>Nazi-Angriff auf Konzert in Pforzheim - St\u00f6rungsmelder<\/title>\n<meta name=\"robots\" content=\"index, follow, max-snippet:-1, max-image-preview:large, max-video-preview:-1\" \/>\n<link rel=\"canonical\" href=\"https:\/\/blog.zeit.de\/stoerungsmelder\/2008\/10\/27\/nazi-angriff-auf-konzert-in-pforzheim_448\" \/>\n<meta property=\"og:locale\" content=\"de_DE\" \/>\n<meta property=\"og:type\" content=\"article\" \/>\n<meta property=\"og:title\" content=\"Nazi-Angriff auf Konzert in Pforzheim - St\u00f6rungsmelder\" \/>\n<meta property=\"og:description\" content=\"Rund 15 Neonazis griffen am vergangenen Freitag ein von einer lokalen antifaschistischen Initiative und der Kampagne &#8222;Laut gegen Nazis&#8220; organisiertes Konzert in Pforzheim an. Drei G\u00e4ste wurden bei der Auseinandersetzung vor dem Jugendclub &#8222;Kupferd\u00e4chle&#8220; verletzt- einer der Verletzten mu\u00dfte zur Untersuchung ins Krankenhaus gebracht werden.\" \/>\n<meta property=\"og:url\" content=\"https:\/\/blog.zeit.de\/stoerungsmelder\/2008\/10\/27\/nazi-angriff-auf-konzert-in-pforzheim_448\" \/>\n<meta property=\"og:site_name\" content=\"St\u00f6rungsmelder\" \/>\n<meta property=\"article:published_time\" content=\"2008-10-27T16:06:23+00:00\" \/>\n<meta name=\"author\" content=\"Joachim Wolf\" \/>\n<meta name=\"twitter:card\" content=\"summary_large_image\" \/>\n<meta name=\"twitter:label1\" content=\"Geschrieben von\" \/>\n\t<meta name=\"twitter:data1\" content=\"Joachim Wolf\" \/>\n\t<meta name=\"twitter:label2\" content=\"Gesch\u00e4tzte Lesezeit\" \/>\n\t<meta name=\"twitter:data2\" content=\"2\u00a0Minuten\" \/>\n<script type=\"application\/ld+json\" class=\"yoast-schema-graph\">{\"@context\":\"https:\/\/schema.org\",\"@graph\":[{\"@type\":\"WebPage\",\"@id\":\"https:\/\/blog.zeit.de\/stoerungsmelder\/2008\/10\/27\/nazi-angriff-auf-konzert-in-pforzheim_448\",\"url\":\"https:\/\/blog.zeit.de\/stoerungsmelder\/2008\/10\/27\/nazi-angriff-auf-konzert-in-pforzheim_448\",\"name\":\"Nazi-Angriff auf Konzert in Pforzheim - St\u00f6rungsmelder\",\"isPartOf\":{\"@id\":\"https:\/\/blog.zeit.de\/stoerungsmelder\/#website\"},\"datePublished\":\"2008-10-27T16:06:23+00:00\",\"dateModified\":\"2008-10-27T16:06:23+00:00\",\"author\":{\"@id\":\"https:\/\/blog.zeit.de\/stoerungsmelder\/#\/schema\/person\/ab9f6c2908545083e53a5ed2d91888e6\"},\"breadcrumb\":{\"@id\":\"https:\/\/blog.zeit.de\/stoerungsmelder\/2008\/10\/27\/nazi-angriff-auf-konzert-in-pforzheim_448#breadcrumb\"},\"inLanguage\":\"de\",\"potentialAction\":[{\"@type\":\"ReadAction\",\"target\":[\"https:\/\/blog.zeit.de\/stoerungsmelder\/2008\/10\/27\/nazi-angriff-auf-konzert-in-pforzheim_448\"]}]},{\"@type\":\"BreadcrumbList\",\"@id\":\"https:\/\/blog.zeit.de\/stoerungsmelder\/2008\/10\/27\/nazi-angriff-auf-konzert-in-pforzheim_448#breadcrumb\",\"itemListElement\":[{\"@type\":\"ListItem\",\"position\":1,\"name\":\"Startseite\",\"item\":\"https:\/\/blog.zeit.de\/stoerungsmelder\"},{\"@type\":\"ListItem\",\"position\":2,\"name\":\"Nazi-Angriff auf Konzert in Pforzheim\"}]},{\"@type\":\"WebSite\",\"@id\":\"https:\/\/blog.zeit.de\/stoerungsmelder\/#website\",\"url\":\"https:\/\/blog.zeit.de\/stoerungsmelder\/\",\"name\":\"St\u00f6rungsmelder\",\"description\":\"Recherchen und Analysen \u00fcber die extreme Rechte\",\"potentialAction\":[{\"@type\":\"SearchAction\",\"target\":{\"@type\":\"EntryPoint\",\"urlTemplate\":\"https:\/\/blog.zeit.de\/stoerungsmelder\/?s={search_term_string}\"},\"query-input\":\"required name=search_term_string\"}],\"inLanguage\":\"de\"},{\"@type\":\"Person\",\"@id\":\"https:\/\/blog.zeit.de\/stoerungsmelder\/#\/schema\/person\/ab9f6c2908545083e53a5ed2d91888e6\",\"name\":\"Joachim Wolf\",\"image\":{\"@type\":\"ImageObject\",\"inLanguage\":\"de\",\"@id\":\"https:\/\/blog.zeit.de\/stoerungsmelder\/#\/schema\/person\/image\/\",\"url\":\"https:\/\/secure.gravatar.com\/avatar\/0b465240edec3d9648357ad2e3f997c1be2d26b0069e06ed5b1a59dd73929bc8?s=96&d=mm&r=pg\",\"contentUrl\":\"https:\/\/secure.gravatar.com\/avatar\/0b465240edec3d9648357ad2e3f997c1be2d26b0069e06ed5b1a59dd73929bc8?s=96&d=mm&r=pg\",\"caption\":\"Joachim Wolf\"},\"url\":\"https:\/\/blog.zeit.de\/stoerungsmelder\/author\/joachim-wolf\"}]}<\/script>\n<!-- \/ Yoast SEO plugin. -->","yoast_head_json":{"title":"Nazi-Angriff auf Konzert in Pforzheim - St\u00f6rungsmelder","robots":{"index":"index","follow":"follow","max-snippet":"max-snippet:-1","max-image-preview":"max-image-preview:large","max-video-preview":"max-video-preview:-1"},"canonical":"https:\/\/blog.zeit.de\/stoerungsmelder\/2008\/10\/27\/nazi-angriff-auf-konzert-in-pforzheim_448","og_locale":"de_DE","og_type":"article","og_title":"Nazi-Angriff auf Konzert in Pforzheim - St\u00f6rungsmelder","og_description":"Rund 15 Neonazis griffen am vergangenen Freitag ein von einer lokalen antifaschistischen Initiative und der Kampagne &#8222;Laut gegen Nazis&#8220; organisiertes Konzert in Pforzheim an. Drei G\u00e4ste wurden bei der Auseinandersetzung vor dem Jugendclub &#8222;Kupferd\u00e4chle&#8220; verletzt- einer der Verletzten mu\u00dfte zur Untersuchung ins Krankenhaus gebracht werden.","og_url":"https:\/\/blog.zeit.de\/stoerungsmelder\/2008\/10\/27\/nazi-angriff-auf-konzert-in-pforzheim_448","og_site_name":"St\u00f6rungsmelder","article_published_time":"2008-10-27T16:06:23+00:00","author":"Joachim Wolf","twitter_card":"summary_large_image","twitter_misc":{"Geschrieben von":"Joachim Wolf","Gesch\u00e4tzte Lesezeit":"2\u00a0Minuten"},"schema":{"@context":"https:\/\/schema.org","@graph":[{"@type":"WebPage","@id":"https:\/\/blog.zeit.de\/stoerungsmelder\/2008\/10\/27\/nazi-angriff-auf-konzert-in-pforzheim_448","url":"https:\/\/blog.zeit.de\/stoerungsmelder\/2008\/10\/27\/nazi-angriff-auf-konzert-in-pforzheim_448","name":"Nazi-Angriff auf Konzert in Pforzheim - St\u00f6rungsmelder","isPartOf":{"@id":"https:\/\/blog.zeit.de\/stoerungsmelder\/#website"},"datePublished":"2008-10-27T16:06:23+00:00","dateModified":"2008-10-27T16:06:23+00:00","author":{"@id":"https:\/\/blog.zeit.de\/stoerungsmelder\/#\/schema\/person\/ab9f6c2908545083e53a5ed2d91888e6"},"breadcrumb":{"@id":"https:\/\/blog.zeit.de\/stoerungsmelder\/2008\/10\/27\/nazi-angriff-auf-konzert-in-pforzheim_448#breadcrumb"},"inLanguage":"de","potentialAction":[{"@type":"ReadAction","target":["https:\/\/blog.zeit.de\/stoerungsmelder\/2008\/10\/27\/nazi-angriff-auf-konzert-in-pforzheim_448"]}]},{"@type":"BreadcrumbList","@id":"https:\/\/blog.zeit.de\/stoerungsmelder\/2008\/10\/27\/nazi-angriff-auf-konzert-in-pforzheim_448#breadcrumb","itemListElement":[{"@type":"ListItem","position":1,"name":"Startseite","item":"https:\/\/blog.zeit.de\/stoerungsmelder"},{"@type":"ListItem","position":2,"name":"Nazi-Angriff auf Konzert in Pforzheim"}]},{"@type":"WebSite","@id":"https:\/\/blog.zeit.de\/stoerungsmelder\/#website","url":"https:\/\/blog.zeit.de\/stoerungsmelder\/","name":"St\u00f6rungsmelder","description":"Recherchen und Analysen \u00fcber die extreme Rechte","potentialAction":[{"@type":"SearchAction","target":{"@type":"EntryPoint","urlTemplate":"https:\/\/blog.zeit.de\/stoerungsmelder\/?s={search_term_string}"},"query-input":"required name=search_term_string"}],"inLanguage":"de"},{"@type":"Person","@id":"https:\/\/blog.zeit.de\/stoerungsmelder\/#\/schema\/person\/ab9f6c2908545083e53a5ed2d91888e6","name":"Joachim Wolf","image":{"@type":"ImageObject","inLanguage":"de","@id":"https:\/\/blog.zeit.de\/stoerungsmelder\/#\/schema\/person\/image\/","url":"https:\/\/secure.gravatar.com\/avatar\/0b465240edec3d9648357ad2e3f997c1be2d26b0069e06ed5b1a59dd73929bc8?s=96&d=mm&r=pg","contentUrl":"https:\/\/secure.gravatar.com\/avatar\/0b465240edec3d9648357ad2e3f997c1be2d26b0069e06ed5b1a59dd73929bc8?s=96&d=mm&r=pg","caption":"Joachim Wolf"},"url":"https:\/\/blog.zeit.de\/stoerungsmelder\/author\/joachim-wolf"}]}},"jetpack_featured_media_url":"","jetpack_sharing_enabled":true,"_links":{"self":[{"href":"https:\/\/blog.zeit.de\/stoerungsmelder\/wp-json\/wp\/v2\/posts\/448","targetHints":{"allow":["GET"]}}],"collection":[{"href":"https:\/\/blog.zeit.de\/stoerungsmelder\/wp-json\/wp\/v2\/posts"}],"about":[{"href":"https:\/\/blog.zeit.de\/stoerungsmelder\/wp-json\/wp\/v2\/types\/post"}],"author":[{"embeddable":true,"href":"https:\/\/blog.zeit.de\/stoerungsmelder\/wp-json\/wp\/v2\/users\/237"}],"replies":[{"embeddable":true,"href":"https:\/\/blog.zeit.de\/stoerungsmelder\/wp-json\/wp\/v2\/comments?post=448"}],"version-history":[{"count":0,"href":"https:\/\/blog.zeit.de\/stoerungsmelder\/wp-json\/wp\/v2\/posts\/448\/revisions"}],"wp:attachment":[{"href":"https:\/\/blog.zeit.de\/stoerungsmelder\/wp-json\/wp\/v2\/media?parent=448"}],"wp:term":[{"taxonomy":"category","embeddable":true,"href":"https:\/\/blog.zeit.de\/stoerungsmelder\/wp-json\/wp\/v2\/categories?post=448"},{"taxonomy":"post_tag","embeddable":true,"href":"https:\/\/blog.zeit.de\/stoerungsmelder\/wp-json\/wp\/v2\/tags?post=448"}],"curies":[{"name":"wp","href":"https:\/\/api.w.org\/{rel}","templated":true}]}}