{"id":4532,"date":"2010-09-07T16:01:13","date_gmt":"2010-09-07T14:01:13","guid":{"rendered":"http:\/\/blog.zeit.de\/stoerungsmelder\/?p=4532"},"modified":"2010-09-07T16:45:38","modified_gmt":"2010-09-07T14:45:38","slug":"hng-razzia-verbot-nazi","status":"publish","type":"post","link":"https:\/\/blog.zeit.de\/stoerungsmelder\/2010\/09\/07\/hng-razzia-verbot-nazi_4532","title":{"rendered":"Bundesweite Razzia gegen Nazigruppierung"},"content":{"rendered":"<p><figure id=\"attachment_4533\" aria-describedby=\"caption-attachment-4533\" style=\"width: 540px\" class=\"wp-caption aligncenter\"><a href=\"https:\/\/blog.zeit.de\/stoerungsmelder\/files\/2010\/09\/hng-540.jpg\"><img loading=\"lazy\" decoding=\"async\" class=\"size-full wp-image-4533\" title=\"hng-540\" src=\"https:\/\/blog.zeit.de\/stoerungsmelder\/files\/2010\/09\/hng-540.jpg\" alt=\"\" width=\"540\" height=\"200\" srcset=\"https:\/\/blog.zeit.de\/stoerungsmelder\/files\/2010\/09\/hng-540.jpg 540w, https:\/\/blog.zeit.de\/stoerungsmelder\/files\/2010\/09\/hng-540-300x111.jpg 300w\" sizes=\"auto, (max-width: 540px) 100vw, 540px\" \/><\/a><figcaption id=\"caption-attachment-4533\" class=\"wp-caption-text\">Neonazis mit einem HNG-Transparent bei einem Aufmarsch 2006 in Berlin \u00a9 Ruben Wesenberg\/Ahron<\/figcaption><\/figure><\/p>\n<p>Seit Jahrzehnten unterst\u00fctzt ein Verein rechtsextremistische H\u00e4ftlinge &#8211; nach bundesweiten Razzien soll er nun verboten werden.<!--more--><\/p>\n<p>Sie geben sich f\u00fcrsorglich, Weihnachten werden sogar Pl\u00e4tzchen f\u00fcr inhaftierte \u201eKameraden\u201c gebacken. Die Anteilnahme der tiefbraunen \u201eHilfsorganisation f\u00fcr nationale Gefangene und deren Angeh\u00f6rige\u201c (HNG) k\u00f6nnte demn\u00e4chst jedoch stark ged\u00e4mpft werden. Das Bundesinnenministerium bereitet ein Verbot des Vereins vor und hat am Dienstag in Berlin, Brandenburg und sieben weiteren Bundesl\u00e4ndern zahlreiche R\u00e4umlichkeiten der HNG und ihrer 600 Mitglieder durchsuchen lassen. Die Polizei beschlagnahmte viel Material. Das Ende des \u00e4ltesten und gr\u00f6\u00dften Neonazivereins in der Bundesrepublik r\u00fcckt offenbar n\u00e4her.<\/p>\n<p>Die Existenz der HNG w\u00e4hrt trotz ihrer Feindschaft zur bundesdeutschen Demokratie und der eindeutigen Nazi-Ideologie schon erstaunlich lange. 1979 gr\u00fcndeten Rechtsextremisten den Verein und lie\u00dfen ihn beim Amtsgericht Frankfurt am Main registrieren. Als F\u00fchrungsfiguren taten sich vor allem die <a href=\"http:\/\/www.netz-gegen-nazis.de\/lexikontext\/mueller-ursula\">Eheleute Ursula und Curt M\u00fcller<\/a> hervor. Das Paar aus Mainz veranstaltete auf seinem Grundst\u00fcck im Stadtteil Gonsenheim Szenetreffen, vor knapp 20 Jahren \u00fcbernahm Ursula M\u00fcller den Vorsitz der HNG. Die 76-J\u00e4hrige wird von Neonazis als Mutter des nationalen Lagers verehrt, im Unterschied zu den vielen anderen M\u00f6chtegernf\u00fchrern des Milieus gilt M\u00fcller weithin als Integrationsfigur. Der Verein hat \u00fcber die Jahre hunderte, vielleicht sogar noch mehr rechtsextreme Gef\u00e4ngnisinsassen mit Post bearbeitet, damit sie der Szene treu bleiben und nicht ins Nachdenken geraten, welche Schuld sie mit ihren Taten auf sich genommen haben.<\/p>\n<p><figure id=\"attachment_4538\" aria-describedby=\"caption-attachment-4538\" style=\"width: 250px\" class=\"wp-caption alignleft\"><a href=\"https:\/\/blog.zeit.de\/stoerungsmelder\/files\/2010\/09\/hng2.jpg\"><img loading=\"lazy\" decoding=\"async\" class=\"size-full wp-image-4538\" title=\"hng2\" src=\"https:\/\/blog.zeit.de\/stoerungsmelder\/files\/2010\/09\/hng2.jpg\" alt=\"\" width=\"250\" height=\"269\" \/><\/a><figcaption id=\"caption-attachment-4538\" class=\"wp-caption-text\">Die HNG genie\u00dft hohes Ansehen in der gesamten Naziszene \u00a9 apabiz.de<\/figcaption><\/figure><\/p>\n<p>Die Liste der H\u00e4ftlinge, die auf der Homepage der HNG steht, liest sich wie ein Who-is-who der braunen Kriminalit\u00e4t. Selbst brutalsten M\u00f6rdern gilt uneingeschr\u00e4nkte Solidarit\u00e4t. \u201eEr ist ein idealistischer deutscher K\u00e4mpfer, der sich wehrte, gegen hinterlistige linke L\u00fcge, Hetze und Gewalt\u201c, hei\u00dft es \u00fcber Kay Diesner. Der Neonazi hatte 1997 in Berlin den linken Buchh\u00e4ndler Klaus Baltruschat durch Sch\u00fcsse schwer verletzt, sp\u00e4ter im gleichen Jahr t\u00f6tete Diesner mit seiner halbautomatischen Waffe in Schleswig-Holstein den Polizisten Stefan Grage. Dessen Kollege Stefan Kussauer \u00fcberlebte den Kugelhagel nur knapp. Das Landgericht L\u00fcbeck verurteilte Diesner zu lebenslanger Haft und bescheinigte ihm besondere Schwere der Schuld. F\u00fcr die HNG sind das alles Meriten.<\/p>\n<p>Der Verein glorifiziert auch Altnazis wie den ehemaligen SS-Mann Erich Priebke, der 1944 an einem Massaker an italienischen Zivilisten beteiligt war. Priebke, bis heute vollkommen uneinsichtig, wurde 1998 in Rom zu lebenslanger Haft verurteilt, die er in einem milden Hausarrest verb\u00fc\u00dft. Auf der HNG-Liste steht zudem der wegen seiner antij\u00fcdischen Hetze einsitzende fr\u00fchere Rechtsanwalt Horst Mahler, f\u00fcr ihn wird flei\u00dfig Geld gesammelt.<\/p>\n<p>Inhaftierte Gesinnungsgenossen sollten nicht nur in der Szene gehalten, \u201esondern weiter zu K\u00e4mpfern gegen das System aufgebaut werden\u201c, beschrieb Innen-Staatssekret\u00e4r Klaus-Dieter Fritsche die Strategie der HNG. Nun wird anhand des konfiszierten Materials gepr\u00fcft, ob ein Verbot rechtssicher zu begr\u00fcnden ist. R\u00fcckenwind bekam das Innenministerium vergangene Woche vom Bundesverwaltungsgericht in Leipzig. Die Richter best\u00e4tigten in vollem Umfang das 2009 ergangene Verbot der Neonazi-Organisation \u201eHeimattreue Deutsche Jugend\u201c.<\/p>\n","protected":false},"excerpt":{"rendered":"<p>Seit Jahrzehnten unterst\u00fctzt ein Verein rechtsextremistische H\u00e4ftlinge &#8211; nach bundesweiten Razzien soll er nun verboten werden.<\/p>\n","protected":false},"author":229,"featured_media":0,"comment_status":"open","ping_status":"open","sticky":false,"template":"","format":"standard","meta":{"_jetpack_memberships_contains_paid_content":false,"footnotes":""},"categories":[1515],"tags":[1603,1638,1754,2616],"class_list":["post-4532","post","type-post","status-publish","format-standard","hentry","category-bundesweit","tag-hng","tag-justiz","tag-razzia","tag-ursula-muller"],"yoast_head":"<!-- This site is optimized with the Yoast SEO plugin v21.0 - https:\/\/yoast.com\/wordpress\/plugins\/seo\/ -->\n<title>Bundesweite Razzia gegen Nazigruppierung - St\u00f6rungsmelder<\/title>\n<meta name=\"robots\" content=\"index, follow, max-snippet:-1, max-image-preview:large, max-video-preview:-1\" \/>\n<link rel=\"canonical\" href=\"https:\/\/blog.zeit.de\/stoerungsmelder\/2010\/09\/07\/hng-razzia-verbot-nazi_4532\" \/>\n<meta property=\"og:locale\" content=\"de_DE\" \/>\n<meta property=\"og:type\" content=\"article\" \/>\n<meta property=\"og:title\" content=\"Bundesweite Razzia gegen Nazigruppierung - St\u00f6rungsmelder\" \/>\n<meta property=\"og:description\" content=\"Seit Jahrzehnten unterst\u00fctzt ein Verein rechtsextremistische H\u00e4ftlinge &#8211; nach bundesweiten Razzien soll er nun verboten werden.\" \/>\n<meta property=\"og:url\" content=\"https:\/\/blog.zeit.de\/stoerungsmelder\/2010\/09\/07\/hng-razzia-verbot-nazi_4532\" \/>\n<meta property=\"og:site_name\" content=\"St\u00f6rungsmelder\" \/>\n<meta property=\"article:published_time\" content=\"2010-09-07T14:01:13+00:00\" \/>\n<meta property=\"article:modified_time\" content=\"2010-09-07T14:45:38+00:00\" \/>\n<meta property=\"og:image\" content=\"https:\/\/blog.zeit.de\/stoerungsmelder\/files\/2010\/09\/hng-540.jpg\" \/>\n<meta name=\"author\" content=\"St\u00f6rungsmelder\" \/>\n<meta name=\"twitter:card\" content=\"summary_large_image\" \/>\n<meta name=\"twitter:label1\" content=\"Geschrieben von\" \/>\n\t<meta name=\"twitter:data1\" content=\"St\u00f6rungsmelder\" \/>\n\t<meta name=\"twitter:label2\" content=\"Gesch\u00e4tzte Lesezeit\" \/>\n\t<meta name=\"twitter:data2\" content=\"3\u00a0Minuten\" \/>\n<script type=\"application\/ld+json\" class=\"yoast-schema-graph\">{\"@context\":\"https:\/\/schema.org\",\"@graph\":[{\"@type\":\"WebPage\",\"@id\":\"https:\/\/blog.zeit.de\/stoerungsmelder\/2010\/09\/07\/hng-razzia-verbot-nazi_4532\",\"url\":\"https:\/\/blog.zeit.de\/stoerungsmelder\/2010\/09\/07\/hng-razzia-verbot-nazi_4532\",\"name\":\"Bundesweite Razzia gegen Nazigruppierung - St\u00f6rungsmelder\",\"isPartOf\":{\"@id\":\"https:\/\/blog.zeit.de\/stoerungsmelder\/#website\"},\"datePublished\":\"2010-09-07T14:01:13+00:00\",\"dateModified\":\"2010-09-07T14:45:38+00:00\",\"author\":{\"@id\":\"https:\/\/blog.zeit.de\/stoerungsmelder\/#\/schema\/person\/fdd0b9818f65738672810b6d6f037f71\"},\"breadcrumb\":{\"@id\":\"https:\/\/blog.zeit.de\/stoerungsmelder\/2010\/09\/07\/hng-razzia-verbot-nazi_4532#breadcrumb\"},\"inLanguage\":\"de\",\"potentialAction\":[{\"@type\":\"ReadAction\",\"target\":[\"https:\/\/blog.zeit.de\/stoerungsmelder\/2010\/09\/07\/hng-razzia-verbot-nazi_4532\"]}]},{\"@type\":\"BreadcrumbList\",\"@id\":\"https:\/\/blog.zeit.de\/stoerungsmelder\/2010\/09\/07\/hng-razzia-verbot-nazi_4532#breadcrumb\",\"itemListElement\":[{\"@type\":\"ListItem\",\"position\":1,\"name\":\"Startseite\",\"item\":\"https:\/\/blog.zeit.de\/stoerungsmelder\"},{\"@type\":\"ListItem\",\"position\":2,\"name\":\"Bundesweite Razzia gegen Nazigruppierung\"}]},{\"@type\":\"WebSite\",\"@id\":\"https:\/\/blog.zeit.de\/stoerungsmelder\/#website\",\"url\":\"https:\/\/blog.zeit.de\/stoerungsmelder\/\",\"name\":\"St\u00f6rungsmelder\",\"description\":\"Recherchen und Analysen \u00fcber die extreme Rechte\",\"potentialAction\":[{\"@type\":\"SearchAction\",\"target\":{\"@type\":\"EntryPoint\",\"urlTemplate\":\"https:\/\/blog.zeit.de\/stoerungsmelder\/?s={search_term_string}\"},\"query-input\":\"required name=search_term_string\"}],\"inLanguage\":\"de\"},{\"@type\":\"Person\",\"@id\":\"https:\/\/blog.zeit.de\/stoerungsmelder\/#\/schema\/person\/fdd0b9818f65738672810b6d6f037f71\",\"name\":\"St\u00f6rungsmelder\",\"image\":{\"@type\":\"ImageObject\",\"inLanguage\":\"de\",\"@id\":\"https:\/\/blog.zeit.de\/stoerungsmelder\/#\/schema\/person\/image\/\",\"url\":\"https:\/\/secure.gravatar.com\/avatar\/dfa4be514c3e82a71e4f9a0020035d38192d080ccaa5e4e6d7a1472c763535c5?s=96&d=mm&r=pg\",\"contentUrl\":\"https:\/\/secure.gravatar.com\/avatar\/dfa4be514c3e82a71e4f9a0020035d38192d080ccaa5e4e6d7a1472c763535c5?s=96&d=mm&r=pg\",\"caption\":\"St\u00f6rungsmelder\"},\"url\":\"https:\/\/blog.zeit.de\/stoerungsmelder\/author\/stoerungsmelder\"}]}<\/script>\n<!-- \/ Yoast SEO plugin. -->","yoast_head_json":{"title":"Bundesweite Razzia gegen Nazigruppierung - St\u00f6rungsmelder","robots":{"index":"index","follow":"follow","max-snippet":"max-snippet:-1","max-image-preview":"max-image-preview:large","max-video-preview":"max-video-preview:-1"},"canonical":"https:\/\/blog.zeit.de\/stoerungsmelder\/2010\/09\/07\/hng-razzia-verbot-nazi_4532","og_locale":"de_DE","og_type":"article","og_title":"Bundesweite Razzia gegen Nazigruppierung - St\u00f6rungsmelder","og_description":"Seit Jahrzehnten unterst\u00fctzt ein Verein rechtsextremistische H\u00e4ftlinge &#8211; nach bundesweiten Razzien soll er nun verboten werden.","og_url":"https:\/\/blog.zeit.de\/stoerungsmelder\/2010\/09\/07\/hng-razzia-verbot-nazi_4532","og_site_name":"St\u00f6rungsmelder","article_published_time":"2010-09-07T14:01:13+00:00","article_modified_time":"2010-09-07T14:45:38+00:00","og_image":[{"url":"https:\/\/blog.zeit.de\/stoerungsmelder\/files\/2010\/09\/hng-540.jpg"}],"author":"St\u00f6rungsmelder","twitter_card":"summary_large_image","twitter_misc":{"Geschrieben von":"St\u00f6rungsmelder","Gesch\u00e4tzte Lesezeit":"3\u00a0Minuten"},"schema":{"@context":"https:\/\/schema.org","@graph":[{"@type":"WebPage","@id":"https:\/\/blog.zeit.de\/stoerungsmelder\/2010\/09\/07\/hng-razzia-verbot-nazi_4532","url":"https:\/\/blog.zeit.de\/stoerungsmelder\/2010\/09\/07\/hng-razzia-verbot-nazi_4532","name":"Bundesweite Razzia gegen Nazigruppierung - St\u00f6rungsmelder","isPartOf":{"@id":"https:\/\/blog.zeit.de\/stoerungsmelder\/#website"},"datePublished":"2010-09-07T14:01:13+00:00","dateModified":"2010-09-07T14:45:38+00:00","author":{"@id":"https:\/\/blog.zeit.de\/stoerungsmelder\/#\/schema\/person\/fdd0b9818f65738672810b6d6f037f71"},"breadcrumb":{"@id":"https:\/\/blog.zeit.de\/stoerungsmelder\/2010\/09\/07\/hng-razzia-verbot-nazi_4532#breadcrumb"},"inLanguage":"de","potentialAction":[{"@type":"ReadAction","target":["https:\/\/blog.zeit.de\/stoerungsmelder\/2010\/09\/07\/hng-razzia-verbot-nazi_4532"]}]},{"@type":"BreadcrumbList","@id":"https:\/\/blog.zeit.de\/stoerungsmelder\/2010\/09\/07\/hng-razzia-verbot-nazi_4532#breadcrumb","itemListElement":[{"@type":"ListItem","position":1,"name":"Startseite","item":"https:\/\/blog.zeit.de\/stoerungsmelder"},{"@type":"ListItem","position":2,"name":"Bundesweite Razzia gegen Nazigruppierung"}]},{"@type":"WebSite","@id":"https:\/\/blog.zeit.de\/stoerungsmelder\/#website","url":"https:\/\/blog.zeit.de\/stoerungsmelder\/","name":"St\u00f6rungsmelder","description":"Recherchen und Analysen \u00fcber die extreme Rechte","potentialAction":[{"@type":"SearchAction","target":{"@type":"EntryPoint","urlTemplate":"https:\/\/blog.zeit.de\/stoerungsmelder\/?s={search_term_string}"},"query-input":"required name=search_term_string"}],"inLanguage":"de"},{"@type":"Person","@id":"https:\/\/blog.zeit.de\/stoerungsmelder\/#\/schema\/person\/fdd0b9818f65738672810b6d6f037f71","name":"St\u00f6rungsmelder","image":{"@type":"ImageObject","inLanguage":"de","@id":"https:\/\/blog.zeit.de\/stoerungsmelder\/#\/schema\/person\/image\/","url":"https:\/\/secure.gravatar.com\/avatar\/dfa4be514c3e82a71e4f9a0020035d38192d080ccaa5e4e6d7a1472c763535c5?s=96&d=mm&r=pg","contentUrl":"https:\/\/secure.gravatar.com\/avatar\/dfa4be514c3e82a71e4f9a0020035d38192d080ccaa5e4e6d7a1472c763535c5?s=96&d=mm&r=pg","caption":"St\u00f6rungsmelder"},"url":"https:\/\/blog.zeit.de\/stoerungsmelder\/author\/stoerungsmelder"}]}},"jetpack_featured_media_url":"","jetpack_sharing_enabled":true,"_links":{"self":[{"href":"https:\/\/blog.zeit.de\/stoerungsmelder\/wp-json\/wp\/v2\/posts\/4532","targetHints":{"allow":["GET"]}}],"collection":[{"href":"https:\/\/blog.zeit.de\/stoerungsmelder\/wp-json\/wp\/v2\/posts"}],"about":[{"href":"https:\/\/blog.zeit.de\/stoerungsmelder\/wp-json\/wp\/v2\/types\/post"}],"author":[{"embeddable":true,"href":"https:\/\/blog.zeit.de\/stoerungsmelder\/wp-json\/wp\/v2\/users\/229"}],"replies":[{"embeddable":true,"href":"https:\/\/blog.zeit.de\/stoerungsmelder\/wp-json\/wp\/v2\/comments?post=4532"}],"version-history":[{"count":0,"href":"https:\/\/blog.zeit.de\/stoerungsmelder\/wp-json\/wp\/v2\/posts\/4532\/revisions"}],"wp:attachment":[{"href":"https:\/\/blog.zeit.de\/stoerungsmelder\/wp-json\/wp\/v2\/media?parent=4532"}],"wp:term":[{"taxonomy":"category","embeddable":true,"href":"https:\/\/blog.zeit.de\/stoerungsmelder\/wp-json\/wp\/v2\/categories?post=4532"},{"taxonomy":"post_tag","embeddable":true,"href":"https:\/\/blog.zeit.de\/stoerungsmelder\/wp-json\/wp\/v2\/tags?post=4532"}],"curies":[{"name":"wp","href":"https:\/\/api.w.org\/{rel}","templated":true}]}}