{"id":4639,"date":"2010-09-30T22:05:24","date_gmt":"2010-09-30T20:05:24","guid":{"rendered":"http:\/\/blog.zeit.de\/stoerungsmelder\/?p=4639"},"modified":"2010-09-30T23:25:30","modified_gmt":"2010-09-30T21:25:30","slug":"keine-feierlaune-in-halberstadt-neonazis-demonstrieren-am-2-oktober-gegen-deutschland","status":"publish","type":"post","link":"https:\/\/blog.zeit.de\/stoerungsmelder\/2010\/09\/30\/keine-feierlaune-in-halberstadt-neonazis-demonstrieren-am-2-oktober-gegen-deutschland_4639","title":{"rendered":"Keine Feierlaune in Halberstadt? Neonazis demonstrieren am 2. Oktober gegen Deutschland"},"content":{"rendered":"<p><a href=\"https:\/\/blog.zeit.de\/stoerungsmelder\/files\/2010\/09\/deutschland_small.jpg\"><img loading=\"lazy\" decoding=\"async\" class=\"alignnone size-full wp-image-4640\" src=\"https:\/\/blog.zeit.de\/stoerungsmelder\/files\/2010\/09\/deutschland_small.jpg\" alt=\"\" width=\"540\" height=\"200\" srcset=\"https:\/\/blog.zeit.de\/stoerungsmelder\/files\/2010\/09\/deutschland_small.jpg 540w, https:\/\/blog.zeit.de\/stoerungsmelder\/files\/2010\/09\/deutschland_small-300x111.jpg 300w\" sizes=\"auto, (max-width: 540px) 100vw, 540px\" \/><\/a><\/p>\n<p>\u201eWir wollen Leben, Freiheit, Einheit und einen souver\u00e4nen Staat\u201c &#8211; was sich anh\u00f6rt wie die Parolen aus der damaligen DDR-B\u00fcrgerrechtsbewegung, ist der Aufruf der zu einer Neonazi-Demonstration in Halberstadt am Samstag, den 2. Oktober. Die Auswahl der Parolen ist kein Zufall: die NPD-Jugendorganisation \u201eJunge Nationaldemokraten\u201c (JN) kn\u00fcpft damit an die Wendezeit an, um gegen die verhasste Demokratie in Deutschland zu demonstrieren. Schon im November 2009 hatten Neonazis um die JN das Datum des Mauerfalls als Vorwand genutzt, um in Halle ihre rechtsextremen Inhalte auf die Stra\u00dfe zu tragen.<\/p>\n<p><!--more--><\/p>\n<p>Bereits am 17. Juli dieses Jahres hatte der Vorsitzende des Harzer NPD-Kreisverbandes, Thorsten Fleischmann, zu einer Demonstration in Halberstadt aufgerufen, musste seine Anmeldung aber offenbar aus organisationstechnischen Gr\u00fcnden zur\u00fcck ziehen. Auch die \u201eAutonomen Nationalisten Sachsen-Anhalt\u201c, an die die Fleischmann die Demonstration \u00fcbertragen hatte, scheiterten mit ihrem Vorhaben. Der Grund: sie konnten nicht gen\u00fcgend Ordner benennen, die der Polizei nicht durch ihre Vorstrafen bekannt waren. Doch schon im Juli hatte Fleischmann f\u00fcr das laufende Jahr noch eine Neonazi-Demonstration \u201eohne wenn und aber\u201c in Halberstadt angek\u00fcndigt.<\/p>\n<p>JN mobilisieren mit Verbalkitsch<\/p>\n<p><a href=\"https:\/\/blog.zeit.de\/stoerungsmelder\/files\/2010\/09\/jn_fahnen_hannover_small.jpg\"><img loading=\"lazy\" decoding=\"async\" class=\"alignleft size-medium wp-image-4641\" src=\"https:\/\/blog.zeit.de\/stoerungsmelder\/files\/2010\/09\/jn_fahnen_hannover_small-300x220.jpg\" alt=\"\" width=\"210\" height=\"154\" srcset=\"https:\/\/blog.zeit.de\/stoerungsmelder\/files\/2010\/09\/jn_fahnen_hannover_small-300x220.jpg 300w, https:\/\/blog.zeit.de\/stoerungsmelder\/files\/2010\/09\/jn_fahnen_hannover_small.jpg 700w\" sizes=\"auto, (max-width: 210px) 100vw, 210px\" \/><\/a>Angesichts der Pannenserie vor Ort nahmen die JN Sachsen Anhalt um Andy Knape das Heft in die Hand, Unterst\u00fctzung erhalten sie dabei von ihrem Bundesverband. In den Aufrufen sparen die Organisatoren nicht mit sozial-kitschigen Szenarien, um die dem demokratischen System zugeschriebenen Missst\u00e4nde zu schildern: <em>\u201eBlass und ungesund sieht sie aus, die Mutter am Rande der heutigen Szenerie. Sie und ihre zwei Kinder sind heute nicht zum feiern hier. Vielmehr ist es das Kinderfest mit kostenlosen Getr\u00e4nken und Eis f\u00fcr die Kleinen das sie hier her kommen l\u00e4sst. (\u2026) Es ist nicht viel was sie ihren Kindern seither bieten kann, es reicht zwar zum Leben doch vielmehr ist es nicht. Das graue Leben in der Stadt, die Tristesse ihres hoffnungslosen Alltags, die st\u00e4ndige Armut \u2013 ihre Augen sind leer und ausdruckslos. Sie will doch nur Leben!\u201c <\/em>Dass die Demonstration in der Kreisstadt Halberstadt im n\u00f6rdlichen Harzvorland stattfindet, verweist auf die wachsende Rolle der rechtsextremen Strukturen vor Ort. Nicht nur das sog. \u201eB\u00fcrgerb\u00fcro\u201c der NPD in Halberstadt stabilisiert die Neonazi-Szene, auch die NPD in Halberstadt bem\u00fcht sich offenbar um eine gr\u00f6\u00dfere Rolle im Landesverband. So finden sich aus NPD-Kreisverband Harz gleich drei Personen auf der Landesliste der Partei f\u00fcr die Landtagswahlen in Sachsen-Anhalt im kommenden Jahr.<\/p>\n<p>Demonstration als Testballon f\u00fcr Landtagswahl<\/p>\n<p>Tats\u00e4chlich gilt die Demonstration am 2. Oktober bei Beobachtern als Testballon f\u00fcr die anstehende Landtagswahl. Indem die NPD ihrer Jugendorganisation die \u00fcberregionale Mobilisierung \u00fcberl\u00e4sst, hofft sie auf ein spektren\u00fcbergreifendes Potenzial, das im kommenden M\u00e4rz ihre Stimmen f\u00fcr die NPD abgeben soll. Nicht umsonst fehlt auf der Rednerliste f\u00fcr die Demonstration der auch intern noch umstrittene NPD-Landesvorsitzende Matthias Heyder, der 2008 daf\u00fcr gesorgt hatte, dass nahezu der gesamte Vorstand zur\u00fcck getreten war.<\/p>\n<p><figure id=\"attachment_4642\" aria-describedby=\"caption-attachment-4642\" style=\"width: 484px\" class=\"wp-caption aligncenter\"><a href=\"https:\/\/blog.zeit.de\/stoerungsmelder\/files\/2010\/09\/jn_sa_sm.jpg\"><img loading=\"lazy\" decoding=\"async\" class=\"size-full wp-image-4642\" src=\"https:\/\/blog.zeit.de\/stoerungsmelder\/files\/2010\/09\/jn_sa_sm.jpg\" alt=\"\" width=\"484\" height=\"252\" srcset=\"https:\/\/blog.zeit.de\/stoerungsmelder\/files\/2010\/09\/jn_sa_sm.jpg 538w, https:\/\/blog.zeit.de\/stoerungsmelder\/files\/2010\/09\/jn_sa_sm-300x156.jpg 300w\" sizes=\"auto, (max-width: 484px) 100vw, 484px\" \/><\/a><figcaption id=\"caption-attachment-4642\" class=\"wp-caption-text\">JN Sachsen Anhalt bei einer Demonstration in Niedersachsen<\/figcaption><\/figure><\/p>\n<p style=\"text-align: center\">Daf\u00fcr ist der JN-Bundesvorsitzende Michael Sch\u00e4fer als regionaler Redner angek\u00fcndigt, der auch f\u00fcr die NPD im Harzer Kreistag sitzt. Sch\u00e4fer, der den Wahlkampf seines Landesvorsitzenden unterst\u00fctzt, genie\u00dft auch in der \u201eparteifernen\u201c Neonazi-Szene Ansehen.<\/p>\n<p>Pannen st\u00f6ren b\u00fcrgernahes Auftreten<\/p>\n<p>Doch gerade in Halberstadt musste die NPD bei ihren Bem\u00fchungen um ein b\u00fcrgernahes Auftreten in der \u00d6ffentlichkeit immer wieder teils selbst verschuldete R\u00fcckschl\u00e4ge hinnehmen. Hatte Fleischmann nach der Einrichtung des B\u00fcrgerb\u00fcros mit einer B\u00fcrgersprechstunde gehofft, die NPD-Politik leichter unter das Volk zu bringen, machten ihm Parteimitglieder und Mitglieder der Neonaziszene einen Strich durch die Rechnung. Bei einem Konzert filmte der Neonazi Frank M. aus dem NPD-Umfeld beispielsweise andere Rechtsextreme beim sog. \u201eAbhitlern\u201c und ver\u00f6ffentliche die Aufnahmen anschlie\u00dfend im Internet. Als Konsequenz verbot die Polizei eine Folgeveranstaltung. Erst im vergangenen August fiel M. erneut auf, als er mit dem Neonazi Benjamin H. in einem Internetradio namens \u201eWir geben niemals auf\u201c on air ging. Zu der dort gespielten Musik geh\u00f6rten teils verbotene Songs von Rechtsrockgr\u00f6\u00dfen wie Sleipnir, Die Zillertaler T\u00fcrkenj\u00e4ger, Kommando Freisler u.a. Nach einer Ver\u00f6ffentlichung ging der Radiostream offline. Aus dem Spektrum der sog. \u201eAutonomen Nationalisten\u201c sorgte Chris A. f\u00fcr Aufsehen, als er mit einem durch Dritte ver\u00f6ffentlichten Foreneintrag daf\u00fcr sorgte, dass das Online-Forum gel\u00f6scht wurde.<\/p>\n<p><figure id=\"attachment_4646\" aria-describedby=\"caption-attachment-4646\" style=\"width: 259px\" class=\"wp-caption alignright\"><a href=\"https:\/\/blog.zeit.de\/stoerungsmelder\/files\/2010\/09\/presse_l\u00fcgt_sm1.jpg\"><img loading=\"lazy\" decoding=\"async\" class=\"size-medium wp-image-4646   \" src=\"https:\/\/blog.zeit.de\/stoerungsmelder\/files\/2010\/09\/presse_l\u00fcgt_sm1-300x150.jpg\" alt=\"\" width=\"259\" height=\"130\" srcset=\"https:\/\/blog.zeit.de\/stoerungsmelder\/files\/2010\/09\/presse_l\u00fcgt_sm1-300x150.jpg 300w, https:\/\/blog.zeit.de\/stoerungsmelder\/files\/2010\/09\/presse_l\u00fcgt_sm1.jpg 700w\" sizes=\"auto, (max-width: 259px) 100vw, 259px\" \/><\/a><figcaption id=\"caption-attachment-4646\" class=\"wp-caption-text\">NPD vs. \u00d6ffentlichkeit<\/figcaption><\/figure><\/p>\n<p>Ein Auszug: \u201e<em>Diese geht hier an unsere Linken Mitlesern, ihr Spinner solltet euch stark \u00fcberlegen nach Halberstadt zu kommen. Wir warten und freuen uns schon euch so richtig die fresse einzuschlagen und sp\u00e4testens zur sp\u00e4ten zeit in Halberstadt ohne Bullen schlagen wir euch die Birne ein (&#8230;). Fuck antifa\u201c<\/em> (Fehler im Original).Am 2. Oktober vor Ort nach diesen und anderen Pannen zu fragen, d\u00fcrfte schwierig werden. In den Auflagen f\u00fcr die Demonstrationsteilnehmer hei\u00dft es im letzten Punkt: \u201eDer Presse werden keine Fragen beantwortet\u201c.<\/p>\n","protected":false},"excerpt":{"rendered":"<p>\u201eWir wollen Leben, Freiheit, Einheit und einen souver\u00e4nen Staat\u201c &#8211; was sich anh\u00f6rt wie die Parolen aus der damaligen DDR-B\u00fcrgerrechtsbewegung, ist der Aufruf der zu einer Neonazi-Demonstration in Halberstadt am Samstag, den 2. Oktober. Die Auswahl der Parolen ist kein Zufall: die NPD-Jugendorganisation \u201eJunge Nationaldemokraten\u201c (JN) kn\u00fcpft damit an die Wendezeit an, um gegen die [&hellip;]<\/p>\n","protected":false},"author":254,"featured_media":0,"comment_status":"open","ping_status":"open","sticky":false,"template":"","format":"standard","meta":{"_jetpack_memberships_contains_paid_content":false,"footnotes":""},"categories":[1,1457],"tags":[],"class_list":["post-4639","post","type-post","status-publish","format-standard","hentry","category-allgemein","category-sachsen-anhalt"],"yoast_head":"<!-- This site is optimized with the Yoast SEO plugin v21.0 - https:\/\/yoast.com\/wordpress\/plugins\/seo\/ -->\n<title>Keine Feierlaune in Halberstadt? Neonazis demonstrieren am 2. Oktober gegen Deutschland - St\u00f6rungsmelder<\/title>\n<meta name=\"robots\" content=\"index, follow, max-snippet:-1, max-image-preview:large, max-video-preview:-1\" \/>\n<link rel=\"canonical\" href=\"https:\/\/blog.zeit.de\/stoerungsmelder\/2010\/09\/30\/keine-feierlaune-in-halberstadt-neonazis-demonstrieren-am-2-oktober-gegen-deutschland_4639\" \/>\n<meta property=\"og:locale\" content=\"de_DE\" \/>\n<meta property=\"og:type\" content=\"article\" \/>\n<meta property=\"og:title\" content=\"Keine Feierlaune in Halberstadt? Neonazis demonstrieren am 2. Oktober gegen Deutschland - St\u00f6rungsmelder\" \/>\n<meta property=\"og:description\" content=\"\u201eWir wollen Leben, Freiheit, Einheit und einen souver\u00e4nen Staat\u201c &#8211; was sich anh\u00f6rt wie die Parolen aus der damaligen DDR-B\u00fcrgerrechtsbewegung, ist der Aufruf der zu einer Neonazi-Demonstration in Halberstadt am Samstag, den 2. Oktober. Die Auswahl der Parolen ist kein Zufall: die NPD-Jugendorganisation \u201eJunge Nationaldemokraten\u201c (JN) kn\u00fcpft damit an die Wendezeit an, um gegen die [&hellip;]\" \/>\n<meta property=\"og:url\" content=\"https:\/\/blog.zeit.de\/stoerungsmelder\/2010\/09\/30\/keine-feierlaune-in-halberstadt-neonazis-demonstrieren-am-2-oktober-gegen-deutschland_4639\" \/>\n<meta property=\"og:site_name\" content=\"St\u00f6rungsmelder\" \/>\n<meta property=\"article:published_time\" content=\"2010-09-30T20:05:24+00:00\" \/>\n<meta property=\"article:modified_time\" content=\"2010-09-30T21:25:30+00:00\" \/>\n<meta property=\"og:image\" content=\"https:\/\/blog.zeit.de\/stoerungsmelder\/files\/2010\/09\/deutschland_small.jpg\" \/>\n<meta name=\"author\" content=\"Kai Budler\" \/>\n<meta name=\"twitter:card\" content=\"summary_large_image\" \/>\n<meta name=\"twitter:label1\" content=\"Geschrieben von\" \/>\n\t<meta name=\"twitter:data1\" content=\"Kai Budler\" \/>\n\t<meta name=\"twitter:label2\" content=\"Gesch\u00e4tzte Lesezeit\" \/>\n\t<meta name=\"twitter:data2\" content=\"4\u00a0Minuten\" \/>\n<script type=\"application\/ld+json\" class=\"yoast-schema-graph\">{\"@context\":\"https:\/\/schema.org\",\"@graph\":[{\"@type\":\"WebPage\",\"@id\":\"https:\/\/blog.zeit.de\/stoerungsmelder\/2010\/09\/30\/keine-feierlaune-in-halberstadt-neonazis-demonstrieren-am-2-oktober-gegen-deutschland_4639\",\"url\":\"https:\/\/blog.zeit.de\/stoerungsmelder\/2010\/09\/30\/keine-feierlaune-in-halberstadt-neonazis-demonstrieren-am-2-oktober-gegen-deutschland_4639\",\"name\":\"Keine Feierlaune in Halberstadt? Neonazis demonstrieren am 2. Oktober gegen Deutschland - St\u00f6rungsmelder\",\"isPartOf\":{\"@id\":\"https:\/\/blog.zeit.de\/stoerungsmelder\/#website\"},\"datePublished\":\"2010-09-30T20:05:24+00:00\",\"dateModified\":\"2010-09-30T21:25:30+00:00\",\"author\":{\"@id\":\"https:\/\/blog.zeit.de\/stoerungsmelder\/#\/schema\/person\/58f28fa43c55337b17b93e3622cc8b37\"},\"breadcrumb\":{\"@id\":\"https:\/\/blog.zeit.de\/stoerungsmelder\/2010\/09\/30\/keine-feierlaune-in-halberstadt-neonazis-demonstrieren-am-2-oktober-gegen-deutschland_4639#breadcrumb\"},\"inLanguage\":\"de\",\"potentialAction\":[{\"@type\":\"ReadAction\",\"target\":[\"https:\/\/blog.zeit.de\/stoerungsmelder\/2010\/09\/30\/keine-feierlaune-in-halberstadt-neonazis-demonstrieren-am-2-oktober-gegen-deutschland_4639\"]}]},{\"@type\":\"BreadcrumbList\",\"@id\":\"https:\/\/blog.zeit.de\/stoerungsmelder\/2010\/09\/30\/keine-feierlaune-in-halberstadt-neonazis-demonstrieren-am-2-oktober-gegen-deutschland_4639#breadcrumb\",\"itemListElement\":[{\"@type\":\"ListItem\",\"position\":1,\"name\":\"Startseite\",\"item\":\"https:\/\/blog.zeit.de\/stoerungsmelder\"},{\"@type\":\"ListItem\",\"position\":2,\"name\":\"Keine Feierlaune in Halberstadt? Neonazis demonstrieren am 2. Oktober gegen Deutschland\"}]},{\"@type\":\"WebSite\",\"@id\":\"https:\/\/blog.zeit.de\/stoerungsmelder\/#website\",\"url\":\"https:\/\/blog.zeit.de\/stoerungsmelder\/\",\"name\":\"St\u00f6rungsmelder\",\"description\":\"Recherchen und Analysen \u00fcber die extreme Rechte\",\"potentialAction\":[{\"@type\":\"SearchAction\",\"target\":{\"@type\":\"EntryPoint\",\"urlTemplate\":\"https:\/\/blog.zeit.de\/stoerungsmelder\/?s={search_term_string}\"},\"query-input\":\"required name=search_term_string\"}],\"inLanguage\":\"de\"},{\"@type\":\"Person\",\"@id\":\"https:\/\/blog.zeit.de\/stoerungsmelder\/#\/schema\/person\/58f28fa43c55337b17b93e3622cc8b37\",\"name\":\"Kai Budler\",\"image\":{\"@type\":\"ImageObject\",\"inLanguage\":\"de\",\"@id\":\"https:\/\/blog.zeit.de\/stoerungsmelder\/#\/schema\/person\/image\/\",\"url\":\"https:\/\/secure.gravatar.com\/avatar\/126c2f44b51c178dc1db1bb6e040fcff157c88000cfae96c983070e6153484e3?s=96&d=mm&r=pg\",\"contentUrl\":\"https:\/\/secure.gravatar.com\/avatar\/126c2f44b51c178dc1db1bb6e040fcff157c88000cfae96c983070e6153484e3?s=96&d=mm&r=pg\",\"caption\":\"Kai Budler\"},\"url\":\"https:\/\/blog.zeit.de\/stoerungsmelder\/author\/kai-budler\"}]}<\/script>\n<!-- \/ Yoast SEO plugin. -->","yoast_head_json":{"title":"Keine Feierlaune in Halberstadt? Neonazis demonstrieren am 2. Oktober gegen Deutschland - St\u00f6rungsmelder","robots":{"index":"index","follow":"follow","max-snippet":"max-snippet:-1","max-image-preview":"max-image-preview:large","max-video-preview":"max-video-preview:-1"},"canonical":"https:\/\/blog.zeit.de\/stoerungsmelder\/2010\/09\/30\/keine-feierlaune-in-halberstadt-neonazis-demonstrieren-am-2-oktober-gegen-deutschland_4639","og_locale":"de_DE","og_type":"article","og_title":"Keine Feierlaune in Halberstadt? Neonazis demonstrieren am 2. Oktober gegen Deutschland - St\u00f6rungsmelder","og_description":"\u201eWir wollen Leben, Freiheit, Einheit und einen souver\u00e4nen Staat\u201c &#8211; was sich anh\u00f6rt wie die Parolen aus der damaligen DDR-B\u00fcrgerrechtsbewegung, ist der Aufruf der zu einer Neonazi-Demonstration in Halberstadt am Samstag, den 2. Oktober. Die Auswahl der Parolen ist kein Zufall: die NPD-Jugendorganisation \u201eJunge Nationaldemokraten\u201c (JN) kn\u00fcpft damit an die Wendezeit an, um gegen die [&hellip;]","og_url":"https:\/\/blog.zeit.de\/stoerungsmelder\/2010\/09\/30\/keine-feierlaune-in-halberstadt-neonazis-demonstrieren-am-2-oktober-gegen-deutschland_4639","og_site_name":"St\u00f6rungsmelder","article_published_time":"2010-09-30T20:05:24+00:00","article_modified_time":"2010-09-30T21:25:30+00:00","og_image":[{"url":"https:\/\/blog.zeit.de\/stoerungsmelder\/files\/2010\/09\/deutschland_small.jpg"}],"author":"Kai Budler","twitter_card":"summary_large_image","twitter_misc":{"Geschrieben von":"Kai Budler","Gesch\u00e4tzte Lesezeit":"4\u00a0Minuten"},"schema":{"@context":"https:\/\/schema.org","@graph":[{"@type":"WebPage","@id":"https:\/\/blog.zeit.de\/stoerungsmelder\/2010\/09\/30\/keine-feierlaune-in-halberstadt-neonazis-demonstrieren-am-2-oktober-gegen-deutschland_4639","url":"https:\/\/blog.zeit.de\/stoerungsmelder\/2010\/09\/30\/keine-feierlaune-in-halberstadt-neonazis-demonstrieren-am-2-oktober-gegen-deutschland_4639","name":"Keine Feierlaune in Halberstadt? Neonazis demonstrieren am 2. Oktober gegen Deutschland - St\u00f6rungsmelder","isPartOf":{"@id":"https:\/\/blog.zeit.de\/stoerungsmelder\/#website"},"datePublished":"2010-09-30T20:05:24+00:00","dateModified":"2010-09-30T21:25:30+00:00","author":{"@id":"https:\/\/blog.zeit.de\/stoerungsmelder\/#\/schema\/person\/58f28fa43c55337b17b93e3622cc8b37"},"breadcrumb":{"@id":"https:\/\/blog.zeit.de\/stoerungsmelder\/2010\/09\/30\/keine-feierlaune-in-halberstadt-neonazis-demonstrieren-am-2-oktober-gegen-deutschland_4639#breadcrumb"},"inLanguage":"de","potentialAction":[{"@type":"ReadAction","target":["https:\/\/blog.zeit.de\/stoerungsmelder\/2010\/09\/30\/keine-feierlaune-in-halberstadt-neonazis-demonstrieren-am-2-oktober-gegen-deutschland_4639"]}]},{"@type":"BreadcrumbList","@id":"https:\/\/blog.zeit.de\/stoerungsmelder\/2010\/09\/30\/keine-feierlaune-in-halberstadt-neonazis-demonstrieren-am-2-oktober-gegen-deutschland_4639#breadcrumb","itemListElement":[{"@type":"ListItem","position":1,"name":"Startseite","item":"https:\/\/blog.zeit.de\/stoerungsmelder"},{"@type":"ListItem","position":2,"name":"Keine Feierlaune in Halberstadt? Neonazis demonstrieren am 2. Oktober gegen Deutschland"}]},{"@type":"WebSite","@id":"https:\/\/blog.zeit.de\/stoerungsmelder\/#website","url":"https:\/\/blog.zeit.de\/stoerungsmelder\/","name":"St\u00f6rungsmelder","description":"Recherchen und Analysen \u00fcber die extreme Rechte","potentialAction":[{"@type":"SearchAction","target":{"@type":"EntryPoint","urlTemplate":"https:\/\/blog.zeit.de\/stoerungsmelder\/?s={search_term_string}"},"query-input":"required name=search_term_string"}],"inLanguage":"de"},{"@type":"Person","@id":"https:\/\/blog.zeit.de\/stoerungsmelder\/#\/schema\/person\/58f28fa43c55337b17b93e3622cc8b37","name":"Kai Budler","image":{"@type":"ImageObject","inLanguage":"de","@id":"https:\/\/blog.zeit.de\/stoerungsmelder\/#\/schema\/person\/image\/","url":"https:\/\/secure.gravatar.com\/avatar\/126c2f44b51c178dc1db1bb6e040fcff157c88000cfae96c983070e6153484e3?s=96&d=mm&r=pg","contentUrl":"https:\/\/secure.gravatar.com\/avatar\/126c2f44b51c178dc1db1bb6e040fcff157c88000cfae96c983070e6153484e3?s=96&d=mm&r=pg","caption":"Kai Budler"},"url":"https:\/\/blog.zeit.de\/stoerungsmelder\/author\/kai-budler"}]}},"jetpack_featured_media_url":"","jetpack_sharing_enabled":true,"_links":{"self":[{"href":"https:\/\/blog.zeit.de\/stoerungsmelder\/wp-json\/wp\/v2\/posts\/4639","targetHints":{"allow":["GET"]}}],"collection":[{"href":"https:\/\/blog.zeit.de\/stoerungsmelder\/wp-json\/wp\/v2\/posts"}],"about":[{"href":"https:\/\/blog.zeit.de\/stoerungsmelder\/wp-json\/wp\/v2\/types\/post"}],"author":[{"embeddable":true,"href":"https:\/\/blog.zeit.de\/stoerungsmelder\/wp-json\/wp\/v2\/users\/254"}],"replies":[{"embeddable":true,"href":"https:\/\/blog.zeit.de\/stoerungsmelder\/wp-json\/wp\/v2\/comments?post=4639"}],"version-history":[{"count":8,"href":"https:\/\/blog.zeit.de\/stoerungsmelder\/wp-json\/wp\/v2\/posts\/4639\/revisions"}],"predecessor-version":[{"id":4652,"href":"https:\/\/blog.zeit.de\/stoerungsmelder\/wp-json\/wp\/v2\/posts\/4639\/revisions\/4652"}],"wp:attachment":[{"href":"https:\/\/blog.zeit.de\/stoerungsmelder\/wp-json\/wp\/v2\/media?parent=4639"}],"wp:term":[{"taxonomy":"category","embeddable":true,"href":"https:\/\/blog.zeit.de\/stoerungsmelder\/wp-json\/wp\/v2\/categories?post=4639"},{"taxonomy":"post_tag","embeddable":true,"href":"https:\/\/blog.zeit.de\/stoerungsmelder\/wp-json\/wp\/v2\/tags?post=4639"}],"curies":[{"name":"wp","href":"https:\/\/api.w.org\/{rel}","templated":true}]}}