{"id":4712,"date":"2010-10-06T18:10:33","date_gmt":"2010-10-06T16:10:33","guid":{"rendered":"http:\/\/blog.zeit.de\/stoerungsmelder\/?p=4712"},"modified":"2010-10-06T18:11:45","modified_gmt":"2010-10-06T16:11:45","slug":"verfassungsschutz-sieht-neue-qualitat-rechter-gewalt","status":"publish","type":"post","link":"https:\/\/blog.zeit.de\/stoerungsmelder\/2010\/10\/06\/verfassungsschutz-sieht-neue-qualitat-rechter-gewalt_4712","title":{"rendered":"Verfassungsschutz sieht neue Qualit\u00e4t rechter Gewalt"},"content":{"rendered":"<p><figure id=\"attachment_1315\" aria-describedby=\"caption-attachment-1315\" style=\"width: 300px\" class=\"wp-caption alignleft\"><a href=\"https:\/\/blog.zeit.de\/stoerungsmelder\/files\/2009\/08\/colditz-artikel-410.jpg\"><img loading=\"lazy\" decoding=\"async\" class=\"size-medium wp-image-1315\" src=\"https:\/\/blog.zeit.de\/stoerungsmelder\/files\/2009\/08\/colditz-artikel-410-300x146.jpg\" alt=\"\" width=\"300\" height=\"146\" srcset=\"https:\/\/blog.zeit.de\/stoerungsmelder\/files\/2009\/08\/colditz-artikel-410-300x146.jpg 300w, https:\/\/blog.zeit.de\/stoerungsmelder\/files\/2009\/08\/colditz-artikel-410.jpg 410w\" sizes=\"auto, (max-width: 300px) 100vw, 300px\" \/><\/a><figcaption id=\"caption-attachment-1315\" class=\"wp-caption-text\">Mit Gewalt gegen Demokraten - eindeutige Botschaft auf dem T-Shirt eines Neonazis<\/figcaption><\/figure><\/p>\n<p>\u201eEs gibt eine neue Qualit\u00e4t rechter Gewalt. Rechtsextremisten schrecken heute selbst vor selbstgebastelten Sprengk\u00f6rpern nicht zur\u00fcck\u201c, mit diesen Worten hat Innenminister Ralf J\u00e4ger am 06. Oktober 2010 anl\u00e4sslich der Vorstellung des Verfassungsschutzberichtes f\u00fcr das erste Halbjahr 2010 f\u00fcr Nordrhein-Westfalen gewarnt. Diese Entwicklung zeigten die Ermittlungsverfahren und die Festnahme eines Rechtsextremisten aus der Szene im Raum Aachen vor einer Demonstration, so J\u00e4ger.<\/p>\n<p>Der Innenminister warnte zudem vor Zusammenst\u00f6\u00dfen zwischen Neonazis und <!--more-->Gegendemonstranten. \u201eBei Demonstrationen und Konfrontationen beobachte der Verfassungsschutz, dass die Hemmschwelle sinkt\u201c, sagte J\u00e4ger. \u201eWir gehen mit aller Konsequenz und fr\u00fchzeitig gegen diese beunruhigenden Tendenzen vor. Gewalt ist kein zul\u00e4ssiges Mittel der politischen Auseinandersetzung in unserer demokratischen Gesellschaft\u201c, sagte der Minister und f\u00fchrte weiter aus: \u201eWir wollen bereits im Vorfeld ansetzen, um vor allem Jugendliche \u00fcber Extremismus aufzukl\u00e4ren. Was die \u00fcberwiegend jungen Gewaltt\u00e4ter verbindet, ist ihre niedrige Hemmschwelle und hohe Gewaltbereitschaft. Hier gilt es, wie in allen anderen Kriminalit\u00e4tsfeldern auch, kriminelle Entwicklungen fr\u00fchzeitig zu verhindern.\u201c Allerdings erkl\u00e4rt der Innenminister nicht, was konkret hinter dem \u201eExtremismus\u201c steckt, sondern definiert das Ph\u00e4nomen \u00fcber die \u201eoffensichtlich wachsende Gewaltbereitschaft\u201c bei \u201eKindern und Jugendlichen\u201c, welche \u201edurch eine neue Pr\u00e4ventionspolitik aus einem Guss\u201c bek\u00e4mpft werden solle. So richtig der Ansatz der Pr\u00e4vention ist \u2013 eine inhaltliche Benennung der konkreten menschenfeindlichen Einstellungen, die Gewalt bef\u00f6rdern, darf nicht fehlen.<\/p>\n<p><strong>Gezielte Anschl\u00e4ge in mehreren L\u00e4ndern<\/strong><\/p>\n<p>Die Militanz in der Neonazi-Szene nimmt \u00fcbrigens in meheren Bundesl\u00e4ndern offenbar zu: Bei einer Demonstration von Neonazis am 1. Mai 2010 in Berlin soll ein Demonstrant einen Anschlag geplant haben. Der 19-j\u00e4hrige Verd\u00e4chtige wurde Wochen sp\u00e4ter in Aachen festgenommen. Der Neonazi soll am Maifeiertag mehrere Sprengs\u00e4tze mit sich gef\u00fchrt haben. Bei dem Mann handelt es sich laut Tagesspiegel um ein f\u00fchrendes Mitglied der Gruppierung \u201eKameradschaft Aachener Land\u201c, die als besonders aggressiv gilt. Nach Informationen des Tagesspiegels wurde der Neonazi am 1. Mai bei Vorkontrollen der Polizei zum geplanten Aufmarsch der rechten Szene angehalten. Der Mann warf mehrere Gegenst\u00e4nde weg und fl\u00fcchtete. Die Polizisten fanden demnach gr\u00f6\u00dfere Mengen Reizgas und neun selbst gebastelte Sprengs\u00e4tze, die zum Teil mit Scherben versetzt waren.<\/p>\n<p>In Mecklenburg-Vorpommern wurden in den vergangenen Monaten gezielt B\u00fcros von demokratischen Parteien attackiert, in Sachsen gab es in den vergangenen Wochen zehn Brandanschl\u00e4ge \u2013 und in <a href=\"http:\/\/npd-blog.info\/2010\/09\/19\/neonazis-planten-offenbar-anschlag-auf-landtagsabgeordnete\/\" target=\"_blank\">Th\u00fcringen planten Neonazis offenbar einen Brandanschlag auf die Linke-Landtagsabgeordnete K\u00f6nig<\/a>. Gleichzeitig stehen zahlreiche Beratungsstellen f\u00fcr Betroffene von Nazi-Gewalt vor einer ungewissen Zukunft.<\/p>\n<p>Siehe auch: <a rel=\"bookmark\" href=\"http:\/\/npd-blog.info\/2010\/04\/19\/straftaten2009\/\">Fast 20.000 rechtsextreme Straftaten im Jahr 2009<\/a><img loading=\"lazy\" decoding=\"async\" src=\"http:\/\/vg03.met.vgwort.de\/na\/ae18ed9fada94cca9aa69df2d351c303\" alt=\"\" width=\"1\" height=\"1\" \/><\/p>\n","protected":false},"excerpt":{"rendered":"<p>\u201eEs gibt eine neue Qualit\u00e4t rechter Gewalt. Rechtsextremisten schrecken heute selbst vor selbstgebastelten Sprengk\u00f6rpern nicht zur\u00fcck\u201c, mit diesen Worten hat Innenminister Ralf J\u00e4ger am 06. Oktober 2010 anl\u00e4sslich der Vorstellung des Verfassungsschutzberichtes f\u00fcr das erste Halbjahr 2010 f\u00fcr Nordrhein-Westfalen gewarnt. Diese Entwicklung zeigten die Ermittlungsverfahren und die Festnahme eines Rechtsextremisten aus der Szene im Raum [&hellip;]<\/p>\n","protected":false},"author":295,"featured_media":0,"comment_status":"open","ping_status":"open","sticky":false,"template":"","format":"standard","meta":{"_jetpack_memberships_contains_paid_content":false,"footnotes":""},"categories":[1,1291],"tags":[],"class_list":["post-4712","post","type-post","status-publish","format-standard","hentry","category-allgemein","category-nordrhein-westfalen"],"yoast_head":"<!-- This site is optimized with the Yoast SEO plugin v21.0 - https:\/\/yoast.com\/wordpress\/plugins\/seo\/ -->\n<title>Verfassungsschutz sieht neue Qualit\u00e4t rechter Gewalt - St\u00f6rungsmelder<\/title>\n<meta name=\"robots\" content=\"index, follow, max-snippet:-1, max-image-preview:large, max-video-preview:-1\" \/>\n<link rel=\"canonical\" href=\"https:\/\/blog.zeit.de\/stoerungsmelder\/2010\/10\/06\/verfassungsschutz-sieht-neue-qualitat-rechter-gewalt_4712\" \/>\n<meta property=\"og:locale\" content=\"de_DE\" \/>\n<meta property=\"og:type\" content=\"article\" \/>\n<meta property=\"og:title\" content=\"Verfassungsschutz sieht neue Qualit\u00e4t rechter Gewalt - St\u00f6rungsmelder\" \/>\n<meta property=\"og:description\" content=\"\u201eEs gibt eine neue Qualit\u00e4t rechter Gewalt. Rechtsextremisten schrecken heute selbst vor selbstgebastelten Sprengk\u00f6rpern nicht zur\u00fcck\u201c, mit diesen Worten hat Innenminister Ralf J\u00e4ger am 06. Oktober 2010 anl\u00e4sslich der Vorstellung des Verfassungsschutzberichtes f\u00fcr das erste Halbjahr 2010 f\u00fcr Nordrhein-Westfalen gewarnt. Diese Entwicklung zeigten die Ermittlungsverfahren und die Festnahme eines Rechtsextremisten aus der Szene im Raum [&hellip;]\" \/>\n<meta property=\"og:url\" content=\"https:\/\/blog.zeit.de\/stoerungsmelder\/2010\/10\/06\/verfassungsschutz-sieht-neue-qualitat-rechter-gewalt_4712\" \/>\n<meta property=\"og:site_name\" content=\"St\u00f6rungsmelder\" \/>\n<meta property=\"article:published_time\" content=\"2010-10-06T16:10:33+00:00\" \/>\n<meta property=\"article:modified_time\" content=\"2010-10-06T16:11:45+00:00\" \/>\n<meta property=\"og:image\" content=\"https:\/\/blog.zeit.de\/stoerungsmelder\/files\/2009\/08\/colditz-artikel-410-300x146.jpg\" \/>\n<meta name=\"author\" content=\"npdbloginfo\" \/>\n<meta name=\"twitter:card\" content=\"summary_large_image\" \/>\n<meta name=\"twitter:label1\" content=\"Geschrieben von\" \/>\n\t<meta name=\"twitter:data1\" content=\"npdbloginfo\" \/>\n\t<meta name=\"twitter:label2\" content=\"Gesch\u00e4tzte Lesezeit\" \/>\n\t<meta name=\"twitter:data2\" content=\"2\u00a0Minuten\" \/>\n<script type=\"application\/ld+json\" class=\"yoast-schema-graph\">{\"@context\":\"https:\/\/schema.org\",\"@graph\":[{\"@type\":\"WebPage\",\"@id\":\"https:\/\/blog.zeit.de\/stoerungsmelder\/2010\/10\/06\/verfassungsschutz-sieht-neue-qualitat-rechter-gewalt_4712\",\"url\":\"https:\/\/blog.zeit.de\/stoerungsmelder\/2010\/10\/06\/verfassungsschutz-sieht-neue-qualitat-rechter-gewalt_4712\",\"name\":\"Verfassungsschutz sieht neue Qualit\u00e4t rechter Gewalt - St\u00f6rungsmelder\",\"isPartOf\":{\"@id\":\"https:\/\/blog.zeit.de\/stoerungsmelder\/#website\"},\"datePublished\":\"2010-10-06T16:10:33+00:00\",\"dateModified\":\"2010-10-06T16:11:45+00:00\",\"author\":{\"@id\":\"https:\/\/blog.zeit.de\/stoerungsmelder\/#\/schema\/person\/36c66b1a7a2ff6e8ac09f8782af00536\"},\"breadcrumb\":{\"@id\":\"https:\/\/blog.zeit.de\/stoerungsmelder\/2010\/10\/06\/verfassungsschutz-sieht-neue-qualitat-rechter-gewalt_4712#breadcrumb\"},\"inLanguage\":\"de\",\"potentialAction\":[{\"@type\":\"ReadAction\",\"target\":[\"https:\/\/blog.zeit.de\/stoerungsmelder\/2010\/10\/06\/verfassungsschutz-sieht-neue-qualitat-rechter-gewalt_4712\"]}]},{\"@type\":\"BreadcrumbList\",\"@id\":\"https:\/\/blog.zeit.de\/stoerungsmelder\/2010\/10\/06\/verfassungsschutz-sieht-neue-qualitat-rechter-gewalt_4712#breadcrumb\",\"itemListElement\":[{\"@type\":\"ListItem\",\"position\":1,\"name\":\"Startseite\",\"item\":\"https:\/\/blog.zeit.de\/stoerungsmelder\"},{\"@type\":\"ListItem\",\"position\":2,\"name\":\"Verfassungsschutz sieht neue Qualit\u00e4t rechter Gewalt\"}]},{\"@type\":\"WebSite\",\"@id\":\"https:\/\/blog.zeit.de\/stoerungsmelder\/#website\",\"url\":\"https:\/\/blog.zeit.de\/stoerungsmelder\/\",\"name\":\"St\u00f6rungsmelder\",\"description\":\"Recherchen und Analysen \u00fcber die extreme Rechte\",\"potentialAction\":[{\"@type\":\"SearchAction\",\"target\":{\"@type\":\"EntryPoint\",\"urlTemplate\":\"https:\/\/blog.zeit.de\/stoerungsmelder\/?s={search_term_string}\"},\"query-input\":\"required name=search_term_string\"}],\"inLanguage\":\"de\"},{\"@type\":\"Person\",\"@id\":\"https:\/\/blog.zeit.de\/stoerungsmelder\/#\/schema\/person\/36c66b1a7a2ff6e8ac09f8782af00536\",\"name\":\"npdbloginfo\",\"image\":{\"@type\":\"ImageObject\",\"inLanguage\":\"de\",\"@id\":\"https:\/\/blog.zeit.de\/stoerungsmelder\/#\/schema\/person\/image\/\",\"url\":\"https:\/\/secure.gravatar.com\/avatar\/d788862a9764e18d9d9d94bed018327dcbdccc6776903d0eb9d6e0658888a017?s=96&d=mm&r=pg\",\"contentUrl\":\"https:\/\/secure.gravatar.com\/avatar\/d788862a9764e18d9d9d94bed018327dcbdccc6776903d0eb9d6e0658888a017?s=96&d=mm&r=pg\",\"caption\":\"npdbloginfo\"},\"description\":\"Das Watchblog NPD-BLOG.INFO berichtet seit 2005 kontinuierlich \u00fcber die rechtsextreme NPD.\",\"sameAs\":[\"http:\/\/npd-blog.info\"],\"url\":\"https:\/\/blog.zeit.de\/stoerungsmelder\/author\/npdbloginfo\"}]}<\/script>\n<!-- \/ Yoast SEO plugin. -->","yoast_head_json":{"title":"Verfassungsschutz sieht neue Qualit\u00e4t rechter Gewalt - St\u00f6rungsmelder","robots":{"index":"index","follow":"follow","max-snippet":"max-snippet:-1","max-image-preview":"max-image-preview:large","max-video-preview":"max-video-preview:-1"},"canonical":"https:\/\/blog.zeit.de\/stoerungsmelder\/2010\/10\/06\/verfassungsschutz-sieht-neue-qualitat-rechter-gewalt_4712","og_locale":"de_DE","og_type":"article","og_title":"Verfassungsschutz sieht neue Qualit\u00e4t rechter Gewalt - St\u00f6rungsmelder","og_description":"\u201eEs gibt eine neue Qualit\u00e4t rechter Gewalt. Rechtsextremisten schrecken heute selbst vor selbstgebastelten Sprengk\u00f6rpern nicht zur\u00fcck\u201c, mit diesen Worten hat Innenminister Ralf J\u00e4ger am 06. Oktober 2010 anl\u00e4sslich der Vorstellung des Verfassungsschutzberichtes f\u00fcr das erste Halbjahr 2010 f\u00fcr Nordrhein-Westfalen gewarnt. Diese Entwicklung zeigten die Ermittlungsverfahren und die Festnahme eines Rechtsextremisten aus der Szene im Raum [&hellip;]","og_url":"https:\/\/blog.zeit.de\/stoerungsmelder\/2010\/10\/06\/verfassungsschutz-sieht-neue-qualitat-rechter-gewalt_4712","og_site_name":"St\u00f6rungsmelder","article_published_time":"2010-10-06T16:10:33+00:00","article_modified_time":"2010-10-06T16:11:45+00:00","og_image":[{"url":"https:\/\/blog.zeit.de\/stoerungsmelder\/files\/2009\/08\/colditz-artikel-410-300x146.jpg"}],"author":"npdbloginfo","twitter_card":"summary_large_image","twitter_misc":{"Geschrieben von":"npdbloginfo","Gesch\u00e4tzte Lesezeit":"2\u00a0Minuten"},"schema":{"@context":"https:\/\/schema.org","@graph":[{"@type":"WebPage","@id":"https:\/\/blog.zeit.de\/stoerungsmelder\/2010\/10\/06\/verfassungsschutz-sieht-neue-qualitat-rechter-gewalt_4712","url":"https:\/\/blog.zeit.de\/stoerungsmelder\/2010\/10\/06\/verfassungsschutz-sieht-neue-qualitat-rechter-gewalt_4712","name":"Verfassungsschutz sieht neue Qualit\u00e4t rechter Gewalt - St\u00f6rungsmelder","isPartOf":{"@id":"https:\/\/blog.zeit.de\/stoerungsmelder\/#website"},"datePublished":"2010-10-06T16:10:33+00:00","dateModified":"2010-10-06T16:11:45+00:00","author":{"@id":"https:\/\/blog.zeit.de\/stoerungsmelder\/#\/schema\/person\/36c66b1a7a2ff6e8ac09f8782af00536"},"breadcrumb":{"@id":"https:\/\/blog.zeit.de\/stoerungsmelder\/2010\/10\/06\/verfassungsschutz-sieht-neue-qualitat-rechter-gewalt_4712#breadcrumb"},"inLanguage":"de","potentialAction":[{"@type":"ReadAction","target":["https:\/\/blog.zeit.de\/stoerungsmelder\/2010\/10\/06\/verfassungsschutz-sieht-neue-qualitat-rechter-gewalt_4712"]}]},{"@type":"BreadcrumbList","@id":"https:\/\/blog.zeit.de\/stoerungsmelder\/2010\/10\/06\/verfassungsschutz-sieht-neue-qualitat-rechter-gewalt_4712#breadcrumb","itemListElement":[{"@type":"ListItem","position":1,"name":"Startseite","item":"https:\/\/blog.zeit.de\/stoerungsmelder"},{"@type":"ListItem","position":2,"name":"Verfassungsschutz sieht neue Qualit\u00e4t rechter Gewalt"}]},{"@type":"WebSite","@id":"https:\/\/blog.zeit.de\/stoerungsmelder\/#website","url":"https:\/\/blog.zeit.de\/stoerungsmelder\/","name":"St\u00f6rungsmelder","description":"Recherchen und Analysen \u00fcber die extreme Rechte","potentialAction":[{"@type":"SearchAction","target":{"@type":"EntryPoint","urlTemplate":"https:\/\/blog.zeit.de\/stoerungsmelder\/?s={search_term_string}"},"query-input":"required name=search_term_string"}],"inLanguage":"de"},{"@type":"Person","@id":"https:\/\/blog.zeit.de\/stoerungsmelder\/#\/schema\/person\/36c66b1a7a2ff6e8ac09f8782af00536","name":"npdbloginfo","image":{"@type":"ImageObject","inLanguage":"de","@id":"https:\/\/blog.zeit.de\/stoerungsmelder\/#\/schema\/person\/image\/","url":"https:\/\/secure.gravatar.com\/avatar\/d788862a9764e18d9d9d94bed018327dcbdccc6776903d0eb9d6e0658888a017?s=96&d=mm&r=pg","contentUrl":"https:\/\/secure.gravatar.com\/avatar\/d788862a9764e18d9d9d94bed018327dcbdccc6776903d0eb9d6e0658888a017?s=96&d=mm&r=pg","caption":"npdbloginfo"},"description":"Das Watchblog NPD-BLOG.INFO berichtet seit 2005 kontinuierlich \u00fcber die rechtsextreme NPD.","sameAs":["http:\/\/npd-blog.info"],"url":"https:\/\/blog.zeit.de\/stoerungsmelder\/author\/npdbloginfo"}]}},"jetpack_featured_media_url":"","jetpack_sharing_enabled":true,"_links":{"self":[{"href":"https:\/\/blog.zeit.de\/stoerungsmelder\/wp-json\/wp\/v2\/posts\/4712","targetHints":{"allow":["GET"]}}],"collection":[{"href":"https:\/\/blog.zeit.de\/stoerungsmelder\/wp-json\/wp\/v2\/posts"}],"about":[{"href":"https:\/\/blog.zeit.de\/stoerungsmelder\/wp-json\/wp\/v2\/types\/post"}],"author":[{"embeddable":true,"href":"https:\/\/blog.zeit.de\/stoerungsmelder\/wp-json\/wp\/v2\/users\/295"}],"replies":[{"embeddable":true,"href":"https:\/\/blog.zeit.de\/stoerungsmelder\/wp-json\/wp\/v2\/comments?post=4712"}],"version-history":[{"count":2,"href":"https:\/\/blog.zeit.de\/stoerungsmelder\/wp-json\/wp\/v2\/posts\/4712\/revisions"}],"predecessor-version":[{"id":4714,"href":"https:\/\/blog.zeit.de\/stoerungsmelder\/wp-json\/wp\/v2\/posts\/4712\/revisions\/4714"}],"wp:attachment":[{"href":"https:\/\/blog.zeit.de\/stoerungsmelder\/wp-json\/wp\/v2\/media?parent=4712"}],"wp:term":[{"taxonomy":"category","embeddable":true,"href":"https:\/\/blog.zeit.de\/stoerungsmelder\/wp-json\/wp\/v2\/categories?post=4712"},{"taxonomy":"post_tag","embeddable":true,"href":"https:\/\/blog.zeit.de\/stoerungsmelder\/wp-json\/wp\/v2\/tags?post=4712"}],"curies":[{"name":"wp","href":"https:\/\/api.w.org\/{rel}","templated":true}]}}