{"id":4761,"date":"2010-10-13T14:37:01","date_gmt":"2010-10-13T12:37:01","guid":{"rendered":"http:\/\/blog.zeit.de\/stoerungsmelder\/?p=4761"},"modified":"2010-10-13T14:37:01","modified_gmt":"2010-10-13T12:37:01","slug":"seehofers-spruche","status":"publish","type":"post","link":"https:\/\/blog.zeit.de\/stoerungsmelder\/2010\/10\/13\/seehofers-spruche_4761","title":{"rendered":"Seehofers Spr\u00fcche"},"content":{"rendered":"<p><img loading=\"lazy\" decoding=\"async\" class=\"alignleft\" src=\"http:\/\/www.gesichtzeigen.de\/wp-content\/themes\/gz\/images\/logo_gz.gif\" alt=\"\" width=\"114\" height=\"183\" \/><\/p>\n<p>In einem Interview hatte CSU-Chef Horst Seehofer gesagt: &#8222;Es ist doch klar, dass sich Zuwanderer aus anderen Kulturkreisen, wie aus der T\u00fcrkei und arabischen L\u00e4ndern, (mit Integration) insgesamt schwerer tun.&#8220; Deshalb &#8222;brauchen wir keine zus\u00e4tzliche Zuwanderung aus anderen Kulturkreisen&#8220;. Auch aus der eigenen Partei wurde er f\u00fcr seine \u00c4u\u00dferungen kritisiert.<!--more--><\/p>\n<p><em>Ein Kommentar vom ehemaligen Regierungssprecher und <\/em><em> <\/em><em>Chef von <a href=\"http:\/\/www.gesichtzeigen.de\/\">Gesicht zeigen! e.V.<\/a> <\/em><em>Uwe-Karsten Heye<a href=\"http:\/\/www.gesichtzeigen.de\/\"><\/a><\/em><\/p>\n<p>Auch das noch. MP Seehofer hofft offenbar, sein angekratztes Image mit rechtspopulistischen Spr\u00fcchen wieder zum Gl\u00e4nzen zu bringen und die Kanzlerin springt ihm noch bei.  Es wird ihm nichts n\u00fctzen, da m\u00fcsste er schon mit der NPD und ihrem \u201eR\u00fcckf\u00fchrungsbeauftragten\u201c f\u00fcr Migranten konkurrieren. Das w\u00fcrde er aber nicht durchhalten, weil es auch in seiner Partei noch Mitglieder gibt, die ein christliches Menschenbild haben, das derartige \u201egruppenbezogene Menschenfeindlichkeit\u201c nicht zul\u00e4sst. Wer wie Seehofer weitere \u201eZuwanderung aus fremden Kulturen\u201c ablehnt, der befeuert eine Debatte, in deren Folge die Gefahr besteht, dass Integration und Vielfalt aus Deutschland auswandern werden. Denn wir haben bereits eine millionenfache Einwanderung aus \u201efremden Kulturen\u201c. Dabei geht es um Menschen, um Junge und Alte, die vor allem aus \u00f6konomischen Gr\u00fcnden und als Folge demografischer Selbstbescheidung ins Land geholt wurden.<\/p>\n<p>Was sich da entwickelt und vom Boulevard geradezu lustvoll bef\u00f6rdert wird, das k\u00f6nnte die m\u00fchselig gewonnene Kultur weltoffener Vielfalt im Land des Exportvizeweltmeisters Deutschland im Kern besch\u00e4digen. Die Gewaltspirale ist im Gang, erste \u00dcbergriffe etwa auf Kopftuchtr\u00e4gerinnen werden bereits berichtet. Die Gleichsetzung von Einwanderung, die dieses Land dringend braucht, mit dem, was von rechtskonservativen Politikern als Einwanderung in \u201eunsere Sozialsysteme\u201c denunziert wird, kann \u00fcble Reflexe einer nicht nur bildungsfernen Minderheit in der Mehrheitsgesellschaft ausl\u00f6sen. Was sich da auf Schulh\u00f6fen entwickelt zwischen deutschen Sch\u00fclern und solchen mit Migrationshintergrund, mag noch die Ausnahme sein. Die Aufkl\u00e4rung und die durch sie erworbene Gleichheitsgarantie von Mann und Frau in der Verfassung werden wir schon zu behaupten wissen. Nur Morgen schon k\u00f6nnten aufgehetzte und dazu noch religi\u00f6s motivierte Gruppen zu gewaltt\u00e4tigeren \u00c4u\u00dferungen greifen. Und  rechtsextremistische Kameradschaften k\u00f6nnten sich veranlasst f\u00fchlen, dem zu entsprechen, was sie unter dem Mehrheitswillen verstehen. Sie glauben ja ohnehin, dass ihre rassistischen Denkschablonen von einer Mehrheit der Bev\u00f6lkerung getragen w\u00fcrden, die nur zu feige sei, das auch offen zu \u00e4u\u00dfern.<\/p>\n<p>Nur um klarzustellen, was sich an den Zuwanderungsstatistiken ablesen l\u00e4sst: Wir sind leider derzeit Auswanderungsland. Aus dem Einwanderungsland Deutschland gehen mehr weg als zu uns kommen. Und wie sich zeigt, gehen vor allem solche, die durch hier erworbene Schulbildung und mit Studium oder Berufsausbildung alle Voraussetzungen h\u00e4tten, sich zu integrieren, die es aber in einem fremdenfeindlichen Klima nicht aushalten wollen. Auch ihnen wurde leider all zu oft eine berufliche Perspektive verweigert. Die Kurzsichtigkeit der deutschen Wirtschaft, die gleichzeitig den Mangel an Fachkr\u00e4ften bejammert, ist bemerkenswert. Bleibt zu hoffen, dass der Bundespr\u00e4sident es bei seiner Rede vom 3. Oktober nicht bel\u00e4sst. In einem Land, das Religionsfreiheit garantiert, hat er nicht mehr als einer Selbstverst\u00e4ndlichkeit Ausdruck gegeben.<\/p>\n","protected":false},"excerpt":{"rendered":"<p>In einem Interview hatte CSU-Chef Horst Seehofer gesagt: &#8222;Es ist doch klar, dass sich Zuwanderer aus anderen Kulturkreisen, wie aus der T\u00fcrkei und arabischen L\u00e4ndern, (mit Integration) insgesamt schwerer tun.&#8220; Deshalb &#8222;brauchen wir keine zus\u00e4tzliche Zuwanderung aus anderen Kulturkreisen&#8220;. Auch aus der eigenen Partei wurde er f\u00fcr seine \u00c4u\u00dferungen kritisiert.<\/p>\n","protected":false},"author":229,"featured_media":0,"comment_status":"open","ping_status":"open","sticky":false,"template":"","format":"standard","meta":{"_jetpack_memberships_contains_paid_content":false,"footnotes":""},"categories":[1515],"tags":[1986,903,6345,1621,97],"class_list":["post-4761","post","type-post","status-publish","format-standard","hentry","category-bundesweit","tag-anti-islamismus","tag-csu","tag-horst-seehofer","tag-islamophobie","tag-rassismus"],"yoast_head":"<!-- This site is optimized with the Yoast SEO plugin v21.0 - https:\/\/yoast.com\/wordpress\/plugins\/seo\/ -->\n<title>Seehofers Spr\u00fcche - St\u00f6rungsmelder<\/title>\n<meta name=\"robots\" content=\"index, follow, max-snippet:-1, max-image-preview:large, max-video-preview:-1\" \/>\n<link rel=\"canonical\" href=\"https:\/\/blog.zeit.de\/stoerungsmelder\/2010\/10\/13\/seehofers-spruche_4761\" \/>\n<meta property=\"og:locale\" content=\"de_DE\" \/>\n<meta property=\"og:type\" content=\"article\" \/>\n<meta property=\"og:title\" content=\"Seehofers Spr\u00fcche - St\u00f6rungsmelder\" \/>\n<meta property=\"og:description\" content=\"In einem Interview hatte CSU-Chef Horst Seehofer gesagt: &#8222;Es ist doch klar, dass sich Zuwanderer aus anderen Kulturkreisen, wie aus der T\u00fcrkei und arabischen L\u00e4ndern, (mit Integration) insgesamt schwerer tun.&#8220; Deshalb &#8222;brauchen wir keine zus\u00e4tzliche Zuwanderung aus anderen Kulturkreisen&#8220;. Auch aus der eigenen Partei wurde er f\u00fcr seine \u00c4u\u00dferungen kritisiert.\" \/>\n<meta property=\"og:url\" content=\"https:\/\/blog.zeit.de\/stoerungsmelder\/2010\/10\/13\/seehofers-spruche_4761\" \/>\n<meta property=\"og:site_name\" content=\"St\u00f6rungsmelder\" \/>\n<meta property=\"article:published_time\" content=\"2010-10-13T12:37:01+00:00\" \/>\n<meta property=\"og:image\" content=\"http:\/\/www.gesichtzeigen.de\/wp-content\/themes\/gz\/images\/logo_gz.gif\" \/>\n<meta name=\"author\" content=\"St\u00f6rungsmelder\" \/>\n<meta name=\"twitter:card\" content=\"summary_large_image\" \/>\n<meta name=\"twitter:label1\" content=\"Geschrieben von\" \/>\n\t<meta name=\"twitter:data1\" content=\"St\u00f6rungsmelder\" \/>\n\t<meta name=\"twitter:label2\" content=\"Gesch\u00e4tzte Lesezeit\" \/>\n\t<meta name=\"twitter:data2\" content=\"3\u00a0Minuten\" \/>\n<script type=\"application\/ld+json\" class=\"yoast-schema-graph\">{\"@context\":\"https:\/\/schema.org\",\"@graph\":[{\"@type\":\"WebPage\",\"@id\":\"https:\/\/blog.zeit.de\/stoerungsmelder\/2010\/10\/13\/seehofers-spruche_4761\",\"url\":\"https:\/\/blog.zeit.de\/stoerungsmelder\/2010\/10\/13\/seehofers-spruche_4761\",\"name\":\"Seehofers Spr\u00fcche - St\u00f6rungsmelder\",\"isPartOf\":{\"@id\":\"https:\/\/blog.zeit.de\/stoerungsmelder\/#website\"},\"datePublished\":\"2010-10-13T12:37:01+00:00\",\"dateModified\":\"2010-10-13T12:37:01+00:00\",\"author\":{\"@id\":\"https:\/\/blog.zeit.de\/stoerungsmelder\/#\/schema\/person\/fdd0b9818f65738672810b6d6f037f71\"},\"breadcrumb\":{\"@id\":\"https:\/\/blog.zeit.de\/stoerungsmelder\/2010\/10\/13\/seehofers-spruche_4761#breadcrumb\"},\"inLanguage\":\"de\",\"potentialAction\":[{\"@type\":\"ReadAction\",\"target\":[\"https:\/\/blog.zeit.de\/stoerungsmelder\/2010\/10\/13\/seehofers-spruche_4761\"]}]},{\"@type\":\"BreadcrumbList\",\"@id\":\"https:\/\/blog.zeit.de\/stoerungsmelder\/2010\/10\/13\/seehofers-spruche_4761#breadcrumb\",\"itemListElement\":[{\"@type\":\"ListItem\",\"position\":1,\"name\":\"Startseite\",\"item\":\"https:\/\/blog.zeit.de\/stoerungsmelder\"},{\"@type\":\"ListItem\",\"position\":2,\"name\":\"Seehofers Spr\u00fcche\"}]},{\"@type\":\"WebSite\",\"@id\":\"https:\/\/blog.zeit.de\/stoerungsmelder\/#website\",\"url\":\"https:\/\/blog.zeit.de\/stoerungsmelder\/\",\"name\":\"St\u00f6rungsmelder\",\"description\":\"Recherchen und Analysen \u00fcber die extreme Rechte\",\"potentialAction\":[{\"@type\":\"SearchAction\",\"target\":{\"@type\":\"EntryPoint\",\"urlTemplate\":\"https:\/\/blog.zeit.de\/stoerungsmelder\/?s={search_term_string}\"},\"query-input\":\"required name=search_term_string\"}],\"inLanguage\":\"de\"},{\"@type\":\"Person\",\"@id\":\"https:\/\/blog.zeit.de\/stoerungsmelder\/#\/schema\/person\/fdd0b9818f65738672810b6d6f037f71\",\"name\":\"St\u00f6rungsmelder\",\"image\":{\"@type\":\"ImageObject\",\"inLanguage\":\"de\",\"@id\":\"https:\/\/blog.zeit.de\/stoerungsmelder\/#\/schema\/person\/image\/\",\"url\":\"https:\/\/secure.gravatar.com\/avatar\/dfa4be514c3e82a71e4f9a0020035d38192d080ccaa5e4e6d7a1472c763535c5?s=96&d=mm&r=pg\",\"contentUrl\":\"https:\/\/secure.gravatar.com\/avatar\/dfa4be514c3e82a71e4f9a0020035d38192d080ccaa5e4e6d7a1472c763535c5?s=96&d=mm&r=pg\",\"caption\":\"St\u00f6rungsmelder\"},\"url\":\"https:\/\/blog.zeit.de\/stoerungsmelder\/author\/stoerungsmelder\"}]}<\/script>\n<!-- \/ Yoast SEO plugin. -->","yoast_head_json":{"title":"Seehofers Spr\u00fcche - St\u00f6rungsmelder","robots":{"index":"index","follow":"follow","max-snippet":"max-snippet:-1","max-image-preview":"max-image-preview:large","max-video-preview":"max-video-preview:-1"},"canonical":"https:\/\/blog.zeit.de\/stoerungsmelder\/2010\/10\/13\/seehofers-spruche_4761","og_locale":"de_DE","og_type":"article","og_title":"Seehofers Spr\u00fcche - St\u00f6rungsmelder","og_description":"In einem Interview hatte CSU-Chef Horst Seehofer gesagt: &#8222;Es ist doch klar, dass sich Zuwanderer aus anderen Kulturkreisen, wie aus der T\u00fcrkei und arabischen L\u00e4ndern, (mit Integration) insgesamt schwerer tun.&#8220; Deshalb &#8222;brauchen wir keine zus\u00e4tzliche Zuwanderung aus anderen Kulturkreisen&#8220;. Auch aus der eigenen Partei wurde er f\u00fcr seine \u00c4u\u00dferungen kritisiert.","og_url":"https:\/\/blog.zeit.de\/stoerungsmelder\/2010\/10\/13\/seehofers-spruche_4761","og_site_name":"St\u00f6rungsmelder","article_published_time":"2010-10-13T12:37:01+00:00","og_image":[{"url":"http:\/\/www.gesichtzeigen.de\/wp-content\/themes\/gz\/images\/logo_gz.gif"}],"author":"St\u00f6rungsmelder","twitter_card":"summary_large_image","twitter_misc":{"Geschrieben von":"St\u00f6rungsmelder","Gesch\u00e4tzte Lesezeit":"3\u00a0Minuten"},"schema":{"@context":"https:\/\/schema.org","@graph":[{"@type":"WebPage","@id":"https:\/\/blog.zeit.de\/stoerungsmelder\/2010\/10\/13\/seehofers-spruche_4761","url":"https:\/\/blog.zeit.de\/stoerungsmelder\/2010\/10\/13\/seehofers-spruche_4761","name":"Seehofers Spr\u00fcche - St\u00f6rungsmelder","isPartOf":{"@id":"https:\/\/blog.zeit.de\/stoerungsmelder\/#website"},"datePublished":"2010-10-13T12:37:01+00:00","dateModified":"2010-10-13T12:37:01+00:00","author":{"@id":"https:\/\/blog.zeit.de\/stoerungsmelder\/#\/schema\/person\/fdd0b9818f65738672810b6d6f037f71"},"breadcrumb":{"@id":"https:\/\/blog.zeit.de\/stoerungsmelder\/2010\/10\/13\/seehofers-spruche_4761#breadcrumb"},"inLanguage":"de","potentialAction":[{"@type":"ReadAction","target":["https:\/\/blog.zeit.de\/stoerungsmelder\/2010\/10\/13\/seehofers-spruche_4761"]}]},{"@type":"BreadcrumbList","@id":"https:\/\/blog.zeit.de\/stoerungsmelder\/2010\/10\/13\/seehofers-spruche_4761#breadcrumb","itemListElement":[{"@type":"ListItem","position":1,"name":"Startseite","item":"https:\/\/blog.zeit.de\/stoerungsmelder"},{"@type":"ListItem","position":2,"name":"Seehofers Spr\u00fcche"}]},{"@type":"WebSite","@id":"https:\/\/blog.zeit.de\/stoerungsmelder\/#website","url":"https:\/\/blog.zeit.de\/stoerungsmelder\/","name":"St\u00f6rungsmelder","description":"Recherchen und Analysen \u00fcber die extreme Rechte","potentialAction":[{"@type":"SearchAction","target":{"@type":"EntryPoint","urlTemplate":"https:\/\/blog.zeit.de\/stoerungsmelder\/?s={search_term_string}"},"query-input":"required name=search_term_string"}],"inLanguage":"de"},{"@type":"Person","@id":"https:\/\/blog.zeit.de\/stoerungsmelder\/#\/schema\/person\/fdd0b9818f65738672810b6d6f037f71","name":"St\u00f6rungsmelder","image":{"@type":"ImageObject","inLanguage":"de","@id":"https:\/\/blog.zeit.de\/stoerungsmelder\/#\/schema\/person\/image\/","url":"https:\/\/secure.gravatar.com\/avatar\/dfa4be514c3e82a71e4f9a0020035d38192d080ccaa5e4e6d7a1472c763535c5?s=96&d=mm&r=pg","contentUrl":"https:\/\/secure.gravatar.com\/avatar\/dfa4be514c3e82a71e4f9a0020035d38192d080ccaa5e4e6d7a1472c763535c5?s=96&d=mm&r=pg","caption":"St\u00f6rungsmelder"},"url":"https:\/\/blog.zeit.de\/stoerungsmelder\/author\/stoerungsmelder"}]}},"jetpack_featured_media_url":"","jetpack_sharing_enabled":true,"_links":{"self":[{"href":"https:\/\/blog.zeit.de\/stoerungsmelder\/wp-json\/wp\/v2\/posts\/4761","targetHints":{"allow":["GET"]}}],"collection":[{"href":"https:\/\/blog.zeit.de\/stoerungsmelder\/wp-json\/wp\/v2\/posts"}],"about":[{"href":"https:\/\/blog.zeit.de\/stoerungsmelder\/wp-json\/wp\/v2\/types\/post"}],"author":[{"embeddable":true,"href":"https:\/\/blog.zeit.de\/stoerungsmelder\/wp-json\/wp\/v2\/users\/229"}],"replies":[{"embeddable":true,"href":"https:\/\/blog.zeit.de\/stoerungsmelder\/wp-json\/wp\/v2\/comments?post=4761"}],"version-history":[{"count":5,"href":"https:\/\/blog.zeit.de\/stoerungsmelder\/wp-json\/wp\/v2\/posts\/4761\/revisions"}],"predecessor-version":[{"id":4767,"href":"https:\/\/blog.zeit.de\/stoerungsmelder\/wp-json\/wp\/v2\/posts\/4761\/revisions\/4767"}],"wp:attachment":[{"href":"https:\/\/blog.zeit.de\/stoerungsmelder\/wp-json\/wp\/v2\/media?parent=4761"}],"wp:term":[{"taxonomy":"category","embeddable":true,"href":"https:\/\/blog.zeit.de\/stoerungsmelder\/wp-json\/wp\/v2\/categories?post=4761"},{"taxonomy":"post_tag","embeddable":true,"href":"https:\/\/blog.zeit.de\/stoerungsmelder\/wp-json\/wp\/v2\/tags?post=4761"}],"curies":[{"name":"wp","href":"https:\/\/api.w.org\/{rel}","templated":true}]}}