{"id":4776,"date":"2010-10-15T14:35:04","date_gmt":"2010-10-15T12:35:04","guid":{"rendered":"http:\/\/blog.zeit.de\/stoerungsmelder\/?p=4776"},"modified":"2010-10-15T14:37:19","modified_gmt":"2010-10-15T12:37:19","slug":"leipzig-countdown-zum-naziaufmarsch","status":"publish","type":"post","link":"https:\/\/blog.zeit.de\/stoerungsmelder\/2010\/10\/15\/leipzig-countdown-zum-naziaufmarsch_4776","title":{"rendered":"Leipzig: Countdown zum Naziaufmarsch"},"content":{"rendered":"<p><img loading=\"lazy\" decoding=\"async\" class=\"aligncenter\" src=\"http:\/\/leipzignimmtplatz.blogsport.de\/images\/headers\/web_950x220.jpg\" alt=\"\" width=\"540\" height=\"125\" \/><\/p>\n<p>Nachdem die Stadt im Rahmen einer Pressekonferenz ihren Umgang mit den Neonazidemonstrationen am 16.10. endlich \u00f6ffentlich gemacht hat, reagiert das Aktionsnetzwerk  auf die neuen Gegebenheiten. Die Stadt Leipzig hat die Route ab Probstheida durch Leipzig Connewitz in die Innenstadt verboten. Die drei anderen Aufm\u00e4rsche sollen zu einer Kundgebung in der N\u00e4he des Hauptbahnhofes zusammengelegt werden. Dagegen haben zwei der Anmelder, Maik Scheffler und Istvan Repazcki, bereits Einspruch beim Verwaltungsgericht eingelegt. Sie wollen stattdessen eine Demonstration ab Huygenstra\u00dfe (n\u00e4he Arbeitsagentur) bis zum Wilhem-Liebknecht-Platz durchf\u00fchren.<!--more--><\/p>\n<p>UPDATE:<\/p>\n<p><strong>Die Antr\u00e4ge der 3 Neonazis Scheffler, Repaczki und Naumann auf  Durchf\u00fchrung einer Demonstration in Leipzig, ab Huygenstra\u00dfe\/ M\u00f6ckern,  wurden vom Verwaltungsgericht abgelehnt! Beschwerde beim  Oberverwaltungsgericht Bautzen wurde durch ihre anwaltliche Vertretung  bereits eingelegt. <\/strong><\/p>\n<p>\u201eWir bleiben bei unserer Devise die Nazis keinen Meter laufen zu lassen oder \u2013 im Falle einer Kundgebung \u2013 lautstark Protest zu bekunden. \u00dcber 5000 Menschen unterst\u00fctzen den Aufruf des Aktionsnetzwerkes mittlerweile. \u201c, so Juliane Nagel und Gunnar Georgi, PressesprecherInnen des Aktionsnetzwerkes Leipzig nimmt Platz. \u201eWir konzentrieren unsere Vorbereitungen f\u00fcr gewaltfreie Widersetz-Aktionen nun auf Leipzig Gohlis, denn es ist damit zu rechnen, dass dem Widerspruch der Neonazis stattgegeben wird und eine Demonstration ab Huygenstra\u00dfe stattfinden kann.\u201c<\/p>\n<p>In der N\u00e4he der Huygenstra\u00dfe, dem m\u00f6glichen Startpunkt der Neonazidemonstration hat das Aktionsnetzwerk einen Infopunkt eingerichtet. Diese Kundgebung an der Kasseler Strasse Ecke Motteler Stra\u00dfe wird ab 9 Uhr besetzt sein und \u00fcber m\u00f6gliche Widersetz-Aktionen informieren. Auch die Infopunkte am Hauptbahnhof, eine Kundgebung am Wintergartenhochhaus sowie am Hallischen Tor bleiben bestehen.<\/p>\n<p>\u201eDie Neonazis wollen am 16.10.2010 definitiv demonstrieren. Darum bleibt es wichtig auf die Stra\u00dfe zu gehen und gegen die zivilen Ungehorsam zu leisten, die die Menschenw\u00fcrde und demokratische Grundwerte mit F\u00fc\u00dfen treten. Auch spontane Aufm\u00e4rsche der Neonazis sind nicht auszuschlie\u00dfen. Wir empfehlen darum sich nicht allein durch die Stadt zu bewegen, sondern sich mit FreundInnen und Bekannten zum Protest aufzumachen\u201c, empfehlen Gunnar Georgi und Juliane Nagel.<\/p>\n<p>Im Laufe des Freitags wird das Aktionsnetzwerk Leipzig nimmt Platz auf seiner Internetseite <a href=\"http:\/\/www.leipzig-nimmt-platz.de\">www.leipzig-nimmt-platz.de<\/a> eine Liste von angemeldeten Kundgebungen ver\u00f6ffentlichen.<\/p>\n<p>Am Tag selbst wird das Aktionsnetzwerk per <a href=\"http:\/\/twitter.com\/platznehmen#l1610\">Twitter<\/a> kontinuierlich Neuigkeiten verbreiteten. Achtet zudem auf Lautsprecherfahrzeuge und Menschen mit Megaphonen.<a href=\"http:\/\/radioblau.de\/\"> Radio blau<\/a> sendet live aus dem Geschehen (89,2 und 99,2 UKW) und auch das <a href=\"http:\/\/1610.blogsport.de\/\">Antifa-B\u00fcndnis \u201eRoter Oktober\u201c <\/a>bietet Infotelefon und Wap-Ticker an. Also: Handys und Radios nicht vergessen!<\/p>\n","protected":false},"excerpt":{"rendered":"<p>Nachdem die Stadt im Rahmen einer Pressekonferenz ihren Umgang mit den Neonazidemonstrationen am 16.10. endlich \u00f6ffentlich gemacht hat, reagiert das Aktionsnetzwerk auf die neuen Gegebenheiten. Die Stadt Leipzig hat die Route ab Probstheida durch Leipzig Connewitz in die Innenstadt verboten. Die drei anderen Aufm\u00e4rsche sollen zu einer Kundgebung in der N\u00e4he des Hauptbahnhofes zusammengelegt werden. [&hellip;]<\/p>\n","protected":false},"author":229,"featured_media":0,"comment_status":"open","ping_status":"open","sticky":false,"template":"","format":"standard","meta":{"_jetpack_memberships_contains_paid_content":false,"footnotes":""},"categories":[1456],"tags":[],"class_list":["post-4776","post","type-post","status-publish","format-standard","hentry","category-sachsen"],"yoast_head":"<!-- This site is optimized with the Yoast SEO plugin v21.0 - https:\/\/yoast.com\/wordpress\/plugins\/seo\/ -->\n<title>Leipzig: Countdown zum Naziaufmarsch - St\u00f6rungsmelder<\/title>\n<meta name=\"robots\" content=\"index, follow, max-snippet:-1, max-image-preview:large, max-video-preview:-1\" \/>\n<link rel=\"canonical\" href=\"https:\/\/blog.zeit.de\/stoerungsmelder\/2010\/10\/15\/leipzig-countdown-zum-naziaufmarsch_4776\" \/>\n<meta property=\"og:locale\" content=\"de_DE\" \/>\n<meta property=\"og:type\" content=\"article\" \/>\n<meta property=\"og:title\" content=\"Leipzig: Countdown zum Naziaufmarsch - St\u00f6rungsmelder\" \/>\n<meta property=\"og:description\" content=\"Nachdem die Stadt im Rahmen einer Pressekonferenz ihren Umgang mit den Neonazidemonstrationen am 16.10. endlich \u00f6ffentlich gemacht hat, reagiert das Aktionsnetzwerk auf die neuen Gegebenheiten. Die Stadt Leipzig hat die Route ab Probstheida durch Leipzig Connewitz in die Innenstadt verboten. Die drei anderen Aufm\u00e4rsche sollen zu einer Kundgebung in der N\u00e4he des Hauptbahnhofes zusammengelegt werden. [&hellip;]\" \/>\n<meta property=\"og:url\" content=\"https:\/\/blog.zeit.de\/stoerungsmelder\/2010\/10\/15\/leipzig-countdown-zum-naziaufmarsch_4776\" \/>\n<meta property=\"og:site_name\" content=\"St\u00f6rungsmelder\" \/>\n<meta property=\"article:published_time\" content=\"2010-10-15T12:35:04+00:00\" \/>\n<meta property=\"article:modified_time\" content=\"2010-10-15T12:37:19+00:00\" \/>\n<meta property=\"og:image\" content=\"http:\/\/leipzignimmtplatz.blogsport.de\/images\/headers\/web_950x220.jpg\" \/>\n<meta name=\"author\" content=\"St\u00f6rungsmelder\" \/>\n<meta name=\"twitter:card\" content=\"summary_large_image\" \/>\n<meta name=\"twitter:label1\" content=\"Geschrieben von\" \/>\n\t<meta name=\"twitter:data1\" content=\"St\u00f6rungsmelder\" \/>\n\t<meta name=\"twitter:label2\" content=\"Gesch\u00e4tzte Lesezeit\" \/>\n\t<meta name=\"twitter:data2\" content=\"2\u00a0Minuten\" \/>\n<script type=\"application\/ld+json\" class=\"yoast-schema-graph\">{\"@context\":\"https:\/\/schema.org\",\"@graph\":[{\"@type\":\"WebPage\",\"@id\":\"https:\/\/blog.zeit.de\/stoerungsmelder\/2010\/10\/15\/leipzig-countdown-zum-naziaufmarsch_4776\",\"url\":\"https:\/\/blog.zeit.de\/stoerungsmelder\/2010\/10\/15\/leipzig-countdown-zum-naziaufmarsch_4776\",\"name\":\"Leipzig: Countdown zum Naziaufmarsch - St\u00f6rungsmelder\",\"isPartOf\":{\"@id\":\"https:\/\/blog.zeit.de\/stoerungsmelder\/#website\"},\"datePublished\":\"2010-10-15T12:35:04+00:00\",\"dateModified\":\"2010-10-15T12:37:19+00:00\",\"author\":{\"@id\":\"https:\/\/blog.zeit.de\/stoerungsmelder\/#\/schema\/person\/fdd0b9818f65738672810b6d6f037f71\"},\"breadcrumb\":{\"@id\":\"https:\/\/blog.zeit.de\/stoerungsmelder\/2010\/10\/15\/leipzig-countdown-zum-naziaufmarsch_4776#breadcrumb\"},\"inLanguage\":\"de\",\"potentialAction\":[{\"@type\":\"ReadAction\",\"target\":[\"https:\/\/blog.zeit.de\/stoerungsmelder\/2010\/10\/15\/leipzig-countdown-zum-naziaufmarsch_4776\"]}]},{\"@type\":\"BreadcrumbList\",\"@id\":\"https:\/\/blog.zeit.de\/stoerungsmelder\/2010\/10\/15\/leipzig-countdown-zum-naziaufmarsch_4776#breadcrumb\",\"itemListElement\":[{\"@type\":\"ListItem\",\"position\":1,\"name\":\"Startseite\",\"item\":\"https:\/\/blog.zeit.de\/stoerungsmelder\"},{\"@type\":\"ListItem\",\"position\":2,\"name\":\"Leipzig: Countdown zum Naziaufmarsch\"}]},{\"@type\":\"WebSite\",\"@id\":\"https:\/\/blog.zeit.de\/stoerungsmelder\/#website\",\"url\":\"https:\/\/blog.zeit.de\/stoerungsmelder\/\",\"name\":\"St\u00f6rungsmelder\",\"description\":\"Recherchen und Analysen \u00fcber die extreme Rechte\",\"potentialAction\":[{\"@type\":\"SearchAction\",\"target\":{\"@type\":\"EntryPoint\",\"urlTemplate\":\"https:\/\/blog.zeit.de\/stoerungsmelder\/?s={search_term_string}\"},\"query-input\":\"required name=search_term_string\"}],\"inLanguage\":\"de\"},{\"@type\":\"Person\",\"@id\":\"https:\/\/blog.zeit.de\/stoerungsmelder\/#\/schema\/person\/fdd0b9818f65738672810b6d6f037f71\",\"name\":\"St\u00f6rungsmelder\",\"image\":{\"@type\":\"ImageObject\",\"inLanguage\":\"de\",\"@id\":\"https:\/\/blog.zeit.de\/stoerungsmelder\/#\/schema\/person\/image\/\",\"url\":\"https:\/\/secure.gravatar.com\/avatar\/dfa4be514c3e82a71e4f9a0020035d38192d080ccaa5e4e6d7a1472c763535c5?s=96&d=mm&r=pg\",\"contentUrl\":\"https:\/\/secure.gravatar.com\/avatar\/dfa4be514c3e82a71e4f9a0020035d38192d080ccaa5e4e6d7a1472c763535c5?s=96&d=mm&r=pg\",\"caption\":\"St\u00f6rungsmelder\"},\"url\":\"https:\/\/blog.zeit.de\/stoerungsmelder\/author\/stoerungsmelder\"}]}<\/script>\n<!-- \/ Yoast SEO plugin. -->","yoast_head_json":{"title":"Leipzig: Countdown zum Naziaufmarsch - St\u00f6rungsmelder","robots":{"index":"index","follow":"follow","max-snippet":"max-snippet:-1","max-image-preview":"max-image-preview:large","max-video-preview":"max-video-preview:-1"},"canonical":"https:\/\/blog.zeit.de\/stoerungsmelder\/2010\/10\/15\/leipzig-countdown-zum-naziaufmarsch_4776","og_locale":"de_DE","og_type":"article","og_title":"Leipzig: Countdown zum Naziaufmarsch - St\u00f6rungsmelder","og_description":"Nachdem die Stadt im Rahmen einer Pressekonferenz ihren Umgang mit den Neonazidemonstrationen am 16.10. endlich \u00f6ffentlich gemacht hat, reagiert das Aktionsnetzwerk auf die neuen Gegebenheiten. Die Stadt Leipzig hat die Route ab Probstheida durch Leipzig Connewitz in die Innenstadt verboten. Die drei anderen Aufm\u00e4rsche sollen zu einer Kundgebung in der N\u00e4he des Hauptbahnhofes zusammengelegt werden. [&hellip;]","og_url":"https:\/\/blog.zeit.de\/stoerungsmelder\/2010\/10\/15\/leipzig-countdown-zum-naziaufmarsch_4776","og_site_name":"St\u00f6rungsmelder","article_published_time":"2010-10-15T12:35:04+00:00","article_modified_time":"2010-10-15T12:37:19+00:00","og_image":[{"url":"http:\/\/leipzignimmtplatz.blogsport.de\/images\/headers\/web_950x220.jpg"}],"author":"St\u00f6rungsmelder","twitter_card":"summary_large_image","twitter_misc":{"Geschrieben von":"St\u00f6rungsmelder","Gesch\u00e4tzte Lesezeit":"2\u00a0Minuten"},"schema":{"@context":"https:\/\/schema.org","@graph":[{"@type":"WebPage","@id":"https:\/\/blog.zeit.de\/stoerungsmelder\/2010\/10\/15\/leipzig-countdown-zum-naziaufmarsch_4776","url":"https:\/\/blog.zeit.de\/stoerungsmelder\/2010\/10\/15\/leipzig-countdown-zum-naziaufmarsch_4776","name":"Leipzig: Countdown zum Naziaufmarsch - St\u00f6rungsmelder","isPartOf":{"@id":"https:\/\/blog.zeit.de\/stoerungsmelder\/#website"},"datePublished":"2010-10-15T12:35:04+00:00","dateModified":"2010-10-15T12:37:19+00:00","author":{"@id":"https:\/\/blog.zeit.de\/stoerungsmelder\/#\/schema\/person\/fdd0b9818f65738672810b6d6f037f71"},"breadcrumb":{"@id":"https:\/\/blog.zeit.de\/stoerungsmelder\/2010\/10\/15\/leipzig-countdown-zum-naziaufmarsch_4776#breadcrumb"},"inLanguage":"de","potentialAction":[{"@type":"ReadAction","target":["https:\/\/blog.zeit.de\/stoerungsmelder\/2010\/10\/15\/leipzig-countdown-zum-naziaufmarsch_4776"]}]},{"@type":"BreadcrumbList","@id":"https:\/\/blog.zeit.de\/stoerungsmelder\/2010\/10\/15\/leipzig-countdown-zum-naziaufmarsch_4776#breadcrumb","itemListElement":[{"@type":"ListItem","position":1,"name":"Startseite","item":"https:\/\/blog.zeit.de\/stoerungsmelder"},{"@type":"ListItem","position":2,"name":"Leipzig: Countdown zum Naziaufmarsch"}]},{"@type":"WebSite","@id":"https:\/\/blog.zeit.de\/stoerungsmelder\/#website","url":"https:\/\/blog.zeit.de\/stoerungsmelder\/","name":"St\u00f6rungsmelder","description":"Recherchen und Analysen \u00fcber die extreme Rechte","potentialAction":[{"@type":"SearchAction","target":{"@type":"EntryPoint","urlTemplate":"https:\/\/blog.zeit.de\/stoerungsmelder\/?s={search_term_string}"},"query-input":"required name=search_term_string"}],"inLanguage":"de"},{"@type":"Person","@id":"https:\/\/blog.zeit.de\/stoerungsmelder\/#\/schema\/person\/fdd0b9818f65738672810b6d6f037f71","name":"St\u00f6rungsmelder","image":{"@type":"ImageObject","inLanguage":"de","@id":"https:\/\/blog.zeit.de\/stoerungsmelder\/#\/schema\/person\/image\/","url":"https:\/\/secure.gravatar.com\/avatar\/dfa4be514c3e82a71e4f9a0020035d38192d080ccaa5e4e6d7a1472c763535c5?s=96&d=mm&r=pg","contentUrl":"https:\/\/secure.gravatar.com\/avatar\/dfa4be514c3e82a71e4f9a0020035d38192d080ccaa5e4e6d7a1472c763535c5?s=96&d=mm&r=pg","caption":"St\u00f6rungsmelder"},"url":"https:\/\/blog.zeit.de\/stoerungsmelder\/author\/stoerungsmelder"}]}},"jetpack_featured_media_url":"","jetpack_sharing_enabled":true,"_links":{"self":[{"href":"https:\/\/blog.zeit.de\/stoerungsmelder\/wp-json\/wp\/v2\/posts\/4776","targetHints":{"allow":["GET"]}}],"collection":[{"href":"https:\/\/blog.zeit.de\/stoerungsmelder\/wp-json\/wp\/v2\/posts"}],"about":[{"href":"https:\/\/blog.zeit.de\/stoerungsmelder\/wp-json\/wp\/v2\/types\/post"}],"author":[{"embeddable":true,"href":"https:\/\/blog.zeit.de\/stoerungsmelder\/wp-json\/wp\/v2\/users\/229"}],"replies":[{"embeddable":true,"href":"https:\/\/blog.zeit.de\/stoerungsmelder\/wp-json\/wp\/v2\/comments?post=4776"}],"version-history":[{"count":6,"href":"https:\/\/blog.zeit.de\/stoerungsmelder\/wp-json\/wp\/v2\/posts\/4776\/revisions"}],"predecessor-version":[{"id":4781,"href":"https:\/\/blog.zeit.de\/stoerungsmelder\/wp-json\/wp\/v2\/posts\/4776\/revisions\/4781"}],"wp:attachment":[{"href":"https:\/\/blog.zeit.de\/stoerungsmelder\/wp-json\/wp\/v2\/media?parent=4776"}],"wp:term":[{"taxonomy":"category","embeddable":true,"href":"https:\/\/blog.zeit.de\/stoerungsmelder\/wp-json\/wp\/v2\/categories?post=4776"},{"taxonomy":"post_tag","embeddable":true,"href":"https:\/\/blog.zeit.de\/stoerungsmelder\/wp-json\/wp\/v2\/tags?post=4776"}],"curies":[{"name":"wp","href":"https:\/\/api.w.org\/{rel}","templated":true}]}}