{"id":4785,"date":"2010-10-17T19:44:02","date_gmt":"2010-10-17T17:44:02","guid":{"rendered":"http:\/\/blog.zeit.de\/stoerungsmelder\/?p=4785"},"modified":"2010-10-17T19:45:02","modified_gmt":"2010-10-17T17:45:02","slug":"npd-traumt-von-der-achse-dresden-magdeburg-schwerin-teil-ii","status":"publish","type":"post","link":"https:\/\/blog.zeit.de\/stoerungsmelder\/2010\/10\/17\/npd-traumt-von-der-achse-dresden-magdeburg-schwerin-teil-ii_4785","title":{"rendered":"NPD tr\u00e4umt von der Achse Dresden-Magdeburg-Schwerin (Teil II)"},"content":{"rendered":"<div><strong><\/strong><\/div>\n<p><figure id=\"attachment_3740\" aria-describedby=\"caption-attachment-3740\" style=\"width: 300px\" class=\"wp-caption alignleft\"><a href=\"https:\/\/blog.zeit.de\/stoerungsmelder\/files\/2010\/06\/NPD-Wahlen-540.jpg\"><strong><img loading=\"lazy\" decoding=\"async\" class=\"size-medium wp-image-3740\" src=\"https:\/\/blog.zeit.de\/stoerungsmelder\/files\/2010\/06\/NPD-Wahlen-540-300x111.jpg\" alt=\"\" width=\"300\" height=\"111\" srcset=\"https:\/\/blog.zeit.de\/stoerungsmelder\/files\/2010\/06\/NPD-Wahlen-540-300x111.jpg 300w, https:\/\/blog.zeit.de\/stoerungsmelder\/files\/2010\/06\/NPD-Wahlen-540.jpg 540w\" sizes=\"auto, (max-width: 300px) 100vw, 300px\" \/><\/strong><\/a><figcaption id=\"caption-attachment-3740\" class=\"wp-caption-text\">Geringe Wahlbeteiligung hilft den rechtsextremen Parteien \u00a9 getty<\/figcaption><\/figure><\/p>\n<p>Das Jahr 2011 k\u00f6nnte das Ende von Schwarz-Gelb in Berlin einl\u00e4uten \u2013 und die anstehenden Wahlen sind auch f\u00fcr die NPD richtungsweisend. In Sachsen-Anhalt will die Neonazi-Partei den Einzug in den Landtag erreichen, in Mecklenburg-Vorpommern erneut ins Schweriner Schloss einziehen. Scheitert die Neonazi-Partei in den beiden L\u00e4ndern, d\u00fcrfte sie vorerst in der Bedeutungslosigkeit versinken. Ist die NPD erfolgreich, k\u00f6nnte sie sich konsolidieren und eine Sogwirkung im extrem rechten Milieu entwickeln. Der zweite Teil der \u00dcbersicht zu den Wahlen im kommenden Jahr.<\/p>\n<p><!--more-->\u00a0<\/p>\n<div>\n<p><a href=\"http:\/\/npd-blog.info\/wp-content\/uploads\/2010\/09\/npd_schulhof.jpg\"><\/a>Am 22. Mai 2011 steht nach den Landtagswahlen in <a href=\"http:\/\/npd-blog.info\/category\/bundeslander\/sachsen-anhalt\/\" target=\"_blank\">Sachsen-Anhalt<\/a>, <a href=\"http:\/\/npd-blog.info\/category\/bundeslander\/baden-wurttemberg\/\" target=\"_blank\">Baden-W\u00fcrttemberg<\/a> und <a href=\"http:\/\/npd-blog.info\/category\/bundeslander\/rheinland-pfalz\/\" target=\"_blank\">Rheinland-Pfalz<\/a> die vierte Abstimmung auf Landesebene statt. In der <a href=\"http:\/\/npd-blog.info\/category\/bundeslander\/bremen\/\" target=\"_blank\">Hansestadt Bremen<\/a> sind kleine bis gr\u00f6\u00dfere Erfolge von rechtsextremen Parteien keine Seltenheit gewesen, diese profitierten von einer Besonderheit im hiesigen Wahlgesetz. 2007 hatte die DVU in dem Stadtstaat kandidiert \u2013 und 2,7 Prozent der Stimmen geholt, was der siechenden Partei noch einen Sitz einbrachte. Doch Siegfried Tittmann verlie\u00df noch 2007 die DVU und sitzt seitdem als parteiloser in der B\u00fcrgerschaft. Inwieweit die rechtsextremen Parteien in Bremen punkten k\u00f6nnen oder ob eine rechtspopulistische Partei wie die putzigen \u201eB\u00fcrger in Wut\u201c m\u00f6glicherweise von den aktuellen, vor Ressentiments strotzenden Debatten gegen Migranten und Arme profitieren k\u00f6nnen, l\u00e4sst sich kaum absch\u00e4tzen. Auf jeden Fall spielt der Landesverband der NPD keine nennenswerte Rolle \u2013 und die Neonazi-Partei will sich auf Sachsen-Anhalt konzentrieren.<\/p>\n<\/div>\n<p>Ganz wichtig wird es dann f\u00fcr die NPD im dritten Quartal 2011. Bei der Wahl zum Abgeordnetenhaus in <a href=\"http:\/\/npd-blog.info\/category\/bundeslander\/berlin\/\" target=\"_blank\">Berlin<\/a> d\u00fcrfte es f\u00fcr die Neonazis nichts zu holen geben: Der Zustand des Landesverbandes gilt bereits seit geraumer Zeit als desastr\u00f6s Legend\u00e4re Schlammschlachten, zahlreiche Abg\u00e4nge sowie eine enge Verzahnung mit der militanten Neonazi-Szene pr\u00e4gten die vergangenen Monate und Jahre. Hier kann die Partei nur auf einen \u00dcberraschungserfolg hoffen,\u00a0rechtsradikale W\u00e4hler d\u00fcrften allerdings eher bei einer b\u00fcrgerlichen Rechtspartei ihr Kreuz machen.<\/p>\n<p>In <a href=\"http:\/\/npd-blog.info\/category\/bundeslander\/mecklenb-vorpommern\/\" target=\"_blank\">Mecklenburg-Vorpommern<\/a> laufen hingegen die Planungen bei der NPD f\u00fcr die Landtagswahl im September 2011 auf Hochtouren. Denn Mecklenburg-Vorpommern ist neben Sachsen die Modellregion der Neonazis. Bei der Landtagswahl 2006 erhielt die NPD 7,3 Prozent der Stimmen und damit sechs Sitze im Schweriner Landtag. Seitdem k\u00f6nnen Udo Past\u00f6rs und seine Fraktion ganz offiziell ihre rassistische und antisemitische Hetze betreiben. Militante Kameradschaften setzten dabei den Kampf um die Parlamente auf der Stra\u00dfe mit \u00e4u\u00dferster Brutalit\u00e4t fort, die Pr\u00e4senz der NPD im Landtag verstehen sie als Ermutigung. Dass die NPD-Strategie der kommunalen Verankerung funktioniert, zeigte sich erneut bei der Kommunalwahl im Juni 2009.<\/p>\n<div>\n<p><a href=\"http:\/\/npd-blog.info\/wp-content\/uploads\/2010\/08\/nazdemo4.jpg\"><img loading=\"lazy\" decoding=\"async\" src=\"http:\/\/npd-blog.info\/wp-content\/uploads\/2010\/08\/nazdemo4-200x300.jpg\" alt=\"Neonazi-Aufmarsch in Anklam (Quelle: Webmoritz)\" width=\"200\" height=\"300\" \/><\/a> Neonazi-Aufmarsch in Anklam (Quelle: Webmoritz)Besonders in den \u00f6stlichen Gebieten (Uecker-Randow-Kreis, Ostvorpommern) erreichte die neonazistische Partei mehrfach Wahlergebnisse von mehr als 20 Prozent. Gerade Jungw\u00e4hler geben in Mecklenburg-Vorpommern vermehrt der NPD ihre Stimme. Die regionale Arbeit der NPD profitiert von den Ressourcen, die der Partei durch den Landtagseinzug zur Verf\u00fcgung stehen und die sie an die Szene weitergibt.<\/p>\n<\/div>\n<p>Die NPD baut gezielt Medienangebote auf, arbeitet eng mit regionalen Neonazi-Strukturen zusammen, bzw. ist aus diesen erst entstanden. Obwohl die Partei laut einer Umfrage beispielsweise in Anklam von 34 Prozent der B\u00fcrger als normale Partei angesehen wird und hier ungest\u00f6rt marschieren kann, regt sich auch breiter Widerstand gegen die NPD.<\/p>\n<p>Mit der Kampagne \u201e<a href=\"http:\/\/npd-blog.info\/category\/keinortfurneonazis\/\" target=\"_blank\">Kein Ort f\u00fcr Neonazis<\/a>\u201c wollen B\u00fcrgerinnen und B\u00fcrger, zivilgesellschaftliche Initiativen und vor allem Jugendliche in Mecklenburg-Vorpommern den Wiedereinzug der NPD in den Schweriner Landtag verhindern. Ziel der Kampagne ist es im Rahmen einer gr\u00f6\u00dferen Bewegung aller demokratischen Kr\u00e4fte die weitere Verankerung der rechtsextremen Szene in Mecklenburg-Vorpommern dauerhaft zu verhindern. Dazu wird auch die bundesweite Unterst\u00fctzung aller demokratischen Parteien und weiterer zivilgesellschaftlicher Organisationen notwendig sein. Denn die Fraktionen in den Landtagen von Sachsen und Mecklenburg-Vorpommern sind f\u00fcr die Neonazi-Strukturen von elementarer Bedeutung. Hier k\u00f6nnen Kader beruflich Neonazi sein, es flie\u00dfen betr\u00e4chtliche Summen aus den \u00f6ffentlichen Kassen in die Neonazi-Infrastruktur. Durch eine h\u00f6here Wahlbeteiligung und Widerstand gegen die Neonazis k\u00f6nnte der erneute Einzug verhindert werden.\u00a0<\/p>\n<p><strong>Nord-S\u00fcd-Gef\u00e4lle in Sachsen-Anhalt<\/strong><\/p>\n<p>Dies muss auch das Ziel f\u00fcr Sachsen-Anhalt sein, wobei hier das Abschneiden besonders schwer abzusch\u00e4tzen ist: eine geringe Wahlbeteiligung sowie schwach ausgepr\u00e4gte Parteienbindungen machen eine seri\u00f6se Prognose schwierig. Der Wissenschaftler Thomas Weber von der Hochschule Magdeburg-Stendal, <a href=\"http:\/\/npd-blog.info\/2010\/10\/06\/studie-zur-npd-in-den-kreistagen-online\/\" target=\"_blank\">der f\u00fcr die wertvolle Langzeitstudie \u201eDie NPD in den Kommunalparlamenten von Sachsen-Anhalt\u201c mitverantwortlich ist<\/a>, sagte auf Anfrage des Autors zu den Erfolgsaussichten der NPD: \u201eVor dem Hintergrund der schwachen Ergebnisse bei den letzten Kommunal- und Bundestagswahlen (etwa zwei Prozent) hege ich die Hoffnung, dass die Partei es nicht schafft.\u201c Auch spreche ihre organisatorische Verfasstheit dagegen, so pr\u00e4ge weiterhin ein starkes S\u00fcd-Nord-Gef\u00e4lle den NPD-Landesverband. Einen breiten gesellschaftlichen Widerstand gegen die NPD k\u00f6nne Weber derzeit allerdings auch nicht erkennen. Keine der demokratischen Parteien habe bisher auch nur angefragt, um \u00fcber die Ergebnisse der erw\u00e4hnten Studie und m\u00f6gliche Konsequenzen daraus zu diskutieren. Bemerkenswert \u2013 und nach einem m\u00f6glichen Einzug der NPD ist das Gejammere und der Aktionismus gro\u00df.<\/p>\n<div>\n<p><a href=\"http:\/\/npd-blog.info\/wp-content\/uploads\/2010\/08\/corel13.jpg\"><img loading=\"lazy\" decoding=\"async\" src=\"http:\/\/npd-blog.info\/wp-content\/uploads\/2010\/08\/corel13-300x225.jpg\" alt=\"Lutz Battke (Screenshot MDR)\" width=\"300\" height=\"225\" \/><\/a> Lutz Battke (Screenshot MDR)Die NPD selbst geht allerdings bereits fest davon aus, dass die von JN-Kadern gepr\u00e4gte Landesliste den Sprung in den Landtag schafft. Zudem hofft die Partei auf \u00f6ffentliche Aufmerksamkeit, beispielsweise durch den Siebten auf der Landesliste, Lutz Battke \u2013 bekannt als <a href=\"http:\/\/npd-blog.info\/2010\/10\/16\/laucha-battke-for-burgermeister\/\" target=\"_blank\">Kaminkehrer und Jugendfu\u00dfballtrainer<\/a>. Entscheidend werde sein, so der Wissenschaftler Weber, ob die NPD Nichtw\u00e4hler mobilisieren k\u00f6nne.<\/p>\n<\/div>\n<p>Nach den Wahlen in Sachsen-Anhalt und Mecklenburg-Vorpommern wird die NPD entweder fast fl\u00e4chendeckend in Ostdeutschland in Landtagen vertreten sein, eine Achse Dresden-Magdeburg-Schwerin aufbauen k\u00f6nnen \u2013 oder die Neonazi-Partei stagniert \u2013 und Sachsen sowie Mecklenburg-Vorpommern bleiben ihre Modellregionen. Sollte die NPD aber weder in Sachsen-Anhalt noch in Mecklenburg-Vorpommern in den Landtag einziehen, wird die Neonazi-Szene nachhaltig geschw\u00e4cht, Konflikte in der Szene brechen erneut auf \u2013 und der organisierte Rechtsextremismus k\u00f6nnte auch im Nordosten zur\u00fcckgedr\u00e4ngt werden. F\u00fcr dieses Ziel bedarf es aber einer breiten Mobilisierung der demokratischen Kr\u00e4fte \u2013 um die Hegemoniebestrebungen von Neonazis in einigen Regionen sowie den Einfluss der NPD zur\u00fcckzudr\u00e4ngen, damit der braune Spuk auch hier ein Ende hat und sich eine bunte, tolerante und demokratische Gesellschaft entwickeln kann.<\/p>\n<p>Siehe auch: <a rel=\"bookmark\" href=\"http:\/\/npd-blog.info\/2010\/10\/05\/wahlen-2011-npd\/\">NPD tr\u00e4umt von der Achse Dresden-Magdeburg-Schwerin<\/a>\u00a0(Teil 1)<img loading=\"lazy\" decoding=\"async\" src=\"http:\/\/vg01.met.vgwort.de\/na\/c4dd63e0f4344bb28699a573a313ee40\" alt=\"\" width=\"1\" height=\"1\" \/><\/p>\n","protected":false},"excerpt":{"rendered":"<p>Das Jahr 2011 k\u00f6nnte das Ende von Schwarz-Gelb in Berlin einl\u00e4uten \u2013 und die anstehenden Wahlen sind auch f\u00fcr die NPD richtungsweisend. In Sachsen-Anhalt will die Neonazi-Partei den Einzug in den Landtag erreichen, in Mecklenburg-Vorpommern erneut ins Schweriner Schloss einziehen. Scheitert die Neonazi-Partei in den beiden L\u00e4ndern, d\u00fcrfte sie vorerst in der Bedeutungslosigkeit versinken. Ist [&hellip;]<\/p>\n","protected":false},"author":295,"featured_media":0,"comment_status":"open","ping_status":"open","sticky":false,"template":"","format":"standard","meta":{"_jetpack_memberships_contains_paid_content":false,"footnotes":""},"categories":[1,249,1452,90,1457],"tags":[],"class_list":["post-4785","post","type-post","status-publish","format-standard","hentry","category-allgemein","category-berlin","category-bremen","category-mecklenburg-vorpommern","category-sachsen-anhalt"],"yoast_head":"<!-- This site is optimized with the Yoast SEO plugin v21.0 - https:\/\/yoast.com\/wordpress\/plugins\/seo\/ -->\n<title>NPD tr\u00e4umt von der Achse Dresden-Magdeburg-Schwerin (Teil II) - St\u00f6rungsmelder<\/title>\n<meta name=\"robots\" content=\"index, follow, max-snippet:-1, max-image-preview:large, max-video-preview:-1\" \/>\n<link rel=\"canonical\" href=\"https:\/\/blog.zeit.de\/stoerungsmelder\/2010\/10\/17\/npd-traumt-von-der-achse-dresden-magdeburg-schwerin-teil-ii_4785\" \/>\n<meta property=\"og:locale\" content=\"de_DE\" \/>\n<meta property=\"og:type\" content=\"article\" \/>\n<meta property=\"og:title\" content=\"NPD tr\u00e4umt von der Achse Dresden-Magdeburg-Schwerin (Teil II) - St\u00f6rungsmelder\" \/>\n<meta property=\"og:description\" content=\"Das Jahr 2011 k\u00f6nnte das Ende von Schwarz-Gelb in Berlin einl\u00e4uten \u2013 und die anstehenden Wahlen sind auch f\u00fcr die NPD richtungsweisend. In Sachsen-Anhalt will die Neonazi-Partei den Einzug in den Landtag erreichen, in Mecklenburg-Vorpommern erneut ins Schweriner Schloss einziehen. Scheitert die Neonazi-Partei in den beiden L\u00e4ndern, d\u00fcrfte sie vorerst in der Bedeutungslosigkeit versinken. Ist [&hellip;]\" \/>\n<meta property=\"og:url\" content=\"https:\/\/blog.zeit.de\/stoerungsmelder\/2010\/10\/17\/npd-traumt-von-der-achse-dresden-magdeburg-schwerin-teil-ii_4785\" \/>\n<meta property=\"og:site_name\" content=\"St\u00f6rungsmelder\" \/>\n<meta property=\"article:published_time\" content=\"2010-10-17T17:44:02+00:00\" \/>\n<meta property=\"article:modified_time\" content=\"2010-10-17T17:45:02+00:00\" \/>\n<meta property=\"og:image\" content=\"https:\/\/blog.zeit.de\/stoerungsmelder\/files\/2010\/06\/NPD-Wahlen-540-300x111.jpg\" \/>\n<meta name=\"author\" content=\"npdbloginfo\" \/>\n<meta name=\"twitter:card\" content=\"summary_large_image\" \/>\n<meta name=\"twitter:label1\" content=\"Geschrieben von\" \/>\n\t<meta name=\"twitter:data1\" content=\"npdbloginfo\" \/>\n\t<meta name=\"twitter:label2\" content=\"Gesch\u00e4tzte Lesezeit\" \/>\n\t<meta name=\"twitter:data2\" content=\"5\u00a0Minuten\" \/>\n<script type=\"application\/ld+json\" class=\"yoast-schema-graph\">{\"@context\":\"https:\/\/schema.org\",\"@graph\":[{\"@type\":\"WebPage\",\"@id\":\"https:\/\/blog.zeit.de\/stoerungsmelder\/2010\/10\/17\/npd-traumt-von-der-achse-dresden-magdeburg-schwerin-teil-ii_4785\",\"url\":\"https:\/\/blog.zeit.de\/stoerungsmelder\/2010\/10\/17\/npd-traumt-von-der-achse-dresden-magdeburg-schwerin-teil-ii_4785\",\"name\":\"NPD tr\u00e4umt von der Achse Dresden-Magdeburg-Schwerin (Teil II) - St\u00f6rungsmelder\",\"isPartOf\":{\"@id\":\"https:\/\/blog.zeit.de\/stoerungsmelder\/#website\"},\"datePublished\":\"2010-10-17T17:44:02+00:00\",\"dateModified\":\"2010-10-17T17:45:02+00:00\",\"author\":{\"@id\":\"https:\/\/blog.zeit.de\/stoerungsmelder\/#\/schema\/person\/36c66b1a7a2ff6e8ac09f8782af00536\"},\"breadcrumb\":{\"@id\":\"https:\/\/blog.zeit.de\/stoerungsmelder\/2010\/10\/17\/npd-traumt-von-der-achse-dresden-magdeburg-schwerin-teil-ii_4785#breadcrumb\"},\"inLanguage\":\"de\",\"potentialAction\":[{\"@type\":\"ReadAction\",\"target\":[\"https:\/\/blog.zeit.de\/stoerungsmelder\/2010\/10\/17\/npd-traumt-von-der-achse-dresden-magdeburg-schwerin-teil-ii_4785\"]}]},{\"@type\":\"BreadcrumbList\",\"@id\":\"https:\/\/blog.zeit.de\/stoerungsmelder\/2010\/10\/17\/npd-traumt-von-der-achse-dresden-magdeburg-schwerin-teil-ii_4785#breadcrumb\",\"itemListElement\":[{\"@type\":\"ListItem\",\"position\":1,\"name\":\"Startseite\",\"item\":\"https:\/\/blog.zeit.de\/stoerungsmelder\"},{\"@type\":\"ListItem\",\"position\":2,\"name\":\"NPD tr\u00e4umt von der Achse Dresden-Magdeburg-Schwerin (Teil II)\"}]},{\"@type\":\"WebSite\",\"@id\":\"https:\/\/blog.zeit.de\/stoerungsmelder\/#website\",\"url\":\"https:\/\/blog.zeit.de\/stoerungsmelder\/\",\"name\":\"St\u00f6rungsmelder\",\"description\":\"Recherchen und Analysen \u00fcber die extreme Rechte\",\"potentialAction\":[{\"@type\":\"SearchAction\",\"target\":{\"@type\":\"EntryPoint\",\"urlTemplate\":\"https:\/\/blog.zeit.de\/stoerungsmelder\/?s={search_term_string}\"},\"query-input\":\"required name=search_term_string\"}],\"inLanguage\":\"de\"},{\"@type\":\"Person\",\"@id\":\"https:\/\/blog.zeit.de\/stoerungsmelder\/#\/schema\/person\/36c66b1a7a2ff6e8ac09f8782af00536\",\"name\":\"npdbloginfo\",\"image\":{\"@type\":\"ImageObject\",\"inLanguage\":\"de\",\"@id\":\"https:\/\/blog.zeit.de\/stoerungsmelder\/#\/schema\/person\/image\/\",\"url\":\"https:\/\/secure.gravatar.com\/avatar\/d788862a9764e18d9d9d94bed018327dcbdccc6776903d0eb9d6e0658888a017?s=96&d=mm&r=pg\",\"contentUrl\":\"https:\/\/secure.gravatar.com\/avatar\/d788862a9764e18d9d9d94bed018327dcbdccc6776903d0eb9d6e0658888a017?s=96&d=mm&r=pg\",\"caption\":\"npdbloginfo\"},\"description\":\"Das Watchblog NPD-BLOG.INFO berichtet seit 2005 kontinuierlich \u00fcber die rechtsextreme NPD.\",\"sameAs\":[\"http:\/\/npd-blog.info\"],\"url\":\"https:\/\/blog.zeit.de\/stoerungsmelder\/author\/npdbloginfo\"}]}<\/script>\n<!-- \/ Yoast SEO plugin. -->","yoast_head_json":{"title":"NPD tr\u00e4umt von der Achse Dresden-Magdeburg-Schwerin (Teil II) - St\u00f6rungsmelder","robots":{"index":"index","follow":"follow","max-snippet":"max-snippet:-1","max-image-preview":"max-image-preview:large","max-video-preview":"max-video-preview:-1"},"canonical":"https:\/\/blog.zeit.de\/stoerungsmelder\/2010\/10\/17\/npd-traumt-von-der-achse-dresden-magdeburg-schwerin-teil-ii_4785","og_locale":"de_DE","og_type":"article","og_title":"NPD tr\u00e4umt von der Achse Dresden-Magdeburg-Schwerin (Teil II) - St\u00f6rungsmelder","og_description":"Das Jahr 2011 k\u00f6nnte das Ende von Schwarz-Gelb in Berlin einl\u00e4uten \u2013 und die anstehenden Wahlen sind auch f\u00fcr die NPD richtungsweisend. In Sachsen-Anhalt will die Neonazi-Partei den Einzug in den Landtag erreichen, in Mecklenburg-Vorpommern erneut ins Schweriner Schloss einziehen. Scheitert die Neonazi-Partei in den beiden L\u00e4ndern, d\u00fcrfte sie vorerst in der Bedeutungslosigkeit versinken. Ist [&hellip;]","og_url":"https:\/\/blog.zeit.de\/stoerungsmelder\/2010\/10\/17\/npd-traumt-von-der-achse-dresden-magdeburg-schwerin-teil-ii_4785","og_site_name":"St\u00f6rungsmelder","article_published_time":"2010-10-17T17:44:02+00:00","article_modified_time":"2010-10-17T17:45:02+00:00","og_image":[{"url":"https:\/\/blog.zeit.de\/stoerungsmelder\/files\/2010\/06\/NPD-Wahlen-540-300x111.jpg"}],"author":"npdbloginfo","twitter_card":"summary_large_image","twitter_misc":{"Geschrieben von":"npdbloginfo","Gesch\u00e4tzte Lesezeit":"5\u00a0Minuten"},"schema":{"@context":"https:\/\/schema.org","@graph":[{"@type":"WebPage","@id":"https:\/\/blog.zeit.de\/stoerungsmelder\/2010\/10\/17\/npd-traumt-von-der-achse-dresden-magdeburg-schwerin-teil-ii_4785","url":"https:\/\/blog.zeit.de\/stoerungsmelder\/2010\/10\/17\/npd-traumt-von-der-achse-dresden-magdeburg-schwerin-teil-ii_4785","name":"NPD tr\u00e4umt von der Achse Dresden-Magdeburg-Schwerin (Teil II) - St\u00f6rungsmelder","isPartOf":{"@id":"https:\/\/blog.zeit.de\/stoerungsmelder\/#website"},"datePublished":"2010-10-17T17:44:02+00:00","dateModified":"2010-10-17T17:45:02+00:00","author":{"@id":"https:\/\/blog.zeit.de\/stoerungsmelder\/#\/schema\/person\/36c66b1a7a2ff6e8ac09f8782af00536"},"breadcrumb":{"@id":"https:\/\/blog.zeit.de\/stoerungsmelder\/2010\/10\/17\/npd-traumt-von-der-achse-dresden-magdeburg-schwerin-teil-ii_4785#breadcrumb"},"inLanguage":"de","potentialAction":[{"@type":"ReadAction","target":["https:\/\/blog.zeit.de\/stoerungsmelder\/2010\/10\/17\/npd-traumt-von-der-achse-dresden-magdeburg-schwerin-teil-ii_4785"]}]},{"@type":"BreadcrumbList","@id":"https:\/\/blog.zeit.de\/stoerungsmelder\/2010\/10\/17\/npd-traumt-von-der-achse-dresden-magdeburg-schwerin-teil-ii_4785#breadcrumb","itemListElement":[{"@type":"ListItem","position":1,"name":"Startseite","item":"https:\/\/blog.zeit.de\/stoerungsmelder"},{"@type":"ListItem","position":2,"name":"NPD tr\u00e4umt von der Achse Dresden-Magdeburg-Schwerin (Teil II)"}]},{"@type":"WebSite","@id":"https:\/\/blog.zeit.de\/stoerungsmelder\/#website","url":"https:\/\/blog.zeit.de\/stoerungsmelder\/","name":"St\u00f6rungsmelder","description":"Recherchen und Analysen \u00fcber die extreme Rechte","potentialAction":[{"@type":"SearchAction","target":{"@type":"EntryPoint","urlTemplate":"https:\/\/blog.zeit.de\/stoerungsmelder\/?s={search_term_string}"},"query-input":"required name=search_term_string"}],"inLanguage":"de"},{"@type":"Person","@id":"https:\/\/blog.zeit.de\/stoerungsmelder\/#\/schema\/person\/36c66b1a7a2ff6e8ac09f8782af00536","name":"npdbloginfo","image":{"@type":"ImageObject","inLanguage":"de","@id":"https:\/\/blog.zeit.de\/stoerungsmelder\/#\/schema\/person\/image\/","url":"https:\/\/secure.gravatar.com\/avatar\/d788862a9764e18d9d9d94bed018327dcbdccc6776903d0eb9d6e0658888a017?s=96&d=mm&r=pg","contentUrl":"https:\/\/secure.gravatar.com\/avatar\/d788862a9764e18d9d9d94bed018327dcbdccc6776903d0eb9d6e0658888a017?s=96&d=mm&r=pg","caption":"npdbloginfo"},"description":"Das Watchblog NPD-BLOG.INFO berichtet seit 2005 kontinuierlich \u00fcber die rechtsextreme NPD.","sameAs":["http:\/\/npd-blog.info"],"url":"https:\/\/blog.zeit.de\/stoerungsmelder\/author\/npdbloginfo"}]}},"jetpack_featured_media_url":"","jetpack_sharing_enabled":true,"_links":{"self":[{"href":"https:\/\/blog.zeit.de\/stoerungsmelder\/wp-json\/wp\/v2\/posts\/4785","targetHints":{"allow":["GET"]}}],"collection":[{"href":"https:\/\/blog.zeit.de\/stoerungsmelder\/wp-json\/wp\/v2\/posts"}],"about":[{"href":"https:\/\/blog.zeit.de\/stoerungsmelder\/wp-json\/wp\/v2\/types\/post"}],"author":[{"embeddable":true,"href":"https:\/\/blog.zeit.de\/stoerungsmelder\/wp-json\/wp\/v2\/users\/295"}],"replies":[{"embeddable":true,"href":"https:\/\/blog.zeit.de\/stoerungsmelder\/wp-json\/wp\/v2\/comments?post=4785"}],"version-history":[{"count":3,"href":"https:\/\/blog.zeit.de\/stoerungsmelder\/wp-json\/wp\/v2\/posts\/4785\/revisions"}],"predecessor-version":[{"id":4788,"href":"https:\/\/blog.zeit.de\/stoerungsmelder\/wp-json\/wp\/v2\/posts\/4785\/revisions\/4788"}],"wp:attachment":[{"href":"https:\/\/blog.zeit.de\/stoerungsmelder\/wp-json\/wp\/v2\/media?parent=4785"}],"wp:term":[{"taxonomy":"category","embeddable":true,"href":"https:\/\/blog.zeit.de\/stoerungsmelder\/wp-json\/wp\/v2\/categories?post=4785"},{"taxonomy":"post_tag","embeddable":true,"href":"https:\/\/blog.zeit.de\/stoerungsmelder\/wp-json\/wp\/v2\/tags?post=4785"}],"curies":[{"name":"wp","href":"https:\/\/api.w.org\/{rel}","templated":true}]}}