{"id":4814,"date":"2010-10-22T14:26:47","date_gmt":"2010-10-22T12:26:47","guid":{"rendered":"http:\/\/blog.zeit.de\/stoerungsmelder\/?p=4814"},"modified":"2017-07-08T16:40:34","modified_gmt":"2017-07-08T14:40:34","slug":"berliner-thor-steinar-geschaft-wird-zwangsgeraumt","status":"publish","type":"post","link":"https:\/\/blog.zeit.de\/stoerungsmelder\/2010\/10\/22\/berliner-thor-steinar-geschaft-wird-zwangsgeraumt_4814","title":{"rendered":"Berliner Thor Steinar-Gesch\u00e4ft wird zwangsger\u00e4umt"},"content":{"rendered":"<p><figure id=\"attachment_4816\" aria-describedby=\"caption-attachment-4816\" style=\"width: 540px\" class=\"wp-caption aligncenter\"><a href=\"https:\/\/blog.zeit.de\/stoerungsmelder\/files\/2010\/10\/thorsteinar8.jpg\"><img loading=\"lazy\" decoding=\"async\" class=\"size-full wp-image-4816\" src=\"https:\/\/blog.zeit.de\/stoerungsmelder\/files\/2010\/10\/thorsteinar8.jpg\" alt=\"\" width=\"540\" height=\"200\" srcset=\"https:\/\/blog.zeit.de\/stoerungsmelder\/files\/2010\/10\/thorsteinar8.jpg 540w, https:\/\/blog.zeit.de\/stoerungsmelder\/files\/2010\/10\/thorsteinar8-300x111.jpg 300w\" sizes=\"auto, (max-width: 540px) 100vw, 540px\" \/><\/a><figcaption id=\"caption-attachment-4816\" class=\"wp-caption-text\">Bunter Protest gegen fragw\u00fcrdige Mode, hier in Berlin-Friedrichshain \u00a9 Matthias Zickrow<\/figcaption><\/figure><\/p>\n<p>Die umstrittene Modemarke Thor Steinar aus Brandenburg, die besonders in der Neonaziszene beliebt ist, muss eine weitere Schlappe hinnehmen. Nach einem langwierigen Rechtsstreit wird das Thor Steinar-Gesch\u00e4ft in der Rosa-Luxemburg-Stra\u00dfe in den n\u00e4chsten Wochen vom Gerichtsvollzieher zwangsger\u00e4umt.<!--more--><\/p>\n<p>\u201eWir haben den Mieter Protex aufgefordert das Gesch\u00e4ft bis zum 30. 9. zu r\u00e4umen\u201c, sagte Christian Verstege, der Anwalt des Hausbesitzers. Doch die Betreiber des Gesch\u00e4fts ignorierten das Schreiben offensichtlich. Am 4.\u00a0 Oktober schickte die Anwaltskanzlei daraufhin einen R\u00e4umungsauftrag an das Amtsgericht. Dort wird jetzt ein Gerichtsvollzieher mit der R\u00e4umung des Ladens beauftragt. Falls n\u00f6tig, wird dazu die Polizei zur Amtshilfe angefordert. Hintergrund ist eine Entscheidung des Bundesgerichtshofes (BGH) in Karlsruhe vor wenigen Wochen. Die Richter gaben den R\u00e4umungsklagen der Vermieter in Berlin und eines weiteren Thor Steinar-Gesch\u00e4fts in Magdeburg statt. Inhaltlich urteilte der BGH, dass Mieter von Gewerber\u00e4umen auch ohne Nachfrage \u201eau\u00dfergew\u00f6hnliche Umst\u00e4nde\u201c mitteilen m\u00fcssen, die f\u00fcr den Vermieter \u201eoffensichtlich von erheblicher Bedeutung sind\u201c. Konkret ging es darum, dass die Vermieter nicht wussten, dass Neonazis laut Verfassungsschutz in der Marke ein \u201eidentit\u00e4tsstiftendes Erkennungsmerkmal\u201c sehen.<br \/>\nSeit der Er\u00f6ffnung im Jahr 2008 hatten B\u00fcrgerinitiativen, Antifagruppen und Politiker gegen die Marke protestiert und darauf hingewiesen, dass durch den Laden gewaltbereite Neonazis in die Stra\u00dfe gelockt w\u00fcrden. Bezirksb\u00fcrgermeister Christian Hanke (SPD) schaltete sich in den Konflikt ein und bot dem Vermieter pers\u00f6nlich seine Unterst\u00fctzung an. Nur f\u00fcnf Tage nach der Er\u00f6ffnung hatte die Hamburger Impala Immobilien der f\u00fcr Thor Steinar auftretenden Protex GmbH gek\u00fcndigt.<\/p>\n<p>\u201eIm Falle dieses Thor Steinar Ladens wurden kreativer zivilgesellschaftlicher Protest und juristisches Vorgehen erfolgreich miteinander verbunden\u201c, sagte Bianca Klose, Leiterin der Mobilen Beratung gegen Rechtsextremismus. \u201eDie Bek\u00e4mpfung rechtsextremer Infrastruktur ist langwierig, sie bedarf der Partnerschaft verschiedener demokratischer Akteure und eines langen Atems.\u201c<\/p>\n<p>Die wegen des Thor Steinar-Gesch\u00e4fts gegr\u00fcndete Anwohnerinitiative \u201eMitte gegen Rechts\u201c wurde mehrfach von Neonazis bedroht. Im Juni 2009 stand der fr\u00fchere Thor Steinar-Gesch\u00e4ftsf\u00fchrer und Mieter des Ladens, Uwe Meusel, vor Gericht. Der Vorwurf: Hausfriedensbruch. Im Sommer 2008 soll er mit einer Begleiterin die Galerie der damaligen Sprecherin von \u201eMitte gegen Rechts\u201c betreten und auch nach Aufforderung nicht verlassen haben. Bevor Meusel die R\u00e4ume schlie\u00dflich doch verlie\u00df, soll er die Anwesenden bedroht haben. \u201eEr sagte mir, ich solle in Zukunft lieber auf meine Gesundheit achten\u201c, sagte eine Zeugin am Rande der Gerichtsverhandlung. Obwohl die Richterin die \u201eStrafw\u00fcrdigkeit\u201c des Hausfriedensbruchs ausdr\u00fccklich best\u00e4tigte, konnten Meusels Anw\u00e4lte noch vor der eigentlichen Verhandlung hinter geschlossenen T\u00fcren einen Deal mit der Staatsanwaltschaft aushandeln. Weder Meusel noch die Zeugen mussten vor Gericht eine Aussage machen. Gegen eine Zahlung von 4.000 Euro wurde das Verfahren eingestellt. Meusels Begleiterin muss 1.400 Euro zahlen.<\/p>\n<p>Im Deutschen Bundestag, vielen Berliner Klubs und einigen Fu\u00dfballstadien in ganz Deutschland ist das Tragen der Marke schon lange verboten. Neben dem Gesch\u00e4ft in Mitte gibt es noch einen Thor Steinar-Laden in der Petersburger Stra\u00dfe in Friedrichshain. Mehrfach wurde die Fassade seit der Er\u00f6ffnung mit Farbbeuteln beworfen.<\/p>\n<p><img loading=\"lazy\" decoding=\"async\" src=\"http:\/\/vg01.met.vgwort.de\/na\/7b56a7947dfc498e8a06acd7b27fb199\" width=\"1\" height=\"1\" alt=\"\"><\/p>\n","protected":false},"excerpt":{"rendered":"<p>Die umstrittene Modemarke Thor Steinar aus Brandenburg, die besonders in der Neonaziszene beliebt ist, muss eine weitere Schlappe hinnehmen. Nach einem langwierigen Rechtsstreit wird das Thor Steinar-Gesch\u00e4ft in der Rosa-Luxemburg-Stra\u00dfe in den n\u00e4chsten Wochen vom Gerichtsvollzieher zwangsger\u00e4umt.<\/p>\n","protected":false},"author":229,"featured_media":0,"comment_status":"open","ping_status":"open","sticky":false,"template":"","format":"standard","meta":{"_jetpack_memberships_contains_paid_content":false,"footnotes":""},"categories":[249],"tags":[1638,1752,1818,6343,1858],"class_list":["post-4814","post","type-post","status-publish","format-standard","hentry","category-berlin","tag-justiz","tag-protest","tag-thor-steinar","tag-uwe-meusel","tag-zivilcourage"],"yoast_head":"<!-- This site is optimized with the Yoast SEO plugin v21.0 - https:\/\/yoast.com\/wordpress\/plugins\/seo\/ -->\n<title>Berliner Thor Steinar-Gesch\u00e4ft wird zwangsger\u00e4umt - St\u00f6rungsmelder<\/title>\n<meta name=\"robots\" content=\"index, follow, max-snippet:-1, max-image-preview:large, max-video-preview:-1\" \/>\n<link rel=\"canonical\" href=\"https:\/\/blog.zeit.de\/stoerungsmelder\/2010\/10\/22\/berliner-thor-steinar-geschaft-wird-zwangsgeraumt_4814\" \/>\n<meta property=\"og:locale\" content=\"de_DE\" \/>\n<meta property=\"og:type\" content=\"article\" \/>\n<meta property=\"og:title\" content=\"Berliner Thor Steinar-Gesch\u00e4ft wird zwangsger\u00e4umt - St\u00f6rungsmelder\" \/>\n<meta property=\"og:description\" content=\"Die umstrittene Modemarke Thor Steinar aus Brandenburg, die besonders in der Neonaziszene beliebt ist, muss eine weitere Schlappe hinnehmen. Nach einem langwierigen Rechtsstreit wird das Thor Steinar-Gesch\u00e4ft in der Rosa-Luxemburg-Stra\u00dfe in den n\u00e4chsten Wochen vom Gerichtsvollzieher zwangsger\u00e4umt.\" \/>\n<meta property=\"og:url\" content=\"https:\/\/blog.zeit.de\/stoerungsmelder\/2010\/10\/22\/berliner-thor-steinar-geschaft-wird-zwangsgeraumt_4814\" \/>\n<meta property=\"og:site_name\" content=\"St\u00f6rungsmelder\" \/>\n<meta property=\"article:published_time\" content=\"2010-10-22T12:26:47+00:00\" \/>\n<meta property=\"article:modified_time\" content=\"2017-07-08T14:40:34+00:00\" \/>\n<meta property=\"og:image\" content=\"https:\/\/blog.zeit.de\/stoerungsmelder\/files\/2010\/10\/thorsteinar8.jpg\" \/>\n<meta name=\"author\" content=\"St\u00f6rungsmelder\" \/>\n<meta name=\"twitter:card\" content=\"summary_large_image\" \/>\n<meta name=\"twitter:label1\" content=\"Geschrieben von\" \/>\n\t<meta name=\"twitter:data1\" content=\"St\u00f6rungsmelder\" \/>\n\t<meta name=\"twitter:label2\" content=\"Gesch\u00e4tzte Lesezeit\" \/>\n\t<meta name=\"twitter:data2\" content=\"3\u00a0Minuten\" \/>\n<script type=\"application\/ld+json\" class=\"yoast-schema-graph\">{\"@context\":\"https:\/\/schema.org\",\"@graph\":[{\"@type\":\"WebPage\",\"@id\":\"https:\/\/blog.zeit.de\/stoerungsmelder\/2010\/10\/22\/berliner-thor-steinar-geschaft-wird-zwangsgeraumt_4814\",\"url\":\"https:\/\/blog.zeit.de\/stoerungsmelder\/2010\/10\/22\/berliner-thor-steinar-geschaft-wird-zwangsgeraumt_4814\",\"name\":\"Berliner Thor Steinar-Gesch\u00e4ft wird zwangsger\u00e4umt - St\u00f6rungsmelder\",\"isPartOf\":{\"@id\":\"https:\/\/blog.zeit.de\/stoerungsmelder\/#website\"},\"datePublished\":\"2010-10-22T12:26:47+00:00\",\"dateModified\":\"2017-07-08T14:40:34+00:00\",\"author\":{\"@id\":\"https:\/\/blog.zeit.de\/stoerungsmelder\/#\/schema\/person\/fdd0b9818f65738672810b6d6f037f71\"},\"breadcrumb\":{\"@id\":\"https:\/\/blog.zeit.de\/stoerungsmelder\/2010\/10\/22\/berliner-thor-steinar-geschaft-wird-zwangsgeraumt_4814#breadcrumb\"},\"inLanguage\":\"de\",\"potentialAction\":[{\"@type\":\"ReadAction\",\"target\":[\"https:\/\/blog.zeit.de\/stoerungsmelder\/2010\/10\/22\/berliner-thor-steinar-geschaft-wird-zwangsgeraumt_4814\"]}]},{\"@type\":\"BreadcrumbList\",\"@id\":\"https:\/\/blog.zeit.de\/stoerungsmelder\/2010\/10\/22\/berliner-thor-steinar-geschaft-wird-zwangsgeraumt_4814#breadcrumb\",\"itemListElement\":[{\"@type\":\"ListItem\",\"position\":1,\"name\":\"Startseite\",\"item\":\"https:\/\/blog.zeit.de\/stoerungsmelder\"},{\"@type\":\"ListItem\",\"position\":2,\"name\":\"Berliner Thor Steinar-Gesch\u00e4ft wird zwangsger\u00e4umt\"}]},{\"@type\":\"WebSite\",\"@id\":\"https:\/\/blog.zeit.de\/stoerungsmelder\/#website\",\"url\":\"https:\/\/blog.zeit.de\/stoerungsmelder\/\",\"name\":\"St\u00f6rungsmelder\",\"description\":\"Recherchen und Analysen \u00fcber die extreme Rechte\",\"potentialAction\":[{\"@type\":\"SearchAction\",\"target\":{\"@type\":\"EntryPoint\",\"urlTemplate\":\"https:\/\/blog.zeit.de\/stoerungsmelder\/?s={search_term_string}\"},\"query-input\":\"required name=search_term_string\"}],\"inLanguage\":\"de\"},{\"@type\":\"Person\",\"@id\":\"https:\/\/blog.zeit.de\/stoerungsmelder\/#\/schema\/person\/fdd0b9818f65738672810b6d6f037f71\",\"name\":\"St\u00f6rungsmelder\",\"image\":{\"@type\":\"ImageObject\",\"inLanguage\":\"de\",\"@id\":\"https:\/\/blog.zeit.de\/stoerungsmelder\/#\/schema\/person\/image\/\",\"url\":\"https:\/\/secure.gravatar.com\/avatar\/dfa4be514c3e82a71e4f9a0020035d38192d080ccaa5e4e6d7a1472c763535c5?s=96&d=mm&r=pg\",\"contentUrl\":\"https:\/\/secure.gravatar.com\/avatar\/dfa4be514c3e82a71e4f9a0020035d38192d080ccaa5e4e6d7a1472c763535c5?s=96&d=mm&r=pg\",\"caption\":\"St\u00f6rungsmelder\"},\"url\":\"https:\/\/blog.zeit.de\/stoerungsmelder\/author\/stoerungsmelder\"}]}<\/script>\n<!-- \/ Yoast SEO plugin. -->","yoast_head_json":{"title":"Berliner Thor Steinar-Gesch\u00e4ft wird zwangsger\u00e4umt - St\u00f6rungsmelder","robots":{"index":"index","follow":"follow","max-snippet":"max-snippet:-1","max-image-preview":"max-image-preview:large","max-video-preview":"max-video-preview:-1"},"canonical":"https:\/\/blog.zeit.de\/stoerungsmelder\/2010\/10\/22\/berliner-thor-steinar-geschaft-wird-zwangsgeraumt_4814","og_locale":"de_DE","og_type":"article","og_title":"Berliner Thor Steinar-Gesch\u00e4ft wird zwangsger\u00e4umt - St\u00f6rungsmelder","og_description":"Die umstrittene Modemarke Thor Steinar aus Brandenburg, die besonders in der Neonaziszene beliebt ist, muss eine weitere Schlappe hinnehmen. Nach einem langwierigen Rechtsstreit wird das Thor Steinar-Gesch\u00e4ft in der Rosa-Luxemburg-Stra\u00dfe in den n\u00e4chsten Wochen vom Gerichtsvollzieher zwangsger\u00e4umt.","og_url":"https:\/\/blog.zeit.de\/stoerungsmelder\/2010\/10\/22\/berliner-thor-steinar-geschaft-wird-zwangsgeraumt_4814","og_site_name":"St\u00f6rungsmelder","article_published_time":"2010-10-22T12:26:47+00:00","article_modified_time":"2017-07-08T14:40:34+00:00","og_image":[{"url":"https:\/\/blog.zeit.de\/stoerungsmelder\/files\/2010\/10\/thorsteinar8.jpg"}],"author":"St\u00f6rungsmelder","twitter_card":"summary_large_image","twitter_misc":{"Geschrieben von":"St\u00f6rungsmelder","Gesch\u00e4tzte Lesezeit":"3\u00a0Minuten"},"schema":{"@context":"https:\/\/schema.org","@graph":[{"@type":"WebPage","@id":"https:\/\/blog.zeit.de\/stoerungsmelder\/2010\/10\/22\/berliner-thor-steinar-geschaft-wird-zwangsgeraumt_4814","url":"https:\/\/blog.zeit.de\/stoerungsmelder\/2010\/10\/22\/berliner-thor-steinar-geschaft-wird-zwangsgeraumt_4814","name":"Berliner Thor Steinar-Gesch\u00e4ft wird zwangsger\u00e4umt - St\u00f6rungsmelder","isPartOf":{"@id":"https:\/\/blog.zeit.de\/stoerungsmelder\/#website"},"datePublished":"2010-10-22T12:26:47+00:00","dateModified":"2017-07-08T14:40:34+00:00","author":{"@id":"https:\/\/blog.zeit.de\/stoerungsmelder\/#\/schema\/person\/fdd0b9818f65738672810b6d6f037f71"},"breadcrumb":{"@id":"https:\/\/blog.zeit.de\/stoerungsmelder\/2010\/10\/22\/berliner-thor-steinar-geschaft-wird-zwangsgeraumt_4814#breadcrumb"},"inLanguage":"de","potentialAction":[{"@type":"ReadAction","target":["https:\/\/blog.zeit.de\/stoerungsmelder\/2010\/10\/22\/berliner-thor-steinar-geschaft-wird-zwangsgeraumt_4814"]}]},{"@type":"BreadcrumbList","@id":"https:\/\/blog.zeit.de\/stoerungsmelder\/2010\/10\/22\/berliner-thor-steinar-geschaft-wird-zwangsgeraumt_4814#breadcrumb","itemListElement":[{"@type":"ListItem","position":1,"name":"Startseite","item":"https:\/\/blog.zeit.de\/stoerungsmelder"},{"@type":"ListItem","position":2,"name":"Berliner Thor Steinar-Gesch\u00e4ft wird zwangsger\u00e4umt"}]},{"@type":"WebSite","@id":"https:\/\/blog.zeit.de\/stoerungsmelder\/#website","url":"https:\/\/blog.zeit.de\/stoerungsmelder\/","name":"St\u00f6rungsmelder","description":"Recherchen und Analysen \u00fcber die extreme Rechte","potentialAction":[{"@type":"SearchAction","target":{"@type":"EntryPoint","urlTemplate":"https:\/\/blog.zeit.de\/stoerungsmelder\/?s={search_term_string}"},"query-input":"required name=search_term_string"}],"inLanguage":"de"},{"@type":"Person","@id":"https:\/\/blog.zeit.de\/stoerungsmelder\/#\/schema\/person\/fdd0b9818f65738672810b6d6f037f71","name":"St\u00f6rungsmelder","image":{"@type":"ImageObject","inLanguage":"de","@id":"https:\/\/blog.zeit.de\/stoerungsmelder\/#\/schema\/person\/image\/","url":"https:\/\/secure.gravatar.com\/avatar\/dfa4be514c3e82a71e4f9a0020035d38192d080ccaa5e4e6d7a1472c763535c5?s=96&d=mm&r=pg","contentUrl":"https:\/\/secure.gravatar.com\/avatar\/dfa4be514c3e82a71e4f9a0020035d38192d080ccaa5e4e6d7a1472c763535c5?s=96&d=mm&r=pg","caption":"St\u00f6rungsmelder"},"url":"https:\/\/blog.zeit.de\/stoerungsmelder\/author\/stoerungsmelder"}]}},"jetpack_featured_media_url":"","jetpack_sharing_enabled":true,"_links":{"self":[{"href":"https:\/\/blog.zeit.de\/stoerungsmelder\/wp-json\/wp\/v2\/posts\/4814","targetHints":{"allow":["GET"]}}],"collection":[{"href":"https:\/\/blog.zeit.de\/stoerungsmelder\/wp-json\/wp\/v2\/posts"}],"about":[{"href":"https:\/\/blog.zeit.de\/stoerungsmelder\/wp-json\/wp\/v2\/types\/post"}],"author":[{"embeddable":true,"href":"https:\/\/blog.zeit.de\/stoerungsmelder\/wp-json\/wp\/v2\/users\/229"}],"replies":[{"embeddable":true,"href":"https:\/\/blog.zeit.de\/stoerungsmelder\/wp-json\/wp\/v2\/comments?post=4814"}],"version-history":[{"count":9,"href":"https:\/\/blog.zeit.de\/stoerungsmelder\/wp-json\/wp\/v2\/posts\/4814\/revisions"}],"predecessor-version":[{"id":4824,"href":"https:\/\/blog.zeit.de\/stoerungsmelder\/wp-json\/wp\/v2\/posts\/4814\/revisions\/4824"}],"wp:attachment":[{"href":"https:\/\/blog.zeit.de\/stoerungsmelder\/wp-json\/wp\/v2\/media?parent=4814"}],"wp:term":[{"taxonomy":"category","embeddable":true,"href":"https:\/\/blog.zeit.de\/stoerungsmelder\/wp-json\/wp\/v2\/categories?post=4814"},{"taxonomy":"post_tag","embeddable":true,"href":"https:\/\/blog.zeit.de\/stoerungsmelder\/wp-json\/wp\/v2\/tags?post=4814"}],"curies":[{"name":"wp","href":"https:\/\/api.w.org\/{rel}","templated":true}]}}