{"id":4841,"date":"2010-10-25T10:40:29","date_gmt":"2010-10-25T08:40:29","guid":{"rendered":"http:\/\/blog.zeit.de\/stoerungsmelder\/?p=4841"},"modified":"2010-10-25T10:40:29","modified_gmt":"2010-10-25T08:40:29","slug":"polizei-sucht-rassistischen-heckenschutzen-schwedens-einwanderer-in-todesangst","status":"publish","type":"post","link":"https:\/\/blog.zeit.de\/stoerungsmelder\/2010\/10\/25\/polizei-sucht-rassistischen-heckenschutzen-schwedens-einwanderer-in-todesangst_4841","title":{"rendered":"Polizei sucht rassistischen Heckensch\u00fctzen Schwedens Einwanderer in Todesangst"},"content":{"rendered":"<p><figure id=\"attachment_4842\" aria-describedby=\"caption-attachment-4842\" style=\"width: 540px\" class=\"wp-caption aligncenter\"><a href=\"https:\/\/blog.zeit.de\/stoerungsmelder\/files\/2010\/10\/malmo_540.jpg\"><img loading=\"lazy\" decoding=\"async\" class=\"size-full wp-image-4842\" src=\"https:\/\/blog.zeit.de\/stoerungsmelder\/files\/2010\/10\/malmo_540.jpg\" alt=\"\" width=\"540\" height=\"200\" srcset=\"https:\/\/blog.zeit.de\/stoerungsmelder\/files\/2010\/10\/malmo_540.jpg 540w, https:\/\/blog.zeit.de\/stoerungsmelder\/files\/2010\/10\/malmo_540-300x111.jpg 300w\" sizes=\"auto, (max-width: 540px) 100vw, 540px\" \/><\/a><figcaption id=\"caption-attachment-4842\" class=\"wp-caption-text\">Polizisten sichern am 21. Oktober nach einem Angriff des Heckensch\u00fctzen in Malm\u00f6 Spuren. \u00a9 Getty<\/figcaption><\/figure><\/p>\n<p>Viele Schweden f\u00fchlen sich auf grausame Weise an den Anfang der 90er Jahre erinnert. Damals schoss ein Rassist in Stockholm auf insgesamt elf Menschen \u2013 alle mit dunklerer Hautfarbe. Jetzt sucht die Polizei in Malm\u00f6 wieder einen Heckensch\u00fctzen.<!--more--><\/p>\n<p><em>Von <a href=\"http:\/\/www.tagesspiegel.de\/politik\/schwedens-einwanderer-in-todesangst\/1964986.html\">Tagesspiegel<\/a>-Autor Andr\u00e9 Anwar<\/em><\/p>\n<p>Viele Schweden f\u00fchlen sich auf grausame Weise an den Anfang der 90er Jahre erinnert. Damals schoss ein Rassist in Stockholm auf insgesamt elf Menschen \u2013 alle mit dunklerer Hautfarbe. Jetzt schreibt die Polizei im s\u00fcdschwedischen Malm\u00f6 15 Mordversuche an Einwanderern mit einer Schusswaffe aus dem Hinterhalt einem vermutlich rechtsextremen Heckensch\u00fctzen zu. Die ersten F\u00e4lle liegen vermutlich schon fast ein Jahr zur\u00fcck. Die Polizei gab den Sachverhalt allerdings erst jetzt bekannt. Die Ermittler kamen nicht weiter in dem Fall und wollten Panik vermeiden, aber auch Nachahmer nicht ermutigen.<\/p>\n<p>Nun ist genau das passiert, was sie bef\u00fcrchtet hatten: Nachdem am Mittwoch ein ausl\u00e4ndisch aussehender Mann mit einem R\u00fcckenschuss ins Krankenhaus eingeliefert werden musste, fielen am Donnerstag weitere Sch\u00fcsse. Ein 16-J\u00e4hriger wurde am hellichten Tag vor einem Kindergarten beschossen, zwei Frauen am Abend in einer Wohnung von der Stra\u00dfe durch das Fenster. Die Polizei war sich am Freitag jedoch nicht mehr sicher, ob es sich in beiden neueren F\u00e4llen tats\u00e4chlich um den gleichen T\u00e4ter handelt, der f\u00fcr die vorherigen Anschl\u00e4ge auf s\u00fcdl\u00e4ndisch aussehende Menschen verantwortlich ist.<\/p>\n<p>Nach den Sch\u00fcssen auf die Frauen in der Wohnung immerhin konnten Zeugen erstmals brauchbare Angaben \u00fcber den fl\u00fcchtenden T\u00e4ter machen. \u201eWir m\u00fcssen uns darauf einrichten, dass er wieder zuschl\u00e4gt\u201c, sagte Fahndungschef Mats Lassen. Das Muster ist immer dasselbe. Opfer sind stets dunkelh\u00e4utige Frauen und M\u00e4nner, die in abendlicher Dunkelheit von hinten beschossen werden. Oft beim Warten an der Bushaltestelle. In keinem Fall hat sich ein konkretes Motiv ermitteln lassen. Der wahrscheinlich 20 bis 40 Jahre alte T\u00e4ter ziele stets auf den Oberk\u00f6rper, teilte die Polizei mit. Das bedeute, dass er den Tod der Opfer in Kauf nehme.<\/p>\n<p>Get\u00f6tet wurde zu Beginn der Anschlagsserie im letzten Oktober eine junge Frau. Sie war als einziges der bisherigen Opfer hellh\u00e4utig und wurde in ihrem Auto zusammen mit einem dunkelh\u00e4utigen Begleiter beschossen.<\/p>\n<p>Die nationale Ermittlungskommission und der schwedische Integrationsminister Erik Ullenhag besuchten am Freitag Malm\u00f6. Als \u201eAngriff auf Schweden\u201c verurteilte Ullenhag die Vorg\u00e4nge. \u201eDas, was in Malm\u00f6 geschehen ist, ist tragisch nicht nur f\u00fcr Menschen mit Einwanderungshintergrund. Sondern f\u00fcr ganz Schweden.\u201c Einwanderer kritisieren, dass die Ermittlungen nicht vorankommen. Und in der Tat fragen sich viele Menschen in Malm\u00f6, nicht nur Einwanderer: Wie kann jemand monatelang auf Menschen schie\u00dfen und nicht gefasst werden? Ein Polizeisprecher sagt dazu: \u201eEs ist recht einfach f\u00fcr einen Heckensch\u00fctzen, nachts einfach spurlos zu verschwinden, wenn er die Flucht vorher genau geplant hat.\u201c Besonders pikant: Vor nicht langer Zeit wurden Tonb\u00e4nder in den schwedischen Medien ver\u00f6ffentlicht, die vom rassistischen Jargon der Polizei in Malm\u00f6 selbst Zeugnis ablegten. In einem Einsatzwagen sitzend, sagen Beamte dort unter anderem: \u201eVerdammte Affen, denen geben wir es.\u201c<\/p>\n<p>Inzwischen hat die Malm\u00f6er Polizei Ermittler aus dem \u201eLasermann\u201c-Fall in den Neunzigern zu Rate gezogen. Der Heckensch\u00fctze von Malm\u00f6 l\u00e4sst viele Schweden auf den damaligen Fall zur\u00fcckblicken. Damals trieb der sp\u00e4ter gefasste \u201eLasermann\u201c sein rassistisches Unwesen in Stockholm. Er schoss 1991 und 1992 mit einem Gewehr mit Laserstrahl-Zielsuche auf elf Menschen, denen nur ihr etwas dunkleres \u00c4u\u00dferes gemein war. Eines der Opfer starb, die anderen trugen teils schwere Verletzungen davon. Gefasst werden konnte er Mann nach einem Bankraub \u2013 er wurde wegen Mordes zu lebenslanger Haft verurteilt.<\/p>\n<p>Damals herrschte eine gedr\u00fcckte Stimmung im Land. Erstmals gab es Massenarbeitslosigkeit, eine ausl\u00e4nderfeindliche Partei war in den Reichstag eingezogen. Sie verschwand allerdings schnell wieder von der Bildfl\u00e4che. Auch die schwedische Neonaziszene, die damals zu den militantesten Europas z\u00e4hlte, ist l\u00e4ngst nicht mehr so stark. Damals ver\u00fcbten die Extremisten Morde an Gewerkschaftern, Polizisten und Journalisten.<\/p>\n<p>Bei der letzten Wahl im September zog wieder eine rechtspopulistische Partei in den Reichstag ein. Die \u201eSchwedendemokraten\u201c hatten im Wahlkampf ausl\u00e4nderfeindliche Ressentiments gesch\u00fcrt. Besonders viel Zuspruch erf\u00e4hrt die Partei in S\u00fcdschweden.<\/p>\n","protected":false},"excerpt":{"rendered":"<p>Viele Schweden f\u00fchlen sich auf grausame Weise an den Anfang der 90er Jahre erinnert. Damals schoss ein Rassist in Stockholm auf insgesamt elf Menschen \u2013 alle mit dunklerer Hautfarbe. Jetzt sucht die Polizei in Malm\u00f6 wieder einen Heckensch\u00fctzen.<\/p>\n","protected":false},"author":229,"featured_media":0,"comment_status":"open","ping_status":"open","sticky":false,"template":"","format":"standard","meta":{"_jetpack_memberships_contains_paid_content":false,"footnotes":""},"categories":[1],"tags":[6350,6349,97,6351],"class_list":["post-4841","post","type-post","status-publish","format-standard","hentry","category-allgemein","tag-heckenschutze","tag-malmo","tag-rassismus","tag-schwedendemokraten"],"yoast_head":"<!-- This site is optimized with the Yoast SEO plugin v21.0 - https:\/\/yoast.com\/wordpress\/plugins\/seo\/ -->\n<title>Polizei sucht rassistischen Heckensch\u00fctzen Schwedens Einwanderer in Todesangst - St\u00f6rungsmelder<\/title>\n<meta name=\"robots\" content=\"index, follow, max-snippet:-1, max-image-preview:large, max-video-preview:-1\" \/>\n<link rel=\"canonical\" href=\"https:\/\/blog.zeit.de\/stoerungsmelder\/2010\/10\/25\/polizei-sucht-rassistischen-heckenschutzen-schwedens-einwanderer-in-todesangst_4841\" \/>\n<meta property=\"og:locale\" content=\"de_DE\" \/>\n<meta property=\"og:type\" content=\"article\" \/>\n<meta property=\"og:title\" content=\"Polizei sucht rassistischen Heckensch\u00fctzen Schwedens Einwanderer in Todesangst - St\u00f6rungsmelder\" \/>\n<meta property=\"og:description\" content=\"Viele Schweden f\u00fchlen sich auf grausame Weise an den Anfang der 90er Jahre erinnert. Damals schoss ein Rassist in Stockholm auf insgesamt elf Menschen \u2013 alle mit dunklerer Hautfarbe. Jetzt sucht die Polizei in Malm\u00f6 wieder einen Heckensch\u00fctzen.\" \/>\n<meta property=\"og:url\" content=\"https:\/\/blog.zeit.de\/stoerungsmelder\/2010\/10\/25\/polizei-sucht-rassistischen-heckenschutzen-schwedens-einwanderer-in-todesangst_4841\" \/>\n<meta property=\"og:site_name\" content=\"St\u00f6rungsmelder\" \/>\n<meta property=\"article:published_time\" content=\"2010-10-25T08:40:29+00:00\" \/>\n<meta property=\"og:image\" content=\"https:\/\/blog.zeit.de\/stoerungsmelder\/files\/2010\/10\/malmo_540.jpg\" \/>\n<meta name=\"author\" content=\"St\u00f6rungsmelder\" \/>\n<meta name=\"twitter:card\" content=\"summary_large_image\" \/>\n<meta name=\"twitter:label1\" content=\"Geschrieben von\" \/>\n\t<meta name=\"twitter:data1\" content=\"St\u00f6rungsmelder\" \/>\n\t<meta name=\"twitter:label2\" content=\"Gesch\u00e4tzte Lesezeit\" \/>\n\t<meta name=\"twitter:data2\" content=\"4\u00a0Minuten\" \/>\n<script type=\"application\/ld+json\" class=\"yoast-schema-graph\">{\"@context\":\"https:\/\/schema.org\",\"@graph\":[{\"@type\":\"WebPage\",\"@id\":\"https:\/\/blog.zeit.de\/stoerungsmelder\/2010\/10\/25\/polizei-sucht-rassistischen-heckenschutzen-schwedens-einwanderer-in-todesangst_4841\",\"url\":\"https:\/\/blog.zeit.de\/stoerungsmelder\/2010\/10\/25\/polizei-sucht-rassistischen-heckenschutzen-schwedens-einwanderer-in-todesangst_4841\",\"name\":\"Polizei sucht rassistischen Heckensch\u00fctzen Schwedens Einwanderer in Todesangst - St\u00f6rungsmelder\",\"isPartOf\":{\"@id\":\"https:\/\/blog.zeit.de\/stoerungsmelder\/#website\"},\"datePublished\":\"2010-10-25T08:40:29+00:00\",\"dateModified\":\"2010-10-25T08:40:29+00:00\",\"author\":{\"@id\":\"https:\/\/blog.zeit.de\/stoerungsmelder\/#\/schema\/person\/fdd0b9818f65738672810b6d6f037f71\"},\"breadcrumb\":{\"@id\":\"https:\/\/blog.zeit.de\/stoerungsmelder\/2010\/10\/25\/polizei-sucht-rassistischen-heckenschutzen-schwedens-einwanderer-in-todesangst_4841#breadcrumb\"},\"inLanguage\":\"de\",\"potentialAction\":[{\"@type\":\"ReadAction\",\"target\":[\"https:\/\/blog.zeit.de\/stoerungsmelder\/2010\/10\/25\/polizei-sucht-rassistischen-heckenschutzen-schwedens-einwanderer-in-todesangst_4841\"]}]},{\"@type\":\"BreadcrumbList\",\"@id\":\"https:\/\/blog.zeit.de\/stoerungsmelder\/2010\/10\/25\/polizei-sucht-rassistischen-heckenschutzen-schwedens-einwanderer-in-todesangst_4841#breadcrumb\",\"itemListElement\":[{\"@type\":\"ListItem\",\"position\":1,\"name\":\"Startseite\",\"item\":\"https:\/\/blog.zeit.de\/stoerungsmelder\"},{\"@type\":\"ListItem\",\"position\":2,\"name\":\"Polizei sucht rassistischen Heckensch\u00fctzen Schwedens Einwanderer in Todesangst\"}]},{\"@type\":\"WebSite\",\"@id\":\"https:\/\/blog.zeit.de\/stoerungsmelder\/#website\",\"url\":\"https:\/\/blog.zeit.de\/stoerungsmelder\/\",\"name\":\"St\u00f6rungsmelder\",\"description\":\"Recherchen und Analysen \u00fcber die extreme Rechte\",\"potentialAction\":[{\"@type\":\"SearchAction\",\"target\":{\"@type\":\"EntryPoint\",\"urlTemplate\":\"https:\/\/blog.zeit.de\/stoerungsmelder\/?s={search_term_string}\"},\"query-input\":\"required name=search_term_string\"}],\"inLanguage\":\"de\"},{\"@type\":\"Person\",\"@id\":\"https:\/\/blog.zeit.de\/stoerungsmelder\/#\/schema\/person\/fdd0b9818f65738672810b6d6f037f71\",\"name\":\"St\u00f6rungsmelder\",\"image\":{\"@type\":\"ImageObject\",\"inLanguage\":\"de\",\"@id\":\"https:\/\/blog.zeit.de\/stoerungsmelder\/#\/schema\/person\/image\/\",\"url\":\"https:\/\/secure.gravatar.com\/avatar\/dfa4be514c3e82a71e4f9a0020035d38192d080ccaa5e4e6d7a1472c763535c5?s=96&d=mm&r=pg\",\"contentUrl\":\"https:\/\/secure.gravatar.com\/avatar\/dfa4be514c3e82a71e4f9a0020035d38192d080ccaa5e4e6d7a1472c763535c5?s=96&d=mm&r=pg\",\"caption\":\"St\u00f6rungsmelder\"},\"url\":\"https:\/\/blog.zeit.de\/stoerungsmelder\/author\/stoerungsmelder\"}]}<\/script>\n<!-- \/ Yoast SEO plugin. -->","yoast_head_json":{"title":"Polizei sucht rassistischen Heckensch\u00fctzen Schwedens Einwanderer in Todesangst - St\u00f6rungsmelder","robots":{"index":"index","follow":"follow","max-snippet":"max-snippet:-1","max-image-preview":"max-image-preview:large","max-video-preview":"max-video-preview:-1"},"canonical":"https:\/\/blog.zeit.de\/stoerungsmelder\/2010\/10\/25\/polizei-sucht-rassistischen-heckenschutzen-schwedens-einwanderer-in-todesangst_4841","og_locale":"de_DE","og_type":"article","og_title":"Polizei sucht rassistischen Heckensch\u00fctzen Schwedens Einwanderer in Todesangst - St\u00f6rungsmelder","og_description":"Viele Schweden f\u00fchlen sich auf grausame Weise an den Anfang der 90er Jahre erinnert. Damals schoss ein Rassist in Stockholm auf insgesamt elf Menschen \u2013 alle mit dunklerer Hautfarbe. Jetzt sucht die Polizei in Malm\u00f6 wieder einen Heckensch\u00fctzen.","og_url":"https:\/\/blog.zeit.de\/stoerungsmelder\/2010\/10\/25\/polizei-sucht-rassistischen-heckenschutzen-schwedens-einwanderer-in-todesangst_4841","og_site_name":"St\u00f6rungsmelder","article_published_time":"2010-10-25T08:40:29+00:00","og_image":[{"url":"https:\/\/blog.zeit.de\/stoerungsmelder\/files\/2010\/10\/malmo_540.jpg"}],"author":"St\u00f6rungsmelder","twitter_card":"summary_large_image","twitter_misc":{"Geschrieben von":"St\u00f6rungsmelder","Gesch\u00e4tzte Lesezeit":"4\u00a0Minuten"},"schema":{"@context":"https:\/\/schema.org","@graph":[{"@type":"WebPage","@id":"https:\/\/blog.zeit.de\/stoerungsmelder\/2010\/10\/25\/polizei-sucht-rassistischen-heckenschutzen-schwedens-einwanderer-in-todesangst_4841","url":"https:\/\/blog.zeit.de\/stoerungsmelder\/2010\/10\/25\/polizei-sucht-rassistischen-heckenschutzen-schwedens-einwanderer-in-todesangst_4841","name":"Polizei sucht rassistischen Heckensch\u00fctzen Schwedens Einwanderer in Todesangst - St\u00f6rungsmelder","isPartOf":{"@id":"https:\/\/blog.zeit.de\/stoerungsmelder\/#website"},"datePublished":"2010-10-25T08:40:29+00:00","dateModified":"2010-10-25T08:40:29+00:00","author":{"@id":"https:\/\/blog.zeit.de\/stoerungsmelder\/#\/schema\/person\/fdd0b9818f65738672810b6d6f037f71"},"breadcrumb":{"@id":"https:\/\/blog.zeit.de\/stoerungsmelder\/2010\/10\/25\/polizei-sucht-rassistischen-heckenschutzen-schwedens-einwanderer-in-todesangst_4841#breadcrumb"},"inLanguage":"de","potentialAction":[{"@type":"ReadAction","target":["https:\/\/blog.zeit.de\/stoerungsmelder\/2010\/10\/25\/polizei-sucht-rassistischen-heckenschutzen-schwedens-einwanderer-in-todesangst_4841"]}]},{"@type":"BreadcrumbList","@id":"https:\/\/blog.zeit.de\/stoerungsmelder\/2010\/10\/25\/polizei-sucht-rassistischen-heckenschutzen-schwedens-einwanderer-in-todesangst_4841#breadcrumb","itemListElement":[{"@type":"ListItem","position":1,"name":"Startseite","item":"https:\/\/blog.zeit.de\/stoerungsmelder"},{"@type":"ListItem","position":2,"name":"Polizei sucht rassistischen Heckensch\u00fctzen Schwedens Einwanderer in Todesangst"}]},{"@type":"WebSite","@id":"https:\/\/blog.zeit.de\/stoerungsmelder\/#website","url":"https:\/\/blog.zeit.de\/stoerungsmelder\/","name":"St\u00f6rungsmelder","description":"Recherchen und Analysen \u00fcber die extreme Rechte","potentialAction":[{"@type":"SearchAction","target":{"@type":"EntryPoint","urlTemplate":"https:\/\/blog.zeit.de\/stoerungsmelder\/?s={search_term_string}"},"query-input":"required name=search_term_string"}],"inLanguage":"de"},{"@type":"Person","@id":"https:\/\/blog.zeit.de\/stoerungsmelder\/#\/schema\/person\/fdd0b9818f65738672810b6d6f037f71","name":"St\u00f6rungsmelder","image":{"@type":"ImageObject","inLanguage":"de","@id":"https:\/\/blog.zeit.de\/stoerungsmelder\/#\/schema\/person\/image\/","url":"https:\/\/secure.gravatar.com\/avatar\/dfa4be514c3e82a71e4f9a0020035d38192d080ccaa5e4e6d7a1472c763535c5?s=96&d=mm&r=pg","contentUrl":"https:\/\/secure.gravatar.com\/avatar\/dfa4be514c3e82a71e4f9a0020035d38192d080ccaa5e4e6d7a1472c763535c5?s=96&d=mm&r=pg","caption":"St\u00f6rungsmelder"},"url":"https:\/\/blog.zeit.de\/stoerungsmelder\/author\/stoerungsmelder"}]}},"jetpack_featured_media_url":"","jetpack_sharing_enabled":true,"_links":{"self":[{"href":"https:\/\/blog.zeit.de\/stoerungsmelder\/wp-json\/wp\/v2\/posts\/4841","targetHints":{"allow":["GET"]}}],"collection":[{"href":"https:\/\/blog.zeit.de\/stoerungsmelder\/wp-json\/wp\/v2\/posts"}],"about":[{"href":"https:\/\/blog.zeit.de\/stoerungsmelder\/wp-json\/wp\/v2\/types\/post"}],"author":[{"embeddable":true,"href":"https:\/\/blog.zeit.de\/stoerungsmelder\/wp-json\/wp\/v2\/users\/229"}],"replies":[{"embeddable":true,"href":"https:\/\/blog.zeit.de\/stoerungsmelder\/wp-json\/wp\/v2\/comments?post=4841"}],"version-history":[{"count":4,"href":"https:\/\/blog.zeit.de\/stoerungsmelder\/wp-json\/wp\/v2\/posts\/4841\/revisions"}],"predecessor-version":[{"id":4846,"href":"https:\/\/blog.zeit.de\/stoerungsmelder\/wp-json\/wp\/v2\/posts\/4841\/revisions\/4846"}],"wp:attachment":[{"href":"https:\/\/blog.zeit.de\/stoerungsmelder\/wp-json\/wp\/v2\/media?parent=4841"}],"wp:term":[{"taxonomy":"category","embeddable":true,"href":"https:\/\/blog.zeit.de\/stoerungsmelder\/wp-json\/wp\/v2\/categories?post=4841"},{"taxonomy":"post_tag","embeddable":true,"href":"https:\/\/blog.zeit.de\/stoerungsmelder\/wp-json\/wp\/v2\/tags?post=4841"}],"curies":[{"name":"wp","href":"https:\/\/api.w.org\/{rel}","templated":true}]}}