{"id":4878,"date":"2010-11-01T14:00:15","date_gmt":"2010-11-01T13:00:15","guid":{"rendered":"http:\/\/blog.zeit.de\/stoerungsmelder\/?p=4878"},"modified":"2010-11-01T14:01:41","modified_gmt":"2010-11-01T13:01:41","slug":"brandanschlag-auf-mainzer-synagoge","status":"publish","type":"post","link":"https:\/\/blog.zeit.de\/stoerungsmelder\/2010\/11\/01\/brandanschlag-auf-mainzer-synagoge_4878","title":{"rendered":"Brandanschlag auf Mainzer Synagoge"},"content":{"rendered":"<p><figure id=\"attachment_4889\" aria-describedby=\"caption-attachment-4889\" style=\"width: 540px\" class=\"wp-caption aligncenter\"><a href=\"https:\/\/blog.zeit.de\/stoerungsmelder\/files\/2010\/11\/mainzsynagoge-540.jpg\"><img loading=\"lazy\" decoding=\"async\" class=\"size-full wp-image-4889\" src=\"https:\/\/blog.zeit.de\/stoerungsmelder\/files\/2010\/11\/mainzsynagoge-540.jpg\" alt=\"\" width=\"540\" height=\"200\" srcset=\"https:\/\/blog.zeit.de\/stoerungsmelder\/files\/2010\/11\/mainzsynagoge-540.jpg 540w, https:\/\/blog.zeit.de\/stoerungsmelder\/files\/2010\/11\/mainzsynagoge-540-300x111.jpg 300w\" sizes=\"auto, (max-width: 540px) 100vw, 540px\" \/><\/a><figcaption id=\"caption-attachment-4889\" class=\"wp-caption-text\">Ziel von Brandstiftern: Die neue Synagoge  in Mainz \u00a9 dpa<\/figcaption><\/figure><\/p>\n<p>Keine zwei Monate nach ihrer Er\u00f6ffnung haben Unbekannte offenbar versucht, einen Brandanschlag auf die neue Mainzer Synagoge zu ver\u00fcben. Dort, wo vor 72 Jahren schon einmal eine Synagoge brannte.<!--more--><\/p>\n<p>Der oder die T\u00e4ter haben in der Nacht zum Sonntag einen Molotowcocktail in Richtung der Synagoge geworfen. Nach Polizeiangaben prallte der Brandsatz an einem Baum ab und verpuffte am Boden. Die Synagoge wurde nicht besch\u00e4digt, der Brandsatz war bereits aus, als die Feuerwehr eintraf. Dennoch nehmen Ermittler und Politik den Fall sehr ernst.<\/p>\n<p>Der rheinland-pf\u00e4lzische Innenminister Bruch (SPD) sagte, man m\u00fcsse davon ausgehen, dass der Brandsatz der Synagoge gegolten habe. Er bezeichnete die Tat als einen &#8222;Angriff auf unsere Demokratie, auf unsere grundlegenden Werte der Toleranz und des friedlichen Miteinanders&#8220;. Man werde alles daran setzen, diese &#8222;feige Tat&#8220; aufzukl\u00e4ren.<\/p>\n<p>Au\u00dfenminister Westerwelle (FDP) nannte den mutma\u00dflichen Anschlagsversuch eine  &#8222;verabscheuungsw\u00fcrdige Tat&#8220; und sagte: &#8222;Ich setze darauf, dass sie  schnell aufgekl\u00e4rt wird. Antisemitismus darf keinen Platz in unserer  Gesellschaft haben.&#8220; Israels Botschafter Ben-Zeev sagte, er vertraue den deutschen Beh\u00f6rden bei der Aufkl\u00e4rung des Vorfalls.<\/p>\n<p>Das neue j\u00fcdische Gemeindezentrum in Mainz war erst Anfang September eingeweiht worden. Es befindet sich an der Stelle, an der auch die fr\u00fchere Mainzer Hauptsynagoge stand,  die in der Reichspogromnacht vom 9. auf den 10. November 1938 von den Nazis niedergebrannt worden war.<\/p>\n<p>Zuletzt war im Mai eine rheinland-pf\u00e4lzische Synagoge Ziel eines Anschlags: Unbekannte hatten in der Synagoge in Worms Feuer gelegt. Die Feuerwehr konnte einen gr\u00f6\u00dferen Schaden verhindern, die T\u00e4ter sind bis heute nicht gefasst.<\/p>\n<div style=\"overflow: hidden;width: 1px;height: 1px\">\n<pre>keinerlei Schaden an der Synagoge selbst entstanden. Nach der\r\nvorliegenden Spurenlage prallte der Brandsatz von dem Baum ab, fiel auf\r\nden Boden und verpuffte<\/pre>\n<\/div>\n","protected":false},"excerpt":{"rendered":"<p>Keine zwei Monate nach ihrer Er\u00f6ffnung haben Unbekannte offenbar versucht, einen Brandanschlag auf die neue Mainzer Synagoge zu ver\u00fcben. Dort, wo vor 72 Jahren schon einmal eine Synagoge brannte.<\/p>\n","protected":false},"author":288,"featured_media":0,"comment_status":"open","ping_status":"open","sticky":false,"template":"","format":"standard","meta":{"_jetpack_memberships_contains_paid_content":false,"footnotes":""},"categories":[1455],"tags":[1479,1511,1587],"class_list":["post-4878","post","type-post","status-publish","format-standard","hentry","category-rheinland-pfalz","tag-antisemitismus","tag-brandanschlag","tag-gewalt"],"yoast_head":"<!-- This site is optimized with the Yoast SEO plugin v21.0 - https:\/\/yoast.com\/wordpress\/plugins\/seo\/ -->\n<title>Brandanschlag auf Mainzer Synagoge - St\u00f6rungsmelder<\/title>\n<meta name=\"robots\" content=\"index, follow, max-snippet:-1, max-image-preview:large, max-video-preview:-1\" \/>\n<link rel=\"canonical\" href=\"https:\/\/blog.zeit.de\/stoerungsmelder\/2010\/11\/01\/brandanschlag-auf-mainzer-synagoge_4878\" \/>\n<meta property=\"og:locale\" content=\"de_DE\" \/>\n<meta property=\"og:type\" content=\"article\" \/>\n<meta property=\"og:title\" content=\"Brandanschlag auf Mainzer Synagoge - St\u00f6rungsmelder\" \/>\n<meta property=\"og:description\" content=\"Keine zwei Monate nach ihrer Er\u00f6ffnung haben Unbekannte offenbar versucht, einen Brandanschlag auf die neue Mainzer Synagoge zu ver\u00fcben. Dort, wo vor 72 Jahren schon einmal eine Synagoge brannte.\" \/>\n<meta property=\"og:url\" content=\"https:\/\/blog.zeit.de\/stoerungsmelder\/2010\/11\/01\/brandanschlag-auf-mainzer-synagoge_4878\" \/>\n<meta property=\"og:site_name\" content=\"St\u00f6rungsmelder\" \/>\n<meta property=\"article:published_time\" content=\"2010-11-01T13:00:15+00:00\" \/>\n<meta property=\"article:modified_time\" content=\"2010-11-01T13:01:41+00:00\" \/>\n<meta property=\"og:image\" content=\"https:\/\/blog.zeit.de\/stoerungsmelder\/files\/2010\/11\/mainzsynagoge-540.jpg\" \/>\n<meta name=\"author\" content=\"Marcel Pauly\" \/>\n<meta name=\"twitter:card\" content=\"summary_large_image\" \/>\n<meta name=\"twitter:label1\" content=\"Geschrieben von\" \/>\n\t<meta name=\"twitter:data1\" content=\"Marcel Pauly\" \/>\n\t<meta name=\"twitter:label2\" content=\"Gesch\u00e4tzte Lesezeit\" \/>\n\t<meta name=\"twitter:data2\" content=\"2\u00a0Minuten\" \/>\n<script type=\"application\/ld+json\" class=\"yoast-schema-graph\">{\"@context\":\"https:\/\/schema.org\",\"@graph\":[{\"@type\":\"WebPage\",\"@id\":\"https:\/\/blog.zeit.de\/stoerungsmelder\/2010\/11\/01\/brandanschlag-auf-mainzer-synagoge_4878\",\"url\":\"https:\/\/blog.zeit.de\/stoerungsmelder\/2010\/11\/01\/brandanschlag-auf-mainzer-synagoge_4878\",\"name\":\"Brandanschlag auf Mainzer Synagoge - St\u00f6rungsmelder\",\"isPartOf\":{\"@id\":\"https:\/\/blog.zeit.de\/stoerungsmelder\/#website\"},\"datePublished\":\"2010-11-01T13:00:15+00:00\",\"dateModified\":\"2010-11-01T13:01:41+00:00\",\"author\":{\"@id\":\"https:\/\/blog.zeit.de\/stoerungsmelder\/#\/schema\/person\/a1bd4c1845407e5d38a3767148d31b18\"},\"breadcrumb\":{\"@id\":\"https:\/\/blog.zeit.de\/stoerungsmelder\/2010\/11\/01\/brandanschlag-auf-mainzer-synagoge_4878#breadcrumb\"},\"inLanguage\":\"de\",\"potentialAction\":[{\"@type\":\"ReadAction\",\"target\":[\"https:\/\/blog.zeit.de\/stoerungsmelder\/2010\/11\/01\/brandanschlag-auf-mainzer-synagoge_4878\"]}]},{\"@type\":\"BreadcrumbList\",\"@id\":\"https:\/\/blog.zeit.de\/stoerungsmelder\/2010\/11\/01\/brandanschlag-auf-mainzer-synagoge_4878#breadcrumb\",\"itemListElement\":[{\"@type\":\"ListItem\",\"position\":1,\"name\":\"Startseite\",\"item\":\"https:\/\/blog.zeit.de\/stoerungsmelder\"},{\"@type\":\"ListItem\",\"position\":2,\"name\":\"Brandanschlag auf Mainzer Synagoge\"}]},{\"@type\":\"WebSite\",\"@id\":\"https:\/\/blog.zeit.de\/stoerungsmelder\/#website\",\"url\":\"https:\/\/blog.zeit.de\/stoerungsmelder\/\",\"name\":\"St\u00f6rungsmelder\",\"description\":\"Recherchen und Analysen \u00fcber die extreme Rechte\",\"potentialAction\":[{\"@type\":\"SearchAction\",\"target\":{\"@type\":\"EntryPoint\",\"urlTemplate\":\"https:\/\/blog.zeit.de\/stoerungsmelder\/?s={search_term_string}\"},\"query-input\":\"required name=search_term_string\"}],\"inLanguage\":\"de\"},{\"@type\":\"Person\",\"@id\":\"https:\/\/blog.zeit.de\/stoerungsmelder\/#\/schema\/person\/a1bd4c1845407e5d38a3767148d31b18\",\"name\":\"Marcel Pauly\",\"image\":{\"@type\":\"ImageObject\",\"inLanguage\":\"de\",\"@id\":\"https:\/\/blog.zeit.de\/stoerungsmelder\/#\/schema\/person\/image\/\",\"url\":\"https:\/\/secure.gravatar.com\/avatar\/3466ab61c0d336d9823b9ba66446e6e41b027544607c148d2a25a91c9a453030?s=96&d=mm&r=pg\",\"contentUrl\":\"https:\/\/secure.gravatar.com\/avatar\/3466ab61c0d336d9823b9ba66446e6e41b027544607c148d2a25a91c9a453030?s=96&d=mm&r=pg\",\"caption\":\"Marcel Pauly\"},\"sameAs\":[\"http:\/\/www.marcelpauly.de\/\"],\"url\":\"https:\/\/blog.zeit.de\/stoerungsmelder\/author\/marcel-pauly\"}]}<\/script>\n<!-- \/ Yoast SEO plugin. -->","yoast_head_json":{"title":"Brandanschlag auf Mainzer Synagoge - St\u00f6rungsmelder","robots":{"index":"index","follow":"follow","max-snippet":"max-snippet:-1","max-image-preview":"max-image-preview:large","max-video-preview":"max-video-preview:-1"},"canonical":"https:\/\/blog.zeit.de\/stoerungsmelder\/2010\/11\/01\/brandanschlag-auf-mainzer-synagoge_4878","og_locale":"de_DE","og_type":"article","og_title":"Brandanschlag auf Mainzer Synagoge - St\u00f6rungsmelder","og_description":"Keine zwei Monate nach ihrer Er\u00f6ffnung haben Unbekannte offenbar versucht, einen Brandanschlag auf die neue Mainzer Synagoge zu ver\u00fcben. Dort, wo vor 72 Jahren schon einmal eine Synagoge brannte.","og_url":"https:\/\/blog.zeit.de\/stoerungsmelder\/2010\/11\/01\/brandanschlag-auf-mainzer-synagoge_4878","og_site_name":"St\u00f6rungsmelder","article_published_time":"2010-11-01T13:00:15+00:00","article_modified_time":"2010-11-01T13:01:41+00:00","og_image":[{"url":"https:\/\/blog.zeit.de\/stoerungsmelder\/files\/2010\/11\/mainzsynagoge-540.jpg"}],"author":"Marcel Pauly","twitter_card":"summary_large_image","twitter_misc":{"Geschrieben von":"Marcel Pauly","Gesch\u00e4tzte Lesezeit":"2\u00a0Minuten"},"schema":{"@context":"https:\/\/schema.org","@graph":[{"@type":"WebPage","@id":"https:\/\/blog.zeit.de\/stoerungsmelder\/2010\/11\/01\/brandanschlag-auf-mainzer-synagoge_4878","url":"https:\/\/blog.zeit.de\/stoerungsmelder\/2010\/11\/01\/brandanschlag-auf-mainzer-synagoge_4878","name":"Brandanschlag auf Mainzer Synagoge - St\u00f6rungsmelder","isPartOf":{"@id":"https:\/\/blog.zeit.de\/stoerungsmelder\/#website"},"datePublished":"2010-11-01T13:00:15+00:00","dateModified":"2010-11-01T13:01:41+00:00","author":{"@id":"https:\/\/blog.zeit.de\/stoerungsmelder\/#\/schema\/person\/a1bd4c1845407e5d38a3767148d31b18"},"breadcrumb":{"@id":"https:\/\/blog.zeit.de\/stoerungsmelder\/2010\/11\/01\/brandanschlag-auf-mainzer-synagoge_4878#breadcrumb"},"inLanguage":"de","potentialAction":[{"@type":"ReadAction","target":["https:\/\/blog.zeit.de\/stoerungsmelder\/2010\/11\/01\/brandanschlag-auf-mainzer-synagoge_4878"]}]},{"@type":"BreadcrumbList","@id":"https:\/\/blog.zeit.de\/stoerungsmelder\/2010\/11\/01\/brandanschlag-auf-mainzer-synagoge_4878#breadcrumb","itemListElement":[{"@type":"ListItem","position":1,"name":"Startseite","item":"https:\/\/blog.zeit.de\/stoerungsmelder"},{"@type":"ListItem","position":2,"name":"Brandanschlag auf Mainzer Synagoge"}]},{"@type":"WebSite","@id":"https:\/\/blog.zeit.de\/stoerungsmelder\/#website","url":"https:\/\/blog.zeit.de\/stoerungsmelder\/","name":"St\u00f6rungsmelder","description":"Recherchen und Analysen \u00fcber die extreme Rechte","potentialAction":[{"@type":"SearchAction","target":{"@type":"EntryPoint","urlTemplate":"https:\/\/blog.zeit.de\/stoerungsmelder\/?s={search_term_string}"},"query-input":"required name=search_term_string"}],"inLanguage":"de"},{"@type":"Person","@id":"https:\/\/blog.zeit.de\/stoerungsmelder\/#\/schema\/person\/a1bd4c1845407e5d38a3767148d31b18","name":"Marcel Pauly","image":{"@type":"ImageObject","inLanguage":"de","@id":"https:\/\/blog.zeit.de\/stoerungsmelder\/#\/schema\/person\/image\/","url":"https:\/\/secure.gravatar.com\/avatar\/3466ab61c0d336d9823b9ba66446e6e41b027544607c148d2a25a91c9a453030?s=96&d=mm&r=pg","contentUrl":"https:\/\/secure.gravatar.com\/avatar\/3466ab61c0d336d9823b9ba66446e6e41b027544607c148d2a25a91c9a453030?s=96&d=mm&r=pg","caption":"Marcel Pauly"},"sameAs":["http:\/\/www.marcelpauly.de\/"],"url":"https:\/\/blog.zeit.de\/stoerungsmelder\/author\/marcel-pauly"}]}},"jetpack_featured_media_url":"","jetpack_sharing_enabled":true,"_links":{"self":[{"href":"https:\/\/blog.zeit.de\/stoerungsmelder\/wp-json\/wp\/v2\/posts\/4878","targetHints":{"allow":["GET"]}}],"collection":[{"href":"https:\/\/blog.zeit.de\/stoerungsmelder\/wp-json\/wp\/v2\/posts"}],"about":[{"href":"https:\/\/blog.zeit.de\/stoerungsmelder\/wp-json\/wp\/v2\/types\/post"}],"author":[{"embeddable":true,"href":"https:\/\/blog.zeit.de\/stoerungsmelder\/wp-json\/wp\/v2\/users\/288"}],"replies":[{"embeddable":true,"href":"https:\/\/blog.zeit.de\/stoerungsmelder\/wp-json\/wp\/v2\/comments?post=4878"}],"version-history":[{"count":14,"href":"https:\/\/blog.zeit.de\/stoerungsmelder\/wp-json\/wp\/v2\/posts\/4878\/revisions"}],"predecessor-version":[{"id":4892,"href":"https:\/\/blog.zeit.de\/stoerungsmelder\/wp-json\/wp\/v2\/posts\/4878\/revisions\/4892"}],"wp:attachment":[{"href":"https:\/\/blog.zeit.de\/stoerungsmelder\/wp-json\/wp\/v2\/media?parent=4878"}],"wp:term":[{"taxonomy":"category","embeddable":true,"href":"https:\/\/blog.zeit.de\/stoerungsmelder\/wp-json\/wp\/v2\/categories?post=4878"},{"taxonomy":"post_tag","embeddable":true,"href":"https:\/\/blog.zeit.de\/stoerungsmelder\/wp-json\/wp\/v2\/tags?post=4878"}],"curies":[{"name":"wp","href":"https:\/\/api.w.org\/{rel}","templated":true}]}}