{"id":4895,"date":"2010-11-03T10:38:08","date_gmt":"2010-11-03T09:38:08","guid":{"rendered":"http:\/\/blog.zeit.de\/stoerungsmelder\/?p=4895"},"modified":"2010-11-03T10:38:08","modified_gmt":"2010-11-03T09:38:08","slug":"rechtsextremer-mord-in-leipzig","status":"publish","type":"post","link":"https:\/\/blog.zeit.de\/stoerungsmelder\/2010\/11\/03\/rechtsextremer-mord-in-leipzig_4895","title":{"rendered":"Rechtsextremer Mord in Leipzig?"},"content":{"rendered":"<p><figure id=\"attachment_4898\" aria-describedby=\"caption-attachment-4898\" style=\"width: 540px\" class=\"wp-caption aligncenter\"><a href=\"https:\/\/blog.zeit.de\/stoerungsmelder\/files\/2010\/11\/demo_leipzig.jpg\"><img loading=\"lazy\" decoding=\"async\" class=\"size-full wp-image-4898\" src=\"https:\/\/blog.zeit.de\/stoerungsmelder\/files\/2010\/11\/demo_leipzig.jpg\" alt=\"\" width=\"540\" height=\"360\" srcset=\"https:\/\/blog.zeit.de\/stoerungsmelder\/files\/2010\/11\/demo_leipzig.jpg 591w, https:\/\/blog.zeit.de\/stoerungsmelder\/files\/2010\/11\/demo_leipzig-300x200.jpg 300w\" sizes=\"auto, (max-width: 540px) 100vw, 540px\" \/><\/a><figcaption id=\"caption-attachment-4898\" class=\"wp-caption-text\">Hunderte Menschen demonstrierten nach dem Mord gegen rassistische Gewalt<\/figcaption><\/figure><\/p>\n<p>Der gewaltsame Tod eines jungen Irakers in Leipzig muss m\u00f6glicherweise als rassistisch motiviertes Verbrechen gewertet werden. Auch wenn es noch keine sicheren Erkenntnisse gebe, k\u00f6nne ein ausl\u00e4nderfeindliches oder rechtsextremes Tatmotiv bei den zwei beschuldigten M\u00e4nnern nicht ausgeschlossen werden, sagte der Sprecher der Staatsanwaltschaft Leipzig, Oberstaatsanwalt Ricardo Schulz, am Dienstag dem Tagesspiegel.<!--more--><\/p>\n<p><em>Von Tagesspiegel-Autor Frank Jansen<\/em><\/p>\n<p>Nach den bisherigen Ermittlungen geht die Beh\u00f6rde davon aus, dass der 19-j\u00e4hrige Kamal K. in der Nacht zum 24. Oktober in einem Park nahe dem Hauptbahnhof mit <a href=\"http:\/\/npd-blog.info\/2010\/10\/30\/iraker-erstochen-neonazi-kader-in-haft\/\">den Beschuldigten Daniel K. (28) und Marcus E. (32)<\/a> in Streit geriet. Die beiden h\u00e4tten Kamal K. provoziert, sagte Schulz, \u201evielleicht hat es denen nicht gepasst, dass der Iraker mit einer deutschen Frau zusammenstand\u201c. Mit Faustschl\u00e4gen h\u00e4tten ihn die Beschuldigten traktiert, schlie\u00dflich habe einer der beiden mit einem Messer zugestochen.<\/p>\n<p>Die Staatsanwaltschaft ist sicher, dass Daniel K. und Marcus E. die T\u00e4ter waren. Die von Zeugen alarmierte Polizei nahm die M\u00e4nner noch im Park fest. Sie haben bislang keine Aussagen gemacht. \u201eEiner oder beide stehen der rechten Szene nahe\u201c, sagte Schulz. Daniel K. und Marcus E. sitzen in Untersuchungshaft, die Anklagebeh\u00f6rde ermittelt wegen des Verdachts auf gemeinschaftlichen Mord \u2013 begangen aus niederen Beweggr\u00fcnden. \u201eDas war eine vollkommen sinnlose Tat\u201c, sagte Schulz und sprach auch von \u201eLust an Gewalt\u201c. Daniel K. und Marcus E. sind vorbestraft. Erst im Oktober war Marcus E. nach Verb\u00fc\u00dfung einer langen Haftstrafe wegen Vergewaltigung und gef\u00e4hrlicher K\u00f6rperverletzung freigekommen.<\/p>\n<p>Der Iraker, ein Christ, wurde am Montag in Leipzig beerdigt. Zuvor hatten hier 200 Menschen gegen Rechtsextremismus demonstriert. Sollte die Tat rassistisch motiviert gewesen sein, w\u00fcrde die von Tagesspiegel und \u201eZeit\u201c im September ver\u00f6ffentlichte Liste mit Toten rechter Gewalt seit der Wiedervereinigung auf 138 Opfer steigen.<\/p>\n","protected":false},"excerpt":{"rendered":"<p>Der gewaltsame Tod eines jungen Irakers in Leipzig muss m\u00f6glicherweise als rassistisch motiviertes Verbrechen gewertet werden. Auch wenn es noch keine sicheren Erkenntnisse gebe, k\u00f6nne ein ausl\u00e4nderfeindliches oder rechtsextremes Tatmotiv bei den zwei beschuldigten M\u00e4nnern nicht ausgeschlossen werden, sagte der Sprecher der Staatsanwaltschaft Leipzig, Oberstaatsanwalt Ricardo Schulz, am Dienstag dem Tagesspiegel.<\/p>\n","protected":false},"author":229,"featured_media":0,"comment_status":"open","ping_status":"open","sticky":false,"template":"","format":"standard","meta":{"_jetpack_memberships_contains_paid_content":false,"footnotes":""},"categories":[1456],"tags":[1752,97,1755],"class_list":["post-4895","post","type-post","status-publish","format-standard","hentry","category-sachsen","tag-protest","tag-rassismus","tag-rechte-gewalt"],"yoast_head":"<!-- This site is optimized with the Yoast SEO plugin v21.0 - https:\/\/yoast.com\/wordpress\/plugins\/seo\/ -->\n<title>Rechtsextremer Mord in Leipzig? - St\u00f6rungsmelder<\/title>\n<meta name=\"robots\" content=\"index, follow, max-snippet:-1, max-image-preview:large, max-video-preview:-1\" \/>\n<link rel=\"canonical\" href=\"https:\/\/blog.zeit.de\/stoerungsmelder\/2010\/11\/03\/rechtsextremer-mord-in-leipzig_4895\" \/>\n<meta property=\"og:locale\" content=\"de_DE\" \/>\n<meta property=\"og:type\" content=\"article\" \/>\n<meta property=\"og:title\" content=\"Rechtsextremer Mord in Leipzig? - St\u00f6rungsmelder\" \/>\n<meta property=\"og:description\" content=\"Der gewaltsame Tod eines jungen Irakers in Leipzig muss m\u00f6glicherweise als rassistisch motiviertes Verbrechen gewertet werden. Auch wenn es noch keine sicheren Erkenntnisse gebe, k\u00f6nne ein ausl\u00e4nderfeindliches oder rechtsextremes Tatmotiv bei den zwei beschuldigten M\u00e4nnern nicht ausgeschlossen werden, sagte der Sprecher der Staatsanwaltschaft Leipzig, Oberstaatsanwalt Ricardo Schulz, am Dienstag dem Tagesspiegel.\" \/>\n<meta property=\"og:url\" content=\"https:\/\/blog.zeit.de\/stoerungsmelder\/2010\/11\/03\/rechtsextremer-mord-in-leipzig_4895\" \/>\n<meta property=\"og:site_name\" content=\"St\u00f6rungsmelder\" \/>\n<meta property=\"article:published_time\" content=\"2010-11-03T09:38:08+00:00\" \/>\n<meta property=\"og:image\" content=\"https:\/\/blog.zeit.de\/stoerungsmelder\/files\/2010\/11\/demo_leipzig.jpg\" \/>\n<meta name=\"author\" content=\"St\u00f6rungsmelder\" \/>\n<meta name=\"twitter:card\" content=\"summary_large_image\" \/>\n<meta name=\"twitter:label1\" content=\"Geschrieben von\" \/>\n\t<meta name=\"twitter:data1\" content=\"St\u00f6rungsmelder\" \/>\n\t<meta name=\"twitter:label2\" content=\"Gesch\u00e4tzte Lesezeit\" \/>\n\t<meta name=\"twitter:data2\" content=\"2\u00a0Minuten\" \/>\n<script type=\"application\/ld+json\" class=\"yoast-schema-graph\">{\"@context\":\"https:\/\/schema.org\",\"@graph\":[{\"@type\":\"WebPage\",\"@id\":\"https:\/\/blog.zeit.de\/stoerungsmelder\/2010\/11\/03\/rechtsextremer-mord-in-leipzig_4895\",\"url\":\"https:\/\/blog.zeit.de\/stoerungsmelder\/2010\/11\/03\/rechtsextremer-mord-in-leipzig_4895\",\"name\":\"Rechtsextremer Mord in Leipzig? - St\u00f6rungsmelder\",\"isPartOf\":{\"@id\":\"https:\/\/blog.zeit.de\/stoerungsmelder\/#website\"},\"datePublished\":\"2010-11-03T09:38:08+00:00\",\"dateModified\":\"2010-11-03T09:38:08+00:00\",\"author\":{\"@id\":\"https:\/\/blog.zeit.de\/stoerungsmelder\/#\/schema\/person\/fdd0b9818f65738672810b6d6f037f71\"},\"breadcrumb\":{\"@id\":\"https:\/\/blog.zeit.de\/stoerungsmelder\/2010\/11\/03\/rechtsextremer-mord-in-leipzig_4895#breadcrumb\"},\"inLanguage\":\"de\",\"potentialAction\":[{\"@type\":\"ReadAction\",\"target\":[\"https:\/\/blog.zeit.de\/stoerungsmelder\/2010\/11\/03\/rechtsextremer-mord-in-leipzig_4895\"]}]},{\"@type\":\"BreadcrumbList\",\"@id\":\"https:\/\/blog.zeit.de\/stoerungsmelder\/2010\/11\/03\/rechtsextremer-mord-in-leipzig_4895#breadcrumb\",\"itemListElement\":[{\"@type\":\"ListItem\",\"position\":1,\"name\":\"Startseite\",\"item\":\"https:\/\/blog.zeit.de\/stoerungsmelder\"},{\"@type\":\"ListItem\",\"position\":2,\"name\":\"Rechtsextremer Mord in Leipzig?\"}]},{\"@type\":\"WebSite\",\"@id\":\"https:\/\/blog.zeit.de\/stoerungsmelder\/#website\",\"url\":\"https:\/\/blog.zeit.de\/stoerungsmelder\/\",\"name\":\"St\u00f6rungsmelder\",\"description\":\"Recherchen und Analysen \u00fcber die extreme Rechte\",\"potentialAction\":[{\"@type\":\"SearchAction\",\"target\":{\"@type\":\"EntryPoint\",\"urlTemplate\":\"https:\/\/blog.zeit.de\/stoerungsmelder\/?s={search_term_string}\"},\"query-input\":\"required name=search_term_string\"}],\"inLanguage\":\"de\"},{\"@type\":\"Person\",\"@id\":\"https:\/\/blog.zeit.de\/stoerungsmelder\/#\/schema\/person\/fdd0b9818f65738672810b6d6f037f71\",\"name\":\"St\u00f6rungsmelder\",\"image\":{\"@type\":\"ImageObject\",\"inLanguage\":\"de\",\"@id\":\"https:\/\/blog.zeit.de\/stoerungsmelder\/#\/schema\/person\/image\/\",\"url\":\"https:\/\/secure.gravatar.com\/avatar\/dfa4be514c3e82a71e4f9a0020035d38192d080ccaa5e4e6d7a1472c763535c5?s=96&d=mm&r=pg\",\"contentUrl\":\"https:\/\/secure.gravatar.com\/avatar\/dfa4be514c3e82a71e4f9a0020035d38192d080ccaa5e4e6d7a1472c763535c5?s=96&d=mm&r=pg\",\"caption\":\"St\u00f6rungsmelder\"},\"url\":\"https:\/\/blog.zeit.de\/stoerungsmelder\/author\/stoerungsmelder\"}]}<\/script>\n<!-- \/ Yoast SEO plugin. -->","yoast_head_json":{"title":"Rechtsextremer Mord in Leipzig? - St\u00f6rungsmelder","robots":{"index":"index","follow":"follow","max-snippet":"max-snippet:-1","max-image-preview":"max-image-preview:large","max-video-preview":"max-video-preview:-1"},"canonical":"https:\/\/blog.zeit.de\/stoerungsmelder\/2010\/11\/03\/rechtsextremer-mord-in-leipzig_4895","og_locale":"de_DE","og_type":"article","og_title":"Rechtsextremer Mord in Leipzig? - St\u00f6rungsmelder","og_description":"Der gewaltsame Tod eines jungen Irakers in Leipzig muss m\u00f6glicherweise als rassistisch motiviertes Verbrechen gewertet werden. Auch wenn es noch keine sicheren Erkenntnisse gebe, k\u00f6nne ein ausl\u00e4nderfeindliches oder rechtsextremes Tatmotiv bei den zwei beschuldigten M\u00e4nnern nicht ausgeschlossen werden, sagte der Sprecher der Staatsanwaltschaft Leipzig, Oberstaatsanwalt Ricardo Schulz, am Dienstag dem Tagesspiegel.","og_url":"https:\/\/blog.zeit.de\/stoerungsmelder\/2010\/11\/03\/rechtsextremer-mord-in-leipzig_4895","og_site_name":"St\u00f6rungsmelder","article_published_time":"2010-11-03T09:38:08+00:00","og_image":[{"url":"https:\/\/blog.zeit.de\/stoerungsmelder\/files\/2010\/11\/demo_leipzig.jpg"}],"author":"St\u00f6rungsmelder","twitter_card":"summary_large_image","twitter_misc":{"Geschrieben von":"St\u00f6rungsmelder","Gesch\u00e4tzte Lesezeit":"2\u00a0Minuten"},"schema":{"@context":"https:\/\/schema.org","@graph":[{"@type":"WebPage","@id":"https:\/\/blog.zeit.de\/stoerungsmelder\/2010\/11\/03\/rechtsextremer-mord-in-leipzig_4895","url":"https:\/\/blog.zeit.de\/stoerungsmelder\/2010\/11\/03\/rechtsextremer-mord-in-leipzig_4895","name":"Rechtsextremer Mord in Leipzig? - St\u00f6rungsmelder","isPartOf":{"@id":"https:\/\/blog.zeit.de\/stoerungsmelder\/#website"},"datePublished":"2010-11-03T09:38:08+00:00","dateModified":"2010-11-03T09:38:08+00:00","author":{"@id":"https:\/\/blog.zeit.de\/stoerungsmelder\/#\/schema\/person\/fdd0b9818f65738672810b6d6f037f71"},"breadcrumb":{"@id":"https:\/\/blog.zeit.de\/stoerungsmelder\/2010\/11\/03\/rechtsextremer-mord-in-leipzig_4895#breadcrumb"},"inLanguage":"de","potentialAction":[{"@type":"ReadAction","target":["https:\/\/blog.zeit.de\/stoerungsmelder\/2010\/11\/03\/rechtsextremer-mord-in-leipzig_4895"]}]},{"@type":"BreadcrumbList","@id":"https:\/\/blog.zeit.de\/stoerungsmelder\/2010\/11\/03\/rechtsextremer-mord-in-leipzig_4895#breadcrumb","itemListElement":[{"@type":"ListItem","position":1,"name":"Startseite","item":"https:\/\/blog.zeit.de\/stoerungsmelder"},{"@type":"ListItem","position":2,"name":"Rechtsextremer Mord in Leipzig?"}]},{"@type":"WebSite","@id":"https:\/\/blog.zeit.de\/stoerungsmelder\/#website","url":"https:\/\/blog.zeit.de\/stoerungsmelder\/","name":"St\u00f6rungsmelder","description":"Recherchen und Analysen \u00fcber die extreme Rechte","potentialAction":[{"@type":"SearchAction","target":{"@type":"EntryPoint","urlTemplate":"https:\/\/blog.zeit.de\/stoerungsmelder\/?s={search_term_string}"},"query-input":"required name=search_term_string"}],"inLanguage":"de"},{"@type":"Person","@id":"https:\/\/blog.zeit.de\/stoerungsmelder\/#\/schema\/person\/fdd0b9818f65738672810b6d6f037f71","name":"St\u00f6rungsmelder","image":{"@type":"ImageObject","inLanguage":"de","@id":"https:\/\/blog.zeit.de\/stoerungsmelder\/#\/schema\/person\/image\/","url":"https:\/\/secure.gravatar.com\/avatar\/dfa4be514c3e82a71e4f9a0020035d38192d080ccaa5e4e6d7a1472c763535c5?s=96&d=mm&r=pg","contentUrl":"https:\/\/secure.gravatar.com\/avatar\/dfa4be514c3e82a71e4f9a0020035d38192d080ccaa5e4e6d7a1472c763535c5?s=96&d=mm&r=pg","caption":"St\u00f6rungsmelder"},"url":"https:\/\/blog.zeit.de\/stoerungsmelder\/author\/stoerungsmelder"}]}},"jetpack_featured_media_url":"","jetpack_sharing_enabled":true,"_links":{"self":[{"href":"https:\/\/blog.zeit.de\/stoerungsmelder\/wp-json\/wp\/v2\/posts\/4895","targetHints":{"allow":["GET"]}}],"collection":[{"href":"https:\/\/blog.zeit.de\/stoerungsmelder\/wp-json\/wp\/v2\/posts"}],"about":[{"href":"https:\/\/blog.zeit.de\/stoerungsmelder\/wp-json\/wp\/v2\/types\/post"}],"author":[{"embeddable":true,"href":"https:\/\/blog.zeit.de\/stoerungsmelder\/wp-json\/wp\/v2\/users\/229"}],"replies":[{"embeddable":true,"href":"https:\/\/blog.zeit.de\/stoerungsmelder\/wp-json\/wp\/v2\/comments?post=4895"}],"version-history":[{"count":6,"href":"https:\/\/blog.zeit.de\/stoerungsmelder\/wp-json\/wp\/v2\/posts\/4895\/revisions"}],"predecessor-version":[{"id":4902,"href":"https:\/\/blog.zeit.de\/stoerungsmelder\/wp-json\/wp\/v2\/posts\/4895\/revisions\/4902"}],"wp:attachment":[{"href":"https:\/\/blog.zeit.de\/stoerungsmelder\/wp-json\/wp\/v2\/media?parent=4895"}],"wp:term":[{"taxonomy":"category","embeddable":true,"href":"https:\/\/blog.zeit.de\/stoerungsmelder\/wp-json\/wp\/v2\/categories?post=4895"},{"taxonomy":"post_tag","embeddable":true,"href":"https:\/\/blog.zeit.de\/stoerungsmelder\/wp-json\/wp\/v2\/tags?post=4895"}],"curies":[{"name":"wp","href":"https:\/\/api.w.org\/{rel}","templated":true}]}}