{"id":4928,"date":"2010-11-06T22:19:51","date_gmt":"2010-11-06T21:19:51","guid":{"rendered":"http:\/\/blog.zeit.de\/stoerungsmelder\/?p=4928"},"modified":"2010-11-06T22:22:27","modified_gmt":"2010-11-06T21:22:27","slug":"aktionswochen-gegen-antisemitismus-gestartet-2","status":"publish","type":"post","link":"https:\/\/blog.zeit.de\/stoerungsmelder\/2010\/11\/06\/aktionswochen-gegen-antisemitismus-gestartet-2_4928","title":{"rendered":"Aktionswochen gegen Antisemitismus gestartet"},"content":{"rendered":"<p><strong><strong><a href=\"https:\/\/blog.zeit.de\/stoerungsmelder\/files\/2010\/11\/aktionswochen504x165.jpg\"><img loading=\"lazy\" decoding=\"async\" class=\"aligncenter size-medium wp-image-4932\" title=\"aktionswochen504x165\" src=\"https:\/\/blog.zeit.de\/stoerungsmelder\/files\/2010\/11\/aktionswochen504x165-300x98.jpg\" alt=\"\" width=\"300\" height=\"98\" srcset=\"https:\/\/blog.zeit.de\/stoerungsmelder\/files\/2010\/11\/aktionswochen504x165-300x98.jpg 300w, https:\/\/blog.zeit.de\/stoerungsmelder\/files\/2010\/11\/aktionswochen504x165.jpg 504w\" sizes=\"auto, (max-width: 300px) 100vw, 300px\" \/><\/a><br \/>\n<\/strong><\/strong><\/p>\n<p>Mit einer Pressekonferenz wurden am 3.11. die Aktionswochen gegen Antisemitismus der Amadeu Antonio Stiftung er\u00f6ffnet. Mit mehr als 60 Projektpartnern und 170 Veranstaltungen handelt es sich um die bundesweit gr\u00f6\u00dfte Kampagne gegen Antisemitismus. Schwerpunkt ist das Thema Israelfeindschaft.<!--more--><\/p>\n<p><em>Von Robert F\u00e4hmel und Christian M\u00fcller<\/em><\/p>\n<p>(\u00fcbernommen von der Homepage der <a href=\"http:\/\/www.amadeu-antonio-stiftung.de\/aktuelles\/auftakt-der-aktionswochen\/\">Amadeu Antonio Stiftung<\/a>)<\/p>\n<p>In diesem November finden bereits zum siebten Mal die Aktionswochen gegen Antisemitismus, die mit 170 Veranstaltungen bundesweit gr\u00f6\u00dfte Kampagne gegen Antisemitismus, statt. Ziel der Veranstaltungsreihe ist es, die Diskussionen \u00fcber aktuellen und historischen Antisemitismus anzuregen. \u201eAls wir vor sieben Jahren die ersten Aktionswochen gegen Antisemitismus veranstalteten, geschah dies, weil wir den Eindruck hatten, dass Erinnerungskultur und die Auseinandersetzung mit dem Antisemitismus zunehmend in den Hintergrund geriet\u201c, erl\u00e4uterte Anetta Kahane, Vorsitzende des Vorstands der Amadeu Antonio Stiftung, zu Beginn der Pressekonferenz. \u201e20 Jahre nach dem Mauerfall ist es nun wichtig, den aktuellen Antisemitismus in den Fokus der \u00d6ffentlichkeit zu r\u00fccken.\u201c<\/p>\n<p>\u201eAntisemitismus hat \u00fcber die Jahrhunderte die Kleider gewechselt. Heute ist Israelkritik oftmals das Tr\u00e4germaterial f\u00fcr eigentlichen Antisemitismus\u201c, erkl\u00e4rte Stephan Kramer, Generalsekret\u00e4r des Zentralrats der Juden in Deutschland. Aus diesem Grund gibt es in diesem Jahr erstmals einen inhaltlichen Schwerpunkt \u2013 <a title=\"&quot;Man wird ja wohl noch...&quot;\" href=\"http:\/\/www.amadeu-antonio-stiftung.de\/aktuelles\/man-wird-ja-wohl-noch\/\">Israelfeindschaft<\/a>. Bei der Israelfeindschaft werden antisemitische Einstellungen als legitime Kritik am Staate Israel getarnt, so z.B. Vergleiche der aktuellen israelischen Politik mit dem Nationalsozialismus.<\/p>\n<p><strong>Antisemitismus nicht nur im rechten Spektrum verbreitet<\/strong><\/p>\n<p>\u201eNach wie vor herrscht eine antij\u00fcdische, antiisraelische Grundstimmung\u201c, best\u00e4tigte auch Steffen Richter vom Alternativen Kultur- und Bildungszentrum e.V. in Pirna. L\u00e4ngst ist Antisemitismus kein Ph\u00e4nomen mehr, das sich nur auf Rechtsradikale beschr\u00e4nkt. Auch in der b\u00fcrgerlichen Mitte und im linken Spektrum ist er etabliert. Zunehmend generiert er sich dabei aus einem erneuerten Antiimperialismus mit dem Feindbild Israels als dem verl\u00e4ngerten Arm der USA. Antisemitismus in muslimischen Milieus wurde in diesem Kontext lange akzeptiert und Israelfeindschaft in der Einwanderungsgesellschaft somit ebenso zu einem Problem wie in der Mehrheitsgesellschaft.<\/p>\n<p>Im weiteren Verlauf der Pressekonferenz spielten die Nachwehen der Sarrazin-Debatte eine gro\u00dfe Rolle. Cem \u00d6zdemir, Bundesvorsitzender der Gr\u00fcnen, erkl\u00e4rte in diesem Zusammenhang: \u201eEtwas h\u00e4lt Einzug, was in h\u00f6chstem Ma\u00dfe beunruhigend ist. Die Menschen, ihre Herkunft und ihre vermeintliche Religion werden in einen Topf geworfen und zu einer gef\u00e4hrlichen Masse verr\u00fchrt. Das ist ein R\u00fcckfall in die integrationspolitische Steinzeit.\u201c<br \/>\n<strong><br \/>\nSarrazin-Debatte vor allem Debatte um Rassismus<\/strong><\/p>\n<p>W\u00e4hrend deutsche Politiker eine j\u00fcdisch-christliche Leitkultur beschw\u00f6ren, werden Menschen mit islamischem Hintergrund auf ihre vermeintlich gemeinsame Religion reduziert und als homogene Einheit abgestempelt. Am Ende kommt ein verkl\u00e4rtes Bild des Islam heraus, in dessen Ergebnis sich Muslime als vermeintliche Frauenhasser oder Terroristen rechtfertigen m\u00fcssen. Anetta Kahane erkl\u00e4rte dazu: \u201eEine Mehrheitsgesellschaft, die Minderheiten derart n\u00f6tigt, kann kaum als offen, liberal und am Grundgesetz werteorientiert bezeichnet werden. Zwar werde die <a title=\"Verheddert in ideologischer Erkenntnispolitik\" href=\"http:\/\/www.mut-gegen-rechte-gewalt.de\/debatte\/kommentare\/verheddert-in-ideologischer-bekenntnispolitik-6456\/\">Sarrazin-Debatte<\/a> unter dem Label &#8218;Islam&#8216; gef\u00fchrt, doch gehe es nicht nur um den Islam, sondern um sichtbare Minderheiten &#8211; weshalb es vor allem eine Debatte um Rassismus sei. Und diese betrifft alle Minderheiten.<\/p>\n<p>Allerdings d\u00fcrfe die Tatsache, dass Antisemitismus auch im muslimischen Milieu verbreitet ist, Menschen, die sich gegen Rassismus einsetzen, nicht entzweien, betonte Anetta Kahane. Das eigene Urteilsverm\u00f6gen d\u00fcrfe dadurch nicht beeintr\u00e4chtigt und die entschlossene Haltung gegen Rassismus gegen\u00fcber Muslimen und allen anderen Migrantinnen und Migranten nicht aufgeweicht werden.<\/p>\n<p><em>Mehr zu den Aktionswochen findet Ihr <a href=\"http:\/\/www.amadeu-antonio-stiftung.de\/die-stiftung-aktiv\/gegen-as\/was-tut-die-stiftung\/aktionswochen-gegen-antisemitismus\/\">hier<\/a>.<\/em><\/p>\n<p><em>Den Kalender mit allen Veranstaltungen\u00a0 der Aktionswochen gegen Antisemitismus findet Ihr <a href=\"http:\/\/www.amadeu-antonio-stiftung.de\/die-stiftung-aktiv\/gegen-as\/was-tut-die-stiftung\/aktionswochen-gegen-antisemitismus\/2010\/\">hier<\/a>.<br \/>\n<\/em><\/p>\n","protected":false},"excerpt":{"rendered":"<p>Mit einer Pressekonferenz wurden am 3.11. die Aktionswochen gegen Antisemitismus der Amadeu Antonio Stiftung er\u00f6ffnet. Mit mehr als 60 Projektpartnern und 170 Veranstaltungen handelt es sich um die bundesweit gr\u00f6\u00dfte Kampagne gegen Antisemitismus. Schwerpunkt ist das Thema Israelfeindschaft.<\/p>\n","protected":false},"author":222,"featured_media":0,"comment_status":"open","ping_status":"open","sticky":false,"template":"","format":"standard","meta":{"_jetpack_memberships_contains_paid_content":false,"footnotes":""},"categories":[1],"tags":[1479,6355],"class_list":["post-4928","post","type-post","status-publish","format-standard","hentry","category-allgemein","tag-antisemitismus","tag-israelfeindschaft"],"yoast_head":"<!-- This site is optimized with the Yoast SEO plugin v21.0 - https:\/\/yoast.com\/wordpress\/plugins\/seo\/ -->\n<title>Aktionswochen gegen Antisemitismus gestartet - St\u00f6rungsmelder<\/title>\n<meta name=\"robots\" content=\"index, follow, max-snippet:-1, max-image-preview:large, max-video-preview:-1\" \/>\n<link rel=\"canonical\" href=\"https:\/\/blog.zeit.de\/stoerungsmelder\/2010\/11\/06\/aktionswochen-gegen-antisemitismus-gestartet-2_4928\" \/>\n<meta property=\"og:locale\" content=\"de_DE\" \/>\n<meta property=\"og:type\" content=\"article\" \/>\n<meta property=\"og:title\" content=\"Aktionswochen gegen Antisemitismus gestartet - St\u00f6rungsmelder\" \/>\n<meta property=\"og:description\" content=\"Mit einer Pressekonferenz wurden am 3.11. die Aktionswochen gegen Antisemitismus der Amadeu Antonio Stiftung er\u00f6ffnet. Mit mehr als 60 Projektpartnern und 170 Veranstaltungen handelt es sich um die bundesweit gr\u00f6\u00dfte Kampagne gegen Antisemitismus. Schwerpunkt ist das Thema Israelfeindschaft.\" \/>\n<meta property=\"og:url\" content=\"https:\/\/blog.zeit.de\/stoerungsmelder\/2010\/11\/06\/aktionswochen-gegen-antisemitismus-gestartet-2_4928\" \/>\n<meta property=\"og:site_name\" content=\"St\u00f6rungsmelder\" \/>\n<meta property=\"article:published_time\" content=\"2010-11-06T21:19:51+00:00\" \/>\n<meta property=\"article:modified_time\" content=\"2010-11-06T21:22:27+00:00\" \/>\n<meta property=\"og:image\" content=\"https:\/\/blog.zeit.de\/stoerungsmelder\/files\/2010\/11\/aktionswochen504x165-300x98.jpg\" \/>\n<meta name=\"author\" content=\"Jan Jetter\" \/>\n<meta name=\"twitter:card\" content=\"summary_large_image\" \/>\n<meta name=\"twitter:label1\" content=\"Geschrieben von\" \/>\n\t<meta name=\"twitter:data1\" content=\"Jan Jetter\" \/>\n\t<meta name=\"twitter:label2\" content=\"Gesch\u00e4tzte Lesezeit\" \/>\n\t<meta name=\"twitter:data2\" content=\"3\u00a0Minuten\" \/>\n<script type=\"application\/ld+json\" class=\"yoast-schema-graph\">{\"@context\":\"https:\/\/schema.org\",\"@graph\":[{\"@type\":\"WebPage\",\"@id\":\"https:\/\/blog.zeit.de\/stoerungsmelder\/2010\/11\/06\/aktionswochen-gegen-antisemitismus-gestartet-2_4928\",\"url\":\"https:\/\/blog.zeit.de\/stoerungsmelder\/2010\/11\/06\/aktionswochen-gegen-antisemitismus-gestartet-2_4928\",\"name\":\"Aktionswochen gegen Antisemitismus gestartet - St\u00f6rungsmelder\",\"isPartOf\":{\"@id\":\"https:\/\/blog.zeit.de\/stoerungsmelder\/#website\"},\"datePublished\":\"2010-11-06T21:19:51+00:00\",\"dateModified\":\"2010-11-06T21:22:27+00:00\",\"author\":{\"@id\":\"https:\/\/blog.zeit.de\/stoerungsmelder\/#\/schema\/person\/a7da6ffb04f4cd2c86b3e3ef179aa17a\"},\"breadcrumb\":{\"@id\":\"https:\/\/blog.zeit.de\/stoerungsmelder\/2010\/11\/06\/aktionswochen-gegen-antisemitismus-gestartet-2_4928#breadcrumb\"},\"inLanguage\":\"de\",\"potentialAction\":[{\"@type\":\"ReadAction\",\"target\":[\"https:\/\/blog.zeit.de\/stoerungsmelder\/2010\/11\/06\/aktionswochen-gegen-antisemitismus-gestartet-2_4928\"]}]},{\"@type\":\"BreadcrumbList\",\"@id\":\"https:\/\/blog.zeit.de\/stoerungsmelder\/2010\/11\/06\/aktionswochen-gegen-antisemitismus-gestartet-2_4928#breadcrumb\",\"itemListElement\":[{\"@type\":\"ListItem\",\"position\":1,\"name\":\"Startseite\",\"item\":\"https:\/\/blog.zeit.de\/stoerungsmelder\"},{\"@type\":\"ListItem\",\"position\":2,\"name\":\"Aktionswochen gegen Antisemitismus gestartet\"}]},{\"@type\":\"WebSite\",\"@id\":\"https:\/\/blog.zeit.de\/stoerungsmelder\/#website\",\"url\":\"https:\/\/blog.zeit.de\/stoerungsmelder\/\",\"name\":\"St\u00f6rungsmelder\",\"description\":\"Recherchen und Analysen \u00fcber die extreme Rechte\",\"potentialAction\":[{\"@type\":\"SearchAction\",\"target\":{\"@type\":\"EntryPoint\",\"urlTemplate\":\"https:\/\/blog.zeit.de\/stoerungsmelder\/?s={search_term_string}\"},\"query-input\":\"required name=search_term_string\"}],\"inLanguage\":\"de\"},{\"@type\":\"Person\",\"@id\":\"https:\/\/blog.zeit.de\/stoerungsmelder\/#\/schema\/person\/a7da6ffb04f4cd2c86b3e3ef179aa17a\",\"name\":\"Jan Jetter\",\"image\":{\"@type\":\"ImageObject\",\"inLanguage\":\"de\",\"@id\":\"https:\/\/blog.zeit.de\/stoerungsmelder\/#\/schema\/person\/image\/\",\"url\":\"https:\/\/secure.gravatar.com\/avatar\/e0e4e181dfdaf618bd1e60990afe2a233c3d74deccf13e756c794ec8311b50a5?s=96&d=mm&r=pg\",\"contentUrl\":\"https:\/\/secure.gravatar.com\/avatar\/e0e4e181dfdaf618bd1e60990afe2a233c3d74deccf13e756c794ec8311b50a5?s=96&d=mm&r=pg\",\"caption\":\"Jan Jetter\"},\"url\":\"https:\/\/blog.zeit.de\/stoerungsmelder\/author\/jan-jetter\"}]}<\/script>\n<!-- \/ Yoast SEO plugin. -->","yoast_head_json":{"title":"Aktionswochen gegen Antisemitismus gestartet - St\u00f6rungsmelder","robots":{"index":"index","follow":"follow","max-snippet":"max-snippet:-1","max-image-preview":"max-image-preview:large","max-video-preview":"max-video-preview:-1"},"canonical":"https:\/\/blog.zeit.de\/stoerungsmelder\/2010\/11\/06\/aktionswochen-gegen-antisemitismus-gestartet-2_4928","og_locale":"de_DE","og_type":"article","og_title":"Aktionswochen gegen Antisemitismus gestartet - St\u00f6rungsmelder","og_description":"Mit einer Pressekonferenz wurden am 3.11. die Aktionswochen gegen Antisemitismus der Amadeu Antonio Stiftung er\u00f6ffnet. Mit mehr als 60 Projektpartnern und 170 Veranstaltungen handelt es sich um die bundesweit gr\u00f6\u00dfte Kampagne gegen Antisemitismus. Schwerpunkt ist das Thema Israelfeindschaft.","og_url":"https:\/\/blog.zeit.de\/stoerungsmelder\/2010\/11\/06\/aktionswochen-gegen-antisemitismus-gestartet-2_4928","og_site_name":"St\u00f6rungsmelder","article_published_time":"2010-11-06T21:19:51+00:00","article_modified_time":"2010-11-06T21:22:27+00:00","og_image":[{"url":"https:\/\/blog.zeit.de\/stoerungsmelder\/files\/2010\/11\/aktionswochen504x165-300x98.jpg"}],"author":"Jan Jetter","twitter_card":"summary_large_image","twitter_misc":{"Geschrieben von":"Jan Jetter","Gesch\u00e4tzte Lesezeit":"3\u00a0Minuten"},"schema":{"@context":"https:\/\/schema.org","@graph":[{"@type":"WebPage","@id":"https:\/\/blog.zeit.de\/stoerungsmelder\/2010\/11\/06\/aktionswochen-gegen-antisemitismus-gestartet-2_4928","url":"https:\/\/blog.zeit.de\/stoerungsmelder\/2010\/11\/06\/aktionswochen-gegen-antisemitismus-gestartet-2_4928","name":"Aktionswochen gegen Antisemitismus gestartet - St\u00f6rungsmelder","isPartOf":{"@id":"https:\/\/blog.zeit.de\/stoerungsmelder\/#website"},"datePublished":"2010-11-06T21:19:51+00:00","dateModified":"2010-11-06T21:22:27+00:00","author":{"@id":"https:\/\/blog.zeit.de\/stoerungsmelder\/#\/schema\/person\/a7da6ffb04f4cd2c86b3e3ef179aa17a"},"breadcrumb":{"@id":"https:\/\/blog.zeit.de\/stoerungsmelder\/2010\/11\/06\/aktionswochen-gegen-antisemitismus-gestartet-2_4928#breadcrumb"},"inLanguage":"de","potentialAction":[{"@type":"ReadAction","target":["https:\/\/blog.zeit.de\/stoerungsmelder\/2010\/11\/06\/aktionswochen-gegen-antisemitismus-gestartet-2_4928"]}]},{"@type":"BreadcrumbList","@id":"https:\/\/blog.zeit.de\/stoerungsmelder\/2010\/11\/06\/aktionswochen-gegen-antisemitismus-gestartet-2_4928#breadcrumb","itemListElement":[{"@type":"ListItem","position":1,"name":"Startseite","item":"https:\/\/blog.zeit.de\/stoerungsmelder"},{"@type":"ListItem","position":2,"name":"Aktionswochen gegen Antisemitismus gestartet"}]},{"@type":"WebSite","@id":"https:\/\/blog.zeit.de\/stoerungsmelder\/#website","url":"https:\/\/blog.zeit.de\/stoerungsmelder\/","name":"St\u00f6rungsmelder","description":"Recherchen und Analysen \u00fcber die extreme Rechte","potentialAction":[{"@type":"SearchAction","target":{"@type":"EntryPoint","urlTemplate":"https:\/\/blog.zeit.de\/stoerungsmelder\/?s={search_term_string}"},"query-input":"required name=search_term_string"}],"inLanguage":"de"},{"@type":"Person","@id":"https:\/\/blog.zeit.de\/stoerungsmelder\/#\/schema\/person\/a7da6ffb04f4cd2c86b3e3ef179aa17a","name":"Jan Jetter","image":{"@type":"ImageObject","inLanguage":"de","@id":"https:\/\/blog.zeit.de\/stoerungsmelder\/#\/schema\/person\/image\/","url":"https:\/\/secure.gravatar.com\/avatar\/e0e4e181dfdaf618bd1e60990afe2a233c3d74deccf13e756c794ec8311b50a5?s=96&d=mm&r=pg","contentUrl":"https:\/\/secure.gravatar.com\/avatar\/e0e4e181dfdaf618bd1e60990afe2a233c3d74deccf13e756c794ec8311b50a5?s=96&d=mm&r=pg","caption":"Jan Jetter"},"url":"https:\/\/blog.zeit.de\/stoerungsmelder\/author\/jan-jetter"}]}},"jetpack_featured_media_url":"","jetpack_sharing_enabled":true,"_links":{"self":[{"href":"https:\/\/blog.zeit.de\/stoerungsmelder\/wp-json\/wp\/v2\/posts\/4928","targetHints":{"allow":["GET"]}}],"collection":[{"href":"https:\/\/blog.zeit.de\/stoerungsmelder\/wp-json\/wp\/v2\/posts"}],"about":[{"href":"https:\/\/blog.zeit.de\/stoerungsmelder\/wp-json\/wp\/v2\/types\/post"}],"author":[{"embeddable":true,"href":"https:\/\/blog.zeit.de\/stoerungsmelder\/wp-json\/wp\/v2\/users\/222"}],"replies":[{"embeddable":true,"href":"https:\/\/blog.zeit.de\/stoerungsmelder\/wp-json\/wp\/v2\/comments?post=4928"}],"version-history":[{"count":7,"href":"https:\/\/blog.zeit.de\/stoerungsmelder\/wp-json\/wp\/v2\/posts\/4928\/revisions"}],"predecessor-version":[{"id":4937,"href":"https:\/\/blog.zeit.de\/stoerungsmelder\/wp-json\/wp\/v2\/posts\/4928\/revisions\/4937"}],"wp:attachment":[{"href":"https:\/\/blog.zeit.de\/stoerungsmelder\/wp-json\/wp\/v2\/media?parent=4928"}],"wp:term":[{"taxonomy":"category","embeddable":true,"href":"https:\/\/blog.zeit.de\/stoerungsmelder\/wp-json\/wp\/v2\/categories?post=4928"},{"taxonomy":"post_tag","embeddable":true,"href":"https:\/\/blog.zeit.de\/stoerungsmelder\/wp-json\/wp\/v2\/tags?post=4928"}],"curies":[{"name":"wp","href":"https:\/\/api.w.org\/{rel}","templated":true}]}}