{"id":4938,"date":"2010-11-06T23:32:14","date_gmt":"2010-11-06T22:32:14","guid":{"rendered":"http:\/\/blog.zeit.de\/stoerungsmelder\/?p=4938"},"modified":"2010-11-08T18:08:20","modified_gmt":"2010-11-08T17:08:20","slug":"nichts-neues-im-osten-bundesparteitag-der-npd-votiert-fur-%e2%80%9everschmelzung%e2%80%9c-mit-der-dvu","status":"publish","type":"post","link":"https:\/\/blog.zeit.de\/stoerungsmelder\/2010\/11\/06\/nichts-neues-im-osten-bundesparteitag-der-npd-votiert-fur-%e2%80%9everschmelzung%e2%80%9c-mit-der-dvu_4938","title":{"rendered":"Nichts neues im Osten: Bundesparteitag der NPD votiert f\u00fcr \u201eVerschmelzung\u201c mit der DVU"},"content":{"rendered":"<p><a href=\"https:\/\/blog.zeit.de\/stoerungsmelder\/files\/2010\/11\/herz_fuer_dt_sm2.jpg\"><img loading=\"lazy\" decoding=\"async\" class=\"alignnone size-full wp-image-4939\" title=\"herz_fuer_dt_sm2\" src=\"https:\/\/blog.zeit.de\/stoerungsmelder\/files\/2010\/11\/herz_fuer_dt_sm2.jpg\" alt=\"\" width=\"540\" height=\"200\" srcset=\"https:\/\/blog.zeit.de\/stoerungsmelder\/files\/2010\/11\/herz_fuer_dt_sm2.jpg 540w, https:\/\/blog.zeit.de\/stoerungsmelder\/files\/2010\/11\/herz_fuer_dt_sm2-300x111.jpg 300w\" sizes=\"auto, (max-width: 540px) 100vw, 540px\" \/><\/a><\/p>\n<p>Von einem massiven Polizeiaufgebot abgeschirmt, ist am Samstag, d. 6. November, der au\u00dferordentliche Bundesparteitag der NPD ohne gro\u00dfen \u00dcberraschungen zu Ende gegangen: in Hohenm\u00f6lsen im sachsen anhaltinischen Burgenlandkreis stimmten die 207 Delegierten nahezu einstimmig f\u00fcr den Vertragsentwurf zur \u201eVerschmelzung\u201c mit der Deutschen Volks Union (DVU). Wenn das Verfahren abgeschlossen ist, soll die Partei k\u00fcnftig den Namen \u201eNPD. Die Volksunion\u201c tragen. Im Gegenzug w\u00e4hlten die Delegierten auf dem selbsternannten \u201eParteitag der Einheit\u201c den bisherigen DVU-Chef Matthias Faust als dritten stellvertretenden NPD-Vorsitzenden. Der Posten war mit dem Tod von J\u00fcrgen Rieger frei geworden.<!--more--><\/p>\n<p>In Hohenm\u00f6lsen dreht sich nicht nur in der Wirtschaft alles um den Braunkohleabbau. Auf einem Transparent vor dem B\u00fcrgerhaus<\/p>\n<p><figure id=\"attachment_4940\" aria-describedby=\"caption-attachment-4940\" style=\"width: 240px\" class=\"wp-caption alignleft\"><a href=\"https:\/\/blog.zeit.de\/stoerungsmelder\/files\/2010\/11\/npd_voigtfaust_sm.jpg\"><img loading=\"lazy\" decoding=\"async\" class=\"size-medium wp-image-4940 \" title=\"npd_voigtfaust_sm\" src=\"https:\/\/blog.zeit.de\/stoerungsmelder\/files\/2010\/11\/npd_voigtfaust_sm-300x200.jpg\" alt=\"\" width=\"240\" height=\"160\" srcset=\"https:\/\/blog.zeit.de\/stoerungsmelder\/files\/2010\/11\/npd_voigtfaust_sm-300x200.jpg 300w, https:\/\/blog.zeit.de\/stoerungsmelder\/files\/2010\/11\/npd_voigtfaust_sm.jpg 600w\" sizes=\"auto, (max-width: 240px) 100vw, 240px\" \/><\/a><figcaption id=\"caption-attachment-4940\" class=\"wp-caption-text\">Die beiden Vorsitzenden Udo Voigt und Matthias Faust<\/figcaption><\/figure><\/p>\n<p>der \u201eStadt der drei T\u00fcrme\u201c hei\u00dft es \u201eBraun ist bei uns nur die Kohle\u201c, im Tagungssaal ert\u00f6nt zum Beginn des au\u00dferordentlichen Bundesparteitages der traditionelle Bergmannsgru\u00df \u201eGl\u00fcck auf\u201c. Dabei war schon vorher abzusehen, dass die von den Parteivorst\u00e4nden ins Spiel gebrachte \u201eVerschmelzung\u201c von NPD und DVU nicht an dem Votum der Delegierten scheitern w\u00fcrde. Bei Umfragen in den Parteien hatten sich 92% der NPD-Mitglieder f\u00fcr einen Zusammenschluss ausgesprochen, bei der DVU hatten 90% mit Ja gestimmt. Nun sollte also die \u201egr\u00f6\u00dfte deutsche Rechtspartei\u201c auf den Weg gebracht werden, als positives Signal diente schon im Vorfeld der angek\u00fcndigte Verzicht der DVU auf einen Antritt bei der bevorstehenden Landtagswahl in Sachsen Anhalt im M\u00e4rz 2011.<\/p>\n<p><strong>1.000 neue NPD-Mitglieder<\/strong><\/p>\n<p>Fraglich bleibt die Zahl der sp\u00e4teren Mitglieder in der neuen Partei: Beobachter rechnen mit nur 1.000 DVU-Anh\u00e4ngern, die auch nach der Fusion Mitglied der NPD werden wollen. Bei einer gesch\u00e4tzten Mitgliederzahl von etwa 4.000 wird also nur ein Viertel die NPD personell verst\u00e4rken. F\u00fcr NPD-Chef Udo Voigt kein Problem: er rechnet mit zus\u00e4tzlichen 1.000 \u201eaktiven Kadern\u201c. Die Hoffnung, in den f\u00fcnfstelligen Mitgliederbereich aufzusteigen, hat sich offenbar auch in der NPD-Chefetage zerschlagen. Dennoch sorge die DVU f\u00fcr \u201eeine Zahl, die die NPD gut brauchen kann\u201c, sagt Voigt in Hohenm\u00f6lsen. Eine<\/p>\n<p><figure id=\"attachment_4943\" aria-describedby=\"caption-attachment-4943\" style=\"width: 240px\" class=\"wp-caption alignleft\"><a href=\"https:\/\/blog.zeit.de\/stoerungsmelder\/files\/2010\/11\/npd_pult_sm1.jpg\"><img loading=\"lazy\" decoding=\"async\" class=\"size-medium wp-image-4943 \" title=\"npd_pult_sm\" src=\"https:\/\/blog.zeit.de\/stoerungsmelder\/files\/2010\/11\/npd_pult_sm1-300x200.jpg\" alt=\"\" width=\"240\" height=\"160\" srcset=\"https:\/\/blog.zeit.de\/stoerungsmelder\/files\/2010\/11\/npd_pult_sm1-300x200.jpg 300w, https:\/\/blog.zeit.de\/stoerungsmelder\/files\/2010\/11\/npd_pult_sm1.jpg 600w\" sizes=\"auto, (max-width: 240px) 100vw, 240px\" \/><\/a><figcaption id=\"caption-attachment-4943\" class=\"wp-caption-text\">NPD schluckt DVU<\/figcaption><\/figure><\/p>\n<p>\u201eSch\u00fcttelphase\u201c oder \u201eeine gewisse Eiszeit\u201c nennt er die voran gegangenen Streitigkeiten zwischen den Parteien : \u201ewenn es in der Ehe kracht, hat man sich danach wieder richtig lieb\u201c, so der Parteivorsitzende und watscht nebenbei die Unwilligen in der DVU als eine \u201efast schon Palastrevolution\u201c ab. Deren noch amtierender Vorsitzender Faust gibt sich  zuversichtlich, dass der Vertragsentwurf zur Verschmelzung auch auf dem Parteitag der DVU im Herbst die notwendige Zustimmung finden werde. Anschlie\u00dfend m\u00fcssen die Mitglieder beider Parteien in einer geheimen Wahl zur Urabstimmung antreten, die in Berlin ausgewertet werden soll. Geht es nach dem Zeitplan der Parteien, k\u00f6nnte das Prozedere noch in diesem Jahr abgeschlossen sein.<\/p>\n<p><strong>Aggressive Mahnung zur Einheit<\/strong><\/p>\n<p>Der au\u00dferordentliche Bundesparteitag der NPD war von dem Bem\u00fchen der Parteiobersten gepr\u00e4gt, der \u00d6ffentlichkeit Geschlossenheit und Zusammenhalt zu demonstrieren. Anders als bei Ausschl\u00fcssen auf voran gegangenen Parteitagen war es der Presse erlaubt, der Veranstaltung sogar in G\u00e4nze beizuwohnen. Doch auch die fast schon gebetsm\u00fchlenartig beschworene Einheit kann nicht dar\u00fcber<\/p>\n<p><figure id=\"attachment_4941\" aria-describedby=\"caption-attachment-4941\" style=\"width: 240px\" class=\"wp-caption alignright\"><a href=\"https:\/\/blog.zeit.de\/stoerungsmelder\/files\/2010\/11\/npd_pastoers_sm.jpg\"><img loading=\"lazy\" decoding=\"async\" class=\"size-medium wp-image-4941 \" title=\"npd_pastoers_sm\" src=\"https:\/\/blog.zeit.de\/stoerungsmelder\/files\/2010\/11\/npd_pastoers_sm-300x200.jpg\" alt=\"\" width=\"240\" height=\"160\" srcset=\"https:\/\/blog.zeit.de\/stoerungsmelder\/files\/2010\/11\/npd_pastoers_sm-300x200.jpg 300w, https:\/\/blog.zeit.de\/stoerungsmelder\/files\/2010\/11\/npd_pastoers_sm.jpg 600w\" sizes=\"auto, (max-width: 240px) 100vw, 240px\" \/><\/a><figcaption id=\"caption-attachment-4941\" class=\"wp-caption-text\">Udo Past\u00f6rs in Hohenm\u00f6lsen<\/figcaption><\/figure><\/p>\n<p>hinwegt\u00e4uschen, dass von einem \u201eZusammenschluss auf Augenh\u00f6he\u201c keine Rede sein kann. Dabei halfen auch keine pathetischen Reden wie die von Christian Berisha oder Udo Past\u00f6rs, die die Delegierten mit aggressivem Tonfall auf den Bundeskurs einschw\u00f6ren wollten. Seinen Applaus erntete der NPD-Fraktionsvorsitzende im Schweriner Landtag vielmehr durch die plumpe Rhetorik vom \u201eJudengen\u201c und den \u201eDemokr\u00f6ten\u201c. Kritiker des Vertragsentwurfs hatten es schwer in Hohenm\u00f6lsen: ein aus Mecklenburg Vorpommern eingebrachter Initiativantrag stie\u00df auf Buh- und Schm\u00e4hrufe. Neben der Kritik an \u00fcberfl\u00fcssigen \u201eVerschmelzungsgeschenken\u201c an die DVU hie\u00df es, man dringe auf die Beibehaltung des bisherigen Namenszusatzes und des Logos. Doch schon diese Kritik brachte den Antragstellern von Udo Voigt den Vorwurf der \u201eEngstirnigkeit und Kleinlichkeit\u201c ein. Der Parteivorsitzende hat mit der Zustimmung zum Verschmelzungsvertrag die Partei auf seine Linie gebracht, seine Stellung in der NPD gest\u00e4rkt und mit der Wahl von Faust und zwei weiteren \u201eneuen Kameraden von der DVU\u201c f\u00fcr die eigene R\u00fcckendeckung im Vorstand gesorgt.<\/p>\n<p><strong>R\u00fcckenwind f\u00fcr NPD in Sachsen Anhalt<\/strong><\/p>\n<p>Nicht zuf\u00e4llig war die Wahl des Ortes f\u00fcr den Parteitag auf den Burgenlandkreis in Sachsen Anhalt gefallen. Voigt bekr\u00e4ftigte, der Parteitag habe bewusst in Sachsen Anhalt stattgefunden, denn die Landtagswahl sei die \u201ewichtigste kommende Wahl\u201c, auf die die NPD sowohl Personal und Finanzen konzentrieren wolle. Der NPD-Spitzenkandidat f\u00fcr die bevorstehende Landtagswahl, Matthias Heyder.<\/p>\n<p><figure id=\"attachment_4944\" aria-describedby=\"caption-attachment-4944\" style=\"width: 240px\" class=\"wp-caption alignright\"><a href=\"https:\/\/blog.zeit.de\/stoerungsmelder\/files\/2010\/11\/npd_heyder_sm.jpg\"><img loading=\"lazy\" decoding=\"async\" class=\"size-medium wp-image-4944 \" title=\"npd_heyder_sm\" src=\"https:\/\/blog.zeit.de\/stoerungsmelder\/files\/2010\/11\/npd_heyder_sm-300x200.jpg\" alt=\"\" width=\"240\" height=\"160\" srcset=\"https:\/\/blog.zeit.de\/stoerungsmelder\/files\/2010\/11\/npd_heyder_sm-300x200.jpg 300w, https:\/\/blog.zeit.de\/stoerungsmelder\/files\/2010\/11\/npd_heyder_sm.jpg 600w\" sizes=\"auto, (max-width: 240px) 100vw, 240px\" \/><\/a><figcaption id=\"caption-attachment-4944\" class=\"wp-caption-text\">Matthias Heyder: &quot;das asoziale System&quot;<\/figcaption><\/figure><\/p>\n<p>warb f\u00fcr eine \u201eGeneralmobilmachung\u201c. Ziel sei der Einzug der rechtsextremen  Partei in einen dritten Landtag, um damit eine \u201eSignalwirkung\u201c zu entfalten. F\u00fcr den anstehenden Wahlkampf mit Beginn des kommenden Jahres k\u00fcndigte Heyder an, die NPD werde sich besonders auf die l\u00e4ndlichen Gebiete konzentrieren. Mit kostenlosen Zeitungen nach dem Th\u00fcringer Vorbild will die Partei dort auf W\u00e4hlerfang gehen. Bei der Hauptmotivation nahm Heyder kein Blatt vor den Mund: \u201eweil wir das asoziale System da drau\u00dfen verachten\u201c. Dass auch die Vertreter der DVU in der NPD-Rhetorik angekommen sind, bewies in Hohenm\u00f6lsen unter anderem Matthias Faust mit seinem Gerede von Politikern als \u201eGesocks\u201c und \u201eden Verr\u00e4tern unseres Volkes\u201c. Mit seinem neuen  Posten als stellvertretender Vorsitzender hat er seine Sch\u00e4fchen ins Trockene gebracht. Die neuen NPD-Mitglieder aus den Reihen der DVU m\u00fcssen noch bis zum Herbst 2011 warten, um zu zeigen, ob sie die Euphorie ihres Vorsitzenden teilen werden. Dann n\u00e4mlich k\u00f6nnen sie als neue NPD-Mitglieder auf dem Wahlparteitag mitbestimmen. Bis dahin bleibt ihnen der Trost, dass f\u00fcr sie vorerst eine \u00dcbergangsfrist bei den Mitgliedsbeitr\u00e4gen gilt.<\/p>\n","protected":false},"excerpt":{"rendered":"<p>Von einem massiven Polizeiaufgebot abgeschirmt, ist am Samstag, d. 6. November, der au\u00dferordentliche Bundesparteitag der NPD ohne gro\u00dfen \u00dcberraschungen zu Ende gegangen: in Hohenm\u00f6lsen im sachsen anhaltinischen Burgenlandkreis stimmten die 207 Delegierten nahezu einstimmig f\u00fcr den Vertragsentwurf zur \u201eVerschmelzung\u201c mit der Deutschen Volks Union (DVU). Wenn das Verfahren abgeschlossen ist, soll die Partei k\u00fcnftig den [&hellip;]<\/p>\n","protected":false},"author":254,"featured_media":0,"comment_status":"open","ping_status":"open","sticky":false,"template":"","format":"standard","meta":{"_jetpack_memberships_contains_paid_content":false,"footnotes":""},"categories":[1,1515,1457],"tags":[],"class_list":["post-4938","post","type-post","status-publish","format-standard","hentry","category-allgemein","category-bundesweit","category-sachsen-anhalt"],"yoast_head":"<!-- This site is optimized with the Yoast SEO plugin v21.0 - https:\/\/yoast.com\/wordpress\/plugins\/seo\/ -->\n<title>Nichts neues im Osten: Bundesparteitag der NPD votiert f\u00fcr \u201eVerschmelzung\u201c mit der DVU - St\u00f6rungsmelder<\/title>\n<meta name=\"robots\" content=\"index, follow, max-snippet:-1, max-image-preview:large, max-video-preview:-1\" \/>\n<link rel=\"canonical\" href=\"https:\/\/blog.zeit.de\/stoerungsmelder\/2010\/11\/06\/nichts-neues-im-osten-bundesparteitag-der-npd-votiert-fur-\u201everschmelzung\u201c-mit-der-dvu_4938\" \/>\n<meta property=\"og:locale\" content=\"de_DE\" \/>\n<meta property=\"og:type\" content=\"article\" \/>\n<meta property=\"og:title\" content=\"Nichts neues im Osten: Bundesparteitag der NPD votiert f\u00fcr \u201eVerschmelzung\u201c mit der DVU - St\u00f6rungsmelder\" \/>\n<meta property=\"og:description\" content=\"Von einem massiven Polizeiaufgebot abgeschirmt, ist am Samstag, d. 6. November, der au\u00dferordentliche Bundesparteitag der NPD ohne gro\u00dfen \u00dcberraschungen zu Ende gegangen: in Hohenm\u00f6lsen im sachsen anhaltinischen Burgenlandkreis stimmten die 207 Delegierten nahezu einstimmig f\u00fcr den Vertragsentwurf zur \u201eVerschmelzung\u201c mit der Deutschen Volks Union (DVU). Wenn das Verfahren abgeschlossen ist, soll die Partei k\u00fcnftig den [&hellip;]\" \/>\n<meta property=\"og:url\" content=\"https:\/\/blog.zeit.de\/stoerungsmelder\/2010\/11\/06\/nichts-neues-im-osten-bundesparteitag-der-npd-votiert-fur-\u201everschmelzung\u201c-mit-der-dvu_4938\" \/>\n<meta property=\"og:site_name\" content=\"St\u00f6rungsmelder\" \/>\n<meta property=\"article:published_time\" content=\"2010-11-06T22:32:14+00:00\" \/>\n<meta property=\"article:modified_time\" content=\"2010-11-08T17:08:20+00:00\" \/>\n<meta property=\"og:image\" content=\"https:\/\/blog.zeit.de\/stoerungsmelder\/files\/2010\/11\/herz_fuer_dt_sm2.jpg\" \/>\n<meta name=\"author\" content=\"Kai Budler\" \/>\n<meta name=\"twitter:card\" content=\"summary_large_image\" \/>\n<meta name=\"twitter:label1\" content=\"Geschrieben von\" \/>\n\t<meta name=\"twitter:data1\" content=\"Kai Budler\" \/>\n\t<meta name=\"twitter:label2\" content=\"Gesch\u00e4tzte Lesezeit\" \/>\n\t<meta name=\"twitter:data2\" content=\"5\u00a0Minuten\" \/>\n<script type=\"application\/ld+json\" class=\"yoast-schema-graph\">{\"@context\":\"https:\/\/schema.org\",\"@graph\":[{\"@type\":\"WebPage\",\"@id\":\"https:\/\/blog.zeit.de\/stoerungsmelder\/2010\/11\/06\/nichts-neues-im-osten-bundesparteitag-der-npd-votiert-fur-%e2%80%9everschmelzung%e2%80%9c-mit-der-dvu_4938\",\"url\":\"https:\/\/blog.zeit.de\/stoerungsmelder\/2010\/11\/06\/nichts-neues-im-osten-bundesparteitag-der-npd-votiert-fur-%e2%80%9everschmelzung%e2%80%9c-mit-der-dvu_4938\",\"name\":\"Nichts neues im Osten: Bundesparteitag der NPD votiert f\u00fcr \u201eVerschmelzung\u201c mit der DVU - St\u00f6rungsmelder\",\"isPartOf\":{\"@id\":\"https:\/\/blog.zeit.de\/stoerungsmelder\/#website\"},\"datePublished\":\"2010-11-06T22:32:14+00:00\",\"dateModified\":\"2010-11-08T17:08:20+00:00\",\"author\":{\"@id\":\"https:\/\/blog.zeit.de\/stoerungsmelder\/#\/schema\/person\/58f28fa43c55337b17b93e3622cc8b37\"},\"breadcrumb\":{\"@id\":\"https:\/\/blog.zeit.de\/stoerungsmelder\/2010\/11\/06\/nichts-neues-im-osten-bundesparteitag-der-npd-votiert-fur-%e2%80%9everschmelzung%e2%80%9c-mit-der-dvu_4938#breadcrumb\"},\"inLanguage\":\"de\",\"potentialAction\":[{\"@type\":\"ReadAction\",\"target\":[\"https:\/\/blog.zeit.de\/stoerungsmelder\/2010\/11\/06\/nichts-neues-im-osten-bundesparteitag-der-npd-votiert-fur-%e2%80%9everschmelzung%e2%80%9c-mit-der-dvu_4938\"]}]},{\"@type\":\"BreadcrumbList\",\"@id\":\"https:\/\/blog.zeit.de\/stoerungsmelder\/2010\/11\/06\/nichts-neues-im-osten-bundesparteitag-der-npd-votiert-fur-%e2%80%9everschmelzung%e2%80%9c-mit-der-dvu_4938#breadcrumb\",\"itemListElement\":[{\"@type\":\"ListItem\",\"position\":1,\"name\":\"Startseite\",\"item\":\"https:\/\/blog.zeit.de\/stoerungsmelder\"},{\"@type\":\"ListItem\",\"position\":2,\"name\":\"Nichts neues im Osten: Bundesparteitag der NPD votiert f\u00fcr \u201eVerschmelzung\u201c mit der DVU\"}]},{\"@type\":\"WebSite\",\"@id\":\"https:\/\/blog.zeit.de\/stoerungsmelder\/#website\",\"url\":\"https:\/\/blog.zeit.de\/stoerungsmelder\/\",\"name\":\"St\u00f6rungsmelder\",\"description\":\"Recherchen und Analysen \u00fcber die extreme Rechte\",\"potentialAction\":[{\"@type\":\"SearchAction\",\"target\":{\"@type\":\"EntryPoint\",\"urlTemplate\":\"https:\/\/blog.zeit.de\/stoerungsmelder\/?s={search_term_string}\"},\"query-input\":\"required name=search_term_string\"}],\"inLanguage\":\"de\"},{\"@type\":\"Person\",\"@id\":\"https:\/\/blog.zeit.de\/stoerungsmelder\/#\/schema\/person\/58f28fa43c55337b17b93e3622cc8b37\",\"name\":\"Kai Budler\",\"image\":{\"@type\":\"ImageObject\",\"inLanguage\":\"de\",\"@id\":\"https:\/\/blog.zeit.de\/stoerungsmelder\/#\/schema\/person\/image\/\",\"url\":\"https:\/\/secure.gravatar.com\/avatar\/126c2f44b51c178dc1db1bb6e040fcff157c88000cfae96c983070e6153484e3?s=96&d=mm&r=pg\",\"contentUrl\":\"https:\/\/secure.gravatar.com\/avatar\/126c2f44b51c178dc1db1bb6e040fcff157c88000cfae96c983070e6153484e3?s=96&d=mm&r=pg\",\"caption\":\"Kai Budler\"},\"url\":\"https:\/\/blog.zeit.de\/stoerungsmelder\/author\/kai-budler\"}]}<\/script>\n<!-- \/ Yoast SEO plugin. -->","yoast_head_json":{"title":"Nichts neues im Osten: Bundesparteitag der NPD votiert f\u00fcr \u201eVerschmelzung\u201c mit der DVU - St\u00f6rungsmelder","robots":{"index":"index","follow":"follow","max-snippet":"max-snippet:-1","max-image-preview":"max-image-preview:large","max-video-preview":"max-video-preview:-1"},"canonical":"https:\/\/blog.zeit.de\/stoerungsmelder\/2010\/11\/06\/nichts-neues-im-osten-bundesparteitag-der-npd-votiert-fur-\u201everschmelzung\u201c-mit-der-dvu_4938","og_locale":"de_DE","og_type":"article","og_title":"Nichts neues im Osten: Bundesparteitag der NPD votiert f\u00fcr \u201eVerschmelzung\u201c mit der DVU - St\u00f6rungsmelder","og_description":"Von einem massiven Polizeiaufgebot abgeschirmt, ist am Samstag, d. 6. November, der au\u00dferordentliche Bundesparteitag der NPD ohne gro\u00dfen \u00dcberraschungen zu Ende gegangen: in Hohenm\u00f6lsen im sachsen anhaltinischen Burgenlandkreis stimmten die 207 Delegierten nahezu einstimmig f\u00fcr den Vertragsentwurf zur \u201eVerschmelzung\u201c mit der Deutschen Volks Union (DVU). Wenn das Verfahren abgeschlossen ist, soll die Partei k\u00fcnftig den [&hellip;]","og_url":"https:\/\/blog.zeit.de\/stoerungsmelder\/2010\/11\/06\/nichts-neues-im-osten-bundesparteitag-der-npd-votiert-fur-\u201everschmelzung\u201c-mit-der-dvu_4938","og_site_name":"St\u00f6rungsmelder","article_published_time":"2010-11-06T22:32:14+00:00","article_modified_time":"2010-11-08T17:08:20+00:00","og_image":[{"url":"https:\/\/blog.zeit.de\/stoerungsmelder\/files\/2010\/11\/herz_fuer_dt_sm2.jpg"}],"author":"Kai Budler","twitter_card":"summary_large_image","twitter_misc":{"Geschrieben von":"Kai Budler","Gesch\u00e4tzte Lesezeit":"5\u00a0Minuten"},"schema":{"@context":"https:\/\/schema.org","@graph":[{"@type":"WebPage","@id":"https:\/\/blog.zeit.de\/stoerungsmelder\/2010\/11\/06\/nichts-neues-im-osten-bundesparteitag-der-npd-votiert-fur-%e2%80%9everschmelzung%e2%80%9c-mit-der-dvu_4938","url":"https:\/\/blog.zeit.de\/stoerungsmelder\/2010\/11\/06\/nichts-neues-im-osten-bundesparteitag-der-npd-votiert-fur-%e2%80%9everschmelzung%e2%80%9c-mit-der-dvu_4938","name":"Nichts neues im Osten: Bundesparteitag der NPD votiert f\u00fcr \u201eVerschmelzung\u201c mit der DVU - St\u00f6rungsmelder","isPartOf":{"@id":"https:\/\/blog.zeit.de\/stoerungsmelder\/#website"},"datePublished":"2010-11-06T22:32:14+00:00","dateModified":"2010-11-08T17:08:20+00:00","author":{"@id":"https:\/\/blog.zeit.de\/stoerungsmelder\/#\/schema\/person\/58f28fa43c55337b17b93e3622cc8b37"},"breadcrumb":{"@id":"https:\/\/blog.zeit.de\/stoerungsmelder\/2010\/11\/06\/nichts-neues-im-osten-bundesparteitag-der-npd-votiert-fur-%e2%80%9everschmelzung%e2%80%9c-mit-der-dvu_4938#breadcrumb"},"inLanguage":"de","potentialAction":[{"@type":"ReadAction","target":["https:\/\/blog.zeit.de\/stoerungsmelder\/2010\/11\/06\/nichts-neues-im-osten-bundesparteitag-der-npd-votiert-fur-%e2%80%9everschmelzung%e2%80%9c-mit-der-dvu_4938"]}]},{"@type":"BreadcrumbList","@id":"https:\/\/blog.zeit.de\/stoerungsmelder\/2010\/11\/06\/nichts-neues-im-osten-bundesparteitag-der-npd-votiert-fur-%e2%80%9everschmelzung%e2%80%9c-mit-der-dvu_4938#breadcrumb","itemListElement":[{"@type":"ListItem","position":1,"name":"Startseite","item":"https:\/\/blog.zeit.de\/stoerungsmelder"},{"@type":"ListItem","position":2,"name":"Nichts neues im Osten: Bundesparteitag der NPD votiert f\u00fcr \u201eVerschmelzung\u201c mit der DVU"}]},{"@type":"WebSite","@id":"https:\/\/blog.zeit.de\/stoerungsmelder\/#website","url":"https:\/\/blog.zeit.de\/stoerungsmelder\/","name":"St\u00f6rungsmelder","description":"Recherchen und Analysen \u00fcber die extreme Rechte","potentialAction":[{"@type":"SearchAction","target":{"@type":"EntryPoint","urlTemplate":"https:\/\/blog.zeit.de\/stoerungsmelder\/?s={search_term_string}"},"query-input":"required name=search_term_string"}],"inLanguage":"de"},{"@type":"Person","@id":"https:\/\/blog.zeit.de\/stoerungsmelder\/#\/schema\/person\/58f28fa43c55337b17b93e3622cc8b37","name":"Kai Budler","image":{"@type":"ImageObject","inLanguage":"de","@id":"https:\/\/blog.zeit.de\/stoerungsmelder\/#\/schema\/person\/image\/","url":"https:\/\/secure.gravatar.com\/avatar\/126c2f44b51c178dc1db1bb6e040fcff157c88000cfae96c983070e6153484e3?s=96&d=mm&r=pg","contentUrl":"https:\/\/secure.gravatar.com\/avatar\/126c2f44b51c178dc1db1bb6e040fcff157c88000cfae96c983070e6153484e3?s=96&d=mm&r=pg","caption":"Kai Budler"},"url":"https:\/\/blog.zeit.de\/stoerungsmelder\/author\/kai-budler"}]}},"jetpack_featured_media_url":"","jetpack_sharing_enabled":true,"_links":{"self":[{"href":"https:\/\/blog.zeit.de\/stoerungsmelder\/wp-json\/wp\/v2\/posts\/4938","targetHints":{"allow":["GET"]}}],"collection":[{"href":"https:\/\/blog.zeit.de\/stoerungsmelder\/wp-json\/wp\/v2\/posts"}],"about":[{"href":"https:\/\/blog.zeit.de\/stoerungsmelder\/wp-json\/wp\/v2\/types\/post"}],"author":[{"embeddable":true,"href":"https:\/\/blog.zeit.de\/stoerungsmelder\/wp-json\/wp\/v2\/users\/254"}],"replies":[{"embeddable":true,"href":"https:\/\/blog.zeit.de\/stoerungsmelder\/wp-json\/wp\/v2\/comments?post=4938"}],"version-history":[{"count":4,"href":"https:\/\/blog.zeit.de\/stoerungsmelder\/wp-json\/wp\/v2\/posts\/4938\/revisions"}],"predecessor-version":[{"id":4948,"href":"https:\/\/blog.zeit.de\/stoerungsmelder\/wp-json\/wp\/v2\/posts\/4938\/revisions\/4948"}],"wp:attachment":[{"href":"https:\/\/blog.zeit.de\/stoerungsmelder\/wp-json\/wp\/v2\/media?parent=4938"}],"wp:term":[{"taxonomy":"category","embeddable":true,"href":"https:\/\/blog.zeit.de\/stoerungsmelder\/wp-json\/wp\/v2\/categories?post=4938"},{"taxonomy":"post_tag","embeddable":true,"href":"https:\/\/blog.zeit.de\/stoerungsmelder\/wp-json\/wp\/v2\/tags?post=4938"}],"curies":[{"name":"wp","href":"https:\/\/api.w.org\/{rel}","templated":true}]}}