{"id":5046,"date":"2010-11-22T14:35:54","date_gmt":"2010-11-22T13:35:54","guid":{"rendered":"http:\/\/blog.zeit.de\/stoerungsmelder\/?p=5046"},"modified":"2010-11-22T14:35:54","modified_gmt":"2010-11-22T13:35:54","slug":"storungsmelder-on-tour-in-nurnberg","status":"publish","type":"post","link":"https:\/\/blog.zeit.de\/stoerungsmelder\/2010\/11\/22\/storungsmelder-on-tour-in-nurnberg_5046","title":{"rendered":"St\u00f6rungsmelder on Tour in N\u00fcrnberg"},"content":{"rendered":"<p><img loading=\"lazy\" decoding=\"async\" class=\"alignleft\" src=\"http:\/\/zeus.zeit.de\/bilder\/zuender\/blogs\/stoerungsmelder\/markus-kavka-120.jpg\" alt=\"\" width=\"120\" height=\"120\" \/><\/p>\n<p>N\u00fcrnberg sollte es also diesmal sein &#8211; und damit war klar, dass dieser Trip im Rahmen von &#8222;St\u00f6rungsmelder on Tour&#8220; f\u00fcr mich pers\u00f6nlich auch eine kleine Zeitreise werden w\u00fcrde, denn N\u00fcrnberg ist nicht nur die Stadt, in der ich zwischen 1988 und 1993 w\u00e4hrend meines dortigen Studiums wohnte, sondern auch der Ort, an dem ich meine ersten, nun ja, handfesten Erfahrungen mit Neonazis machte.<!--more--><\/p>\n<p>Bereits vor meinem Studium fuhr ich von meinem damaligen Wohnort Manching (bei Ingolstadt) aus am Wochenende regelm\u00e4\u00dfig in diverse Clubs in und um N\u00fcrnberg herum, vor allem in eine Gothic-Disco in Schwabach. Schon damals waren wir Grufties unter den Rechten nicht gerade wohlgelitten, und so kam es nahezu Samstag f\u00fcr Samstag zu regelrechten Treibjagden. Im Club selbst hatten die Neonazis Hausverbot, was sie aber nat\u00fcrlich nicht daran hinderte, uns aufzulauern, wenn wir den Laden verlie\u00dfen. Da hie\u00df es dann schnell sein, am besten man sprintete zum Auto, sprang rein und gab Vollgas Richtung Autobahn &#8211; und nat\u00fcrlich verfluchte ich an manchen Tagen, dass mein erstes Auto ein Renault R5 mit 36 PS war. Manchmal kam uns die Polizei zur Hilfe, aber an und an gab\u00b4s eben auch Stress.<\/p>\n<p>Das ist jetzt \u00fcber 20 Jahre her, aber auch heute noch ist die Neonazi-Szene in Mittelfranken sehr aktiv, wom\u00f6glich sogar noch aktiver, besser vernetzt und gef\u00e4hrlicher als Ende der 80er. So lebt beispielsweise der urspr\u00fcnglich aus Braunschweig stammende, rechtsextreme Liedermacher und zweimalige NPD-Bundespr\u00e4sidentschaftskandidat Frank Rennicke in Altengreuth bei Rothenburg o.d. Tauber und zieht von dort aus seine Strippen. Nicht zuletzt ist N\u00fcrnberg wegen der Rolle, die die Stadt im Dritten Reich gespielt hat, nach wie vor ein beliebtes Reise- und Versammlungsziel von Rechten.<\/p>\n<p>All dies hatte ich im Hinterkopf, als ich einer 9. Klasse der Peter-Henlein-Realschule in N\u00fcrnberg-Eibach einen Besuch abstattete. K\u00fcrzlich erst schloss sich die Schule dem Projekt &#8222;Schule ohne Rassimus &#8211; Schule mit Courage&#8220; an, und unser Workshop sollte eine von mehreren Aktionen sein, die im Rahmen des Projekts stattfinden.<\/p>\n<p>Im Mittelpunkt der Veranstaltung stand auch dieses Mal wieder rechte Musik, vor allem die &#8222;Schulhof&#8220;-CD der NPD. Am Anfang des Workshops sollte jeder der 33 Sch\u00fcler von seinen Erfahrungen mit Neonazis berichten, und angesichts rechter Aktivit\u00e4ten in N\u00fcrnberg und Mittelfranken war es einigerma\u00dfen erstaunlich, dass zun\u00e4chst kaum jemand etwas zu berichten hatte, und das bei einem Migrantenanteil von \u00fcber 50 % in der Klasse. Je tiefer wir jedoch in die Materie einstiegen und je lockerer die Sch\u00fcler wurden, um so zahlreicher wurden die Wortmeldungen. Man erinnerte sich dann beispielsweise an einen Sch\u00fcler, der wegen rassistischer Beleidigungen von der Schule verwiesen wurde. Auch der Klamottenladen in der Innenstadt, der Thor-Steinar-Kleidung und anderen Nazikram vertickt und der jetzt nach anhaltenden Protesten schlie\u00dfen muss, war pl\u00f6tzlich ein Thema, genau so wie der Naziaufmarsch und die damit einhergehenden Krawalle an der Lorenzkirche. Einige erinnerten sich dann auch daran, wie die Schulhof-CD tats\u00e4chlich mal an der Schule verteilt werden sollte. Ein Neonazi hatte etwa 50 Exemplare bei sich, die er au\u00dferhalb des Schulgel\u00e4ndes Leuten in die Hand dr\u00fccken wollte. Ein Sch\u00fcler aus der Oberstufe des angegliederten Gymnasiums schwatzte ihm unter dem Vorwand, diese direkt in der Schule weiter zu verteilen, den kompletten Karton ab, um die CDs dann vor den Augen des Neonazis zu zerbrechen und im M\u00fclleimer zu entsorgen &#8211; zu seinem eigenen Schutz auf dem Schulgel\u00e4nde und damit hinter der Demarkationslinie, die der Rechte ja nicht \u00fcberschreiten durfte. Eine coole Aktion, die die meisten Anwesenden allerdings eher wegen ihrer unterhaltsam-krawalligen Note sch\u00e4tzten. Nachdem wir jedoch die Songs im Workshop genauer analysiert hatten, schienen die Sch\u00fcler auch den politisch-inhaltlichen Aspekt wahrzunehmen. \u00dcberhaupt konnte man am Ende der Veranstaltung den Eindruck gewinnen, dass sie deutlich sensibilisierter im Hinblick auf das Thema Rechtsradikalismus waren. Sie guckten genauer hin, sie stellten viele schlaue Fragen und waren sich einig, dass man zusammen einiges ausrichten kann.<\/p>\n<p>Und so war dieser Besuch f\u00fcr uns eine weitere Best\u00e4tigung daf\u00fcr, dass es Sinn macht, an Schulen \u00fcber Neonazis zu sprechen und entsprechende Erg\u00e4nzungen zum Geschichts- und Sozialkundeunterricht zu liefern, denn je h\u00f6her der Kenntnisstand gerade unter jungen Menschen ist, desto schwieriger ist es f\u00fcr Rechte, diese f\u00fcr ihre Sache zu gewinnen.<\/p>\n<p>Wir machen also weiter, keine Frage.<\/p>\n","protected":false},"excerpt":{"rendered":"<p>N\u00fcrnberg sollte es also diesmal sein &#8211; und damit war klar, dass dieser Trip im Rahmen von &#8222;St\u00f6rungsmelder on Tour&#8220; f\u00fcr mich pers\u00f6nlich auch eine kleine Zeitreise werden w\u00fcrde, denn N\u00fcrnberg ist nicht nur die Stadt, in der ich zwischen 1988 und 1993 w\u00e4hrend meines dortigen Studiums wohnte, sondern auch der Ort, an dem ich [&hellip;]<\/p>\n","protected":false},"author":230,"featured_media":0,"comment_status":"open","ping_status":"open","sticky":false,"template":"","format":"standard","meta":{"_jetpack_memberships_contains_paid_content":false,"footnotes":""},"categories":[59],"tags":[1858],"class_list":["post-5046","post","type-post","status-publish","format-standard","hentry","category-bayern","tag-zivilcourage"],"yoast_head":"<!-- This site is optimized with the Yoast SEO plugin v21.0 - https:\/\/yoast.com\/wordpress\/plugins\/seo\/ -->\n<title>St\u00f6rungsmelder on Tour in N\u00fcrnberg - St\u00f6rungsmelder<\/title>\n<meta name=\"robots\" content=\"index, follow, max-snippet:-1, max-image-preview:large, max-video-preview:-1\" \/>\n<link rel=\"canonical\" href=\"https:\/\/blog.zeit.de\/stoerungsmelder\/2010\/11\/22\/storungsmelder-on-tour-in-nurnberg_5046\" \/>\n<meta property=\"og:locale\" content=\"de_DE\" \/>\n<meta property=\"og:type\" content=\"article\" \/>\n<meta property=\"og:title\" content=\"St\u00f6rungsmelder on Tour in N\u00fcrnberg - St\u00f6rungsmelder\" \/>\n<meta property=\"og:description\" content=\"N\u00fcrnberg sollte es also diesmal sein &#8211; und damit war klar, dass dieser Trip im Rahmen von &#8222;St\u00f6rungsmelder on Tour&#8220; f\u00fcr mich pers\u00f6nlich auch eine kleine Zeitreise werden w\u00fcrde, denn N\u00fcrnberg ist nicht nur die Stadt, in der ich zwischen 1988 und 1993 w\u00e4hrend meines dortigen Studiums wohnte, sondern auch der Ort, an dem ich [&hellip;]\" \/>\n<meta property=\"og:url\" content=\"https:\/\/blog.zeit.de\/stoerungsmelder\/2010\/11\/22\/storungsmelder-on-tour-in-nurnberg_5046\" \/>\n<meta property=\"og:site_name\" content=\"St\u00f6rungsmelder\" \/>\n<meta property=\"article:published_time\" content=\"2010-11-22T13:35:54+00:00\" \/>\n<meta property=\"og:image\" content=\"http:\/\/zeus.zeit.de\/bilder\/zuender\/blogs\/stoerungsmelder\/markus-kavka-120.jpg\" \/>\n<meta name=\"author\" content=\"Markus Kavka\" \/>\n<meta name=\"twitter:card\" content=\"summary_large_image\" \/>\n<meta name=\"twitter:label1\" content=\"Geschrieben von\" \/>\n\t<meta name=\"twitter:data1\" content=\"Markus Kavka\" \/>\n\t<meta name=\"twitter:label2\" content=\"Gesch\u00e4tzte Lesezeit\" \/>\n\t<meta name=\"twitter:data2\" content=\"4\u00a0Minuten\" \/>\n<script type=\"application\/ld+json\" class=\"yoast-schema-graph\">{\"@context\":\"https:\/\/schema.org\",\"@graph\":[{\"@type\":\"WebPage\",\"@id\":\"https:\/\/blog.zeit.de\/stoerungsmelder\/2010\/11\/22\/storungsmelder-on-tour-in-nurnberg_5046\",\"url\":\"https:\/\/blog.zeit.de\/stoerungsmelder\/2010\/11\/22\/storungsmelder-on-tour-in-nurnberg_5046\",\"name\":\"St\u00f6rungsmelder on Tour in N\u00fcrnberg - St\u00f6rungsmelder\",\"isPartOf\":{\"@id\":\"https:\/\/blog.zeit.de\/stoerungsmelder\/#website\"},\"datePublished\":\"2010-11-22T13:35:54+00:00\",\"dateModified\":\"2010-11-22T13:35:54+00:00\",\"author\":{\"@id\":\"https:\/\/blog.zeit.de\/stoerungsmelder\/#\/schema\/person\/8d5e5486ec086bc1988b69e1d2ee5ac2\"},\"breadcrumb\":{\"@id\":\"https:\/\/blog.zeit.de\/stoerungsmelder\/2010\/11\/22\/storungsmelder-on-tour-in-nurnberg_5046#breadcrumb\"},\"inLanguage\":\"de\",\"potentialAction\":[{\"@type\":\"ReadAction\",\"target\":[\"https:\/\/blog.zeit.de\/stoerungsmelder\/2010\/11\/22\/storungsmelder-on-tour-in-nurnberg_5046\"]}]},{\"@type\":\"BreadcrumbList\",\"@id\":\"https:\/\/blog.zeit.de\/stoerungsmelder\/2010\/11\/22\/storungsmelder-on-tour-in-nurnberg_5046#breadcrumb\",\"itemListElement\":[{\"@type\":\"ListItem\",\"position\":1,\"name\":\"Startseite\",\"item\":\"https:\/\/blog.zeit.de\/stoerungsmelder\"},{\"@type\":\"ListItem\",\"position\":2,\"name\":\"St\u00f6rungsmelder on Tour in N\u00fcrnberg\"}]},{\"@type\":\"WebSite\",\"@id\":\"https:\/\/blog.zeit.de\/stoerungsmelder\/#website\",\"url\":\"https:\/\/blog.zeit.de\/stoerungsmelder\/\",\"name\":\"St\u00f6rungsmelder\",\"description\":\"Recherchen und Analysen \u00fcber die extreme Rechte\",\"potentialAction\":[{\"@type\":\"SearchAction\",\"target\":{\"@type\":\"EntryPoint\",\"urlTemplate\":\"https:\/\/blog.zeit.de\/stoerungsmelder\/?s={search_term_string}\"},\"query-input\":\"required name=search_term_string\"}],\"inLanguage\":\"de\"},{\"@type\":\"Person\",\"@id\":\"https:\/\/blog.zeit.de\/stoerungsmelder\/#\/schema\/person\/8d5e5486ec086bc1988b69e1d2ee5ac2\",\"name\":\"Markus Kavka\",\"image\":{\"@type\":\"ImageObject\",\"inLanguage\":\"de\",\"@id\":\"https:\/\/blog.zeit.de\/stoerungsmelder\/#\/schema\/person\/image\/\",\"url\":\"https:\/\/secure.gravatar.com\/avatar\/c29eae75e1fa927c0612884ab1558620b44a8143764a5f647dcff0b0a454d071?s=96&d=mm&r=pg\",\"contentUrl\":\"https:\/\/secure.gravatar.com\/avatar\/c29eae75e1fa927c0612884ab1558620b44a8143764a5f647dcff0b0a454d071?s=96&d=mm&r=pg\",\"caption\":\"Markus Kavka\"},\"url\":\"https:\/\/blog.zeit.de\/stoerungsmelder\/author\/markus-kavka\"}]}<\/script>\n<!-- \/ Yoast SEO plugin. -->","yoast_head_json":{"title":"St\u00f6rungsmelder on Tour in N\u00fcrnberg - St\u00f6rungsmelder","robots":{"index":"index","follow":"follow","max-snippet":"max-snippet:-1","max-image-preview":"max-image-preview:large","max-video-preview":"max-video-preview:-1"},"canonical":"https:\/\/blog.zeit.de\/stoerungsmelder\/2010\/11\/22\/storungsmelder-on-tour-in-nurnberg_5046","og_locale":"de_DE","og_type":"article","og_title":"St\u00f6rungsmelder on Tour in N\u00fcrnberg - St\u00f6rungsmelder","og_description":"N\u00fcrnberg sollte es also diesmal sein &#8211; und damit war klar, dass dieser Trip im Rahmen von &#8222;St\u00f6rungsmelder on Tour&#8220; f\u00fcr mich pers\u00f6nlich auch eine kleine Zeitreise werden w\u00fcrde, denn N\u00fcrnberg ist nicht nur die Stadt, in der ich zwischen 1988 und 1993 w\u00e4hrend meines dortigen Studiums wohnte, sondern auch der Ort, an dem ich [&hellip;]","og_url":"https:\/\/blog.zeit.de\/stoerungsmelder\/2010\/11\/22\/storungsmelder-on-tour-in-nurnberg_5046","og_site_name":"St\u00f6rungsmelder","article_published_time":"2010-11-22T13:35:54+00:00","og_image":[{"url":"http:\/\/zeus.zeit.de\/bilder\/zuender\/blogs\/stoerungsmelder\/markus-kavka-120.jpg"}],"author":"Markus Kavka","twitter_card":"summary_large_image","twitter_misc":{"Geschrieben von":"Markus Kavka","Gesch\u00e4tzte Lesezeit":"4\u00a0Minuten"},"schema":{"@context":"https:\/\/schema.org","@graph":[{"@type":"WebPage","@id":"https:\/\/blog.zeit.de\/stoerungsmelder\/2010\/11\/22\/storungsmelder-on-tour-in-nurnberg_5046","url":"https:\/\/blog.zeit.de\/stoerungsmelder\/2010\/11\/22\/storungsmelder-on-tour-in-nurnberg_5046","name":"St\u00f6rungsmelder on Tour in N\u00fcrnberg - St\u00f6rungsmelder","isPartOf":{"@id":"https:\/\/blog.zeit.de\/stoerungsmelder\/#website"},"datePublished":"2010-11-22T13:35:54+00:00","dateModified":"2010-11-22T13:35:54+00:00","author":{"@id":"https:\/\/blog.zeit.de\/stoerungsmelder\/#\/schema\/person\/8d5e5486ec086bc1988b69e1d2ee5ac2"},"breadcrumb":{"@id":"https:\/\/blog.zeit.de\/stoerungsmelder\/2010\/11\/22\/storungsmelder-on-tour-in-nurnberg_5046#breadcrumb"},"inLanguage":"de","potentialAction":[{"@type":"ReadAction","target":["https:\/\/blog.zeit.de\/stoerungsmelder\/2010\/11\/22\/storungsmelder-on-tour-in-nurnberg_5046"]}]},{"@type":"BreadcrumbList","@id":"https:\/\/blog.zeit.de\/stoerungsmelder\/2010\/11\/22\/storungsmelder-on-tour-in-nurnberg_5046#breadcrumb","itemListElement":[{"@type":"ListItem","position":1,"name":"Startseite","item":"https:\/\/blog.zeit.de\/stoerungsmelder"},{"@type":"ListItem","position":2,"name":"St\u00f6rungsmelder on Tour in N\u00fcrnberg"}]},{"@type":"WebSite","@id":"https:\/\/blog.zeit.de\/stoerungsmelder\/#website","url":"https:\/\/blog.zeit.de\/stoerungsmelder\/","name":"St\u00f6rungsmelder","description":"Recherchen und Analysen \u00fcber die extreme Rechte","potentialAction":[{"@type":"SearchAction","target":{"@type":"EntryPoint","urlTemplate":"https:\/\/blog.zeit.de\/stoerungsmelder\/?s={search_term_string}"},"query-input":"required name=search_term_string"}],"inLanguage":"de"},{"@type":"Person","@id":"https:\/\/blog.zeit.de\/stoerungsmelder\/#\/schema\/person\/8d5e5486ec086bc1988b69e1d2ee5ac2","name":"Markus Kavka","image":{"@type":"ImageObject","inLanguage":"de","@id":"https:\/\/blog.zeit.de\/stoerungsmelder\/#\/schema\/person\/image\/","url":"https:\/\/secure.gravatar.com\/avatar\/c29eae75e1fa927c0612884ab1558620b44a8143764a5f647dcff0b0a454d071?s=96&d=mm&r=pg","contentUrl":"https:\/\/secure.gravatar.com\/avatar\/c29eae75e1fa927c0612884ab1558620b44a8143764a5f647dcff0b0a454d071?s=96&d=mm&r=pg","caption":"Markus Kavka"},"url":"https:\/\/blog.zeit.de\/stoerungsmelder\/author\/markus-kavka"}]}},"jetpack_featured_media_url":"","jetpack_sharing_enabled":true,"_links":{"self":[{"href":"https:\/\/blog.zeit.de\/stoerungsmelder\/wp-json\/wp\/v2\/posts\/5046","targetHints":{"allow":["GET"]}}],"collection":[{"href":"https:\/\/blog.zeit.de\/stoerungsmelder\/wp-json\/wp\/v2\/posts"}],"about":[{"href":"https:\/\/blog.zeit.de\/stoerungsmelder\/wp-json\/wp\/v2\/types\/post"}],"author":[{"embeddable":true,"href":"https:\/\/blog.zeit.de\/stoerungsmelder\/wp-json\/wp\/v2\/users\/230"}],"replies":[{"embeddable":true,"href":"https:\/\/blog.zeit.de\/stoerungsmelder\/wp-json\/wp\/v2\/comments?post=5046"}],"version-history":[{"count":4,"href":"https:\/\/blog.zeit.de\/stoerungsmelder\/wp-json\/wp\/v2\/posts\/5046\/revisions"}],"predecessor-version":[{"id":5050,"href":"https:\/\/blog.zeit.de\/stoerungsmelder\/wp-json\/wp\/v2\/posts\/5046\/revisions\/5050"}],"wp:attachment":[{"href":"https:\/\/blog.zeit.de\/stoerungsmelder\/wp-json\/wp\/v2\/media?parent=5046"}],"wp:term":[{"taxonomy":"category","embeddable":true,"href":"https:\/\/blog.zeit.de\/stoerungsmelder\/wp-json\/wp\/v2\/categories?post=5046"},{"taxonomy":"post_tag","embeddable":true,"href":"https:\/\/blog.zeit.de\/stoerungsmelder\/wp-json\/wp\/v2\/tags?post=5046"}],"curies":[{"name":"wp","href":"https:\/\/api.w.org\/{rel}","templated":true}]}}