{"id":5086,"date":"2010-11-30T15:48:56","date_gmt":"2010-11-30T14:48:56","guid":{"rendered":"http:\/\/blog.zeit.de\/stoerungsmelder\/?p=5086"},"modified":"2010-11-30T15:48:56","modified_gmt":"2010-11-30T14:48:56","slug":"storungsmelder-on-tour-mit-tibor-sturm","status":"publish","type":"post","link":"https:\/\/blog.zeit.de\/stoerungsmelder\/2010\/11\/30\/storungsmelder-on-tour-mit-tibor-sturm_5086","title":{"rendered":"St\u00f6rungsmelder on tour mit Tibor Sturm"},"content":{"rendered":"<p><a href=\"https:\/\/blog.zeit.de\/stoerungsmelder\/files\/2010\/11\/tibor_sturm.jpg\"><img loading=\"lazy\" decoding=\"async\" class=\"aligncenter size-full wp-image-5087\" title=\"tibor_sturm\" src=\"https:\/\/blog.zeit.de\/stoerungsmelder\/files\/2010\/11\/tibor_sturm.jpg\" alt=\"\" width=\"440\" height=\"278\" srcset=\"https:\/\/blog.zeit.de\/stoerungsmelder\/files\/2010\/11\/tibor_sturm.jpg 440w, https:\/\/blog.zeit.de\/stoerungsmelder\/files\/2010\/11\/tibor_sturm-300x189.jpg 300w\" sizes=\"auto, (max-width: 440px) 100vw, 440px\" \/><\/a><\/p>\n<p>\u201eSt\u00f6rungsmelder on tour\u201c besucht mit <a href=\"https:\/\/blog.zeit.de\/stoerungsmelder\/2008\/11\/20\/der-albtraum-des-tibor-sturm_580\">Tibor Sturm<\/a> bundesweit Schulen, zur Pr\u00e4ventionsarbeit, so zum Beispiel die Berufsschule Walter- Eucken Schule in Karlsruhe. Die Sch\u00fclerInnen planen bei dem Projekt SOR- SMC (Schule ohne Rassismus-Schule mit Courage) teilzunehmen. <!--more--><\/p>\n<p><em>Von Madeleine Michael (FSJ-lerin) bei <a href=\"http:\/\/www.gesichtzeigen.de\">Gesicht Zeigen! e.V.<\/a><\/em><\/p>\n<p>Thematisiert wurde bei diesem St\u00f6rungsmelder-Termin das Thema \u201eRassismus erkennen- Gegenstrategien entwickeln\u201c, was unteranderem ein Wunschthema der Sch\u00fclerInnen war. Migration und Integration, Merkmale des Rechtsextremismus gleichzeitig auch m\u00f6gliche Argumentations- und Handlungsstrategien gegen Rechts sind zur Sprache gekommen.<\/p>\n<p>Nach einer kurzen Vorstellungsrunde erz\u00e4hlte Tibor Sturm \u00fcber seine Erlebnisse mit Rechtsextremisten. Um sich besser kennen zu lernen und die Stimmung zu lockern, berichteten die angehenden Kauffrauen und Kaufm\u00e4nner kurz und direkt \u00fcber eine pers\u00f6nliche Erfahrung zum Thema Rechtsextremismus.<\/p>\n<p>Relativ schnell zeigte sich, mit wie viel Fremdenfeindlichkeit Jugendliche heutzutage konfrontiert werden. Implizit rechte Parolen auf Geb\u00e4uden und Fassaden oder rechtsextremistische \u00dcbergriffe sind weniger erlebt worden.<br \/>\nUm den Einstieg in das Thema rechte Ideologie zu erleichtern, wurden Schlagw\u00f6rter z.B. Rassismus, Antisemitismus und Homophobie auf vorgegebenen Zettel ausgeteilt, um diese in Kleingruppen zu bearbeiten. Gemeinsam wurden die dazu passenden Beispiele zugeordnet um dann dar\u00fcber zu diskutieren, welche unterschwelligen Botschaften dahinter stecken. Die Sch\u00fclerInnen evaluierten die Ergebnisse, sodass sie eine kurze Zusammenfassung von einem rechten Weltbild vor Augen hatten.<\/p>\n<p>Wir waren uns einig, dass es Klischee-Vorstellungen gibt, wie ein Nazi aussieht, dennoch ist es kaum vorstellbar einen Neonazis von einem Klamottenstil abh\u00e4ngig zu machen.<\/p>\n<p>Womit wir uns die Frage stellten, wie Neonazis und die NPD heutzutage versuchen die Jugendliche an sich zu rei\u00dfen. Dazu sind wir auf den rassistischen Rapper King Bock (heute nur noch Bock genannt) gekommen, der zwar nicht wie ein stereotypischer Nazi aussieht, dennoch sein menschenverachtendes Gedankengut an die Jugend verbreitet. Dazu bekamen die Sch\u00fclerInnen in Form eines Jingels, den Track des Rappers zu h\u00f6ren. Auch kam die Schulhof- CD der NPD zum Gespr\u00e4ch, worauf wir direkte Handlungsoptionen mit den Sch\u00fclerInnen besprochen haben, um sich aktiv gegen Nazis engagieren zu k\u00f6nnen.<\/p>\n<p>Zu guter letzt wurden offene Fragen und Missverst\u00e4ndnisse zum dem gro\u00dfen Themenblock Rechtsextremismus vom St\u00f6rungsmelder-Team und Tibor Sturm gekl\u00e4rt. Zweifelsohne konnten die Jugendlichen von diesem Fachtag viel mitnehmen. Dennoch muss betont werden, dass vier Schulstunden nicht ausreichen, um das  Thema, welches sehr weitfl\u00e4chig und auch vielschichtig ist, zu besprechen. Es konnten bedauerlicherweise nur Bruchteile der Nazi &#8211; Szene angeschnitten und nur gering vertieft werden. Rechtsextremismus wird uns ein Leben lang begleiten, sexistische, antisemitische sowie rassistische Aussagen und Parolen sind in unsere Gesellschaft eingeflossen und leider auch zum unbewussten Alltag geworden.<\/p>\n<p>Deswegen ist es sehr schade, dass der \u201eSt\u00f6rungsmelder on tour\u201c gegen Ende des Jahres ausl\u00e4uft und bisher nicht weiter finanziert ist. Ein neuer Antrag ist aber in Arbeit.\u00a0 Denn es ist uns nach wie vor wichtig, Projekte in dieser Art weiterhin zu unterst\u00fctzen, um den Menschen in unserer Umgebung ein Bewusstsein zum Thema Rechtsextremismus verschaffen zu k\u00f6nnen und sie ermutigen, sich aktiv gegen Nazis zu engagieren.<\/p>\n","protected":false},"excerpt":{"rendered":"<p>\u201eSt\u00f6rungsmelder on tour\u201c besucht mit Tibor Sturm bundesweit Schulen, zur Pr\u00e4ventionsarbeit, so zum Beispiel die Berufsschule Walter- Eucken Schule in Karlsruhe. Die Sch\u00fclerInnen planen bei dem Projekt SOR- SMC (Schule ohne Rassismus-Schule mit Courage) teilzunehmen.<\/p>\n","protected":false},"author":229,"featured_media":0,"comment_status":"open","ping_status":"open","sticky":false,"template":"","format":"standard","meta":{"_jetpack_memberships_contains_paid_content":false,"footnotes":""},"categories":[1450],"tags":[6375,6376],"class_list":["post-5086","post","type-post","status-publish","format-standard","hentry","category-baden-wurttemberg","tag-gesicht-zeigen","tag-tibor-sturm"],"yoast_head":"<!-- This site is optimized with the Yoast SEO plugin v21.0 - https:\/\/yoast.com\/wordpress\/plugins\/seo\/ -->\n<title>St\u00f6rungsmelder on tour mit Tibor Sturm - St\u00f6rungsmelder<\/title>\n<meta name=\"robots\" content=\"index, follow, max-snippet:-1, max-image-preview:large, max-video-preview:-1\" \/>\n<link rel=\"canonical\" href=\"https:\/\/blog.zeit.de\/stoerungsmelder\/2010\/11\/30\/storungsmelder-on-tour-mit-tibor-sturm_5086\" \/>\n<meta property=\"og:locale\" content=\"de_DE\" \/>\n<meta property=\"og:type\" content=\"article\" \/>\n<meta property=\"og:title\" content=\"St\u00f6rungsmelder on tour mit Tibor Sturm - St\u00f6rungsmelder\" \/>\n<meta property=\"og:description\" content=\"\u201eSt\u00f6rungsmelder on tour\u201c besucht mit Tibor Sturm bundesweit Schulen, zur Pr\u00e4ventionsarbeit, so zum Beispiel die Berufsschule Walter- Eucken Schule in Karlsruhe. Die Sch\u00fclerInnen planen bei dem Projekt SOR- SMC (Schule ohne Rassismus-Schule mit Courage) teilzunehmen.\" \/>\n<meta property=\"og:url\" content=\"https:\/\/blog.zeit.de\/stoerungsmelder\/2010\/11\/30\/storungsmelder-on-tour-mit-tibor-sturm_5086\" \/>\n<meta property=\"og:site_name\" content=\"St\u00f6rungsmelder\" \/>\n<meta property=\"article:published_time\" content=\"2010-11-30T14:48:56+00:00\" \/>\n<meta property=\"og:image\" content=\"https:\/\/blog.zeit.de\/stoerungsmelder\/files\/2010\/11\/tibor_sturm.jpg\" \/>\n<meta name=\"author\" content=\"St\u00f6rungsmelder\" \/>\n<meta name=\"twitter:card\" content=\"summary_large_image\" \/>\n<meta name=\"twitter:label1\" content=\"Geschrieben von\" \/>\n\t<meta name=\"twitter:data1\" content=\"St\u00f6rungsmelder\" \/>\n\t<meta name=\"twitter:label2\" content=\"Gesch\u00e4tzte Lesezeit\" \/>\n\t<meta name=\"twitter:data2\" content=\"3\u00a0Minuten\" \/>\n<script type=\"application\/ld+json\" class=\"yoast-schema-graph\">{\"@context\":\"https:\/\/schema.org\",\"@graph\":[{\"@type\":\"WebPage\",\"@id\":\"https:\/\/blog.zeit.de\/stoerungsmelder\/2010\/11\/30\/storungsmelder-on-tour-mit-tibor-sturm_5086\",\"url\":\"https:\/\/blog.zeit.de\/stoerungsmelder\/2010\/11\/30\/storungsmelder-on-tour-mit-tibor-sturm_5086\",\"name\":\"St\u00f6rungsmelder on tour mit Tibor Sturm - St\u00f6rungsmelder\",\"isPartOf\":{\"@id\":\"https:\/\/blog.zeit.de\/stoerungsmelder\/#website\"},\"datePublished\":\"2010-11-30T14:48:56+00:00\",\"dateModified\":\"2010-11-30T14:48:56+00:00\",\"author\":{\"@id\":\"https:\/\/blog.zeit.de\/stoerungsmelder\/#\/schema\/person\/fdd0b9818f65738672810b6d6f037f71\"},\"breadcrumb\":{\"@id\":\"https:\/\/blog.zeit.de\/stoerungsmelder\/2010\/11\/30\/storungsmelder-on-tour-mit-tibor-sturm_5086#breadcrumb\"},\"inLanguage\":\"de\",\"potentialAction\":[{\"@type\":\"ReadAction\",\"target\":[\"https:\/\/blog.zeit.de\/stoerungsmelder\/2010\/11\/30\/storungsmelder-on-tour-mit-tibor-sturm_5086\"]}]},{\"@type\":\"BreadcrumbList\",\"@id\":\"https:\/\/blog.zeit.de\/stoerungsmelder\/2010\/11\/30\/storungsmelder-on-tour-mit-tibor-sturm_5086#breadcrumb\",\"itemListElement\":[{\"@type\":\"ListItem\",\"position\":1,\"name\":\"Startseite\",\"item\":\"https:\/\/blog.zeit.de\/stoerungsmelder\"},{\"@type\":\"ListItem\",\"position\":2,\"name\":\"St\u00f6rungsmelder on tour mit Tibor Sturm\"}]},{\"@type\":\"WebSite\",\"@id\":\"https:\/\/blog.zeit.de\/stoerungsmelder\/#website\",\"url\":\"https:\/\/blog.zeit.de\/stoerungsmelder\/\",\"name\":\"St\u00f6rungsmelder\",\"description\":\"Recherchen und Analysen \u00fcber die extreme Rechte\",\"potentialAction\":[{\"@type\":\"SearchAction\",\"target\":{\"@type\":\"EntryPoint\",\"urlTemplate\":\"https:\/\/blog.zeit.de\/stoerungsmelder\/?s={search_term_string}\"},\"query-input\":\"required name=search_term_string\"}],\"inLanguage\":\"de\"},{\"@type\":\"Person\",\"@id\":\"https:\/\/blog.zeit.de\/stoerungsmelder\/#\/schema\/person\/fdd0b9818f65738672810b6d6f037f71\",\"name\":\"St\u00f6rungsmelder\",\"image\":{\"@type\":\"ImageObject\",\"inLanguage\":\"de\",\"@id\":\"https:\/\/blog.zeit.de\/stoerungsmelder\/#\/schema\/person\/image\/\",\"url\":\"https:\/\/secure.gravatar.com\/avatar\/dfa4be514c3e82a71e4f9a0020035d38192d080ccaa5e4e6d7a1472c763535c5?s=96&d=mm&r=pg\",\"contentUrl\":\"https:\/\/secure.gravatar.com\/avatar\/dfa4be514c3e82a71e4f9a0020035d38192d080ccaa5e4e6d7a1472c763535c5?s=96&d=mm&r=pg\",\"caption\":\"St\u00f6rungsmelder\"},\"url\":\"https:\/\/blog.zeit.de\/stoerungsmelder\/author\/stoerungsmelder\"}]}<\/script>\n<!-- \/ Yoast SEO plugin. -->","yoast_head_json":{"title":"St\u00f6rungsmelder on tour mit Tibor Sturm - St\u00f6rungsmelder","robots":{"index":"index","follow":"follow","max-snippet":"max-snippet:-1","max-image-preview":"max-image-preview:large","max-video-preview":"max-video-preview:-1"},"canonical":"https:\/\/blog.zeit.de\/stoerungsmelder\/2010\/11\/30\/storungsmelder-on-tour-mit-tibor-sturm_5086","og_locale":"de_DE","og_type":"article","og_title":"St\u00f6rungsmelder on tour mit Tibor Sturm - St\u00f6rungsmelder","og_description":"\u201eSt\u00f6rungsmelder on tour\u201c besucht mit Tibor Sturm bundesweit Schulen, zur Pr\u00e4ventionsarbeit, so zum Beispiel die Berufsschule Walter- Eucken Schule in Karlsruhe. Die Sch\u00fclerInnen planen bei dem Projekt SOR- SMC (Schule ohne Rassismus-Schule mit Courage) teilzunehmen.","og_url":"https:\/\/blog.zeit.de\/stoerungsmelder\/2010\/11\/30\/storungsmelder-on-tour-mit-tibor-sturm_5086","og_site_name":"St\u00f6rungsmelder","article_published_time":"2010-11-30T14:48:56+00:00","og_image":[{"url":"https:\/\/blog.zeit.de\/stoerungsmelder\/files\/2010\/11\/tibor_sturm.jpg"}],"author":"St\u00f6rungsmelder","twitter_card":"summary_large_image","twitter_misc":{"Geschrieben von":"St\u00f6rungsmelder","Gesch\u00e4tzte Lesezeit":"3\u00a0Minuten"},"schema":{"@context":"https:\/\/schema.org","@graph":[{"@type":"WebPage","@id":"https:\/\/blog.zeit.de\/stoerungsmelder\/2010\/11\/30\/storungsmelder-on-tour-mit-tibor-sturm_5086","url":"https:\/\/blog.zeit.de\/stoerungsmelder\/2010\/11\/30\/storungsmelder-on-tour-mit-tibor-sturm_5086","name":"St\u00f6rungsmelder on tour mit Tibor Sturm - St\u00f6rungsmelder","isPartOf":{"@id":"https:\/\/blog.zeit.de\/stoerungsmelder\/#website"},"datePublished":"2010-11-30T14:48:56+00:00","dateModified":"2010-11-30T14:48:56+00:00","author":{"@id":"https:\/\/blog.zeit.de\/stoerungsmelder\/#\/schema\/person\/fdd0b9818f65738672810b6d6f037f71"},"breadcrumb":{"@id":"https:\/\/blog.zeit.de\/stoerungsmelder\/2010\/11\/30\/storungsmelder-on-tour-mit-tibor-sturm_5086#breadcrumb"},"inLanguage":"de","potentialAction":[{"@type":"ReadAction","target":["https:\/\/blog.zeit.de\/stoerungsmelder\/2010\/11\/30\/storungsmelder-on-tour-mit-tibor-sturm_5086"]}]},{"@type":"BreadcrumbList","@id":"https:\/\/blog.zeit.de\/stoerungsmelder\/2010\/11\/30\/storungsmelder-on-tour-mit-tibor-sturm_5086#breadcrumb","itemListElement":[{"@type":"ListItem","position":1,"name":"Startseite","item":"https:\/\/blog.zeit.de\/stoerungsmelder"},{"@type":"ListItem","position":2,"name":"St\u00f6rungsmelder on tour mit Tibor Sturm"}]},{"@type":"WebSite","@id":"https:\/\/blog.zeit.de\/stoerungsmelder\/#website","url":"https:\/\/blog.zeit.de\/stoerungsmelder\/","name":"St\u00f6rungsmelder","description":"Recherchen und Analysen \u00fcber die extreme Rechte","potentialAction":[{"@type":"SearchAction","target":{"@type":"EntryPoint","urlTemplate":"https:\/\/blog.zeit.de\/stoerungsmelder\/?s={search_term_string}"},"query-input":"required name=search_term_string"}],"inLanguage":"de"},{"@type":"Person","@id":"https:\/\/blog.zeit.de\/stoerungsmelder\/#\/schema\/person\/fdd0b9818f65738672810b6d6f037f71","name":"St\u00f6rungsmelder","image":{"@type":"ImageObject","inLanguage":"de","@id":"https:\/\/blog.zeit.de\/stoerungsmelder\/#\/schema\/person\/image\/","url":"https:\/\/secure.gravatar.com\/avatar\/dfa4be514c3e82a71e4f9a0020035d38192d080ccaa5e4e6d7a1472c763535c5?s=96&d=mm&r=pg","contentUrl":"https:\/\/secure.gravatar.com\/avatar\/dfa4be514c3e82a71e4f9a0020035d38192d080ccaa5e4e6d7a1472c763535c5?s=96&d=mm&r=pg","caption":"St\u00f6rungsmelder"},"url":"https:\/\/blog.zeit.de\/stoerungsmelder\/author\/stoerungsmelder"}]}},"jetpack_featured_media_url":"","jetpack_sharing_enabled":true,"_links":{"self":[{"href":"https:\/\/blog.zeit.de\/stoerungsmelder\/wp-json\/wp\/v2\/posts\/5086","targetHints":{"allow":["GET"]}}],"collection":[{"href":"https:\/\/blog.zeit.de\/stoerungsmelder\/wp-json\/wp\/v2\/posts"}],"about":[{"href":"https:\/\/blog.zeit.de\/stoerungsmelder\/wp-json\/wp\/v2\/types\/post"}],"author":[{"embeddable":true,"href":"https:\/\/blog.zeit.de\/stoerungsmelder\/wp-json\/wp\/v2\/users\/229"}],"replies":[{"embeddable":true,"href":"https:\/\/blog.zeit.de\/stoerungsmelder\/wp-json\/wp\/v2\/comments?post=5086"}],"version-history":[{"count":6,"href":"https:\/\/blog.zeit.de\/stoerungsmelder\/wp-json\/wp\/v2\/posts\/5086\/revisions"}],"predecessor-version":[{"id":5093,"href":"https:\/\/blog.zeit.de\/stoerungsmelder\/wp-json\/wp\/v2\/posts\/5086\/revisions\/5093"}],"wp:attachment":[{"href":"https:\/\/blog.zeit.de\/stoerungsmelder\/wp-json\/wp\/v2\/media?parent=5086"}],"wp:term":[{"taxonomy":"category","embeddable":true,"href":"https:\/\/blog.zeit.de\/stoerungsmelder\/wp-json\/wp\/v2\/categories?post=5086"},{"taxonomy":"post_tag","embeddable":true,"href":"https:\/\/blog.zeit.de\/stoerungsmelder\/wp-json\/wp\/v2\/tags?post=5086"}],"curies":[{"name":"wp","href":"https:\/\/api.w.org\/{rel}","templated":true}]}}