{"id":5094,"date":"2010-12-01T14:42:35","date_gmt":"2010-12-01T13:42:35","guid":{"rendered":"http:\/\/blog.zeit.de\/stoerungsmelder\/?p=5094"},"modified":"2010-12-01T14:42:35","modified_gmt":"2010-12-01T13:42:35","slug":"der-preis-rechtsextremer-gewalt","status":"publish","type":"post","link":"https:\/\/blog.zeit.de\/stoerungsmelder\/2010\/12\/01\/der-preis-rechtsextremer-gewalt_5094","title":{"rendered":"Der Preis rechtsextremer Gewalt"},"content":{"rendered":"<p><figure id=\"attachment_4581\" aria-describedby=\"caption-attachment-4581\" style=\"width: 540px\" class=\"wp-caption aligncenter\"><a href=\"https:\/\/blog.zeit.de\/stoerungsmelder\/files\/2010\/09\/trauer-rick-langenstein-540x304.jpg\"><img loading=\"lazy\" decoding=\"async\" class=\"size-full wp-image-4581\" title=\"trauer-rick-langenstein-540x304\" src=\"https:\/\/blog.zeit.de\/stoerungsmelder\/files\/2010\/09\/trauer-rick-langenstein-540x304.jpg\" alt=\"\" width=\"540\" height=\"304\" srcset=\"https:\/\/blog.zeit.de\/stoerungsmelder\/files\/2010\/09\/trauer-rick-langenstein-540x304.jpg 540w, https:\/\/blog.zeit.de\/stoerungsmelder\/files\/2010\/09\/trauer-rick-langenstein-540x304-300x168.jpg 300w\" sizes=\"auto, (max-width: 540px) 100vw, 540px\" \/><\/a><figcaption id=\"caption-attachment-4581\" class=\"wp-caption-text\">Eines von 137 Todesopfern - Freunde trauern um Rick Langenstein, der 2008 von einem Neonazi in Magdeburg erschlagen wurde \u00a9 Getty<\/figcaption><\/figure><\/p>\n<p>Auf das Konto Rechter gehen Verletzungen, Beleidigungen \u2013 und <a href=\"http:\/\/www.zeit.de\/2010\/38\/Rechte-Gewalt\">seit 1990 mindestens 137 Tote<\/a>. Ihre Brutalit\u00e4t verletzt, k\u00f6rperlich wie seelisch. Seit 2007 erhielten Opfer rechter \u00dcberf\u00e4lle fast eine halbe Million Euro Entsch\u00e4digung vom Staat.<!--more--><\/p>\n<p><em>Von <a href=\"http:\/\/www.tagesspiegel.de\">Tagesspiegel<\/a>-Autor Frank Jansen<\/em><\/p>\n<p>Die finanziellen Kosten der Gewalt von Rechtsextremen hat jetzt die Linksfraktion im Bundestag durch eine Kleine Anfrage zutage gef\u00f6rdert. Aus der Antwort der Bundesregierung, die dem Tagesspiegel vorliegt, geht hervor, dass das Bundesamt f\u00fcr Justiz von 2007 bis zum Oktober 2010 insgesamt 472 805 Euro an Personen zahlte, die von Rechtsextremisten geschlagen oder auf andere Weise attackiert wurden. Demnach zahlte die Beh\u00f6rde 2007 insgesamt 78 200 Euro sogenannter H\u00e4rteleistungen an Opfer rechter Gewalt. Im Jahr 2008 waren es 105 450 Euro, im Jahr 2009 sogar 234 210 Euro und in diesem Jahr, bis zum Oktober, 54 945 Euro.<\/p>\n<p>Den h\u00f6chsten Einzelbetrag, 75 000 Euro, erhielt ein Opfer, das seit einem rechten Angriff gel\u00e4hmt ist. Eine Person, die ein Sch\u00e4deltrauma und eine schwere Augenverletzung erlitt, bekam 20 000 Euro. Das Kind einer Frau, die von einem Rechtsextremisten get\u00f6tet wurde, erhielt 15 000 Euro. Das Bundesamt zahlte auch kleine Summen aus, wenn die rechten Angriffe weniger gravierend waren. So erhielten Personen, die beleidigt und nur leicht verletzt wurden, zwischen 100 und 200 Euro. Einen Teil des Geldes konnte der Staat durch \u201eGeltendmachen von Regressen gegen\u00fcber den T\u00e4tern\u201c wieder hereinholen. Von 2007 bis Oktober 2010 entrichteten rechtsextreme Kriminelle, teilweise freiwillig, 204 672 Euro.<\/p>\n<p>In der Antwort der Bundesregierung finden sich auch Angaben zu den Antr\u00e4gen auf Entsch\u00e4digung, die Opfer rechter Angriffe gestellt haben. Die Zahlen reichen zur\u00fcck bis ins Jahr 2001, als der Bundestag mit dem damaligen Haushaltsgesetz den Opfern rechtsextremer Attacken die M\u00f6glichkeit auf Antr\u00e4ge er\u00f6ffnete. Bis Anfang November 2010 wurden insgesamt 1261 Antr\u00e4ge gestellt, in 875 F\u00e4llen (bis Ende 2009) erfolgten auch Zahlungen. Die meisten Antr\u00e4ge wurden bislang in Brandenburg gestellt (313), das passt zu den regelm\u00e4\u00dfig hohen Zahlen rechter Gewaltdelikte in dem Land. In Berlin stellten Opfer rechter Angriffe 111 Antr\u00e4ge auf H\u00e4rteleistungen. Die wenigsten Antr\u00e4ge gab es in Hamburg (f\u00fcnf) und Bremen (einer), im Saarland keinen einzigen. Wie viel Geld die Opfer rechter Gewalt in der Zeit von 2001 bis 2006 erhielten, dem Jahr vor der Gr\u00fcndung des Bundesamtes f\u00fcr Justiz, steht in der Antwort der Regierung allerdings nicht.<\/p>\n<p>Offen bleibt auch, warum deutlich weniger Opfer rechter Gewalt eine Entsch\u00e4digung beantragen, als die Polizei in den Kriminalstatistiken ausweist. So wurden im vergangenen Jahr knapp 1000 Menschen bei rechten Angriffen verletzt, doch im Bundesamt f\u00fcr Justiz gingen nur 125 Antr\u00e4ge auf Entsch\u00e4digung ein. Die Gr\u00fcnde daf\u00fcr seien nicht bekannt, schreibt die Bundesregierung in ihrer Antwort auf die Kleine Anfrage. Die Linksfraktion moniert, fehlende Beratung erschwere die finanzielle Entsch\u00e4digung f\u00fcr Opfer rechtsextremer Gewalt. Ein weiterer Grund ist offenbar der Mangel an nicht staatlichen Beratungsstellen in Westdeutschland. In den neuen Bundesl\u00e4ndern und in Berlin sind dagegen bereits seit vielen Jahren Vereine t\u00e4tig, die Opfer rechter Gewalt intensiv betreuen.<\/p>\n<p>Opfer linker Gewalt, die eine H\u00e4rteleistung beantragen, gibt es bislang nicht. Obwohl seit Januar 2010 der Kreis der Anspruchsberechtigten auf Opfer extremistischer Attacken insgesamt erweitert ist, seien \u201ekeine Antr\u00e4ge auf Bewilligung einer H\u00e4rteleistung betreffend andere als rechtsextremistisch motivierte \u00dcbergriffe eingegangen\u201c, hei\u00dft es in der Antwort der Regierung. Zu einer Erkl\u00e4rung daf\u00fcr sieht sie sich nicht in der Lage, da \u201enoch keine gesicherten Erkenntnisse\u201c vorl\u00e4gen. Der Etat des Bundesamtes f\u00fcr Justiz ist allerdings in diesem Jahr um 700 000 Euro auf eine Million aufgestockt worden, um auch die Opfer von linksextremer und islamistischer Gewalt entsch\u00e4digen zu k\u00f6nnen. Im vergangenen Jahr hatte die Polizei bundesweit etwa 800 Opfer linker Gewalt registriert.<\/p>\n","protected":false},"excerpt":{"rendered":"<p>Auf das Konto Rechter gehen Verletzungen, Beleidigungen \u2013 und seit 1990 mindestens 137 Tote. Ihre Brutalit\u00e4t verletzt, k\u00f6rperlich wie seelisch. Seit 2007 erhielten Opfer rechter \u00dcberf\u00e4lle fast eine halbe Million Euro Entsch\u00e4digung vom Staat.<\/p>\n","protected":false},"author":229,"featured_media":0,"comment_status":"open","ping_status":"open","sticky":false,"template":"","format":"standard","meta":{"_jetpack_memberships_contains_paid_content":false,"footnotes":""},"categories":[1515],"tags":[1587,1638,6377],"class_list":["post-5094","post","type-post","status-publish","format-standard","hentry","category-bundesweit","tag-gewalt","tag-justiz","tag-todesopfer"],"yoast_head":"<!-- This site is optimized with the Yoast SEO plugin v21.0 - https:\/\/yoast.com\/wordpress\/plugins\/seo\/ -->\n<title>Der Preis rechtsextremer Gewalt - St\u00f6rungsmelder<\/title>\n<meta name=\"robots\" content=\"index, follow, max-snippet:-1, max-image-preview:large, max-video-preview:-1\" \/>\n<link rel=\"canonical\" href=\"https:\/\/blog.zeit.de\/stoerungsmelder\/2010\/12\/01\/der-preis-rechtsextremer-gewalt_5094\" \/>\n<meta property=\"og:locale\" content=\"de_DE\" \/>\n<meta property=\"og:type\" content=\"article\" \/>\n<meta property=\"og:title\" content=\"Der Preis rechtsextremer Gewalt - St\u00f6rungsmelder\" \/>\n<meta property=\"og:description\" content=\"Auf das Konto Rechter gehen Verletzungen, Beleidigungen \u2013 und seit 1990 mindestens 137 Tote. Ihre Brutalit\u00e4t verletzt, k\u00f6rperlich wie seelisch. Seit 2007 erhielten Opfer rechter \u00dcberf\u00e4lle fast eine halbe Million Euro Entsch\u00e4digung vom Staat.\" \/>\n<meta property=\"og:url\" content=\"https:\/\/blog.zeit.de\/stoerungsmelder\/2010\/12\/01\/der-preis-rechtsextremer-gewalt_5094\" \/>\n<meta property=\"og:site_name\" content=\"St\u00f6rungsmelder\" \/>\n<meta property=\"article:published_time\" content=\"2010-12-01T13:42:35+00:00\" \/>\n<meta property=\"og:image\" content=\"https:\/\/blog.zeit.de\/stoerungsmelder\/files\/2010\/09\/trauer-rick-langenstein-540x304.jpg\" \/>\n<meta name=\"author\" content=\"St\u00f6rungsmelder\" \/>\n<meta name=\"twitter:card\" content=\"summary_large_image\" \/>\n<meta name=\"twitter:label1\" content=\"Geschrieben von\" \/>\n\t<meta name=\"twitter:data1\" content=\"St\u00f6rungsmelder\" \/>\n\t<meta name=\"twitter:label2\" content=\"Gesch\u00e4tzte Lesezeit\" \/>\n\t<meta name=\"twitter:data2\" content=\"3\u00a0Minuten\" \/>\n<script type=\"application\/ld+json\" class=\"yoast-schema-graph\">{\"@context\":\"https:\/\/schema.org\",\"@graph\":[{\"@type\":\"WebPage\",\"@id\":\"https:\/\/blog.zeit.de\/stoerungsmelder\/2010\/12\/01\/der-preis-rechtsextremer-gewalt_5094\",\"url\":\"https:\/\/blog.zeit.de\/stoerungsmelder\/2010\/12\/01\/der-preis-rechtsextremer-gewalt_5094\",\"name\":\"Der Preis rechtsextremer Gewalt - St\u00f6rungsmelder\",\"isPartOf\":{\"@id\":\"https:\/\/blog.zeit.de\/stoerungsmelder\/#website\"},\"datePublished\":\"2010-12-01T13:42:35+00:00\",\"dateModified\":\"2010-12-01T13:42:35+00:00\",\"author\":{\"@id\":\"https:\/\/blog.zeit.de\/stoerungsmelder\/#\/schema\/person\/fdd0b9818f65738672810b6d6f037f71\"},\"breadcrumb\":{\"@id\":\"https:\/\/blog.zeit.de\/stoerungsmelder\/2010\/12\/01\/der-preis-rechtsextremer-gewalt_5094#breadcrumb\"},\"inLanguage\":\"de\",\"potentialAction\":[{\"@type\":\"ReadAction\",\"target\":[\"https:\/\/blog.zeit.de\/stoerungsmelder\/2010\/12\/01\/der-preis-rechtsextremer-gewalt_5094\"]}]},{\"@type\":\"BreadcrumbList\",\"@id\":\"https:\/\/blog.zeit.de\/stoerungsmelder\/2010\/12\/01\/der-preis-rechtsextremer-gewalt_5094#breadcrumb\",\"itemListElement\":[{\"@type\":\"ListItem\",\"position\":1,\"name\":\"Startseite\",\"item\":\"https:\/\/blog.zeit.de\/stoerungsmelder\"},{\"@type\":\"ListItem\",\"position\":2,\"name\":\"Der Preis rechtsextremer Gewalt\"}]},{\"@type\":\"WebSite\",\"@id\":\"https:\/\/blog.zeit.de\/stoerungsmelder\/#website\",\"url\":\"https:\/\/blog.zeit.de\/stoerungsmelder\/\",\"name\":\"St\u00f6rungsmelder\",\"description\":\"Recherchen und Analysen \u00fcber die extreme Rechte\",\"potentialAction\":[{\"@type\":\"SearchAction\",\"target\":{\"@type\":\"EntryPoint\",\"urlTemplate\":\"https:\/\/blog.zeit.de\/stoerungsmelder\/?s={search_term_string}\"},\"query-input\":\"required name=search_term_string\"}],\"inLanguage\":\"de\"},{\"@type\":\"Person\",\"@id\":\"https:\/\/blog.zeit.de\/stoerungsmelder\/#\/schema\/person\/fdd0b9818f65738672810b6d6f037f71\",\"name\":\"St\u00f6rungsmelder\",\"image\":{\"@type\":\"ImageObject\",\"inLanguage\":\"de\",\"@id\":\"https:\/\/blog.zeit.de\/stoerungsmelder\/#\/schema\/person\/image\/\",\"url\":\"https:\/\/secure.gravatar.com\/avatar\/dfa4be514c3e82a71e4f9a0020035d38192d080ccaa5e4e6d7a1472c763535c5?s=96&d=mm&r=pg\",\"contentUrl\":\"https:\/\/secure.gravatar.com\/avatar\/dfa4be514c3e82a71e4f9a0020035d38192d080ccaa5e4e6d7a1472c763535c5?s=96&d=mm&r=pg\",\"caption\":\"St\u00f6rungsmelder\"},\"url\":\"https:\/\/blog.zeit.de\/stoerungsmelder\/author\/stoerungsmelder\"}]}<\/script>\n<!-- \/ Yoast SEO plugin. -->","yoast_head_json":{"title":"Der Preis rechtsextremer Gewalt - St\u00f6rungsmelder","robots":{"index":"index","follow":"follow","max-snippet":"max-snippet:-1","max-image-preview":"max-image-preview:large","max-video-preview":"max-video-preview:-1"},"canonical":"https:\/\/blog.zeit.de\/stoerungsmelder\/2010\/12\/01\/der-preis-rechtsextremer-gewalt_5094","og_locale":"de_DE","og_type":"article","og_title":"Der Preis rechtsextremer Gewalt - St\u00f6rungsmelder","og_description":"Auf das Konto Rechter gehen Verletzungen, Beleidigungen \u2013 und seit 1990 mindestens 137 Tote. Ihre Brutalit\u00e4t verletzt, k\u00f6rperlich wie seelisch. Seit 2007 erhielten Opfer rechter \u00dcberf\u00e4lle fast eine halbe Million Euro Entsch\u00e4digung vom Staat.","og_url":"https:\/\/blog.zeit.de\/stoerungsmelder\/2010\/12\/01\/der-preis-rechtsextremer-gewalt_5094","og_site_name":"St\u00f6rungsmelder","article_published_time":"2010-12-01T13:42:35+00:00","og_image":[{"url":"https:\/\/blog.zeit.de\/stoerungsmelder\/files\/2010\/09\/trauer-rick-langenstein-540x304.jpg"}],"author":"St\u00f6rungsmelder","twitter_card":"summary_large_image","twitter_misc":{"Geschrieben von":"St\u00f6rungsmelder","Gesch\u00e4tzte Lesezeit":"3\u00a0Minuten"},"schema":{"@context":"https:\/\/schema.org","@graph":[{"@type":"WebPage","@id":"https:\/\/blog.zeit.de\/stoerungsmelder\/2010\/12\/01\/der-preis-rechtsextremer-gewalt_5094","url":"https:\/\/blog.zeit.de\/stoerungsmelder\/2010\/12\/01\/der-preis-rechtsextremer-gewalt_5094","name":"Der Preis rechtsextremer Gewalt - St\u00f6rungsmelder","isPartOf":{"@id":"https:\/\/blog.zeit.de\/stoerungsmelder\/#website"},"datePublished":"2010-12-01T13:42:35+00:00","dateModified":"2010-12-01T13:42:35+00:00","author":{"@id":"https:\/\/blog.zeit.de\/stoerungsmelder\/#\/schema\/person\/fdd0b9818f65738672810b6d6f037f71"},"breadcrumb":{"@id":"https:\/\/blog.zeit.de\/stoerungsmelder\/2010\/12\/01\/der-preis-rechtsextremer-gewalt_5094#breadcrumb"},"inLanguage":"de","potentialAction":[{"@type":"ReadAction","target":["https:\/\/blog.zeit.de\/stoerungsmelder\/2010\/12\/01\/der-preis-rechtsextremer-gewalt_5094"]}]},{"@type":"BreadcrumbList","@id":"https:\/\/blog.zeit.de\/stoerungsmelder\/2010\/12\/01\/der-preis-rechtsextremer-gewalt_5094#breadcrumb","itemListElement":[{"@type":"ListItem","position":1,"name":"Startseite","item":"https:\/\/blog.zeit.de\/stoerungsmelder"},{"@type":"ListItem","position":2,"name":"Der Preis rechtsextremer Gewalt"}]},{"@type":"WebSite","@id":"https:\/\/blog.zeit.de\/stoerungsmelder\/#website","url":"https:\/\/blog.zeit.de\/stoerungsmelder\/","name":"St\u00f6rungsmelder","description":"Recherchen und Analysen \u00fcber die extreme Rechte","potentialAction":[{"@type":"SearchAction","target":{"@type":"EntryPoint","urlTemplate":"https:\/\/blog.zeit.de\/stoerungsmelder\/?s={search_term_string}"},"query-input":"required name=search_term_string"}],"inLanguage":"de"},{"@type":"Person","@id":"https:\/\/blog.zeit.de\/stoerungsmelder\/#\/schema\/person\/fdd0b9818f65738672810b6d6f037f71","name":"St\u00f6rungsmelder","image":{"@type":"ImageObject","inLanguage":"de","@id":"https:\/\/blog.zeit.de\/stoerungsmelder\/#\/schema\/person\/image\/","url":"https:\/\/secure.gravatar.com\/avatar\/dfa4be514c3e82a71e4f9a0020035d38192d080ccaa5e4e6d7a1472c763535c5?s=96&d=mm&r=pg","contentUrl":"https:\/\/secure.gravatar.com\/avatar\/dfa4be514c3e82a71e4f9a0020035d38192d080ccaa5e4e6d7a1472c763535c5?s=96&d=mm&r=pg","caption":"St\u00f6rungsmelder"},"url":"https:\/\/blog.zeit.de\/stoerungsmelder\/author\/stoerungsmelder"}]}},"jetpack_featured_media_url":"","jetpack_sharing_enabled":true,"_links":{"self":[{"href":"https:\/\/blog.zeit.de\/stoerungsmelder\/wp-json\/wp\/v2\/posts\/5094","targetHints":{"allow":["GET"]}}],"collection":[{"href":"https:\/\/blog.zeit.de\/stoerungsmelder\/wp-json\/wp\/v2\/posts"}],"about":[{"href":"https:\/\/blog.zeit.de\/stoerungsmelder\/wp-json\/wp\/v2\/types\/post"}],"author":[{"embeddable":true,"href":"https:\/\/blog.zeit.de\/stoerungsmelder\/wp-json\/wp\/v2\/users\/229"}],"replies":[{"embeddable":true,"href":"https:\/\/blog.zeit.de\/stoerungsmelder\/wp-json\/wp\/v2\/comments?post=5094"}],"version-history":[{"count":4,"href":"https:\/\/blog.zeit.de\/stoerungsmelder\/wp-json\/wp\/v2\/posts\/5094\/revisions"}],"predecessor-version":[{"id":5099,"href":"https:\/\/blog.zeit.de\/stoerungsmelder\/wp-json\/wp\/v2\/posts\/5094\/revisions\/5099"}],"wp:attachment":[{"href":"https:\/\/blog.zeit.de\/stoerungsmelder\/wp-json\/wp\/v2\/media?parent=5094"}],"wp:term":[{"taxonomy":"category","embeddable":true,"href":"https:\/\/blog.zeit.de\/stoerungsmelder\/wp-json\/wp\/v2\/categories?post=5094"},{"taxonomy":"post_tag","embeddable":true,"href":"https:\/\/blog.zeit.de\/stoerungsmelder\/wp-json\/wp\/v2\/tags?post=5094"}],"curies":[{"name":"wp","href":"https:\/\/api.w.org\/{rel}","templated":true}]}}