{"id":5101,"date":"2010-12-01T22:09:51","date_gmt":"2010-12-01T21:09:51","guid":{"rendered":"http:\/\/blog.zeit.de\/stoerungsmelder\/?p=5101"},"modified":"2017-07-08T16:40:30","modified_gmt":"2017-07-08T14:40:30","slug":"neuer-thor-steinar-laden-mitten-im-europa-center","status":"publish","type":"post","link":"https:\/\/blog.zeit.de\/stoerungsmelder\/2010\/12\/01\/neuer-thor-steinar-laden-mitten-im-europa-center_5101","title":{"rendered":"Neuer Thor Steinar-Laden mitten im Europa-Center"},"content":{"rendered":"<p><figure id=\"attachment_5106\" aria-describedby=\"caption-attachment-5106\" style=\"width: 539px\" class=\"wp-caption aligncenter\"><a href=\"https:\/\/blog.zeit.de\/stoerungsmelder\/files\/2010\/12\/thor_europa.jpg\"><img loading=\"lazy\" decoding=\"async\" class=\"size-full wp-image-5106\" src=\"https:\/\/blog.zeit.de\/stoerungsmelder\/files\/2010\/12\/thor_europa.jpg\" alt=\"\" width=\"539\" height=\"303\" srcset=\"https:\/\/blog.zeit.de\/stoerungsmelder\/files\/2010\/12\/thor_europa.jpg 640w, https:\/\/blog.zeit.de\/stoerungsmelder\/files\/2010\/12\/thor_europa-300x168.jpg 300w\" sizes=\"auto, (max-width: 539px) 100vw, 539px\" \/><\/a><figcaption id=\"caption-attachment-5106\" class=\"wp-caption-text\">Neuer Laden mit altem Logo - &quot;Nordic Brands&quot; im Europa-Center  \u00a9 Indymedia<\/figcaption><\/figure><\/p>\n<p style=\"text-align: center\">\n<p>Gerade erst wurde der Thor Steinar-Laden in der Rosa-Luxemburg-Stra\u00dfe in Mitte mit einer R\u00e4umungsklage zum Auszug gezwungen, schon er\u00f6ffnet ein neues Gesch\u00e4ft, dass die bei Neonazis \u00e4u\u00dferst beliebte Modemarke vertreibt. Dieses Mal mitten im Europa-Center in der Tauentzienstra\u00dfe. Glatzk\u00f6pfige M\u00e4nner in sportlicher Kleidung standen am Mittwoch hinter den Schaufenstern, die mit gro\u00dfen Thor Steinar-Plakaten geschm\u00fcckt sind. Oben in der Leuchtreklame ist das alte Logo der Marke zu sehen, das zeitweise aufgrund von \u00c4hnlichkeiten mit NS-Symbolen verboten war.<!--more--><\/p>\n<p>Die Betreiber des Europa-Centers wurden von dem neuen Gesch\u00e4ft \u201eNordic Brands\u201c offenbar v\u00f6llig \u00fcberrascht. Man habe mit den Ladeninhabern schon seit Jahren Mietvertr\u00e4ge, jetzt habe das Gesch\u00e4ft pl\u00f6tzlich den Namen ge\u00e4ndert und ein neues Sortiment ins Programm genommen. Bisher war dort ein ganz normales Modegesch\u00e4ft namens \u201eShooter\u201c. \u201eWir haben die Betreiber sofort aufgefordert, Thor Steinar aus dem Sortiment zu entfernen\u201c, sagte Centermanager Uwe Timm. \u201eSo ein Gesch\u00e4ft hat hier keinen Platz.\u201c Er hoffe, dass die Marke schnell aus dem Europacenter verschwindet. \u201eFalls nicht, werden wir die rechtlichen Mittel voll aussch\u00f6pfen.\u201c<\/p>\n<p>Linke Gruppen k\u00fcndigten bereits f\u00fcr die n\u00e4chsten Tage erste Aktionen gegen das Gesch\u00e4ft an. \u201eJetzt ist breiter Protest wichtig\u201c, sagte Lars Laumeyer von der Antifaschistischen Linken Berlin. \u201eHauptsache der Laden schlie\u00dft so schnell wie m\u00f6glich wieder.\u201c In den letzten Jahren gab es immer wieder \u00c4rger wegen der umstrittenen Mode der Brandenburger Firma Mediatex. Mehrere Gesch\u00e4fte, unter anderem im Ringcenter in Friedrichshain, nahmen die Kleidung nach massiver Kritik aus dem Sortiment. Der Verfassungsschutz bezeichnete die Marke zuletzt als \u201eszenetypisches Erkennungs- sowie Abgrenzungsmerkmal\u201c. Im Deutschen Bundestag, vielen Berliner Klubs und mehreren deutschen Fu\u00dfballstadien ist das Tragen von Thor Steinar-Kleidung schon lange verboten.<\/p>\n<p><img loading=\"lazy\" decoding=\"async\" src=\"http:\/\/vg01.met.vgwort.de\/na\/e1cf6f7355c1482b8f3ed5e4063d5ff1\" alt=\"\" width=\"1\" height=\"1\" \/><\/p>\n","protected":false},"excerpt":{"rendered":"<p>Gerade erst wurde der Thor Steinar-Laden in der Rosa-Luxemburg-Stra\u00dfe in Mitte mit einer R\u00e4umungsklage zum Auszug gezwungen, schon er\u00f6ffnet ein neues Gesch\u00e4ft, dass die bei Neonazis \u00e4u\u00dferst beliebte Modemarke vertreibt. Dieses Mal mitten im Europa-Center in der Tauentzienstra\u00dfe. Glatzk\u00f6pfige M\u00e4nner in sportlicher Kleidung standen am Mittwoch hinter den Schaufenstern, die mit gro\u00dfen Thor Steinar-Plakaten geschm\u00fcckt [&hellip;]<\/p>\n","protected":false},"author":229,"featured_media":0,"comment_status":"open","ping_status":"open","sticky":false,"template":"","format":"standard","meta":{"_jetpack_memberships_contains_paid_content":false,"footnotes":""},"categories":[249],"tags":[6378,1752,1818,1858],"class_list":["post-5101","post","type-post","status-publish","format-standard","hentry","category-berlin","tag-europa-center","tag-protest","tag-thor-steinar","tag-zivilcourage"],"yoast_head":"<!-- This site is optimized with the Yoast SEO plugin v21.0 - https:\/\/yoast.com\/wordpress\/plugins\/seo\/ -->\n<title>Neuer Thor Steinar-Laden mitten im Europa-Center - St\u00f6rungsmelder<\/title>\n<meta name=\"robots\" content=\"index, follow, max-snippet:-1, max-image-preview:large, max-video-preview:-1\" \/>\n<link rel=\"canonical\" href=\"https:\/\/blog.zeit.de\/stoerungsmelder\/2010\/12\/01\/neuer-thor-steinar-laden-mitten-im-europa-center_5101\" \/>\n<meta property=\"og:locale\" content=\"de_DE\" \/>\n<meta property=\"og:type\" content=\"article\" \/>\n<meta property=\"og:title\" content=\"Neuer Thor Steinar-Laden mitten im Europa-Center - St\u00f6rungsmelder\" \/>\n<meta property=\"og:description\" content=\"Gerade erst wurde der Thor Steinar-Laden in der Rosa-Luxemburg-Stra\u00dfe in Mitte mit einer R\u00e4umungsklage zum Auszug gezwungen, schon er\u00f6ffnet ein neues Gesch\u00e4ft, dass die bei Neonazis \u00e4u\u00dferst beliebte Modemarke vertreibt. Dieses Mal mitten im Europa-Center in der Tauentzienstra\u00dfe. Glatzk\u00f6pfige M\u00e4nner in sportlicher Kleidung standen am Mittwoch hinter den Schaufenstern, die mit gro\u00dfen Thor Steinar-Plakaten geschm\u00fcckt [&hellip;]\" \/>\n<meta property=\"og:url\" content=\"https:\/\/blog.zeit.de\/stoerungsmelder\/2010\/12\/01\/neuer-thor-steinar-laden-mitten-im-europa-center_5101\" \/>\n<meta property=\"og:site_name\" content=\"St\u00f6rungsmelder\" \/>\n<meta property=\"article:published_time\" content=\"2010-12-01T21:09:51+00:00\" \/>\n<meta property=\"article:modified_time\" content=\"2017-07-08T14:40:30+00:00\" \/>\n<meta property=\"og:image\" content=\"https:\/\/blog.zeit.de\/stoerungsmelder\/files\/2010\/12\/thor_europa.jpg\" \/>\n<meta name=\"author\" content=\"St\u00f6rungsmelder\" \/>\n<meta name=\"twitter:card\" content=\"summary_large_image\" \/>\n<meta name=\"twitter:label1\" content=\"Geschrieben von\" \/>\n\t<meta name=\"twitter:data1\" content=\"St\u00f6rungsmelder\" \/>\n\t<meta name=\"twitter:label2\" content=\"Gesch\u00e4tzte Lesezeit\" \/>\n\t<meta name=\"twitter:data2\" content=\"2\u00a0Minuten\" \/>\n<script type=\"application\/ld+json\" class=\"yoast-schema-graph\">{\"@context\":\"https:\/\/schema.org\",\"@graph\":[{\"@type\":\"WebPage\",\"@id\":\"https:\/\/blog.zeit.de\/stoerungsmelder\/2010\/12\/01\/neuer-thor-steinar-laden-mitten-im-europa-center_5101\",\"url\":\"https:\/\/blog.zeit.de\/stoerungsmelder\/2010\/12\/01\/neuer-thor-steinar-laden-mitten-im-europa-center_5101\",\"name\":\"Neuer Thor Steinar-Laden mitten im Europa-Center - St\u00f6rungsmelder\",\"isPartOf\":{\"@id\":\"https:\/\/blog.zeit.de\/stoerungsmelder\/#website\"},\"datePublished\":\"2010-12-01T21:09:51+00:00\",\"dateModified\":\"2017-07-08T14:40:30+00:00\",\"author\":{\"@id\":\"https:\/\/blog.zeit.de\/stoerungsmelder\/#\/schema\/person\/fdd0b9818f65738672810b6d6f037f71\"},\"breadcrumb\":{\"@id\":\"https:\/\/blog.zeit.de\/stoerungsmelder\/2010\/12\/01\/neuer-thor-steinar-laden-mitten-im-europa-center_5101#breadcrumb\"},\"inLanguage\":\"de\",\"potentialAction\":[{\"@type\":\"ReadAction\",\"target\":[\"https:\/\/blog.zeit.de\/stoerungsmelder\/2010\/12\/01\/neuer-thor-steinar-laden-mitten-im-europa-center_5101\"]}]},{\"@type\":\"BreadcrumbList\",\"@id\":\"https:\/\/blog.zeit.de\/stoerungsmelder\/2010\/12\/01\/neuer-thor-steinar-laden-mitten-im-europa-center_5101#breadcrumb\",\"itemListElement\":[{\"@type\":\"ListItem\",\"position\":1,\"name\":\"Startseite\",\"item\":\"https:\/\/blog.zeit.de\/stoerungsmelder\"},{\"@type\":\"ListItem\",\"position\":2,\"name\":\"Neuer Thor Steinar-Laden mitten im Europa-Center\"}]},{\"@type\":\"WebSite\",\"@id\":\"https:\/\/blog.zeit.de\/stoerungsmelder\/#website\",\"url\":\"https:\/\/blog.zeit.de\/stoerungsmelder\/\",\"name\":\"St\u00f6rungsmelder\",\"description\":\"Recherchen und Analysen \u00fcber die extreme Rechte\",\"potentialAction\":[{\"@type\":\"SearchAction\",\"target\":{\"@type\":\"EntryPoint\",\"urlTemplate\":\"https:\/\/blog.zeit.de\/stoerungsmelder\/?s={search_term_string}\"},\"query-input\":\"required name=search_term_string\"}],\"inLanguage\":\"de\"},{\"@type\":\"Person\",\"@id\":\"https:\/\/blog.zeit.de\/stoerungsmelder\/#\/schema\/person\/fdd0b9818f65738672810b6d6f037f71\",\"name\":\"St\u00f6rungsmelder\",\"image\":{\"@type\":\"ImageObject\",\"inLanguage\":\"de\",\"@id\":\"https:\/\/blog.zeit.de\/stoerungsmelder\/#\/schema\/person\/image\/\",\"url\":\"https:\/\/secure.gravatar.com\/avatar\/dfa4be514c3e82a71e4f9a0020035d38192d080ccaa5e4e6d7a1472c763535c5?s=96&d=mm&r=pg\",\"contentUrl\":\"https:\/\/secure.gravatar.com\/avatar\/dfa4be514c3e82a71e4f9a0020035d38192d080ccaa5e4e6d7a1472c763535c5?s=96&d=mm&r=pg\",\"caption\":\"St\u00f6rungsmelder\"},\"url\":\"https:\/\/blog.zeit.de\/stoerungsmelder\/author\/stoerungsmelder\"}]}<\/script>\n<!-- \/ Yoast SEO plugin. -->","yoast_head_json":{"title":"Neuer Thor Steinar-Laden mitten im Europa-Center - St\u00f6rungsmelder","robots":{"index":"index","follow":"follow","max-snippet":"max-snippet:-1","max-image-preview":"max-image-preview:large","max-video-preview":"max-video-preview:-1"},"canonical":"https:\/\/blog.zeit.de\/stoerungsmelder\/2010\/12\/01\/neuer-thor-steinar-laden-mitten-im-europa-center_5101","og_locale":"de_DE","og_type":"article","og_title":"Neuer Thor Steinar-Laden mitten im Europa-Center - St\u00f6rungsmelder","og_description":"Gerade erst wurde der Thor Steinar-Laden in der Rosa-Luxemburg-Stra\u00dfe in Mitte mit einer R\u00e4umungsklage zum Auszug gezwungen, schon er\u00f6ffnet ein neues Gesch\u00e4ft, dass die bei Neonazis \u00e4u\u00dferst beliebte Modemarke vertreibt. Dieses Mal mitten im Europa-Center in der Tauentzienstra\u00dfe. Glatzk\u00f6pfige M\u00e4nner in sportlicher Kleidung standen am Mittwoch hinter den Schaufenstern, die mit gro\u00dfen Thor Steinar-Plakaten geschm\u00fcckt [&hellip;]","og_url":"https:\/\/blog.zeit.de\/stoerungsmelder\/2010\/12\/01\/neuer-thor-steinar-laden-mitten-im-europa-center_5101","og_site_name":"St\u00f6rungsmelder","article_published_time":"2010-12-01T21:09:51+00:00","article_modified_time":"2017-07-08T14:40:30+00:00","og_image":[{"url":"https:\/\/blog.zeit.de\/stoerungsmelder\/files\/2010\/12\/thor_europa.jpg"}],"author":"St\u00f6rungsmelder","twitter_card":"summary_large_image","twitter_misc":{"Geschrieben von":"St\u00f6rungsmelder","Gesch\u00e4tzte Lesezeit":"2\u00a0Minuten"},"schema":{"@context":"https:\/\/schema.org","@graph":[{"@type":"WebPage","@id":"https:\/\/blog.zeit.de\/stoerungsmelder\/2010\/12\/01\/neuer-thor-steinar-laden-mitten-im-europa-center_5101","url":"https:\/\/blog.zeit.de\/stoerungsmelder\/2010\/12\/01\/neuer-thor-steinar-laden-mitten-im-europa-center_5101","name":"Neuer Thor Steinar-Laden mitten im Europa-Center - St\u00f6rungsmelder","isPartOf":{"@id":"https:\/\/blog.zeit.de\/stoerungsmelder\/#website"},"datePublished":"2010-12-01T21:09:51+00:00","dateModified":"2017-07-08T14:40:30+00:00","author":{"@id":"https:\/\/blog.zeit.de\/stoerungsmelder\/#\/schema\/person\/fdd0b9818f65738672810b6d6f037f71"},"breadcrumb":{"@id":"https:\/\/blog.zeit.de\/stoerungsmelder\/2010\/12\/01\/neuer-thor-steinar-laden-mitten-im-europa-center_5101#breadcrumb"},"inLanguage":"de","potentialAction":[{"@type":"ReadAction","target":["https:\/\/blog.zeit.de\/stoerungsmelder\/2010\/12\/01\/neuer-thor-steinar-laden-mitten-im-europa-center_5101"]}]},{"@type":"BreadcrumbList","@id":"https:\/\/blog.zeit.de\/stoerungsmelder\/2010\/12\/01\/neuer-thor-steinar-laden-mitten-im-europa-center_5101#breadcrumb","itemListElement":[{"@type":"ListItem","position":1,"name":"Startseite","item":"https:\/\/blog.zeit.de\/stoerungsmelder"},{"@type":"ListItem","position":2,"name":"Neuer Thor Steinar-Laden mitten im Europa-Center"}]},{"@type":"WebSite","@id":"https:\/\/blog.zeit.de\/stoerungsmelder\/#website","url":"https:\/\/blog.zeit.de\/stoerungsmelder\/","name":"St\u00f6rungsmelder","description":"Recherchen und Analysen \u00fcber die extreme Rechte","potentialAction":[{"@type":"SearchAction","target":{"@type":"EntryPoint","urlTemplate":"https:\/\/blog.zeit.de\/stoerungsmelder\/?s={search_term_string}"},"query-input":"required name=search_term_string"}],"inLanguage":"de"},{"@type":"Person","@id":"https:\/\/blog.zeit.de\/stoerungsmelder\/#\/schema\/person\/fdd0b9818f65738672810b6d6f037f71","name":"St\u00f6rungsmelder","image":{"@type":"ImageObject","inLanguage":"de","@id":"https:\/\/blog.zeit.de\/stoerungsmelder\/#\/schema\/person\/image\/","url":"https:\/\/secure.gravatar.com\/avatar\/dfa4be514c3e82a71e4f9a0020035d38192d080ccaa5e4e6d7a1472c763535c5?s=96&d=mm&r=pg","contentUrl":"https:\/\/secure.gravatar.com\/avatar\/dfa4be514c3e82a71e4f9a0020035d38192d080ccaa5e4e6d7a1472c763535c5?s=96&d=mm&r=pg","caption":"St\u00f6rungsmelder"},"url":"https:\/\/blog.zeit.de\/stoerungsmelder\/author\/stoerungsmelder"}]}},"jetpack_featured_media_url":"","jetpack_sharing_enabled":true,"_links":{"self":[{"href":"https:\/\/blog.zeit.de\/stoerungsmelder\/wp-json\/wp\/v2\/posts\/5101","targetHints":{"allow":["GET"]}}],"collection":[{"href":"https:\/\/blog.zeit.de\/stoerungsmelder\/wp-json\/wp\/v2\/posts"}],"about":[{"href":"https:\/\/blog.zeit.de\/stoerungsmelder\/wp-json\/wp\/v2\/types\/post"}],"author":[{"embeddable":true,"href":"https:\/\/blog.zeit.de\/stoerungsmelder\/wp-json\/wp\/v2\/users\/229"}],"replies":[{"embeddable":true,"href":"https:\/\/blog.zeit.de\/stoerungsmelder\/wp-json\/wp\/v2\/comments?post=5101"}],"version-history":[{"count":8,"href":"https:\/\/blog.zeit.de\/stoerungsmelder\/wp-json\/wp\/v2\/posts\/5101\/revisions"}],"predecessor-version":[{"id":24187,"href":"https:\/\/blog.zeit.de\/stoerungsmelder\/wp-json\/wp\/v2\/posts\/5101\/revisions\/24187"}],"wp:attachment":[{"href":"https:\/\/blog.zeit.de\/stoerungsmelder\/wp-json\/wp\/v2\/media?parent=5101"}],"wp:term":[{"taxonomy":"category","embeddable":true,"href":"https:\/\/blog.zeit.de\/stoerungsmelder\/wp-json\/wp\/v2\/categories?post=5101"},{"taxonomy":"post_tag","embeddable":true,"href":"https:\/\/blog.zeit.de\/stoerungsmelder\/wp-json\/wp\/v2\/tags?post=5101"}],"curies":[{"name":"wp","href":"https:\/\/api.w.org\/{rel}","templated":true}]}}