{"id":5142,"date":"2010-12-08T12:27:48","date_gmt":"2010-12-08T11:27:48","guid":{"rendered":"http:\/\/blog.zeit.de\/stoerungsmelder\/?p=5142"},"modified":"2010-12-08T19:51:31","modified_gmt":"2010-12-08T18:51:31","slug":"wir-benotigen-fackeln-und-mistgabeln","status":"publish","type":"post","link":"https:\/\/blog.zeit.de\/stoerungsmelder\/2010\/12\/08\/wir-benotigen-fackeln-und-mistgabeln_5142","title":{"rendered":"&#8222;Wir ben\u00f6tigen Fackeln und Mistgabeln&#8220;"},"content":{"rendered":"<p><a href=\"https:\/\/blog.zeit.de\/stoerungsmelder\/files\/2010\/12\/mistgabelfun.jpg\"><img loading=\"lazy\" decoding=\"async\" class=\"aligncenter size-full wp-image-5143\" title=\"mistgabelfun\" src=\"https:\/\/blog.zeit.de\/stoerungsmelder\/files\/2010\/12\/mistgabelfun.jpg\" alt=\"\" width=\"540\" height=\"150\" srcset=\"https:\/\/blog.zeit.de\/stoerungsmelder\/files\/2010\/12\/mistgabelfun.jpg 709w, https:\/\/blog.zeit.de\/stoerungsmelder\/files\/2010\/12\/mistgabelfun-300x83.jpg 300w\" sizes=\"auto, (max-width: 540px) 100vw, 540px\" \/><\/a><\/p>\n<p>Ein neu gegr\u00fcndeter Initiativkreis <a href=\"http:\/\/ordnungundsicherheit.blogsport.de\/\">\u201eSicherheit im Leipziger S\u00fcden\u201c<\/a> sorgt in Sachsen f\u00fcr Verwirrung unter den Anwohnern. Das B\u00fcndnis wendet sich gegen die zunehmende Verschmutzung der Stra\u00dfen durch W\u00fcrstchen und Sauerkraut. Die vielen Deutschen, die neuerdings in das Viertel ziehen, w\u00fcrden nur \u00c4rger verursachen. Bl\u00f6de Idee oder geschickte Satireaktion, die zum Nachdenken anregt? Wir lassen unsere Leser entscheiden. Diskutieren Sie mit!<!--more--><\/p>\n<p>Hier der offene Brief des Initiativkreis \u201eSicherheit im Leipziger S\u00fcden\u201c:<\/p>\n<p><em>Nachdem sich das Problem mit den Deutschen im Leipziger S\u00fcden vor dem Winter immer weiter zugespitzt hat, haben wir als Initiativkreis \u201eSicherheit im Leipziger S\u00fcden\u201c beschlossen, eine Arbeitsgruppe (AG) \u201eDeutsche\u201c zu gr\u00fcnden.<\/em><\/p>\n<p><em>Wir haben Kenntnis von vielen Anwohnerbeschwerden, die sich in letzter Zeit deutlich gemehrt haben. Es geht um P\u00f6beleien, Verschmutzungen, M\u00fcll, Diebstahl und Respektlosigkeiten und weitere Unanehmlichkeiten f\u00fcr viele B\u00fcrger. Zwar haben sich die Probleme seit dem Wintereinbruch vermutlich wegen der kalten Temperaturen entsch\u00e4rft, jedoch ist mit einer erneuten Zunahme im Fr\u00fchling zu rechnen.<\/em><\/p>\n<p><em>Es ziehen immer mehr Deutsche in den Leipziger S\u00fcden. Die Folge sind eine Zunahme der Kriminalit\u00e4t und unhaltbare Zust\u00e4nde. Schwerpunkt ist dabei der Bereich des Connewitzer Kreuzes. Im REWE Supermarkt wird nicht nur gestohlen, sondern viele betteln auch davor und bel\u00e4stigen unsere B\u00fcrger. Einige schlafen (!) sogar in der Sparkassenfiliale, die auch st\u00e4ndig verschmutzt ist. Die Verschmutzung ist jedoch nicht nur dort, sondern allgegenw\u00e4rtig. \u00dcberall liegen Bock- und Bratwurstreste herum, Kinder rutschen auf Sauerkraut aus und trauen sich kaum noch aus dem Haus. Die nicht-Migranten bel\u00e4stigen auch durch laute Musik und \u00fcberm\u00e4\u00dfigen Bierkonsum die Allgemeinheit. Vor dem Werk II und anderen Kneipen stehen st\u00e4ndig Betrunkene, machen L\u00e4rm und bel\u00e4stigen vorbeigehende Frauen und pfeifen diesen hinterher.<\/em><\/p>\n<p><em>Die Deutschen leben zudem in undurchsichtigen Clan- und Familienstrukturen zusammen. Immer wider kommt es zwischen den Clans im Bereich des Connewitzer Kreuzes zu Auseinandersetzungen, wenn deutsche Autonome und Polizeibeamte sich regelrecht bekriegen.<\/em><\/p>\n<p><em>Um die Kultur der Deutschen zu verstehen, wollen wir Anfang kommenden Jahres eine Veranstaltung mit 2 Germanisten durchf\u00fchren, die \u00fcber die Deutschen aufkl\u00e4ren soll. Dazu sind alle Anwohner herzlich eingeladen.<\/em><\/p>\n<p><em>Wir wollen, dass endlich gehandelt wird! Viele haben Angst vor den Deutschen und wir wollen einen B\u00fcrgerkrieg im S\u00fcden verhindern. Wir werden uns deshalb vorbehalten, eine private B\u00fcrgerwehr zu gr\u00fcnden. Auch eine Zusammenarbeit mit der AG Roma des Initiativkreis Sicherheit im Leipziger Osten und der dortigen B\u00fcrgerwehr streben wir an.<\/em><\/p>\n<p><em>Wir bitten au\u00dferdem um Spenden f\u00fcr Fackeln und Mistgabeln, um bei uns im Viertel f\u00fcr Ordnung und Sicherheit sorgen zu k\u00f6nnen. Wir sind keine Rassisten, aber wir wollen diese Zust\u00e4nde bei uns nicht mehr hinnehmen.<\/em><\/p>\n<p><em>AG Deutsche im Initiativkreis Sicherheit im Leipziger S\u00fcden<\/em><\/p>\n<p><img loading=\"lazy\" decoding=\"async\" src=\"http:\/\/vg01.met.vgwort.de\/na\/3861a74cd81645dabec53e5f611f805c\" width=\"1\" height=\"1\" alt=\"\"><\/p>\n","protected":false},"excerpt":{"rendered":"<p>Ein neu gegr\u00fcndeter Initiativkreis \u201eSicherheit im Leipziger S\u00fcden\u201c sorgt in Sachsen f\u00fcr Verwirrung unter den Anwohnern. Das B\u00fcndnis wendet sich gegen die zunehmende Verschmutzung der Stra\u00dfen durch W\u00fcrstchen und Sauerkraut. Die vielen Deutschen, die neuerdings in das Viertel ziehen, w\u00fcrden nur \u00c4rger verursachen. Bl\u00f6de Idee oder geschickte Satireaktion, die zum Nachdenken anregt? Wir lassen unsere [&hellip;]<\/p>\n","protected":false},"author":229,"featured_media":0,"comment_status":"open","ping_status":"open","sticky":false,"template":"","format":"standard","meta":{"_jetpack_memberships_contains_paid_content":false,"footnotes":""},"categories":[1456],"tags":[1752,97,1780,6383],"class_list":["post-5142","post","type-post","status-publish","format-standard","hentry","category-sachsen","tag-protest","tag-rassismus","tag-satire","tag-sicherheit-im-leipziger-suden"],"yoast_head":"<!-- This site is optimized with the Yoast SEO plugin v21.0 - https:\/\/yoast.com\/wordpress\/plugins\/seo\/ -->\n<title>&quot;Wir ben\u00f6tigen Fackeln und Mistgabeln&quot; - St\u00f6rungsmelder<\/title>\n<meta name=\"robots\" content=\"index, follow, max-snippet:-1, max-image-preview:large, max-video-preview:-1\" \/>\n<link rel=\"canonical\" href=\"https:\/\/blog.zeit.de\/stoerungsmelder\/2010\/12\/08\/wir-benotigen-fackeln-und-mistgabeln_5142\" \/>\n<meta property=\"og:locale\" content=\"de_DE\" \/>\n<meta property=\"og:type\" content=\"article\" \/>\n<meta property=\"og:title\" content=\"&quot;Wir ben\u00f6tigen Fackeln und Mistgabeln&quot; - St\u00f6rungsmelder\" \/>\n<meta property=\"og:description\" content=\"Ein neu gegr\u00fcndeter Initiativkreis \u201eSicherheit im Leipziger S\u00fcden\u201c sorgt in Sachsen f\u00fcr Verwirrung unter den Anwohnern. Das B\u00fcndnis wendet sich gegen die zunehmende Verschmutzung der Stra\u00dfen durch W\u00fcrstchen und Sauerkraut. Die vielen Deutschen, die neuerdings in das Viertel ziehen, w\u00fcrden nur \u00c4rger verursachen. Bl\u00f6de Idee oder geschickte Satireaktion, die zum Nachdenken anregt? Wir lassen unsere [&hellip;]\" \/>\n<meta property=\"og:url\" content=\"https:\/\/blog.zeit.de\/stoerungsmelder\/2010\/12\/08\/wir-benotigen-fackeln-und-mistgabeln_5142\" \/>\n<meta property=\"og:site_name\" content=\"St\u00f6rungsmelder\" \/>\n<meta property=\"article:published_time\" content=\"2010-12-08T11:27:48+00:00\" \/>\n<meta property=\"article:modified_time\" content=\"2010-12-08T18:51:31+00:00\" \/>\n<meta property=\"og:image\" content=\"https:\/\/blog.zeit.de\/stoerungsmelder\/files\/2010\/12\/mistgabelfun.jpg\" \/>\n<meta name=\"author\" content=\"St\u00f6rungsmelder\" \/>\n<meta name=\"twitter:card\" content=\"summary_large_image\" \/>\n<meta name=\"twitter:label1\" content=\"Geschrieben von\" \/>\n\t<meta name=\"twitter:data1\" content=\"St\u00f6rungsmelder\" \/>\n\t<meta name=\"twitter:label2\" content=\"Gesch\u00e4tzte Lesezeit\" \/>\n\t<meta name=\"twitter:data2\" content=\"2\u00a0Minuten\" \/>\n<script type=\"application\/ld+json\" class=\"yoast-schema-graph\">{\"@context\":\"https:\/\/schema.org\",\"@graph\":[{\"@type\":\"WebPage\",\"@id\":\"https:\/\/blog.zeit.de\/stoerungsmelder\/2010\/12\/08\/wir-benotigen-fackeln-und-mistgabeln_5142\",\"url\":\"https:\/\/blog.zeit.de\/stoerungsmelder\/2010\/12\/08\/wir-benotigen-fackeln-und-mistgabeln_5142\",\"name\":\"\\\"Wir ben\u00f6tigen Fackeln und Mistgabeln\\\" - St\u00f6rungsmelder\",\"isPartOf\":{\"@id\":\"https:\/\/blog.zeit.de\/stoerungsmelder\/#website\"},\"datePublished\":\"2010-12-08T11:27:48+00:00\",\"dateModified\":\"2010-12-08T18:51:31+00:00\",\"author\":{\"@id\":\"https:\/\/blog.zeit.de\/stoerungsmelder\/#\/schema\/person\/fdd0b9818f65738672810b6d6f037f71\"},\"breadcrumb\":{\"@id\":\"https:\/\/blog.zeit.de\/stoerungsmelder\/2010\/12\/08\/wir-benotigen-fackeln-und-mistgabeln_5142#breadcrumb\"},\"inLanguage\":\"de\",\"potentialAction\":[{\"@type\":\"ReadAction\",\"target\":[\"https:\/\/blog.zeit.de\/stoerungsmelder\/2010\/12\/08\/wir-benotigen-fackeln-und-mistgabeln_5142\"]}]},{\"@type\":\"BreadcrumbList\",\"@id\":\"https:\/\/blog.zeit.de\/stoerungsmelder\/2010\/12\/08\/wir-benotigen-fackeln-und-mistgabeln_5142#breadcrumb\",\"itemListElement\":[{\"@type\":\"ListItem\",\"position\":1,\"name\":\"Startseite\",\"item\":\"https:\/\/blog.zeit.de\/stoerungsmelder\"},{\"@type\":\"ListItem\",\"position\":2,\"name\":\"&#8222;Wir ben\u00f6tigen Fackeln und Mistgabeln&#8220;\"}]},{\"@type\":\"WebSite\",\"@id\":\"https:\/\/blog.zeit.de\/stoerungsmelder\/#website\",\"url\":\"https:\/\/blog.zeit.de\/stoerungsmelder\/\",\"name\":\"St\u00f6rungsmelder\",\"description\":\"Recherchen und Analysen \u00fcber die extreme Rechte\",\"potentialAction\":[{\"@type\":\"SearchAction\",\"target\":{\"@type\":\"EntryPoint\",\"urlTemplate\":\"https:\/\/blog.zeit.de\/stoerungsmelder\/?s={search_term_string}\"},\"query-input\":\"required name=search_term_string\"}],\"inLanguage\":\"de\"},{\"@type\":\"Person\",\"@id\":\"https:\/\/blog.zeit.de\/stoerungsmelder\/#\/schema\/person\/fdd0b9818f65738672810b6d6f037f71\",\"name\":\"St\u00f6rungsmelder\",\"image\":{\"@type\":\"ImageObject\",\"inLanguage\":\"de\",\"@id\":\"https:\/\/blog.zeit.de\/stoerungsmelder\/#\/schema\/person\/image\/\",\"url\":\"https:\/\/secure.gravatar.com\/avatar\/dfa4be514c3e82a71e4f9a0020035d38192d080ccaa5e4e6d7a1472c763535c5?s=96&d=mm&r=pg\",\"contentUrl\":\"https:\/\/secure.gravatar.com\/avatar\/dfa4be514c3e82a71e4f9a0020035d38192d080ccaa5e4e6d7a1472c763535c5?s=96&d=mm&r=pg\",\"caption\":\"St\u00f6rungsmelder\"},\"url\":\"https:\/\/blog.zeit.de\/stoerungsmelder\/author\/stoerungsmelder\"}]}<\/script>\n<!-- \/ Yoast SEO plugin. -->","yoast_head_json":{"title":"\"Wir ben\u00f6tigen Fackeln und Mistgabeln\" - St\u00f6rungsmelder","robots":{"index":"index","follow":"follow","max-snippet":"max-snippet:-1","max-image-preview":"max-image-preview:large","max-video-preview":"max-video-preview:-1"},"canonical":"https:\/\/blog.zeit.de\/stoerungsmelder\/2010\/12\/08\/wir-benotigen-fackeln-und-mistgabeln_5142","og_locale":"de_DE","og_type":"article","og_title":"\"Wir ben\u00f6tigen Fackeln und Mistgabeln\" - St\u00f6rungsmelder","og_description":"Ein neu gegr\u00fcndeter Initiativkreis \u201eSicherheit im Leipziger S\u00fcden\u201c sorgt in Sachsen f\u00fcr Verwirrung unter den Anwohnern. Das B\u00fcndnis wendet sich gegen die zunehmende Verschmutzung der Stra\u00dfen durch W\u00fcrstchen und Sauerkraut. Die vielen Deutschen, die neuerdings in das Viertel ziehen, w\u00fcrden nur \u00c4rger verursachen. Bl\u00f6de Idee oder geschickte Satireaktion, die zum Nachdenken anregt? Wir lassen unsere [&hellip;]","og_url":"https:\/\/blog.zeit.de\/stoerungsmelder\/2010\/12\/08\/wir-benotigen-fackeln-und-mistgabeln_5142","og_site_name":"St\u00f6rungsmelder","article_published_time":"2010-12-08T11:27:48+00:00","article_modified_time":"2010-12-08T18:51:31+00:00","og_image":[{"url":"https:\/\/blog.zeit.de\/stoerungsmelder\/files\/2010\/12\/mistgabelfun.jpg"}],"author":"St\u00f6rungsmelder","twitter_card":"summary_large_image","twitter_misc":{"Geschrieben von":"St\u00f6rungsmelder","Gesch\u00e4tzte Lesezeit":"2\u00a0Minuten"},"schema":{"@context":"https:\/\/schema.org","@graph":[{"@type":"WebPage","@id":"https:\/\/blog.zeit.de\/stoerungsmelder\/2010\/12\/08\/wir-benotigen-fackeln-und-mistgabeln_5142","url":"https:\/\/blog.zeit.de\/stoerungsmelder\/2010\/12\/08\/wir-benotigen-fackeln-und-mistgabeln_5142","name":"\"Wir ben\u00f6tigen Fackeln und Mistgabeln\" - St\u00f6rungsmelder","isPartOf":{"@id":"https:\/\/blog.zeit.de\/stoerungsmelder\/#website"},"datePublished":"2010-12-08T11:27:48+00:00","dateModified":"2010-12-08T18:51:31+00:00","author":{"@id":"https:\/\/blog.zeit.de\/stoerungsmelder\/#\/schema\/person\/fdd0b9818f65738672810b6d6f037f71"},"breadcrumb":{"@id":"https:\/\/blog.zeit.de\/stoerungsmelder\/2010\/12\/08\/wir-benotigen-fackeln-und-mistgabeln_5142#breadcrumb"},"inLanguage":"de","potentialAction":[{"@type":"ReadAction","target":["https:\/\/blog.zeit.de\/stoerungsmelder\/2010\/12\/08\/wir-benotigen-fackeln-und-mistgabeln_5142"]}]},{"@type":"BreadcrumbList","@id":"https:\/\/blog.zeit.de\/stoerungsmelder\/2010\/12\/08\/wir-benotigen-fackeln-und-mistgabeln_5142#breadcrumb","itemListElement":[{"@type":"ListItem","position":1,"name":"Startseite","item":"https:\/\/blog.zeit.de\/stoerungsmelder"},{"@type":"ListItem","position":2,"name":"&#8222;Wir ben\u00f6tigen Fackeln und Mistgabeln&#8220;"}]},{"@type":"WebSite","@id":"https:\/\/blog.zeit.de\/stoerungsmelder\/#website","url":"https:\/\/blog.zeit.de\/stoerungsmelder\/","name":"St\u00f6rungsmelder","description":"Recherchen und Analysen \u00fcber die extreme Rechte","potentialAction":[{"@type":"SearchAction","target":{"@type":"EntryPoint","urlTemplate":"https:\/\/blog.zeit.de\/stoerungsmelder\/?s={search_term_string}"},"query-input":"required name=search_term_string"}],"inLanguage":"de"},{"@type":"Person","@id":"https:\/\/blog.zeit.de\/stoerungsmelder\/#\/schema\/person\/fdd0b9818f65738672810b6d6f037f71","name":"St\u00f6rungsmelder","image":{"@type":"ImageObject","inLanguage":"de","@id":"https:\/\/blog.zeit.de\/stoerungsmelder\/#\/schema\/person\/image\/","url":"https:\/\/secure.gravatar.com\/avatar\/dfa4be514c3e82a71e4f9a0020035d38192d080ccaa5e4e6d7a1472c763535c5?s=96&d=mm&r=pg","contentUrl":"https:\/\/secure.gravatar.com\/avatar\/dfa4be514c3e82a71e4f9a0020035d38192d080ccaa5e4e6d7a1472c763535c5?s=96&d=mm&r=pg","caption":"St\u00f6rungsmelder"},"url":"https:\/\/blog.zeit.de\/stoerungsmelder\/author\/stoerungsmelder"}]}},"jetpack_featured_media_url":"","jetpack_sharing_enabled":true,"_links":{"self":[{"href":"https:\/\/blog.zeit.de\/stoerungsmelder\/wp-json\/wp\/v2\/posts\/5142","targetHints":{"allow":["GET"]}}],"collection":[{"href":"https:\/\/blog.zeit.de\/stoerungsmelder\/wp-json\/wp\/v2\/posts"}],"about":[{"href":"https:\/\/blog.zeit.de\/stoerungsmelder\/wp-json\/wp\/v2\/types\/post"}],"author":[{"embeddable":true,"href":"https:\/\/blog.zeit.de\/stoerungsmelder\/wp-json\/wp\/v2\/users\/229"}],"replies":[{"embeddable":true,"href":"https:\/\/blog.zeit.de\/stoerungsmelder\/wp-json\/wp\/v2\/comments?post=5142"}],"version-history":[{"count":7,"href":"https:\/\/blog.zeit.de\/stoerungsmelder\/wp-json\/wp\/v2\/posts\/5142\/revisions"}],"predecessor-version":[{"id":5175,"href":"https:\/\/blog.zeit.de\/stoerungsmelder\/wp-json\/wp\/v2\/posts\/5142\/revisions\/5175"}],"wp:attachment":[{"href":"https:\/\/blog.zeit.de\/stoerungsmelder\/wp-json\/wp\/v2\/media?parent=5142"}],"wp:term":[{"taxonomy":"category","embeddable":true,"href":"https:\/\/blog.zeit.de\/stoerungsmelder\/wp-json\/wp\/v2\/categories?post=5142"},{"taxonomy":"post_tag","embeddable":true,"href":"https:\/\/blog.zeit.de\/stoerungsmelder\/wp-json\/wp\/v2\/tags?post=5142"}],"curies":[{"name":"wp","href":"https:\/\/api.w.org\/{rel}","templated":true}]}}