{"id":5236,"date":"2010-12-15T11:15:10","date_gmt":"2010-12-15T10:15:10","guid":{"rendered":"http:\/\/blog.zeit.de\/stoerungsmelder\/?p=5236"},"modified":"2017-07-08T16:39:49","modified_gmt":"2017-07-08T14:39:49","slug":"gegenwind-fur-neonaziaufmarsch-in-dresden","status":"publish","type":"post","link":"https:\/\/blog.zeit.de\/stoerungsmelder\/2010\/12\/15\/gegenwind-fur-neonaziaufmarsch-in-dresden_5236","title":{"rendered":"Gegenwind f\u00fcr Neonaziaufmarsch in Dresden"},"content":{"rendered":"<p><a href=\"https:\/\/blog.zeit.de\/stoerungsmelder\/files\/2010\/12\/dresden.gif\"><img loading=\"lazy\" decoding=\"async\" class=\"aligncenter size-full wp-image-5237\" src=\"https:\/\/blog.zeit.de\/stoerungsmelder\/files\/2010\/12\/dresden.gif\" alt=\"\" width=\"540\" height=\"81\" srcset=\"https:\/\/blog.zeit.de\/stoerungsmelder\/files\/2010\/12\/dresden.gif 800w, https:\/\/blog.zeit.de\/stoerungsmelder\/files\/2010\/12\/dresden-300x45.gif 300w\" sizes=\"auto, (max-width: 540px) 100vw, 540px\" \/><\/a><\/p>\n<p>Im Februar 2011 werden in Dresden wieder tausende Neonazis zum gr\u00f6\u00dften rechtsextremen Aufmarsch Europas erwartet. Wie im letzten Jahr, will das breite <a href=\"http:\/\/www.dresden-nazifrei.com\">B\u00fcndnis &#8222;Dresden Nazifrei&#8220;<\/a> den Aufmarsch mit friedlichen Sitzblockaden verhindern. Bands wie Tocotronic, Die Toten Hosen und die \u00c4rzte haben den Aufruf bereits unterschrieben. Ebenso der Bundestagsvizepr\u00e4sidenten Wolfgang Thierse (SPD), Petra Pau (Linke), Gr\u00fcnen-Chefin Claudia Roth und viele weitere Prominente, darunter der Vorsitzende der Gewerkschaft Verdi, Frank Bsirske, der Generalsekret\u00e4r des Zentralrats der Juden, Stephan Kramer.<!--more--><\/p>\n<p>Hier der Aufruf des B\u00fcndnis:<\/p>\n<p><strong>2011 \u2013 Blockieren bis der Naziaufmarsch Geschichte ist!<br \/>\nNazifrei \u2013 Dresden stellt sich quer!<\/strong><\/p>\n<p>2010 ist es uns erstmalig gelungen, Europas gr\u00f6\u00dften Naziaufmarsch durch Massenblockaden zu verhindern. Grundlage unseres Erfolges war die Spektren \u00fcbergreifende Zusammenarbeit zwischen Antifagruppen, lokalen Initiativen und Aktionsgruppen, Gewerkschaften, Parteien und Jugendverb\u00e4nden sowie zahlreichen weiteren Organisationen und Einzelpersonen. Mit unserer klaren Ank\u00fcndigung, den Naziaufmarsch durch Blockaden zu stoppen, haben wir gemeinsam den Raum des symbolischen Protestes verlassen. Die Entschlossenheit tausender Menschen, sich mit den Mitteln des zivilen Ungehorsams den Nazis in den Weg zu stellen, machten die Blockaden zu einem Erfolg.<\/p>\n<p>F\u00fcr 2011 haben die Nazis angek\u00fcndigt, mehrere Veranstaltungen zum Jahrestag der alliierten Luftangriffe auf Dresden durchzuf\u00fchren. Seit Jahren versuchen die Nazis die Bombardierung Dresdens f\u00fcr ihre Zwecke zu instrumentalisieren und an bestehende Mythen und die Gedenkkultur anzukn\u00fcpfen. Wir werden nicht akzeptieren, dass die Nazis die Geschichte verdrehen und die eigentlichen Opfer des Nationalsozialismus verh\u00f6hnen. Wir lehnen jede Leugnung und Relativierung der deutschen Schuld an Vernichtungskrieg und Holocaust ab.<\/p>\n<p>Wir sind uns bewusst, dass sich die Nazis ihr Gro\u00dfereignis nicht einfach nehmen lassen. Deshalb werden wir uns auch 2011 wieder den Nazis durch Aktionen des zivilen Ungehorsams mit Massenblockaden entgegen stellen. Dieses Ziel eint uns \u00fcber alle sozialen, politischen oder kulturellen Unterschiede hinweg. Von uns wird dabei keine Eskalation ausgehen. Wir sind solidarisch mit allen, die mit uns das Ziel teilen, den Naziaufmarsch zu verhindern.<\/p>\n<p>Wir werden uns weiterhin bei Versuchen der Kriminalisierung solidarisch zueinander verhalten. Wir stellen uns gegen jeden Versuch, antifaschistischen Protest als \u201eextremistisch\u201c zu bezeichnen.<br \/>\n2011 werden wir den Naziaufmarsch gemeinsam blockieren \u2013 bunt und lautstark, kreativ und entschlossen!<\/p>\n<p>Nie wieder Faschismus! Nie wieder Krieg!<\/p>\n<p><strong>Hier kannst du den Aufruf unterzeichnen: unterzeichnen@dresden-nazifrei.com<\/strong><\/p>\n<p>Erstunterzeichnende Organisationen<\/p>\n<p>AK Antifa Dresden, Aktion S\u00fchnezeichen Friedensdienste e.V., Aktionsnetzwerk Jena, Antifa B\u00fcndnis S\u00fcd Ost &#8211; Berlin, Antifaschistische Aktion Leverkusen [AALEV], Antifaschistische Linke Berlin,AStA der Evangelischen Hochschule f\u00fcr Soziale Arbeit Dresden, Attac Deutschland, Avanti \u2013 Projekt undogmatische Linke, Bundesausschuss Friedensratschlag, B\u00fcndnis 90 \/ Die Gr\u00fcnen Bundesvorstand, B\u00fcrger Courage e.V., Die Linke, Die Linke.SDS, DKP, Eisenbahn- und Verkehrsgewerkschaft (EVG), FelS (F\u00fcr eine linke Str\u00f6mung), F\u00f6deration Demokratischer Arbeitervereine (DIDF e.V.), Gelbe Hand e.V., Gesellschaft zum Schutz von B\u00fcrgerrecht und Menschenw\u00fcrde, Gr\u00fcne Jugend Bundesverband, IG BAU Jugend, IG BCE Jugend, IG Metall Jugend, Interventionistische Linke (IL), Junge NGG, Jusos, Jusos Hochschulgruppen, Konferenz S\u00e4chsische Studierendenschaften KSS (15 Hochschulen), Konferenz Th\u00fcringer Hochschulen KTS (9 Hochschulen), Linksjugend [&#8217;solid], Mono und Nikitaman, No Pasaran, Stura TU Dresden, ver.di Jugend, ver.di, VVN-BdA<\/p>\n<p>Erstunterzeichnende<\/p>\n<p>Albrecht Schr\u00f6ter (OB Jena, SPD), a forest (Band), Aiman Mazyek (Vorsitzender des Zentralrats der Muslime), Andrea Ypsilanti (Vorstand des Instituts Solidarische Moderne), Annamateur (Dresdner S\u00e4ngerin), Antje Hermenau (Fraktionsvorsitzende Fraktion B\u00fcndnis 90\/Die Gr\u00fcnen im S\u00e4chsischen Landtag), Astrid Rothe-Beinlich (Mitglied im Bundesvorstand, Parlamentarische Gesch\u00e4ftsf\u00fchrerin der Fraktion B\u00fcndnis 90\/Die Gr\u00fcnen im Th\u00fcringer Landtag), Axel Honneth (Gesch\u00e4ftsf\u00fchrender Direktor IfS,  Pr\u00e4sident Internationale Hegel-Vereinigung), beatpoeten (Band (Hamburg\/Leipzig\/Hannover)), Beatsteaks (Band), Bela B. (S\u00e4nger \/Band), Bodo Ramelow (Fraktionsvorsitzender Th\u00fcringen Die Linke), Breschke &amp; Schuch (Kabarett DD), Christian Benjamin Beck (Bundesjugendsekr\u00e4ter IG BAU Jugend), Christiane Filius-Jehne (Fraktionsvorsitzende B\u00fcndnis 90\/Die Gr\u00fcnen im Dresdner Stadtrat), Christiane R\u00f6slinger (Musikerin, Journalistin), Christine Buchholz  (Parteivorstand, MdB Die Linke), Christine Hoffmann (Pax Christi, Generalsekret\u00e4rin der deutschen Sektion), Claudia Roth (Bundesvorsitzende B\u00fcndnis 90 \/ Die Gr\u00fcnen), Corinna Hersel (Bezirksgesch\u00e4ftsf\u00fchrerin Mittel-\/Nordth\u00fcringen ver.di), Cornelia Kerth, Prof. Heinrich Fink (Bundesvorsitzende der VVN-BdA), Daniela Kolbe (MdB, Sachsen, Stellv. Sprecherin AG Strategien gegen Rechtsextremismus SPD), Dr. &#8211; Ing Udo Becker (Hochschullehrer Dresden), Dr. Dario Azzellini  (Autor, Dokumentarfilmer und Sozialwissenschaftler), Dr. Peter Strutynski (Sprecher Bundesausschuss Friedensratschlag), Dr. Ulrich Schneider (Generalsekret\u00e4r Internationale F\u00f6deration der Widerstandsk\u00e4mpfer (FIR)), Dritte Wahl (Band), Feine Sahne Fischfilet (Band), Fettes Brot (Band), Frank Bsirske (Vorsitzender ver.di), Gerd-Joachim Langecker (Bundesjugendsekret\u00e4r Junge NGG), Heaven Shall Burn (Band), Henning Homann (MdL, SPD Sachsen, Sprecher f\u00fcr demokratische Kultur und zivilgesellschaftliches Engagement SPD), Ingo Schulze (Autor, DD), Iries Revoltes (Band), Katarina Bader (Journalistin und Autorin), Katja Kipping (MdB Die LINKE, Dresden), Kettcar (Band), Klaus Ernst (Parteivorsitzender Die LINKE), Konstantin Wecker (Liedermacher), Markus Kavka (Moderator, Journalist, DJ und Autor), Martin Stankowski (Autor, K\u00f6ln), Matthias Machnig (Minister f\u00fcr Wirtschaft, Arbeit und Technologie, SPD Th\u00fcringen), Monika Lazar (MdB B\u00fcndnis 90\/Die Gr\u00fcnen), Petra Pau (Bundestagsvizepr\u00e4sidentin Die LINKE), Prof. Axel Schildt  (Forschungsstelle Zeitgeschichte HH), Prof. Dr. Martin Jehne (Historiker), Prof. Dr. Werner Ruf (Dozent an der European Peace University, Stadtschlaining\/\u00d6sterreich), Prof. Dr. Wolfgang Schweiger (Lehrstuhl f\u00fcr Public Relations und Technikkommunikation, TU Ilmenau), Rene Rudolf  (Bundesjugendsekret\u00e4r DGB Jugend), Rico Gebhardt (Landesvorsitzender Die LINKE Sachsen), Roland Dantz (Oberb\u00fcrgermeister Gro\u00dfe Kreisstadt Kamenz), Sabine Friedel (MdL SPD Sachsen), Sabine Zimmermann  (DGB Regionsvorsitzende West-Sachsen, MdB Die Linke), S\u00f6nke Rix (MdB SPD, Sprecher AG Strategien gegen Rechtsextremismus), Stephan J. Kramer (Generalsekret\u00e4r des Zentralrats der Juden), Stephan K\u00fchn (MdB B\u00fcndnis 90 \/ Die Gr\u00fcnen), Theaterkahn (Theater DD), Thomas Vo\u00df  (Landesbezirksvorsitzender ver.di), Tocotronic (Band), Toten Hosen (Band), UlrichTh\u00f6ne (Vorsitzender der GEW), Volkmar Zschocke (Landesvorstandssprecher B\u00fcndnis 90\/Die Gr\u00fcnen Sachsen), Wilfried Schmickler (Kabarettist, K\u00f6ln), Wladimir Kaminer (Schriftsteller), Wolfgang Thierse (Vizepr\u00e4sident des Deutschen Bundestages, SPD)<\/p>\n<p>Unterzeichnende Personen<\/p>\n<p>1. Johannes Barth<br \/>\n2. Norman Beberhold<br \/>\n3. Martin  Behrens (Fraktionsgesch\u00e4ftsf\u00fchrer B\u00fcndnis 90\/Gr\u00fcne, Stadtrat Erfurt)<br \/>\n4. Jens Bitzka (Kreisvorsitzender B\u00fcndnis 90\/Die Gr\u00fcnen KV Bautzen<br \/>\n5. Matthias Bl\u00f6ser<br \/>\n6. Harald Detken<br \/>\n7. Felix Dollinger<br \/>\n8. Barbara Drlik<br \/>\n9. Jochen D\u00fcrr (Landessprecher VVN- BdA Baden W\u00fcrtemberg)<br \/>\n10. Adrian Furtw\u00e4ngler<br \/>\n11. Thomas G\u00f6hring<br \/>\n12. Sascha Groeter (ver.di Jugend Bremen)<br \/>\n13. Anette  Groth (MdB DIE LINKE)<br \/>\n14. Kai Gudel (DGB Rechtsschutz)<br \/>\n15. Ole Guinand (SDS.Die Linke, FU)<br \/>\n16. Prof. Dr. Nina Hager (Stellvertretende Vorsitzende DKP)<br \/>\n17. Martin Hahn<br \/>\n18. Robert Hetterle<br \/>\n19. Alexander Janke<br \/>\n20. Bettina J\u00fcrgensen (DKP)<br \/>\n21. &#8212;&#8212;&#8212;&#8212;&#8212;&#8212;&#8212;-<br \/>\n22. Edeltraud Kotzanek<br \/>\n23. Detlev Kr\u00fcger<br \/>\n24. D. Kr\u00fcger (DKP Brandenburg)<br \/>\n25. D. Kr\u00fcger (DKP Strausberg\/ Brandenburg)<br \/>\n26. Benjamin K\u00fcmming (Vorsitzender der Jusos Dresden)<br \/>\n27. Christian Landsmann<br \/>\n28. Veith Lemmen (Landesvorsitzender NRW Jusos)<br \/>\n29. Astrid  Loehnert (Die LINKE)<br \/>\n30. Sabine  L\u00f6sing (MEP Die LINKE)<br \/>\n31. Martin Luckert (Student in Erfurt)<br \/>\n32. Ruth Mette (M\u00fcnster)<br \/>\n33. Sylvia Meyer (B90\/Gr\u00fcne Wuppertal)<br \/>\n34. Mirko Moll<br \/>\n35. Kornelia M\u00f6ller (MdB DIE LINKE)<br \/>\n36. Dominik Munz<br \/>\n37. Elisabeth Nitschke<br \/>\n38. Tobias Packh\u00e4user<br \/>\n39. Moritz Plagge<br \/>\n40. Wolfgang Pohner (B90\/Gr\u00fcne)<br \/>\n41. Claudia Poser- Ben Kahla (Leiterin UNICEF Gera, SPD)<br \/>\n42. Jan Roscher (ProjekTTheater)<br \/>\n43. Astrid    Schmudde (B90\/Gr\u00fcne Berlin)<br \/>\n44. udo siegemund<br \/>\n45. Julia Sonnh\u00fctter<br \/>\n46. Duygu S\u00f6yler<br \/>\n47. Arno Speiser (Jugendinitiative gegen Rechtsextremismus Wunsiedel)<br \/>\n48. Hannes Sterzing<br \/>\n49. Volkmar Vogt<br \/>\n50. Luise von Berenberg<br \/>\n51. Jonas von R\u00fcden<br \/>\n52. Katja Vo\u00df<br \/>\n53. Maria Wegner<br \/>\n54. Uli Wels<br \/>\n55. Luigi Wolf (Linke.SDS)<br \/>\n56. Harald Zeil<\/p>\n<p>1 \tJohannes \tBarth<br \/>\n2 \tNorman \tBeberhold<br \/>\n3 \tMartin  \tBehrens (Fraktionsgesch\u00e4ftsf\u00fchrer B\u00fcndnis 90\/Gr\u00fcne, Stadtrat Erfurt)<br \/>\n4 \tJens \tBitzka (Kreisvorsitzender B\u00fcndnis 90\/Die Gr\u00fcnen KV Bautzen<br \/>\n5 \tMatthias \tBl\u00f6ser<br \/>\n6 \tHarald \tDetken<br \/>\n7 \tFelix \tDollinger<br \/>\n8 \tBarbara \tDrlik<br \/>\n9 \tJochen \tD\u00fcrr (Landessprecher VVN- BdA Baden W\u00fcrtemberg)<br \/>\n10 \tAdrian \tFurtw\u00e4ngler<br \/>\n11 \tThomas \tG\u00f6hring<br \/>\n12 \tSascha \tGroeter (ver.di Jugend Bremen)<br \/>\n13 \tAnette  \tGroth (MdB DIE LINKE)<br \/>\n14 \tKai \tGudel (DGB Rechtsschutz)<br \/>\n15 \tOle \tGuinand (SDS.Die Linke, FU)<br \/>\n16 \tProf. Dr. Nina \tHager (Stellvertretende Vorsitzende DKP)<br \/>\n17 \tMartin \tHahn<br \/>\n18 \tRobert \tHetterle<br \/>\n19 \tAlexander \tJanke<br \/>\n20 \tBettina \tJ\u00fcrgensen (DKP)<br \/>\n21 \tFidel \tKarsto<br \/>\n22 \tEdeltraud \tKotzanek<br \/>\n23 \tDetlev \tKr\u00fcger<br \/>\n24 \tD. \tKr\u00fcger (DKP Brandenburg)<br \/>\n25 \tD. \tKr\u00fcger (DKP Strausberg\/ Brandenburg)<br \/>\n26 \tBenjamin \tK\u00fcmming (Vorsitzender der Jusos Dresden)<br \/>\n27 \tChristian \tLandsmann<br \/>\n28 \tVeith \tLemmen (Landesvorsitzender NRW Jusos)<br \/>\n29 \tAstrid (Die LINKE) \tLoehnert<br \/>\n30 \tSabine  \tL\u00f6sing (MEP Die LINKE)<br \/>\n31 \tMartin \tLuckert (Student in Erfurt)<br \/>\n32 \tRuth \tMette (M\u00fcnster)<br \/>\n33 \tSylvia \tMeyer (B90\/Gr\u00fcne Wuppertal)<br \/>\n34 \tMirko \tMoll<br \/>\n35 \tKornelia \tM\u00f6ller (MdB DIE LINKE)<br \/>\n36 \tDominik \tMunz<br \/>\n37 \tElisabeth \tNitschke<br \/>\n38 \tTobias \tPackh\u00e4user<br \/>\n39 \tMoritz \tPlagge<br \/>\n40 \tWolfgang \tPohner (B90\/Gr\u00fcne)<br \/>\n41 \tClaudia \tPoser- Ben Kahla (Leiterin UNICEF Gera, SPD)<br \/>\n42 \tJan \tRoscher (ProjekTTheater)<br \/>\n43 \tAstrid    \tSchmudde (B90\/Gr\u00fcne Berlin)<br \/>\n44 \tudo \tsiegemund<br \/>\n45 \tJulia \tSonnh\u00fctter<br \/>\n46 \tDuygu \tS\u00f6yler<br \/>\n47 \tArno \tSpeiser (Jugendinitiative gegen Rechtsextremismus Wunsiedel)<br \/>\n48 \tHannes \tSterzing<br \/>\n49 \tVolkmar \tVogt<br \/>\n50 \tLuise \tvon Berenberg<br \/>\n51 \tJonas \tvon R\u00fcden<br \/>\n52 \tKatja \tVo\u00df<br \/>\n53 \tMaria \tWegner<br \/>\n54 \tUli \tWels<br \/>\n55 \tLuigi \tWolf (Linke.SDS)<br \/>\n56 \tHarald \tZeil<\/p>\n<p>unterzeichnende Organisationen<\/p>\n<p>1. ver.di Jugend Stuttgart<br \/>\n2. ver.di Jugend NRW<br \/>\n3. ver.di NRW<br \/>\n4. B\u00fcrgerinitiative Bocholt stellt sich quer<br \/>\n5. Projekt Farbenfroh<br \/>\n6. ver.di Jugend Saar<br \/>\n7. Jusos Rheinland Pfalz<br \/>\n8. IL Karlsruhe<br \/>\n9. Linksjugend [solid] K\u00f6ln<br \/>\n10. Melodie &amp; amp; Rhythmus<br \/>\n11. Inforportal f\u00fcr antifaschistische Kultur und Politik aus Rostock<br \/>\n12. Antifaschistische Initiative Reinickendorf<\/p>\n<p><img loading=\"lazy\" decoding=\"async\" src=\"http:\/\/vg01.met.vgwort.de\/na\/5f29ed5447d94e0c9f19e8ed49d0ef1c\" width=\"1\" height=\"1\" alt=\"\"><\/p>\n","protected":false},"excerpt":{"rendered":"<p>Im Februar 2011 werden in Dresden wieder tausende Neonazis zum gr\u00f6\u00dften rechtsextremen Aufmarsch Europas erwartet. Wie im letzten Jahr, will das breite B\u00fcndnis &#8222;Dresden Nazifrei&#8220; den Aufmarsch mit friedlichen Sitzblockaden verhindern. Bands wie Tocotronic, Die Toten Hosen und die \u00c4rzte haben den Aufruf bereits unterschrieben. Ebenso der Bundestagsvizepr\u00e4sidenten Wolfgang Thierse (SPD), Petra Pau (Linke), Gr\u00fcnen-Chefin [&hellip;]<\/p>\n","protected":false},"author":229,"featured_media":0,"comment_status":"open","ping_status":"open","sticky":false,"template":"","format":"standard","meta":{"_jetpack_memberships_contains_paid_content":false,"footnotes":""},"categories":[1456],"tags":[1707,1716,1752,1795,1858],"class_list":["post-5236","post","type-post","status-publish","format-standard","hentry","category-sachsen","tag-naziaufmarsch","tag-npd","tag-protest","tag-sitzblockade","tag-zivilcourage"],"yoast_head":"<!-- This site is optimized with the Yoast SEO plugin v21.0 - https:\/\/yoast.com\/wordpress\/plugins\/seo\/ -->\n<title>Gegenwind f\u00fcr Neonaziaufmarsch in Dresden - St\u00f6rungsmelder<\/title>\n<meta name=\"robots\" content=\"index, follow, max-snippet:-1, max-image-preview:large, max-video-preview:-1\" \/>\n<link rel=\"canonical\" href=\"https:\/\/blog.zeit.de\/stoerungsmelder\/2010\/12\/15\/gegenwind-fur-neonaziaufmarsch-in-dresden_5236\" \/>\n<meta property=\"og:locale\" content=\"de_DE\" \/>\n<meta property=\"og:type\" content=\"article\" \/>\n<meta property=\"og:title\" content=\"Gegenwind f\u00fcr Neonaziaufmarsch in Dresden - St\u00f6rungsmelder\" \/>\n<meta property=\"og:description\" content=\"Im Februar 2011 werden in Dresden wieder tausende Neonazis zum gr\u00f6\u00dften rechtsextremen Aufmarsch Europas erwartet. Wie im letzten Jahr, will das breite B\u00fcndnis &#8222;Dresden Nazifrei&#8220; den Aufmarsch mit friedlichen Sitzblockaden verhindern. Bands wie Tocotronic, Die Toten Hosen und die \u00c4rzte haben den Aufruf bereits unterschrieben. Ebenso der Bundestagsvizepr\u00e4sidenten Wolfgang Thierse (SPD), Petra Pau (Linke), Gr\u00fcnen-Chefin [&hellip;]\" \/>\n<meta property=\"og:url\" content=\"https:\/\/blog.zeit.de\/stoerungsmelder\/2010\/12\/15\/gegenwind-fur-neonaziaufmarsch-in-dresden_5236\" \/>\n<meta property=\"og:site_name\" content=\"St\u00f6rungsmelder\" \/>\n<meta property=\"article:published_time\" content=\"2010-12-15T10:15:10+00:00\" \/>\n<meta property=\"article:modified_time\" content=\"2017-07-08T14:39:49+00:00\" \/>\n<meta property=\"og:image\" content=\"https:\/\/blog.zeit.de\/stoerungsmelder\/files\/2010\/12\/dresden.gif\" \/>\n<meta name=\"author\" content=\"St\u00f6rungsmelder\" \/>\n<meta name=\"twitter:card\" content=\"summary_large_image\" \/>\n<meta name=\"twitter:label1\" content=\"Geschrieben von\" \/>\n\t<meta name=\"twitter:data1\" content=\"St\u00f6rungsmelder\" \/>\n\t<meta name=\"twitter:label2\" content=\"Gesch\u00e4tzte Lesezeit\" \/>\n\t<meta name=\"twitter:data2\" content=\"7\u00a0Minuten\" \/>\n<script type=\"application\/ld+json\" class=\"yoast-schema-graph\">{\"@context\":\"https:\/\/schema.org\",\"@graph\":[{\"@type\":\"WebPage\",\"@id\":\"https:\/\/blog.zeit.de\/stoerungsmelder\/2010\/12\/15\/gegenwind-fur-neonaziaufmarsch-in-dresden_5236\",\"url\":\"https:\/\/blog.zeit.de\/stoerungsmelder\/2010\/12\/15\/gegenwind-fur-neonaziaufmarsch-in-dresden_5236\",\"name\":\"Gegenwind f\u00fcr Neonaziaufmarsch in Dresden - St\u00f6rungsmelder\",\"isPartOf\":{\"@id\":\"https:\/\/blog.zeit.de\/stoerungsmelder\/#website\"},\"datePublished\":\"2010-12-15T10:15:10+00:00\",\"dateModified\":\"2017-07-08T14:39:49+00:00\",\"author\":{\"@id\":\"https:\/\/blog.zeit.de\/stoerungsmelder\/#\/schema\/person\/fdd0b9818f65738672810b6d6f037f71\"},\"breadcrumb\":{\"@id\":\"https:\/\/blog.zeit.de\/stoerungsmelder\/2010\/12\/15\/gegenwind-fur-neonaziaufmarsch-in-dresden_5236#breadcrumb\"},\"inLanguage\":\"de\",\"potentialAction\":[{\"@type\":\"ReadAction\",\"target\":[\"https:\/\/blog.zeit.de\/stoerungsmelder\/2010\/12\/15\/gegenwind-fur-neonaziaufmarsch-in-dresden_5236\"]}]},{\"@type\":\"BreadcrumbList\",\"@id\":\"https:\/\/blog.zeit.de\/stoerungsmelder\/2010\/12\/15\/gegenwind-fur-neonaziaufmarsch-in-dresden_5236#breadcrumb\",\"itemListElement\":[{\"@type\":\"ListItem\",\"position\":1,\"name\":\"Startseite\",\"item\":\"https:\/\/blog.zeit.de\/stoerungsmelder\"},{\"@type\":\"ListItem\",\"position\":2,\"name\":\"Gegenwind f\u00fcr Neonaziaufmarsch in Dresden\"}]},{\"@type\":\"WebSite\",\"@id\":\"https:\/\/blog.zeit.de\/stoerungsmelder\/#website\",\"url\":\"https:\/\/blog.zeit.de\/stoerungsmelder\/\",\"name\":\"St\u00f6rungsmelder\",\"description\":\"Recherchen und Analysen \u00fcber die extreme Rechte\",\"potentialAction\":[{\"@type\":\"SearchAction\",\"target\":{\"@type\":\"EntryPoint\",\"urlTemplate\":\"https:\/\/blog.zeit.de\/stoerungsmelder\/?s={search_term_string}\"},\"query-input\":\"required name=search_term_string\"}],\"inLanguage\":\"de\"},{\"@type\":\"Person\",\"@id\":\"https:\/\/blog.zeit.de\/stoerungsmelder\/#\/schema\/person\/fdd0b9818f65738672810b6d6f037f71\",\"name\":\"St\u00f6rungsmelder\",\"image\":{\"@type\":\"ImageObject\",\"inLanguage\":\"de\",\"@id\":\"https:\/\/blog.zeit.de\/stoerungsmelder\/#\/schema\/person\/image\/\",\"url\":\"https:\/\/secure.gravatar.com\/avatar\/dfa4be514c3e82a71e4f9a0020035d38192d080ccaa5e4e6d7a1472c763535c5?s=96&d=mm&r=pg\",\"contentUrl\":\"https:\/\/secure.gravatar.com\/avatar\/dfa4be514c3e82a71e4f9a0020035d38192d080ccaa5e4e6d7a1472c763535c5?s=96&d=mm&r=pg\",\"caption\":\"St\u00f6rungsmelder\"},\"url\":\"https:\/\/blog.zeit.de\/stoerungsmelder\/author\/stoerungsmelder\"}]}<\/script>\n<!-- \/ Yoast SEO plugin. -->","yoast_head_json":{"title":"Gegenwind f\u00fcr Neonaziaufmarsch in Dresden - St\u00f6rungsmelder","robots":{"index":"index","follow":"follow","max-snippet":"max-snippet:-1","max-image-preview":"max-image-preview:large","max-video-preview":"max-video-preview:-1"},"canonical":"https:\/\/blog.zeit.de\/stoerungsmelder\/2010\/12\/15\/gegenwind-fur-neonaziaufmarsch-in-dresden_5236","og_locale":"de_DE","og_type":"article","og_title":"Gegenwind f\u00fcr Neonaziaufmarsch in Dresden - St\u00f6rungsmelder","og_description":"Im Februar 2011 werden in Dresden wieder tausende Neonazis zum gr\u00f6\u00dften rechtsextremen Aufmarsch Europas erwartet. Wie im letzten Jahr, will das breite B\u00fcndnis &#8222;Dresden Nazifrei&#8220; den Aufmarsch mit friedlichen Sitzblockaden verhindern. Bands wie Tocotronic, Die Toten Hosen und die \u00c4rzte haben den Aufruf bereits unterschrieben. Ebenso der Bundestagsvizepr\u00e4sidenten Wolfgang Thierse (SPD), Petra Pau (Linke), Gr\u00fcnen-Chefin [&hellip;]","og_url":"https:\/\/blog.zeit.de\/stoerungsmelder\/2010\/12\/15\/gegenwind-fur-neonaziaufmarsch-in-dresden_5236","og_site_name":"St\u00f6rungsmelder","article_published_time":"2010-12-15T10:15:10+00:00","article_modified_time":"2017-07-08T14:39:49+00:00","og_image":[{"url":"https:\/\/blog.zeit.de\/stoerungsmelder\/files\/2010\/12\/dresden.gif"}],"author":"St\u00f6rungsmelder","twitter_card":"summary_large_image","twitter_misc":{"Geschrieben von":"St\u00f6rungsmelder","Gesch\u00e4tzte Lesezeit":"7\u00a0Minuten"},"schema":{"@context":"https:\/\/schema.org","@graph":[{"@type":"WebPage","@id":"https:\/\/blog.zeit.de\/stoerungsmelder\/2010\/12\/15\/gegenwind-fur-neonaziaufmarsch-in-dresden_5236","url":"https:\/\/blog.zeit.de\/stoerungsmelder\/2010\/12\/15\/gegenwind-fur-neonaziaufmarsch-in-dresden_5236","name":"Gegenwind f\u00fcr Neonaziaufmarsch in Dresden - St\u00f6rungsmelder","isPartOf":{"@id":"https:\/\/blog.zeit.de\/stoerungsmelder\/#website"},"datePublished":"2010-12-15T10:15:10+00:00","dateModified":"2017-07-08T14:39:49+00:00","author":{"@id":"https:\/\/blog.zeit.de\/stoerungsmelder\/#\/schema\/person\/fdd0b9818f65738672810b6d6f037f71"},"breadcrumb":{"@id":"https:\/\/blog.zeit.de\/stoerungsmelder\/2010\/12\/15\/gegenwind-fur-neonaziaufmarsch-in-dresden_5236#breadcrumb"},"inLanguage":"de","potentialAction":[{"@type":"ReadAction","target":["https:\/\/blog.zeit.de\/stoerungsmelder\/2010\/12\/15\/gegenwind-fur-neonaziaufmarsch-in-dresden_5236"]}]},{"@type":"BreadcrumbList","@id":"https:\/\/blog.zeit.de\/stoerungsmelder\/2010\/12\/15\/gegenwind-fur-neonaziaufmarsch-in-dresden_5236#breadcrumb","itemListElement":[{"@type":"ListItem","position":1,"name":"Startseite","item":"https:\/\/blog.zeit.de\/stoerungsmelder"},{"@type":"ListItem","position":2,"name":"Gegenwind f\u00fcr Neonaziaufmarsch in Dresden"}]},{"@type":"WebSite","@id":"https:\/\/blog.zeit.de\/stoerungsmelder\/#website","url":"https:\/\/blog.zeit.de\/stoerungsmelder\/","name":"St\u00f6rungsmelder","description":"Recherchen und Analysen \u00fcber die extreme Rechte","potentialAction":[{"@type":"SearchAction","target":{"@type":"EntryPoint","urlTemplate":"https:\/\/blog.zeit.de\/stoerungsmelder\/?s={search_term_string}"},"query-input":"required name=search_term_string"}],"inLanguage":"de"},{"@type":"Person","@id":"https:\/\/blog.zeit.de\/stoerungsmelder\/#\/schema\/person\/fdd0b9818f65738672810b6d6f037f71","name":"St\u00f6rungsmelder","image":{"@type":"ImageObject","inLanguage":"de","@id":"https:\/\/blog.zeit.de\/stoerungsmelder\/#\/schema\/person\/image\/","url":"https:\/\/secure.gravatar.com\/avatar\/dfa4be514c3e82a71e4f9a0020035d38192d080ccaa5e4e6d7a1472c763535c5?s=96&d=mm&r=pg","contentUrl":"https:\/\/secure.gravatar.com\/avatar\/dfa4be514c3e82a71e4f9a0020035d38192d080ccaa5e4e6d7a1472c763535c5?s=96&d=mm&r=pg","caption":"St\u00f6rungsmelder"},"url":"https:\/\/blog.zeit.de\/stoerungsmelder\/author\/stoerungsmelder"}]}},"jetpack_featured_media_url":"","jetpack_sharing_enabled":true,"_links":{"self":[{"href":"https:\/\/blog.zeit.de\/stoerungsmelder\/wp-json\/wp\/v2\/posts\/5236","targetHints":{"allow":["GET"]}}],"collection":[{"href":"https:\/\/blog.zeit.de\/stoerungsmelder\/wp-json\/wp\/v2\/posts"}],"about":[{"href":"https:\/\/blog.zeit.de\/stoerungsmelder\/wp-json\/wp\/v2\/types\/post"}],"author":[{"embeddable":true,"href":"https:\/\/blog.zeit.de\/stoerungsmelder\/wp-json\/wp\/v2\/users\/229"}],"replies":[{"embeddable":true,"href":"https:\/\/blog.zeit.de\/stoerungsmelder\/wp-json\/wp\/v2\/comments?post=5236"}],"version-history":[{"count":3,"href":"https:\/\/blog.zeit.de\/stoerungsmelder\/wp-json\/wp\/v2\/posts\/5236\/revisions"}],"predecessor-version":[{"id":24184,"href":"https:\/\/blog.zeit.de\/stoerungsmelder\/wp-json\/wp\/v2\/posts\/5236\/revisions\/24184"}],"wp:attachment":[{"href":"https:\/\/blog.zeit.de\/stoerungsmelder\/wp-json\/wp\/v2\/media?parent=5236"}],"wp:term":[{"taxonomy":"category","embeddable":true,"href":"https:\/\/blog.zeit.de\/stoerungsmelder\/wp-json\/wp\/v2\/categories?post=5236"},{"taxonomy":"post_tag","embeddable":true,"href":"https:\/\/blog.zeit.de\/stoerungsmelder\/wp-json\/wp\/v2\/tags?post=5236"}],"curies":[{"name":"wp","href":"https:\/\/api.w.org\/{rel}","templated":true}]}}