{"id":5240,"date":"2010-12-15T21:52:16","date_gmt":"2010-12-15T20:52:16","guid":{"rendered":"http:\/\/blog.zeit.de\/stoerungsmelder\/?p=5240"},"modified":"2010-12-15T21:55:35","modified_gmt":"2010-12-15T20:55:35","slug":"staatsanwaltschaft-rostock-fordert-freiheitsstrafen-fur-neonazis","status":"publish","type":"post","link":"https:\/\/blog.zeit.de\/stoerungsmelder\/2010\/12\/15\/staatsanwaltschaft-rostock-fordert-freiheitsstrafen-fur-neonazis_5240","title":{"rendered":"Staatsanwaltschaft Rostock fordert Freiheitsstrafen f\u00fcr Neonazis"},"content":{"rendered":"<p><a href=\"https:\/\/blog.zeit.de\/stoerungsmelder\/files\/2010\/12\/lg_sm.jpg\"><img loading=\"lazy\" decoding=\"async\" class=\"alignnone size-full wp-image-5241\" title=\"lg_sm\" src=\"https:\/\/blog.zeit.de\/stoerungsmelder\/files\/2010\/12\/lg_sm.jpg\" alt=\"\" width=\"540\" height=\"200\" srcset=\"https:\/\/blog.zeit.de\/stoerungsmelder\/files\/2010\/12\/lg_sm.jpg 540w, https:\/\/blog.zeit.de\/stoerungsmelder\/files\/2010\/12\/lg_sm-300x111.jpg 300w\" sizes=\"auto, (max-width: 540px) 100vw, 540px\" \/><\/a><\/p>\n<p>Rund zwei Jahre nach heftigen Auseinandersetzungen zwischen Neonazis und der Polizei in Rostock hat die Staatsanwaltschaft am 15.12. d.J. Freiheitsstrafen bis zu zwei Jahren und vier Monaten f\u00fcr die Angeklagten gefordert. Die Verteidiger pl\u00e4dierten auf Freispruch bzw. wesentlich niedrigere Strafen. Insgesamt stehen f\u00fcnf Neonazis vor dem Landgericht Rostock, ein Verfahren wurde wegen Erkrankung abgetrennt. Die Neonazis geh\u00f6rten zu den etwa 50 Besuchern eines Rechtsrockkonzertes im Rostocker Stadtteil Gehlsdorf im August 2008. Als die Polizei die Veranstaltung aufl\u00f6sen wollte, griffen die Neonazis die Beamten u.a. mit B\u00e4nken und Feuerl\u00f6schern an. Nach Polizeiangaben wurden dabei elf Polizisten und drei Neonazis verletzt.<!--more--><\/p>\n<p>Seit dem 1. September d.J. m\u00fcssen sich die f\u00fcnf Angeh\u00f6rigen der extrem rechten Szene vor dem Landgericht Rostock wegen schweren Landfriedensbruchs, Widerstandes gegen die Polizei und gef\u00e4hrlicher K\u00f6rperverletzung verantworten. Sie geh\u00f6ren zu den insgesamt 38 Neonazis, die die Polizei im August 2008 nach dem Konzert festgenommen hatte. Die 32 M\u00e4nner und sechs Frauen im Alter zwischen 19 und 37 Jahren stammten aus Mecklenburg Vorpommern, Schleswig Holstein und Berlin. Bei zwei Angeklagten pl\u00e4dierte die Staatsanwaltschaft auf Bew\u00e4hrungsstrafen, die zwei anderen Neonazi sollen f\u00fcr ein Jahr und zehn Monaten bzw. zwei Jahre und vier Monate in Haft. Urspr\u00fcnglich waren an diesem Verhandlungstag bereits die Urteile erwartet worden, wegen umfangreicher Beweisantr\u00e4ge der Verteidigung k\u00f6nnte der Richterspruch jetzt am 6. Januar 2011 fallen. Zum Prozessbeginn hatte ein heute 25-j\u00e4hriger Angeklagter ausgesagt, er habe nicht gewusst, dass es sich bei dem Konzert um eine verbotene Veranstaltung gehandelt habe. Die anderen vier Neonazis machten keine Angaben zur Sache<\/p>\n<p><a href=\"https:\/\/blog.zeit.de\/stoerungsmelder\/files\/2010\/12\/lg_hro06_sm.jpg\"><img loading=\"lazy\" decoding=\"async\" class=\"alignleft size-medium wp-image-5242\" title=\"lg_hro06_sm\" src=\"https:\/\/blog.zeit.de\/stoerungsmelder\/files\/2010\/12\/lg_hro06_sm-200x300.jpg\" alt=\"\" width=\"140\" height=\"210\" srcset=\"https:\/\/blog.zeit.de\/stoerungsmelder\/files\/2010\/12\/lg_hro06_sm-200x300.jpg 200w, https:\/\/blog.zeit.de\/stoerungsmelder\/files\/2010\/12\/lg_hro06_sm.jpg 500w\" sizes=\"auto, (max-width: 140px) 100vw, 140px\" \/><\/a>Hintergrund des Prozesses ist ein Rechtsrockkonzert am 24. August 2008, f\u00fcr das zwei junge Frauen R\u00e4umlichkeiten im Rostocker Stadtteil Brinckmansdorf f\u00fcr eine private Geburtstagsfeier angemietet hatten. Nachdem die Polizei die Betreiber \u00fcber die eigentlich geplante Nutzung aufgekl\u00e4rt hatten, traten sie wegen T\u00e4uschung von dem Mietvertrag zur\u00fcck. Daraufhin fand das Konzert in einer privaten Halle in Gehlsdorf statt: in dem leer stehenden Geb\u00e4ude wurde eine provisorische B\u00fchne aufgebaut und ein Getr\u00e4nkeverkauf organisiert. Als die Polizei das ebenfalls als Geburtstagsfeier getarntes Konzert aufl\u00f6sen wollte, wurden die Einsatzkr\u00e4fte von den Besuchern attackiert. Unter anderem wurden Bierkisten, B\u00e4nke und Feuerl\u00f6scher auf die Beamten geschleudert. Im Polizeibericht hei\u00dft es, die Beamten seien \u201e\u00fcberaus brutal angegriffen\u201c worden. Nach Angaben des Verfassungsschutzes in Mecklenburg Vorpommern war die Veranstaltung eines von insgesamt 19 Rechtskonzerten landesweit. Der Prozess gegen die vier Angeklagten wird am 6. Januar 2011 vor dem Landgericht Rostock fortgesetzt, die n\u00e4chste Verhandlung in dem abgetrennten Verfahren findet am 20. Dezember statt.<\/p>\n","protected":false},"excerpt":{"rendered":"<p>Rund zwei Jahre nach heftigen Auseinandersetzungen zwischen Neonazis und der Polizei in Rostock hat die Staatsanwaltschaft am 15.12. d.J. Freiheitsstrafen bis zu zwei Jahren und vier Monaten f\u00fcr die Angeklagten gefordert. Die Verteidiger pl\u00e4dierten auf Freispruch bzw. wesentlich niedrigere Strafen. Insgesamt stehen f\u00fcnf Neonazis vor dem Landgericht Rostock, ein Verfahren wurde wegen Erkrankung abgetrennt. Die [&hellip;]<\/p>\n","protected":false},"author":254,"featured_media":0,"comment_status":"open","ping_status":"open","sticky":false,"template":"","format":"standard","meta":{"_jetpack_memberships_contains_paid_content":false,"footnotes":""},"categories":[90],"tags":[],"class_list":["post-5240","post","type-post","status-publish","format-standard","hentry","category-mecklenburg-vorpommern"],"yoast_head":"<!-- This site is optimized with the Yoast SEO plugin v21.0 - https:\/\/yoast.com\/wordpress\/plugins\/seo\/ -->\n<title>Staatsanwaltschaft Rostock fordert Freiheitsstrafen f\u00fcr Neonazis - St\u00f6rungsmelder<\/title>\n<meta name=\"robots\" content=\"index, follow, max-snippet:-1, max-image-preview:large, max-video-preview:-1\" \/>\n<link rel=\"canonical\" href=\"https:\/\/blog.zeit.de\/stoerungsmelder\/2010\/12\/15\/staatsanwaltschaft-rostock-fordert-freiheitsstrafen-fur-neonazis_5240\" \/>\n<meta property=\"og:locale\" content=\"de_DE\" \/>\n<meta property=\"og:type\" content=\"article\" \/>\n<meta property=\"og:title\" content=\"Staatsanwaltschaft Rostock fordert Freiheitsstrafen f\u00fcr Neonazis - St\u00f6rungsmelder\" \/>\n<meta property=\"og:description\" content=\"Rund zwei Jahre nach heftigen Auseinandersetzungen zwischen Neonazis und der Polizei in Rostock hat die Staatsanwaltschaft am 15.12. d.J. Freiheitsstrafen bis zu zwei Jahren und vier Monaten f\u00fcr die Angeklagten gefordert. Die Verteidiger pl\u00e4dierten auf Freispruch bzw. wesentlich niedrigere Strafen. Insgesamt stehen f\u00fcnf Neonazis vor dem Landgericht Rostock, ein Verfahren wurde wegen Erkrankung abgetrennt. Die [&hellip;]\" \/>\n<meta property=\"og:url\" content=\"https:\/\/blog.zeit.de\/stoerungsmelder\/2010\/12\/15\/staatsanwaltschaft-rostock-fordert-freiheitsstrafen-fur-neonazis_5240\" \/>\n<meta property=\"og:site_name\" content=\"St\u00f6rungsmelder\" \/>\n<meta property=\"article:published_time\" content=\"2010-12-15T20:52:16+00:00\" \/>\n<meta property=\"article:modified_time\" content=\"2010-12-15T20:55:35+00:00\" \/>\n<meta property=\"og:image\" content=\"https:\/\/blog.zeit.de\/stoerungsmelder\/files\/2010\/12\/lg_sm.jpg\" \/>\n<meta name=\"author\" content=\"Kai Budler\" \/>\n<meta name=\"twitter:card\" content=\"summary_large_image\" \/>\n<meta name=\"twitter:label1\" content=\"Geschrieben von\" \/>\n\t<meta name=\"twitter:data1\" content=\"Kai Budler\" \/>\n\t<meta name=\"twitter:label2\" content=\"Gesch\u00e4tzte Lesezeit\" \/>\n\t<meta name=\"twitter:data2\" content=\"2\u00a0Minuten\" \/>\n<script type=\"application\/ld+json\" class=\"yoast-schema-graph\">{\"@context\":\"https:\/\/schema.org\",\"@graph\":[{\"@type\":\"WebPage\",\"@id\":\"https:\/\/blog.zeit.de\/stoerungsmelder\/2010\/12\/15\/staatsanwaltschaft-rostock-fordert-freiheitsstrafen-fur-neonazis_5240\",\"url\":\"https:\/\/blog.zeit.de\/stoerungsmelder\/2010\/12\/15\/staatsanwaltschaft-rostock-fordert-freiheitsstrafen-fur-neonazis_5240\",\"name\":\"Staatsanwaltschaft Rostock fordert Freiheitsstrafen f\u00fcr Neonazis - St\u00f6rungsmelder\",\"isPartOf\":{\"@id\":\"https:\/\/blog.zeit.de\/stoerungsmelder\/#website\"},\"datePublished\":\"2010-12-15T20:52:16+00:00\",\"dateModified\":\"2010-12-15T20:55:35+00:00\",\"author\":{\"@id\":\"https:\/\/blog.zeit.de\/stoerungsmelder\/#\/schema\/person\/58f28fa43c55337b17b93e3622cc8b37\"},\"breadcrumb\":{\"@id\":\"https:\/\/blog.zeit.de\/stoerungsmelder\/2010\/12\/15\/staatsanwaltschaft-rostock-fordert-freiheitsstrafen-fur-neonazis_5240#breadcrumb\"},\"inLanguage\":\"de\",\"potentialAction\":[{\"@type\":\"ReadAction\",\"target\":[\"https:\/\/blog.zeit.de\/stoerungsmelder\/2010\/12\/15\/staatsanwaltschaft-rostock-fordert-freiheitsstrafen-fur-neonazis_5240\"]}]},{\"@type\":\"BreadcrumbList\",\"@id\":\"https:\/\/blog.zeit.de\/stoerungsmelder\/2010\/12\/15\/staatsanwaltschaft-rostock-fordert-freiheitsstrafen-fur-neonazis_5240#breadcrumb\",\"itemListElement\":[{\"@type\":\"ListItem\",\"position\":1,\"name\":\"Startseite\",\"item\":\"https:\/\/blog.zeit.de\/stoerungsmelder\"},{\"@type\":\"ListItem\",\"position\":2,\"name\":\"Staatsanwaltschaft Rostock fordert Freiheitsstrafen f\u00fcr Neonazis\"}]},{\"@type\":\"WebSite\",\"@id\":\"https:\/\/blog.zeit.de\/stoerungsmelder\/#website\",\"url\":\"https:\/\/blog.zeit.de\/stoerungsmelder\/\",\"name\":\"St\u00f6rungsmelder\",\"description\":\"Recherchen und Analysen \u00fcber die extreme Rechte\",\"potentialAction\":[{\"@type\":\"SearchAction\",\"target\":{\"@type\":\"EntryPoint\",\"urlTemplate\":\"https:\/\/blog.zeit.de\/stoerungsmelder\/?s={search_term_string}\"},\"query-input\":\"required name=search_term_string\"}],\"inLanguage\":\"de\"},{\"@type\":\"Person\",\"@id\":\"https:\/\/blog.zeit.de\/stoerungsmelder\/#\/schema\/person\/58f28fa43c55337b17b93e3622cc8b37\",\"name\":\"Kai Budler\",\"image\":{\"@type\":\"ImageObject\",\"inLanguage\":\"de\",\"@id\":\"https:\/\/blog.zeit.de\/stoerungsmelder\/#\/schema\/person\/image\/\",\"url\":\"https:\/\/secure.gravatar.com\/avatar\/126c2f44b51c178dc1db1bb6e040fcff157c88000cfae96c983070e6153484e3?s=96&d=mm&r=pg\",\"contentUrl\":\"https:\/\/secure.gravatar.com\/avatar\/126c2f44b51c178dc1db1bb6e040fcff157c88000cfae96c983070e6153484e3?s=96&d=mm&r=pg\",\"caption\":\"Kai Budler\"},\"url\":\"https:\/\/blog.zeit.de\/stoerungsmelder\/author\/kai-budler\"}]}<\/script>\n<!-- \/ Yoast SEO plugin. -->","yoast_head_json":{"title":"Staatsanwaltschaft Rostock fordert Freiheitsstrafen f\u00fcr Neonazis - St\u00f6rungsmelder","robots":{"index":"index","follow":"follow","max-snippet":"max-snippet:-1","max-image-preview":"max-image-preview:large","max-video-preview":"max-video-preview:-1"},"canonical":"https:\/\/blog.zeit.de\/stoerungsmelder\/2010\/12\/15\/staatsanwaltschaft-rostock-fordert-freiheitsstrafen-fur-neonazis_5240","og_locale":"de_DE","og_type":"article","og_title":"Staatsanwaltschaft Rostock fordert Freiheitsstrafen f\u00fcr Neonazis - St\u00f6rungsmelder","og_description":"Rund zwei Jahre nach heftigen Auseinandersetzungen zwischen Neonazis und der Polizei in Rostock hat die Staatsanwaltschaft am 15.12. d.J. Freiheitsstrafen bis zu zwei Jahren und vier Monaten f\u00fcr die Angeklagten gefordert. Die Verteidiger pl\u00e4dierten auf Freispruch bzw. wesentlich niedrigere Strafen. Insgesamt stehen f\u00fcnf Neonazis vor dem Landgericht Rostock, ein Verfahren wurde wegen Erkrankung abgetrennt. Die [&hellip;]","og_url":"https:\/\/blog.zeit.de\/stoerungsmelder\/2010\/12\/15\/staatsanwaltschaft-rostock-fordert-freiheitsstrafen-fur-neonazis_5240","og_site_name":"St\u00f6rungsmelder","article_published_time":"2010-12-15T20:52:16+00:00","article_modified_time":"2010-12-15T20:55:35+00:00","og_image":[{"url":"https:\/\/blog.zeit.de\/stoerungsmelder\/files\/2010\/12\/lg_sm.jpg"}],"author":"Kai Budler","twitter_card":"summary_large_image","twitter_misc":{"Geschrieben von":"Kai Budler","Gesch\u00e4tzte Lesezeit":"2\u00a0Minuten"},"schema":{"@context":"https:\/\/schema.org","@graph":[{"@type":"WebPage","@id":"https:\/\/blog.zeit.de\/stoerungsmelder\/2010\/12\/15\/staatsanwaltschaft-rostock-fordert-freiheitsstrafen-fur-neonazis_5240","url":"https:\/\/blog.zeit.de\/stoerungsmelder\/2010\/12\/15\/staatsanwaltschaft-rostock-fordert-freiheitsstrafen-fur-neonazis_5240","name":"Staatsanwaltschaft Rostock fordert Freiheitsstrafen f\u00fcr Neonazis - St\u00f6rungsmelder","isPartOf":{"@id":"https:\/\/blog.zeit.de\/stoerungsmelder\/#website"},"datePublished":"2010-12-15T20:52:16+00:00","dateModified":"2010-12-15T20:55:35+00:00","author":{"@id":"https:\/\/blog.zeit.de\/stoerungsmelder\/#\/schema\/person\/58f28fa43c55337b17b93e3622cc8b37"},"breadcrumb":{"@id":"https:\/\/blog.zeit.de\/stoerungsmelder\/2010\/12\/15\/staatsanwaltschaft-rostock-fordert-freiheitsstrafen-fur-neonazis_5240#breadcrumb"},"inLanguage":"de","potentialAction":[{"@type":"ReadAction","target":["https:\/\/blog.zeit.de\/stoerungsmelder\/2010\/12\/15\/staatsanwaltschaft-rostock-fordert-freiheitsstrafen-fur-neonazis_5240"]}]},{"@type":"BreadcrumbList","@id":"https:\/\/blog.zeit.de\/stoerungsmelder\/2010\/12\/15\/staatsanwaltschaft-rostock-fordert-freiheitsstrafen-fur-neonazis_5240#breadcrumb","itemListElement":[{"@type":"ListItem","position":1,"name":"Startseite","item":"https:\/\/blog.zeit.de\/stoerungsmelder"},{"@type":"ListItem","position":2,"name":"Staatsanwaltschaft Rostock fordert Freiheitsstrafen f\u00fcr Neonazis"}]},{"@type":"WebSite","@id":"https:\/\/blog.zeit.de\/stoerungsmelder\/#website","url":"https:\/\/blog.zeit.de\/stoerungsmelder\/","name":"St\u00f6rungsmelder","description":"Recherchen und Analysen \u00fcber die extreme Rechte","potentialAction":[{"@type":"SearchAction","target":{"@type":"EntryPoint","urlTemplate":"https:\/\/blog.zeit.de\/stoerungsmelder\/?s={search_term_string}"},"query-input":"required name=search_term_string"}],"inLanguage":"de"},{"@type":"Person","@id":"https:\/\/blog.zeit.de\/stoerungsmelder\/#\/schema\/person\/58f28fa43c55337b17b93e3622cc8b37","name":"Kai Budler","image":{"@type":"ImageObject","inLanguage":"de","@id":"https:\/\/blog.zeit.de\/stoerungsmelder\/#\/schema\/person\/image\/","url":"https:\/\/secure.gravatar.com\/avatar\/126c2f44b51c178dc1db1bb6e040fcff157c88000cfae96c983070e6153484e3?s=96&d=mm&r=pg","contentUrl":"https:\/\/secure.gravatar.com\/avatar\/126c2f44b51c178dc1db1bb6e040fcff157c88000cfae96c983070e6153484e3?s=96&d=mm&r=pg","caption":"Kai Budler"},"url":"https:\/\/blog.zeit.de\/stoerungsmelder\/author\/kai-budler"}]}},"jetpack_featured_media_url":"","jetpack_sharing_enabled":true,"_links":{"self":[{"href":"https:\/\/blog.zeit.de\/stoerungsmelder\/wp-json\/wp\/v2\/posts\/5240","targetHints":{"allow":["GET"]}}],"collection":[{"href":"https:\/\/blog.zeit.de\/stoerungsmelder\/wp-json\/wp\/v2\/posts"}],"about":[{"href":"https:\/\/blog.zeit.de\/stoerungsmelder\/wp-json\/wp\/v2\/types\/post"}],"author":[{"embeddable":true,"href":"https:\/\/blog.zeit.de\/stoerungsmelder\/wp-json\/wp\/v2\/users\/254"}],"replies":[{"embeddable":true,"href":"https:\/\/blog.zeit.de\/stoerungsmelder\/wp-json\/wp\/v2\/comments?post=5240"}],"version-history":[{"count":5,"href":"https:\/\/blog.zeit.de\/stoerungsmelder\/wp-json\/wp\/v2\/posts\/5240\/revisions"}],"predecessor-version":[{"id":5246,"href":"https:\/\/blog.zeit.de\/stoerungsmelder\/wp-json\/wp\/v2\/posts\/5240\/revisions\/5246"}],"wp:attachment":[{"href":"https:\/\/blog.zeit.de\/stoerungsmelder\/wp-json\/wp\/v2\/media?parent=5240"}],"wp:term":[{"taxonomy":"category","embeddable":true,"href":"https:\/\/blog.zeit.de\/stoerungsmelder\/wp-json\/wp\/v2\/categories?post=5240"},{"taxonomy":"post_tag","embeddable":true,"href":"https:\/\/blog.zeit.de\/stoerungsmelder\/wp-json\/wp\/v2\/tags?post=5240"}],"curies":[{"name":"wp","href":"https:\/\/api.w.org\/{rel}","templated":true}]}}