{"id":5269,"date":"2010-12-21T09:46:07","date_gmt":"2010-12-21T08:46:07","guid":{"rendered":"http:\/\/blog.zeit.de\/stoerungsmelder\/?p=5269"},"modified":"2010-12-21T09:56:38","modified_gmt":"2010-12-21T08:56:38","slug":"mutmaslicher-morder-von-kamal-aus-u-haft-entlassen","status":"publish","type":"post","link":"https:\/\/blog.zeit.de\/stoerungsmelder\/2010\/12\/21\/mutmaslicher-morder-von-kamal-aus-u-haft-entlassen_5269","title":{"rendered":"Mutma\u00dflicher M\u00f6rder von Kamal aus U-Haft entlassen"},"content":{"rendered":"<p><figure id=\"attachment_1315\" aria-describedby=\"caption-attachment-1315\" style=\"width: 410px\" class=\"wp-caption aligncenter\"><a href=\"https:\/\/blog.zeit.de\/stoerungsmelder\/files\/2009\/08\/colditz-artikel-410.jpg\"><img loading=\"lazy\" decoding=\"async\" class=\"size-full wp-image-1315\" title=\"colditz-artikel-410\" src=\"https:\/\/blog.zeit.de\/stoerungsmelder\/files\/2009\/08\/colditz-artikel-410.jpg\" alt=\"\" width=\"410\" height=\"200\" srcset=\"https:\/\/blog.zeit.de\/stoerungsmelder\/files\/2009\/08\/colditz-artikel-410.jpg 410w, https:\/\/blog.zeit.de\/stoerungsmelder\/files\/2009\/08\/colditz-artikel-410-300x146.jpg 300w\" sizes=\"auto, (max-width: 410px) 100vw, 410px\" \/><\/a><figcaption id=\"caption-attachment-1315\" class=\"wp-caption-text\">Mit Gewalt gegen Migranten - eindeutige Botschaft auf dem T-Shirt eines Neonazis<\/figcaption><\/figure><\/p>\n<p>Am 20.12.2010 wurde bekannt, dass der Neonazi Daniel K., der an dem Mord an dem  19-j\u00e4hrigen Kamal K. am 24. Oktober in Leipzig beteiligt war, aus der  Untersuchungshaft entlassen wurde. Zudem liegt laut K.s  Verteidiger kein fremdenfeindliches Motiv vor. Politiker und zivilgesellschaftliche Initiativen protestieren gegen die Entscheidung der Staatsanwaltschaft.<!--more--><br \/>\n<em><br \/>\n<\/em>\u201eIch zeige mich fassungslos. Ein offensichtlicher Neonazis, der  langj\u00e4hrig in einer Kameradschaft organisiert war, die f\u00fcr Gewalt gegen  MigrantInnen und Linke bekannt ist, wird auf freien Fu\u00df gesetzt, obwohl  seine Mitt\u00e4terschaft an einem Mord erwiesen ist. Damit leisten die  Beh\u00f6rden einen echten Beitrag zur Verharmlosung von menschenverachtender  Gewalt&#8220;, sagte die <a href=\"http:\/\/jule.linxxnet.de\/index.php\/2010\/12\/fassungslos-mittater-im-mordfall-kamal-k-auf-freiem-fus\/\">Stadtr\u00e4tin Juliane Nagel (Linke)<\/a>.<\/p>\n<p><em>Ein weiteres Mal wird zudem ein Mord an einem Migranten entpolitisiert.<\/p>\n<p>An die 150 Todesopfer rechter Gewalt z\u00e4hlen Vereine und Initiativen seit  1990 \u2013 nur 47 werden in der offiziellen Statistik des  Bundesinnenministeriums gef\u00fchrt. Diese Diskrepanz kommt dadurch  zustande, dass Ermittlungsbeh\u00f6rden und Gerichte Tatmotive und  Hintergr\u00fcnde bagatellisieren und verdr\u00e4ngen. Dass dies nun auch im Fall Kamal K. geschehen soll, ist nicht hinnehmbar.<\/em><\/p>\n<p><em>Daniel K. trug trug bei seiner Festnahme kurz nach dem Mord ein Shirt  mit dem Aufdruck \u201eKick off Antifascism\u201c, ein Spruch, der zweifelsfrei  seine neonazistische Gesinnung demonstriert.<br \/>\nSeinen Aussagen Glauben zu schenken, er habe der rechten Szene  abgeschworen, ist vor diesem Hintergrund eine Farce. Zudem wurde er laut  Aussagen des <a href=\"http:\/\/klarmann.blogsport.de\/2010\/11\/01\/hinweis-neonazis-unter-tatverdacht\/\">Journalisten Michael Klarmann<\/a> bei seinem Haftaufenthalt, der erst vor wenigen Monaten endete, von der  neonazistischen \u201eHilfsorganisation f\u00fcr nationale politische Gefangene\u201c  unterst\u00fctzt.<br \/>\nDie Freilassung Daniel K.s und die Entpolitisierung des Mordes ist ein Schlag ins Gesicht der Familie und Freunde von Kamal.\u201c<\/em><\/p>\n<p><strong>Auch der <a href=\"http:\/\/initiativkreis.blogsport.de\/\">Initiativkreis Antirassismus<\/a> hat eine Stellungnahme abgegeben:<br \/>\n<\/strong><\/p>\n<p><em>Die mutma\u00dflichen T\u00e4ter Daniel K. und Marcus E. waren von der Polizei  in der N\u00e4he des Tatortes aufgegriffen worden \u2013 inklusive Mordwaffe.  Offenbar wird gegen Daniel K. jetzt nur noch wegen \u201egef\u00e4hrlicher  K\u00f6rperverletzung\u201c ermittelt. Der Verd\u00e4chtige hatte in einer Aussage  seinen Kumpanen Marcus E. bezichtigt, die t\u00f6dlichen Messerstiche  verursacht zu haben.<\/em><\/p>\n<p><em>Beide h\u00e4tten \u201eviel getrunken\u201c, Daniel K. habe jedoch laut  Verteidiger \u201evon den Messerstichen nichts mitbekommen\u201c. Er habe im  \u00fcbrigen \u201eim M\u00e4rz 2008 mit der rechten Szene gebrochen.\u201c Die Tat habe  folglich \u201ekein fremdenfeindliches Motiv\u201c.<\/em><\/p>\n<p><em><strong>Der Initiativkreis Antirassismus weist darauf hin, dass  diese Angaben nicht den Tatsachen entsprechen. Bekannt ist dagegen  folgendes:<\/strong><\/em><\/p>\n<ul>\n<li><em><a href=\"http:\/\/initiativkreis.blogsport.de\/2010\/10\/30\/der-mordverdaechtige-daniel-k-ein-neonazi\/\"><span style=\"text-decoration: underline;\">Daniel K. hat eine langj\u00e4hrige Karriere als Neonazi hinter sich<\/span><\/a>, war u.a. in der gewaltbereiten \u201eKameradschaft Aachener Land\u201c (KAL) aktiv.<\/em><\/li>\n<li><em>In seiner 2007 angetretenen Haftzeit \u2013 in der er auch Marcus E.  kennenlernte \u2013 wurde Daniel K. laut Presseberichten von der  einschl\u00e4gigen neonazistischen \u201eHilfsorganisation f\u00fcr nationale  politische Gefangene und deren Angeh\u00f6rige\u201c (HNG) unterst\u00fctzt.<\/em><\/li>\n<li><em>Daniel K. war zu keinem Zeitpunkt Szene-\u201cAussteiger\u201c. Es gibt  keinerlei Hinweise, keine eigenen Statements und keine Informationen  entsprechender Beratungsstellen, dass er mit der Szene \u201egebrochen\u201c haben  k\u00f6nnte. Noch bei seiner Verhaftung trug er einen Pullover mit der  Aufschrift \u201eKick off Antifascism\u201c.<\/em><\/li>\n<\/ul>\n<p><em>\u201eDer Initiativkreis Antirassismus ist ersch\u00fcttert \u00fcber die  vorzeitige Freilassung des Daniel K.\u201c, erkl\u00e4rt Pressesprecherin Miriam  Schleicher. \u201eNoch schwerer aber wiegt der dreiste Versuch, die Ermordung  eines Migranten durch zwei deutsche Rassisten mit dem Hinweis auf einen  Alkoholrausch zu bagatellisieren. Als w\u00fcrde das irgendetwas besser  machen.\u201c<\/em><\/p>\n<p>\ufeff<\/p>\n","protected":false},"excerpt":{"rendered":"<p>Am 20.12.2010 wurde bekannt, dass der Neonazi Daniel K., der an dem Mord an dem 19-j\u00e4hrigen Kamal K. am 24. Oktober in Leipzig beteiligt war, aus der Untersuchungshaft entlassen wurde. Zudem liegt laut K.s Verteidiger kein fremdenfeindliches Motiv vor. Politiker und zivilgesellschaftliche Initiativen protestieren gegen die Entscheidung der Staatsanwaltschaft.<\/p>\n","protected":false},"author":229,"featured_media":0,"comment_status":"open","ping_status":"open","sticky":false,"template":"","format":"standard","meta":{"_jetpack_memberships_contains_paid_content":false,"footnotes":""},"categories":[1456],"tags":[1638,1694,1755],"class_list":["post-5269","post","type-post","status-publish","format-standard","hentry","category-sachsen","tag-justiz","tag-mord","tag-rechte-gewalt"],"yoast_head":"<!-- This site is optimized with the Yoast SEO plugin v21.0 - https:\/\/yoast.com\/wordpress\/plugins\/seo\/ -->\n<title>Mutma\u00dflicher M\u00f6rder von Kamal aus U-Haft entlassen - St\u00f6rungsmelder<\/title>\n<meta name=\"robots\" content=\"index, follow, max-snippet:-1, max-image-preview:large, max-video-preview:-1\" \/>\n<link rel=\"canonical\" href=\"https:\/\/blog.zeit.de\/stoerungsmelder\/2010\/12\/21\/mutmaslicher-morder-von-kamal-aus-u-haft-entlassen_5269\" \/>\n<meta property=\"og:locale\" content=\"de_DE\" \/>\n<meta property=\"og:type\" content=\"article\" \/>\n<meta property=\"og:title\" content=\"Mutma\u00dflicher M\u00f6rder von Kamal aus U-Haft entlassen - St\u00f6rungsmelder\" \/>\n<meta property=\"og:description\" content=\"Am 20.12.2010 wurde bekannt, dass der Neonazi Daniel K., der an dem Mord an dem 19-j\u00e4hrigen Kamal K. am 24. Oktober in Leipzig beteiligt war, aus der Untersuchungshaft entlassen wurde. Zudem liegt laut K.s Verteidiger kein fremdenfeindliches Motiv vor. Politiker und zivilgesellschaftliche Initiativen protestieren gegen die Entscheidung der Staatsanwaltschaft.\" \/>\n<meta property=\"og:url\" content=\"https:\/\/blog.zeit.de\/stoerungsmelder\/2010\/12\/21\/mutmaslicher-morder-von-kamal-aus-u-haft-entlassen_5269\" \/>\n<meta property=\"og:site_name\" content=\"St\u00f6rungsmelder\" \/>\n<meta property=\"article:published_time\" content=\"2010-12-21T08:46:07+00:00\" \/>\n<meta property=\"article:modified_time\" content=\"2010-12-21T08:56:38+00:00\" \/>\n<meta property=\"og:image\" content=\"https:\/\/blog.zeit.de\/stoerungsmelder\/files\/2009\/08\/colditz-artikel-410.jpg\" \/>\n<meta name=\"author\" content=\"St\u00f6rungsmelder\" \/>\n<meta name=\"twitter:card\" content=\"summary_large_image\" \/>\n<meta name=\"twitter:label1\" content=\"Geschrieben von\" \/>\n\t<meta name=\"twitter:data1\" content=\"St\u00f6rungsmelder\" \/>\n\t<meta name=\"twitter:label2\" content=\"Gesch\u00e4tzte Lesezeit\" \/>\n\t<meta name=\"twitter:data2\" content=\"3\u00a0Minuten\" \/>\n<script type=\"application\/ld+json\" class=\"yoast-schema-graph\">{\"@context\":\"https:\/\/schema.org\",\"@graph\":[{\"@type\":\"WebPage\",\"@id\":\"https:\/\/blog.zeit.de\/stoerungsmelder\/2010\/12\/21\/mutmaslicher-morder-von-kamal-aus-u-haft-entlassen_5269\",\"url\":\"https:\/\/blog.zeit.de\/stoerungsmelder\/2010\/12\/21\/mutmaslicher-morder-von-kamal-aus-u-haft-entlassen_5269\",\"name\":\"Mutma\u00dflicher M\u00f6rder von Kamal aus U-Haft entlassen - St\u00f6rungsmelder\",\"isPartOf\":{\"@id\":\"https:\/\/blog.zeit.de\/stoerungsmelder\/#website\"},\"datePublished\":\"2010-12-21T08:46:07+00:00\",\"dateModified\":\"2010-12-21T08:56:38+00:00\",\"author\":{\"@id\":\"https:\/\/blog.zeit.de\/stoerungsmelder\/#\/schema\/person\/fdd0b9818f65738672810b6d6f037f71\"},\"breadcrumb\":{\"@id\":\"https:\/\/blog.zeit.de\/stoerungsmelder\/2010\/12\/21\/mutmaslicher-morder-von-kamal-aus-u-haft-entlassen_5269#breadcrumb\"},\"inLanguage\":\"de\",\"potentialAction\":[{\"@type\":\"ReadAction\",\"target\":[\"https:\/\/blog.zeit.de\/stoerungsmelder\/2010\/12\/21\/mutmaslicher-morder-von-kamal-aus-u-haft-entlassen_5269\"]}]},{\"@type\":\"BreadcrumbList\",\"@id\":\"https:\/\/blog.zeit.de\/stoerungsmelder\/2010\/12\/21\/mutmaslicher-morder-von-kamal-aus-u-haft-entlassen_5269#breadcrumb\",\"itemListElement\":[{\"@type\":\"ListItem\",\"position\":1,\"name\":\"Startseite\",\"item\":\"https:\/\/blog.zeit.de\/stoerungsmelder\"},{\"@type\":\"ListItem\",\"position\":2,\"name\":\"Mutma\u00dflicher M\u00f6rder von Kamal aus U-Haft entlassen\"}]},{\"@type\":\"WebSite\",\"@id\":\"https:\/\/blog.zeit.de\/stoerungsmelder\/#website\",\"url\":\"https:\/\/blog.zeit.de\/stoerungsmelder\/\",\"name\":\"St\u00f6rungsmelder\",\"description\":\"Recherchen und Analysen \u00fcber die extreme Rechte\",\"potentialAction\":[{\"@type\":\"SearchAction\",\"target\":{\"@type\":\"EntryPoint\",\"urlTemplate\":\"https:\/\/blog.zeit.de\/stoerungsmelder\/?s={search_term_string}\"},\"query-input\":\"required name=search_term_string\"}],\"inLanguage\":\"de\"},{\"@type\":\"Person\",\"@id\":\"https:\/\/blog.zeit.de\/stoerungsmelder\/#\/schema\/person\/fdd0b9818f65738672810b6d6f037f71\",\"name\":\"St\u00f6rungsmelder\",\"image\":{\"@type\":\"ImageObject\",\"inLanguage\":\"de\",\"@id\":\"https:\/\/blog.zeit.de\/stoerungsmelder\/#\/schema\/person\/image\/\",\"url\":\"https:\/\/secure.gravatar.com\/avatar\/dfa4be514c3e82a71e4f9a0020035d38192d080ccaa5e4e6d7a1472c763535c5?s=96&d=mm&r=pg\",\"contentUrl\":\"https:\/\/secure.gravatar.com\/avatar\/dfa4be514c3e82a71e4f9a0020035d38192d080ccaa5e4e6d7a1472c763535c5?s=96&d=mm&r=pg\",\"caption\":\"St\u00f6rungsmelder\"},\"url\":\"https:\/\/blog.zeit.de\/stoerungsmelder\/author\/stoerungsmelder\"}]}<\/script>\n<!-- \/ Yoast SEO plugin. -->","yoast_head_json":{"title":"Mutma\u00dflicher M\u00f6rder von Kamal aus U-Haft entlassen - St\u00f6rungsmelder","robots":{"index":"index","follow":"follow","max-snippet":"max-snippet:-1","max-image-preview":"max-image-preview:large","max-video-preview":"max-video-preview:-1"},"canonical":"https:\/\/blog.zeit.de\/stoerungsmelder\/2010\/12\/21\/mutmaslicher-morder-von-kamal-aus-u-haft-entlassen_5269","og_locale":"de_DE","og_type":"article","og_title":"Mutma\u00dflicher M\u00f6rder von Kamal aus U-Haft entlassen - St\u00f6rungsmelder","og_description":"Am 20.12.2010 wurde bekannt, dass der Neonazi Daniel K., der an dem Mord an dem 19-j\u00e4hrigen Kamal K. am 24. Oktober in Leipzig beteiligt war, aus der Untersuchungshaft entlassen wurde. Zudem liegt laut K.s Verteidiger kein fremdenfeindliches Motiv vor. Politiker und zivilgesellschaftliche Initiativen protestieren gegen die Entscheidung der Staatsanwaltschaft.","og_url":"https:\/\/blog.zeit.de\/stoerungsmelder\/2010\/12\/21\/mutmaslicher-morder-von-kamal-aus-u-haft-entlassen_5269","og_site_name":"St\u00f6rungsmelder","article_published_time":"2010-12-21T08:46:07+00:00","article_modified_time":"2010-12-21T08:56:38+00:00","og_image":[{"url":"https:\/\/blog.zeit.de\/stoerungsmelder\/files\/2009\/08\/colditz-artikel-410.jpg"}],"author":"St\u00f6rungsmelder","twitter_card":"summary_large_image","twitter_misc":{"Geschrieben von":"St\u00f6rungsmelder","Gesch\u00e4tzte Lesezeit":"3\u00a0Minuten"},"schema":{"@context":"https:\/\/schema.org","@graph":[{"@type":"WebPage","@id":"https:\/\/blog.zeit.de\/stoerungsmelder\/2010\/12\/21\/mutmaslicher-morder-von-kamal-aus-u-haft-entlassen_5269","url":"https:\/\/blog.zeit.de\/stoerungsmelder\/2010\/12\/21\/mutmaslicher-morder-von-kamal-aus-u-haft-entlassen_5269","name":"Mutma\u00dflicher M\u00f6rder von Kamal aus U-Haft entlassen - St\u00f6rungsmelder","isPartOf":{"@id":"https:\/\/blog.zeit.de\/stoerungsmelder\/#website"},"datePublished":"2010-12-21T08:46:07+00:00","dateModified":"2010-12-21T08:56:38+00:00","author":{"@id":"https:\/\/blog.zeit.de\/stoerungsmelder\/#\/schema\/person\/fdd0b9818f65738672810b6d6f037f71"},"breadcrumb":{"@id":"https:\/\/blog.zeit.de\/stoerungsmelder\/2010\/12\/21\/mutmaslicher-morder-von-kamal-aus-u-haft-entlassen_5269#breadcrumb"},"inLanguage":"de","potentialAction":[{"@type":"ReadAction","target":["https:\/\/blog.zeit.de\/stoerungsmelder\/2010\/12\/21\/mutmaslicher-morder-von-kamal-aus-u-haft-entlassen_5269"]}]},{"@type":"BreadcrumbList","@id":"https:\/\/blog.zeit.de\/stoerungsmelder\/2010\/12\/21\/mutmaslicher-morder-von-kamal-aus-u-haft-entlassen_5269#breadcrumb","itemListElement":[{"@type":"ListItem","position":1,"name":"Startseite","item":"https:\/\/blog.zeit.de\/stoerungsmelder"},{"@type":"ListItem","position":2,"name":"Mutma\u00dflicher M\u00f6rder von Kamal aus U-Haft entlassen"}]},{"@type":"WebSite","@id":"https:\/\/blog.zeit.de\/stoerungsmelder\/#website","url":"https:\/\/blog.zeit.de\/stoerungsmelder\/","name":"St\u00f6rungsmelder","description":"Recherchen und Analysen \u00fcber die extreme Rechte","potentialAction":[{"@type":"SearchAction","target":{"@type":"EntryPoint","urlTemplate":"https:\/\/blog.zeit.de\/stoerungsmelder\/?s={search_term_string}"},"query-input":"required name=search_term_string"}],"inLanguage":"de"},{"@type":"Person","@id":"https:\/\/blog.zeit.de\/stoerungsmelder\/#\/schema\/person\/fdd0b9818f65738672810b6d6f037f71","name":"St\u00f6rungsmelder","image":{"@type":"ImageObject","inLanguage":"de","@id":"https:\/\/blog.zeit.de\/stoerungsmelder\/#\/schema\/person\/image\/","url":"https:\/\/secure.gravatar.com\/avatar\/dfa4be514c3e82a71e4f9a0020035d38192d080ccaa5e4e6d7a1472c763535c5?s=96&d=mm&r=pg","contentUrl":"https:\/\/secure.gravatar.com\/avatar\/dfa4be514c3e82a71e4f9a0020035d38192d080ccaa5e4e6d7a1472c763535c5?s=96&d=mm&r=pg","caption":"St\u00f6rungsmelder"},"url":"https:\/\/blog.zeit.de\/stoerungsmelder\/author\/stoerungsmelder"}]}},"jetpack_featured_media_url":"","jetpack_sharing_enabled":true,"_links":{"self":[{"href":"https:\/\/blog.zeit.de\/stoerungsmelder\/wp-json\/wp\/v2\/posts\/5269","targetHints":{"allow":["GET"]}}],"collection":[{"href":"https:\/\/blog.zeit.de\/stoerungsmelder\/wp-json\/wp\/v2\/posts"}],"about":[{"href":"https:\/\/blog.zeit.de\/stoerungsmelder\/wp-json\/wp\/v2\/types\/post"}],"author":[{"embeddable":true,"href":"https:\/\/blog.zeit.de\/stoerungsmelder\/wp-json\/wp\/v2\/users\/229"}],"replies":[{"embeddable":true,"href":"https:\/\/blog.zeit.de\/stoerungsmelder\/wp-json\/wp\/v2\/comments?post=5269"}],"version-history":[{"count":1,"href":"https:\/\/blog.zeit.de\/stoerungsmelder\/wp-json\/wp\/v2\/posts\/5269\/revisions"}],"predecessor-version":[{"id":5270,"href":"https:\/\/blog.zeit.de\/stoerungsmelder\/wp-json\/wp\/v2\/posts\/5269\/revisions\/5270"}],"wp:attachment":[{"href":"https:\/\/blog.zeit.de\/stoerungsmelder\/wp-json\/wp\/v2\/media?parent=5269"}],"wp:term":[{"taxonomy":"category","embeddable":true,"href":"https:\/\/blog.zeit.de\/stoerungsmelder\/wp-json\/wp\/v2\/categories?post=5269"},{"taxonomy":"post_tag","embeddable":true,"href":"https:\/\/blog.zeit.de\/stoerungsmelder\/wp-json\/wp\/v2\/tags?post=5269"}],"curies":[{"name":"wp","href":"https:\/\/api.w.org\/{rel}","templated":true}]}}